{"id":153061,"date":"2023-11-02T06:58:23","date_gmt":"2023-11-02T10:58:23","guid":{"rendered":"https:\/\/news.canadamotorjobs.com\/?p=153061"},"modified":"2023-11-02T07:01:43","modified_gmt":"2023-11-02T11:01:43","slug":"le-polestar-4-sera-la-voiture-aux-emissions-totales-les-plus-faibles-point-final","status":"publish","type":"post","link":"https:\/\/news.canadamotorjobs.com\/fr\/le-polestar-4-sera-la-voiture-aux-emissions-totales-les-plus-faibles-point-final\/","title":{"rendered":"Le Polestar 4 sera la voiture aux \u00e9missions totales les plus faibles, point final"},"content":{"rendered":"<\/p>\n<p>Les gens qui aiment critiquer les v\u00e9hicules \u00e9lectriques disent que leur production \u00e9met tellement de gaz \u00e0 effet de serre que \u00e7a annule pratiquement les b\u00e9n\u00e9fices une fois qu\u2019ils sont sur la route. Eh bien, premi\u00e8rement, c\u2019est faux, puisque m\u00eame leur production, y compris celle de leur batterie, est moins polluante que celle d\u2019un v\u00e9hicule \u00e0 essence.<\/p>\n<p>Mais pour ceux que \u00e7a titille vraiment, Polestar a une bonne nouvelle\u00a0: apr\u00e8s avoir fait les calculs n\u00e9cessaires, le groupe su\u00e9dois conclut que son futur Polestar 4 est le v\u00e9hicule de grande production dont l\u2019ensemble du cycle de vie est le moins polluant, toute technologie confondue.<\/p>\n<p>Le Polestar 4 est un petit VUS tout \u00e9lectrique au format assez arrondi, que Polestar qualifie de VUS coup\u00e9. Ce sera son mod\u00e8le le plus performant quand il sera mis en march\u00e9, quelque part au courant de la prochaine ann\u00e9e. Notez qu\u2019il sera mill\u00e9sim\u00e9 2025. On s\u2019attend \u00e0 une version \u00e0 un moteur dont l\u2019autonomie pourrait \u00eatre de 450 kilom\u00e8tres ou plus, et d\u2019une version \u00e0 quatre roues motrices \u00e0 deux moteurs, dont la puissance totale serait de 544 chevaux. Polestar cible le Model Y avec ce v\u00e9hicule dont le prix de d\u00e9tail estim\u00e9 pourrait \u00eatre autour des 80\u00a0000 $.<\/p>\n<p>Vu le prix, Polestar avait besoin de trouver un autre argument pour distinguer ce mod\u00e8le de ses rivaux, et c\u2019est pourquoi on joue la carte du cycle de vie moins polluant. Et si les chiffres publi\u00e9s sont vrais, c\u2019est quand m\u00eame toute une nouvelle\u00a0: Polestar calcule que produire un VUS Polestar 4 n\u00e9cessite l\u2019\u00e9mission de 19,4 tonnes de CO2 dans l\u2019atmosph\u00e8re pour le mod\u00e8le de base, de et 21,4 tonnes de CO2 pour le mod\u00e8le le plus \u00e9quip\u00e9.<\/p>\n<p>\u00c0 titre comparatif, les \u00e9missions polluantes pour un v\u00e9hicule \u00e0 moteur \u00e0 essence sont de 80 tonnes de CO2.<\/p>\n<p>\u00c9videmment, pour arriver \u00e0 un total plus r\u00e9aliste des \u00e9missions produite par ce v\u00e9hicule durant toute sa vie, il faut ensuite ajouter les \u00e9missions li\u00e9es \u00e0 son transport jusqu\u2019au client, puis durant son utilisation sur la route, puis ce qu\u2019il en faut pour le recycler et ainsi de suite. C\u2019est une d\u00e9tail important dans le cas du Polestar 4 car il est assembl\u00e9 en Chine, et que le transport de la Chine \u00e0 l\u2019Europe et l\u2019Am\u00e9rique se fait par bateau, et \u00e7a aussi, \u00e7a pollue beaucoup.<\/p>\n<p>Polestar ne fournit pas ces donn\u00e9es, mais entre 21 et 80 tonnes de CO2, il y a encore pas mal de jeu. Et sur la route, les v\u00e9hicules \u00e9lectriques sont beaucoup moins polluants que les v\u00e9hicules \u00e0 essence, m\u00eame si l\u2019\u00e9lectricit\u00e9 consomm\u00e9e est produite \u00e0 partir de mazout par une centrale au gaz.<\/p>\n<p>Bref, ceux qui recherchent un v\u00e9hicule \u00e9mettant moins que les autres, voici un candidat tout indiqu\u00e9.<\/p>\n<p>Le texte <a rel=\"nofollow\" href=\"https:\/\/annuelauto.ca\/le-polestar-4-sera-la-voiture-aux-emissions-totales-les-plus-faibles-point-final\/\">Le Polestar 4 sera la voiture aux \u00e9missions totales les plus faibles, point final<\/a> provient de <a rel=\"nofollow\" href=\"https:\/\/annuelauto.ca\">L&#8217;annuel de l&#8217;automobile &#8211; Actualit\u00e9 automobile<\/a><\/p>\n<p><\/p>\n","protected":false},"excerpt":{"rendered":"<p>Les gens qui aiment critiquer les v\u00e9hicules \u00e9lectriques disent que leur production \u00e9met tellement de gaz \u00e0 effet de serre que \u00e7a annule pratiquement les b\u00e9n\u00e9fices une fois qu\u2019ils sont sur la route. Eh bien, premi\u00e8rement, c\u2019est faux, puisque m\u00eame leur production, y compris celle de leur batterie, est moins polluante que celle d\u2019un v\u00e9hicule [&hellip;]<\/p>\n","protected":false},"author":8,"featured_media":153063,"comment_status":"close","ping_status":"closed","sticky":false,"template":"","format":"standard","meta":{"_monsterinsights_skip_tracking":false,"_monsterinsights_sitenote_active":false,"_monsterinsights_sitenote_note":"","_monsterinsights_sitenote_category":0,"footnotes":""},"categories":[101],"tags":[],"yoast_head":"<!-- This site is optimized with the Yoast SEO plugin v23.2 - https:\/\/yoast.com\/wordpress\/plugins\/seo\/ -->\n<title>Le Polestar 4 sera la voiture aux \u00e9missions totales les plus faibles, point final - CanadaMotorJobs.com<\/title>\n<meta name=\"description\" content=\"Le Polestar 4 sera la voiture aux \u00e9missions totales les plus faibles, point final - Benoit Charette - Annuel automobile - CanadaMotorJobs.com.\" \/>\n<meta name=\"robots\" content=\"index, follow, max-snippet:-1, max-image-preview:large, max-video-preview:-1\" \/>\n<meta property=\"og:locale\" content=\"fr_CA\" \/>\n<meta property=\"og:type\" content=\"article\" \/>\n<meta property=\"og:title\" content=\"Le Polestar 4 sera la voiture aux \u00e9missions totales les plus faibles, point final - CanadaMotorJobs.com\" \/>\n<meta property=\"og:description\" content=\"Le Polestar 4 sera la voiture aux \u00e9missions totales les plus faibles, point final - Benoit Charette - Annuel automobile - CanadaMotorJobs.com.\" \/>\n<meta property=\"og:url\" content=\"https:\/\/news.canadamotorjobs.com\/fr\/le-polestar-4-sera-la-voiture-aux-emissions-totales-les-plus-faibles-point-final\/\" \/>\n<meta property=\"og:site_name\" content=\"CanadaMotorJobs.com\" \/>\n<meta property=\"article:publisher\" content=\"https:\/\/www.facebook.com\/canadamotorjobs\/\" \/>\n<meta property=\"article:published_time\" content=\"2023-11-02T10:58:23+00:00\" \/>\n<meta property=\"article:modified_time\" content=\"2023-11-02T11:01:43+00:00\" \/>\n<meta property=\"og:image\" content=\"https:\/\/news.canadamotorjobs.com\/wp-content\/uploads\/2023\/11\/2025-polestar-4-105-643d7d1d71627.jpg\" \/>\n\t<meta property=\"og:image:width\" content=\"1200\" \/>\n\t<meta property=\"og:image:height\" content=\"600\" \/>\n\t<meta property=\"og:image:type\" content=\"image\/jpeg\" \/>\n<meta name=\"author\" content=\"Benoit Charette\" \/>\n<meta name=\"twitter:card\" content=\"summary_large_image\" \/>\n<meta name=\"twitter:creator\" content=\"@canadamotorjobs\" \/>\n<meta name=\"twitter:site\" content=\"@canadamotorjobs\" \/>\n<meta name=\"twitter:label1\" content=\"\u00c9crit par\" \/>\n\t<meta name=\"twitter:data1\" content=\"Benoit Charette\" \/>\n\t<meta name=\"twitter:label2\" content=\"Estimation du temps de lecture\" \/>\n\t<meta name=\"twitter:data2\" content=\"3 minutes\" \/>\n<!-- \/ Yoast SEO plugin. -->","yoast_head_json":{"title":"Le Polestar 4 sera la voiture aux \u00e9missions totales les plus faibles, point final - CanadaMotorJobs.com","description":"Le Polestar 4 sera la voiture aux \u00e9missions totales les plus faibles, point final - Benoit Charette - Annuel automobile - CanadaMotorJobs.com.","robots":{"index":"index","follow":"follow","max-snippet":"max-snippet:-1","max-image-preview":"max-image-preview:large","max-video-preview":"max-video-preview:-1"},"og_locale":"fr_CA","og_type":"article","og_title":"Le Polestar 4 sera la voiture aux \u00e9missions totales les plus faibles, point final - CanadaMotorJobs.com","og_description":"Le Polestar 4 sera la voiture aux \u00e9missions totales les plus faibles, point final - Benoit Charette - Annuel automobile - CanadaMotorJobs.com.","og_url":"https:\/\/news.canadamotorjobs.com\/fr\/le-polestar-4-sera-la-voiture-aux-emissions-totales-les-plus-faibles-point-final\/","og_site_name":"CanadaMotorJobs.com","article_publisher":"https:\/\/www.facebook.com\/canadamotorjobs\/","article_published_time":"2023-11-02T10:58:23+00:00","article_modified_time":"2023-11-02T11:01:43+00:00","og_image":[{"width":1200,"height":600,"url":"https:\/\/news.canadamotorjobs.com\/wp-content\/uploads\/2023\/11\/2025-polestar-4-105-643d7d1d71627.jpg","type":"image\/jpeg"}],"author":"Benoit Charette","twitter_card":"summary_large_image","twitter_creator":"@canadamotorjobs","twitter_site":"@canadamotorjobs","twitter_misc":{"\u00c9crit par":"Benoit Charette","Estimation du temps de lecture":"3 minutes"},"schema":{"@context":"https:\/\/schema.org","@graph":[{"@type":"Article","@id":"https:\/\/news.canadamotorjobs.com\/fr\/le-polestar-4-sera-la-voiture-aux-emissions-totales-les-plus-faibles-point-final\/#article","isPartOf":{"@id":"https:\/\/news.canadamotorjobs.com\/fr\/le-polestar-4-sera-la-voiture-aux-emissions-totales-les-plus-faibles-point-final\/"},"author":{"name":"Benoit Charette","@id":"https:\/\/news.canadamotorjobs.com\/#\/schema\/person\/51793d1f87d44011d7bcc2ed99269a90"},"headline":"Le Polestar 4 sera la voiture aux \u00e9missions totales les plus faibles, point final","datePublished":"2023-11-02T10:58:23+00:00","dateModified":"2023-11-02T11:01:43+00:00","mainEntityOfPage":{"@id":"https:\/\/news.canadamotorjobs.com\/fr\/le-polestar-4-sera-la-voiture-aux-emissions-totales-les-plus-faibles-point-final\/"},"wordCount":518,"publisher":{"@id":"https:\/\/news.canadamotorjobs.com\/#organization"},"image":{"@id":"https:\/\/news.canadamotorjobs.com\/fr\/le-polestar-4-sera-la-voiture-aux-emissions-totales-les-plus-faibles-point-final\/#primaryimage"},"thumbnailUrl":"https:\/\/news.canadamotorjobs.com\/wp-content\/uploads\/2023\/11\/2025-polestar-4-105-643d7d1d71627.jpg","articleSection":["Annuel automobile"],"inLanguage":"fr-CA"},{"@type":"WebPage","@id":"https:\/\/news.canadamotorjobs.com\/fr\/le-polestar-4-sera-la-voiture-aux-emissions-totales-les-plus-faibles-point-final\/","url":"https:\/\/news.canadamotorjobs.com\/fr\/le-polestar-4-sera-la-voiture-aux-emissions-totales-les-plus-faibles-point-final\/","name":"Le Polestar 4 sera la voiture aux \u00e9missions totales les plus faibles, point final - CanadaMotorJobs.com","isPartOf":{"@id":"https:\/\/news.canadamotorjobs.com\/#website"},"primaryImageOfPage":{"@id":"https:\/\/news.canadamotorjobs.com\/fr\/le-polestar-4-sera-la-voiture-aux-emissions-totales-les-plus-faibles-point-final\/#primaryimage"},"image":{"@id":"https:\/\/news.canadamotorjobs.com\/fr\/le-polestar-4-sera-la-voiture-aux-emissions-totales-les-plus-faibles-point-final\/#primaryimage"},"thumbnailUrl":"https:\/\/news.canadamotorjobs.com\/wp-content\/uploads\/2023\/11\/2025-polestar-4-105-643d7d1d71627.jpg","datePublished":"2023-11-02T10:58:23+00:00","dateModified":"2023-11-02T11:01:43+00:00","description":"Le Polestar 4 sera la voiture aux \u00e9missions totales les plus faibles, point final - Benoit Charette - Annuel automobile - CanadaMotorJobs.com.","breadcrumb":{"@id":"https:\/\/news.canadamotorjobs.com\/fr\/le-polestar-4-sera-la-voiture-aux-emissions-totales-les-plus-faibles-point-final\/#breadcrumb"},"inLanguage":"fr-CA","potentialAction":[{"@type":"ReadAction","target":["https:\/\/news.canadamotorjobs.com\/fr\/le-polestar-4-sera-la-voiture-aux-emissions-totales-les-plus-faibles-point-final\/"]}]},{"@type":"ImageObject","inLanguage":"fr-CA","@id":"https:\/\/news.canadamotorjobs.com\/fr\/le-polestar-4-sera-la-voiture-aux-emissions-totales-les-plus-faibles-point-final\/#primaryimage","url":"https:\/\/news.canadamotorjobs.com\/wp-content\/uploads\/2023\/11\/2025-polestar-4-105-643d7d1d71627.jpg","contentUrl":"https:\/\/news.canadamotorjobs.com\/wp-content\/uploads\/2023\/11\/2025-polestar-4-105-643d7d1d71627.jpg","width":1200,"height":600},{"@type":"BreadcrumbList","@id":"https:\/\/news.canadamotorjobs.com\/fr\/le-polestar-4-sera-la-voiture-aux-emissions-totales-les-plus-faibles-point-final\/#breadcrumb","itemListElement":[{"@type":"ListItem","position":1,"name":"Home","item":"https:\/\/news.canadamotorjobs.com\/fr\/blog\/"},{"@type":"ListItem","position":2,"name":"Le Polestar 4 sera la voiture aux \u00e9missions totales les plus faibles, point final"}]},{"@type":"WebSite","@id":"https:\/\/news.canadamotorjobs.com\/#website","url":"https:\/\/news.canadamotorjobs.com\/","name":"CanadaMotorJobs.com","description":"Automotive Jobs","publisher":{"@id":"https:\/\/news.canadamotorjobs.com\/#organization"},"potentialAction":[{"@type":"SearchAction","target":{"@type":"EntryPoint","urlTemplate":"https:\/\/news.canadamotorjobs.com\/?s={search_term_string}"},"query-input":"required name=search_term_string"}],"inLanguage":"fr-CA"},{"@type":"Organization","@id":"https:\/\/news.canadamotorjobs.com\/#organization","name":"Canada Motor Jobs","url":"https:\/\/news.canadamotorjobs.com\/","logo":{"@type":"ImageObject","inLanguage":"fr-CA","@id":"https:\/\/news.canadamotorjobs.com\/#\/schema\/logo\/image\/","url":"https:\/\/news.canadamotorjobs.com\/wp-content\/uploads\/2022\/10\/logo-canada-motor-jobs-1.png","contentUrl":"https:\/\/news.canadamotorjobs.com\/wp-content\/uploads\/2022\/10\/logo-canada-motor-jobs-1.png","width":800,"height":400,"caption":"Canada Motor Jobs"},"image":{"@id":"https:\/\/news.canadamotorjobs.com\/#\/schema\/logo\/image\/"},"sameAs":["https:\/\/www.facebook.com\/canadamotorjobs\/","https:\/\/x.com\/canadamotorjobs","https:\/\/www.instagram.com\/canadamotorjobs\/","https:\/\/www.linkedin.com\/company\/canadamotorjobs"]},{"@type":"Person","@id":"https:\/\/news.canadamotorjobs.com\/#\/schema\/person\/51793d1f87d44011d7bcc2ed99269a90","name":"Benoit Charette","image":{"@type":"ImageObject","inLanguage":"fr-CA","@id":"https:\/\/news.canadamotorjobs.com\/#\/schema\/person\/image\/","url":"https:\/\/secure.gravatar.com\/avatar\/45f3d2eebcccd909668d7ce7ea7267b6?s=96&d=mm&r=g","contentUrl":"https:\/\/secure.gravatar.com\/avatar\/45f3d2eebcccd909668d7ce7ea7267b6?s=96&d=mm&r=g","caption":"Benoit Charette"},"description":"Benoit Charette \/ Propri\u00e9taire et r\u00e9dacteur en chef Benoit Charette pratique le journalisme automobile depuis bient\u00f4t 30 ans. Il a fait ses classes au c\u00f4t\u00e9 de Daniel H\u00e9raud et au Carnet de route de 1992 \u00e0 2001. Il est fondateur, copropri\u00e9taire et r\u00e9dacteur en chef de L\u2019Annuel de l\u2019automobile, qu\u2019il publie depuis 2001. Il a anim\u00e9 les \u00e9missions RPM et RPM+ sur V et les L\u00e9gendes de la route sur Historia. \u00c0 la radio depuis 1986, il reprend l\u2019antenne cette ann\u00e9e sur les ondes de Cogeco et participe pour la deuxi\u00e8me ann\u00e9e \u00e0 l\u2019\u00e9mission Passion Auto sur RDS en plus de mettre en ligne le site Web officiel de L\u2019Annuel de l\u2019automobile sur annuelauto.ca.","sameAs":["https:\/\/annuelauto.ca\/"],"url":"https:\/\/news.canadamotorjobs.com\/fr\/author\/benoit-charette\/"}]}},"_links":{"self":[{"href":"https:\/\/news.canadamotorjobs.com\/fr\/wp-json\/wp\/v2\/posts\/153061"}],"collection":[{"href":"https:\/\/news.canadamotorjobs.com\/fr\/wp-json\/wp\/v2\/posts"}],"about":[{"href":"https:\/\/news.canadamotorjobs.com\/fr\/wp-json\/wp\/v2\/types\/post"}],"author":[{"embeddable":true,"href":"https:\/\/news.canadamotorjobs.com\/fr\/wp-json\/wp\/v2\/users\/8"}],"replies":[{"embeddable":true,"href":"https:\/\/news.canadamotorjobs.com\/fr\/wp-json\/wp\/v2\/comments?post=153061"}],"version-history":[{"count":2,"href":"https:\/\/news.canadamotorjobs.com\/fr\/wp-json\/wp\/v2\/posts\/153061\/revisions"}],"predecessor-version":[{"id":153065,"href":"https:\/\/news.canadamotorjobs.com\/fr\/wp-json\/wp\/v2\/posts\/153061\/revisions\/153065"}],"wp:featuredmedia":[{"embeddable":true,"href":"https:\/\/news.canadamotorjobs.com\/fr\/wp-json\/wp\/v2\/media\/153063"}],"wp:attachment":[{"href":"https:\/\/news.canadamotorjobs.com\/fr\/wp-json\/wp\/v2\/media?parent=153061"}],"wp:term":[{"taxonomy":"category","embeddable":true,"href":"https:\/\/news.canadamotorjobs.com\/fr\/wp-json\/wp\/v2\/categories?post=153061"},{"taxonomy":"post_tag","embeddable":true,"href":"https:\/\/news.canadamotorjobs.com\/fr\/wp-json\/wp\/v2\/tags?post=153061"}],"curies":[{"name":"wp","href":"https:\/\/api.w.org\/{rel}","templated":true}]}}