{"id":153042,"date":"2023-11-01T14:22:27","date_gmt":"2023-11-01T18:22:27","guid":{"rendered":"https:\/\/news.canadamotorjobs.com\/?p=153042"},"modified":"2023-11-01T14:29:47","modified_gmt":"2023-11-01T18:29:47","slug":"la-rage-au-volant-tue-une-personne-toutes-les-16-heures","status":"publish","type":"post","link":"https:\/\/news.canadamotorjobs.com\/fr\/la-rage-au-volant-tue-une-personne-toutes-les-16-heures\/","title":{"rendered":"La rage au volant tue une personne toutes les 16 heures"},"content":{"rendered":"<\/p>\n<p>On savait d\u00e9j\u00e0 que l\u2019alcool au volant, c\u2019est criminel et c\u2019est souvent mortel. On peut dire la m\u00eame chose de la rage au volant, qui m\u00e8ne certains automobilistes \u00e0 des comportements excessifs et dangereux, et parfois, carr\u00e9ment mortels. Tr\u00e8s mortels m\u00eame, quand on y pense\u00a0: \u00e0 toutes les 16 heures, quelqu\u2019un sur la route meurt en raison de la rage au volant d\u2019un automobiliste.<\/p>\n<p>C\u2019est une statistique qui englobe l\u2019Am\u00e9rique du Nord et qui porte sur l\u2019ann\u00e9e 2022 seulement, mais \u00e7a en dit long sur la gravit\u00e9 d\u2019un probl\u00e8me qui, malheureusement, est trop souvent n\u00e9glig\u00e9 par un peu tout le monde, allant des gouvernements qui con\u00e7oivent des r\u00e9seaux routiers inad\u00e9quats aux agents de police qui n\u2019ont peut-\u00eatre pas les moyens de mieux contr\u00f4ler ce ph\u00e9nom\u00e8ne.<\/p>\n<p>Alors, petit message d\u2019int\u00e9r\u00eat public d\u2019abord, commen\u00e7ons par rappeler l\u2019importance de la courtoisie, quand on conduit un v\u00e9hicule. De la politesse. De la patience. Pas seulement envers les autres automobilistes, mais aussi envers les usagers plus petits que soi, comme les cyclistes ou les pi\u00e9tons. Et aussi envers la signalisation routi\u00e8re. On voit de plus en plus de feux rouges ne pas \u00eatre respect\u00e9s. De limites de vitesse \u00eatre d\u00e9pass\u00e9es. Ainsi de suite.<\/p>\n<p>Or, si les automobilistes sont incapables de contr\u00f4ler leurs \u00e9motions, il semble que la technologie le fera bient\u00f4t pour eux. Car quand on conduit, il y a des signes pr\u00e9curseurs qu\u2019on pourrait bient\u00f4t perdre patience. Le rythme cardiaque s\u2019\u00e9l\u00e8ve. La prise des mains sur le volant se resserre. Le regard change. Il y en a qui se mettent \u00e0 crier dans leur habitacle. Ainsi de suite.<\/p>\n<p>Et ces signaux, \u00e9videmment, peuvent \u00eatre capt\u00e9s par la voiture. En tout cas, ils le seront peut-\u00eatre par la prochaine g\u00e9n\u00e9ration de v\u00e9hicules autonomes, si on se fie \u00e0 une entreprise d\u2019intelligence artificielle appel\u00e9e Geonode, et qui pense qu\u2019il sera possible d\u2019am\u00e9liorer les syst\u00e8mes d\u2019aide avanc\u00e9s \u00e0 la conduite pour inclure une meilleure lecture des \u00e9motions du conducteur.<\/p>\n<p>D\u00e9j\u00e0, les syst\u00e8mes d\u2019aide \u00e0 la conduite les plus sophistiqu\u00e9s, comme ceux de GM, Tesla et Volvo, incluent des cam\u00e9ras qui suivent le comportement du conducteur. Si son regard s\u2019\u00e9carte de la route, ou s\u2019il semble fatigu\u00e9, le syst\u00e8me \u00e9met une alerte. En analysant en plus le langage corporel, l\u2019expression du visage, le ton de la voix et le rythme cardiaque, ces syst\u00e8mes pourraient aller plus loin et limiter les \u00e9lans de frustration du conducteur.<\/p>\n<p>On a bien h\u00e2te de voir si \u00e7a va se r\u00e9aliser. Des v\u00e9hicules qui combattent la rage au volant. \u00c9videmment, l\u2019id\u00e9al serait qu\u2019on n\u2019en ait pas besoin. Mais vu l\u2019\u00e9tat du r\u00e9seau routier, on peut parier que cette technologie-l\u00e0 a un bel avenir devant elle\u2026<\/p>\n<p>Le texte <a rel=\"nofollow\" href=\"https:\/\/annuelauto.ca\/la-rage-au-volant-tue-une-personne-toutes-les-16-heures\/\">La rage au volant tue une personne toutes les 16 heures<\/a> provient de <a rel=\"nofollow\" href=\"https:\/\/annuelauto.ca\">L&#8217;annuel de l&#8217;automobile &#8211; Actualit\u00e9 automobile<\/a><\/p>\n<p><\/p>\n","protected":false},"excerpt":{"rendered":"<p>On savait d\u00e9j\u00e0 que l\u2019alcool au volant, c\u2019est criminel et c\u2019est souvent mortel. On peut dire la m\u00eame chose de la rage au volant, qui m\u00e8ne certains automobilistes \u00e0 des comportements excessifs et dangereux, et parfois, carr\u00e9ment mortels. Tr\u00e8s mortels m\u00eame, quand on y pense\u00a0: \u00e0 toutes les 16 heures, quelqu\u2019un sur la route meurt [&hellip;]<\/p>\n","protected":false},"author":8,"featured_media":153044,"comment_status":"close","ping_status":"closed","sticky":false,"template":"","format":"standard","meta":{"_monsterinsights_skip_tracking":false,"_monsterinsights_sitenote_active":false,"_monsterinsights_sitenote_note":"","_monsterinsights_sitenote_category":0,"footnotes":""},"categories":[101],"tags":[],"yoast_head":"<!-- This site is optimized with the Yoast SEO plugin v23.2 - https:\/\/yoast.com\/wordpress\/plugins\/seo\/ -->\n<title>La rage au volant tue une personne toutes les 16 heures - CanadaMotorJobs.com<\/title>\n<meta name=\"description\" content=\"La rage au volant tue une personne toutes les 16 heures - Benoit Charette - Annuel automobile - CanadaMotorJobs.com.\" \/>\n<meta name=\"robots\" content=\"index, follow, max-snippet:-1, max-image-preview:large, max-video-preview:-1\" \/>\n<meta property=\"og:locale\" content=\"fr_CA\" \/>\n<meta property=\"og:type\" content=\"article\" \/>\n<meta property=\"og:title\" content=\"La rage au volant tue une personne toutes les 16 heures - CanadaMotorJobs.com\" \/>\n<meta property=\"og:description\" content=\"La rage au volant tue une personne toutes les 16 heures - Benoit Charette - Annuel automobile - CanadaMotorJobs.com.\" \/>\n<meta property=\"og:url\" content=\"https:\/\/news.canadamotorjobs.com\/fr\/la-rage-au-volant-tue-une-personne-toutes-les-16-heures\/\" \/>\n<meta property=\"og:site_name\" content=\"CanadaMotorJobs.com\" \/>\n<meta property=\"article:publisher\" content=\"https:\/\/www.facebook.com\/canadamotorjobs\/\" \/>\n<meta property=\"article:published_time\" content=\"2023-11-01T18:22:27+00:00\" \/>\n<meta property=\"article:modified_time\" content=\"2023-11-01T18:29:47+00:00\" \/>\n<meta property=\"og:image\" content=\"https:\/\/news.canadamotorjobs.com\/wp-content\/uploads\/2023\/11\/infraction-exces-vitesse.jpg\" \/>\n\t<meta property=\"og:image:width\" content=\"960\" \/>\n\t<meta property=\"og:image:height\" content=\"641\" \/>\n\t<meta property=\"og:image:type\" content=\"image\/jpeg\" \/>\n<meta name=\"author\" content=\"Benoit Charette\" \/>\n<meta name=\"twitter:card\" content=\"summary_large_image\" \/>\n<meta name=\"twitter:creator\" content=\"@canadamotorjobs\" \/>\n<meta name=\"twitter:site\" content=\"@canadamotorjobs\" \/>\n<meta name=\"twitter:label1\" content=\"\u00c9crit par\" \/>\n\t<meta name=\"twitter:data1\" content=\"Benoit Charette\" \/>\n\t<meta name=\"twitter:label2\" content=\"Estimation du temps de lecture\" \/>\n\t<meta name=\"twitter:data2\" content=\"3 minutes\" \/>\n<!-- \/ Yoast SEO plugin. -->","yoast_head_json":{"title":"La rage au volant tue une personne toutes les 16 heures - CanadaMotorJobs.com","description":"La rage au volant tue une personne toutes les 16 heures - Benoit Charette - Annuel automobile - CanadaMotorJobs.com.","robots":{"index":"index","follow":"follow","max-snippet":"max-snippet:-1","max-image-preview":"max-image-preview:large","max-video-preview":"max-video-preview:-1"},"og_locale":"fr_CA","og_type":"article","og_title":"La rage au volant tue une personne toutes les 16 heures - CanadaMotorJobs.com","og_description":"La rage au volant tue une personne toutes les 16 heures - Benoit Charette - Annuel automobile - CanadaMotorJobs.com.","og_url":"https:\/\/news.canadamotorjobs.com\/fr\/la-rage-au-volant-tue-une-personne-toutes-les-16-heures\/","og_site_name":"CanadaMotorJobs.com","article_publisher":"https:\/\/www.facebook.com\/canadamotorjobs\/","article_published_time":"2023-11-01T18:22:27+00:00","article_modified_time":"2023-11-01T18:29:47+00:00","og_image":[{"width":960,"height":641,"url":"https:\/\/news.canadamotorjobs.com\/wp-content\/uploads\/2023\/11\/infraction-exces-vitesse.jpg","type":"image\/jpeg"}],"author":"Benoit Charette","twitter_card":"summary_large_image","twitter_creator":"@canadamotorjobs","twitter_site":"@canadamotorjobs","twitter_misc":{"\u00c9crit par":"Benoit Charette","Estimation du temps de lecture":"3 minutes"},"schema":{"@context":"https:\/\/schema.org","@graph":[{"@type":"Article","@id":"https:\/\/news.canadamotorjobs.com\/fr\/la-rage-au-volant-tue-une-personne-toutes-les-16-heures\/#article","isPartOf":{"@id":"https:\/\/news.canadamotorjobs.com\/fr\/la-rage-au-volant-tue-une-personne-toutes-les-16-heures\/"},"author":{"name":"Benoit Charette","@id":"https:\/\/news.canadamotorjobs.com\/#\/schema\/person\/51793d1f87d44011d7bcc2ed99269a90"},"headline":"La rage au volant tue une personne toutes les 16 heures","datePublished":"2023-11-01T18:22:27+00:00","dateModified":"2023-11-01T18:29:47+00:00","mainEntityOfPage":{"@id":"https:\/\/news.canadamotorjobs.com\/fr\/la-rage-au-volant-tue-une-personne-toutes-les-16-heures\/"},"wordCount":544,"publisher":{"@id":"https:\/\/news.canadamotorjobs.com\/#organization"},"image":{"@id":"https:\/\/news.canadamotorjobs.com\/fr\/la-rage-au-volant-tue-une-personne-toutes-les-16-heures\/#primaryimage"},"thumbnailUrl":"https:\/\/news.canadamotorjobs.com\/wp-content\/uploads\/2023\/11\/infraction-exces-vitesse.jpg","articleSection":["Annuel automobile"],"inLanguage":"fr-CA"},{"@type":"WebPage","@id":"https:\/\/news.canadamotorjobs.com\/fr\/la-rage-au-volant-tue-une-personne-toutes-les-16-heures\/","url":"https:\/\/news.canadamotorjobs.com\/fr\/la-rage-au-volant-tue-une-personne-toutes-les-16-heures\/","name":"La rage au volant tue une personne toutes les 16 heures - CanadaMotorJobs.com","isPartOf":{"@id":"https:\/\/news.canadamotorjobs.com\/#website"},"primaryImageOfPage":{"@id":"https:\/\/news.canadamotorjobs.com\/fr\/la-rage-au-volant-tue-une-personne-toutes-les-16-heures\/#primaryimage"},"image":{"@id":"https:\/\/news.canadamotorjobs.com\/fr\/la-rage-au-volant-tue-une-personne-toutes-les-16-heures\/#primaryimage"},"thumbnailUrl":"https:\/\/news.canadamotorjobs.com\/wp-content\/uploads\/2023\/11\/infraction-exces-vitesse.jpg","datePublished":"2023-11-01T18:22:27+00:00","dateModified":"2023-11-01T18:29:47+00:00","description":"La rage au volant tue une personne toutes les 16 heures - Benoit Charette - Annuel automobile - CanadaMotorJobs.com.","breadcrumb":{"@id":"https:\/\/news.canadamotorjobs.com\/fr\/la-rage-au-volant-tue-une-personne-toutes-les-16-heures\/#breadcrumb"},"inLanguage":"fr-CA","potentialAction":[{"@type":"ReadAction","target":["https:\/\/news.canadamotorjobs.com\/fr\/la-rage-au-volant-tue-une-personne-toutes-les-16-heures\/"]}]},{"@type":"ImageObject","inLanguage":"fr-CA","@id":"https:\/\/news.canadamotorjobs.com\/fr\/la-rage-au-volant-tue-une-personne-toutes-les-16-heures\/#primaryimage","url":"https:\/\/news.canadamotorjobs.com\/wp-content\/uploads\/2023\/11\/infraction-exces-vitesse.jpg","contentUrl":"https:\/\/news.canadamotorjobs.com\/wp-content\/uploads\/2023\/11\/infraction-exces-vitesse.jpg","width":960,"height":641},{"@type":"BreadcrumbList","@id":"https:\/\/news.canadamotorjobs.com\/fr\/la-rage-au-volant-tue-une-personne-toutes-les-16-heures\/#breadcrumb","itemListElement":[{"@type":"ListItem","position":1,"name":"Home","item":"https:\/\/news.canadamotorjobs.com\/fr\/blog\/"},{"@type":"ListItem","position":2,"name":"La rage au volant tue une personne toutes les 16 heures"}]},{"@type":"WebSite","@id":"https:\/\/news.canadamotorjobs.com\/#website","url":"https:\/\/news.canadamotorjobs.com\/","name":"CanadaMotorJobs.com","description":"Automotive Jobs","publisher":{"@id":"https:\/\/news.canadamotorjobs.com\/#organization"},"potentialAction":[{"@type":"SearchAction","target":{"@type":"EntryPoint","urlTemplate":"https:\/\/news.canadamotorjobs.com\/?s={search_term_string}"},"query-input":"required name=search_term_string"}],"inLanguage":"fr-CA"},{"@type":"Organization","@id":"https:\/\/news.canadamotorjobs.com\/#organization","name":"Canada Motor Jobs","url":"https:\/\/news.canadamotorjobs.com\/","logo":{"@type":"ImageObject","inLanguage":"fr-CA","@id":"https:\/\/news.canadamotorjobs.com\/#\/schema\/logo\/image\/","url":"https:\/\/news.canadamotorjobs.com\/wp-content\/uploads\/2022\/10\/logo-canada-motor-jobs-1.png","contentUrl":"https:\/\/news.canadamotorjobs.com\/wp-content\/uploads\/2022\/10\/logo-canada-motor-jobs-1.png","width":800,"height":400,"caption":"Canada Motor Jobs"},"image":{"@id":"https:\/\/news.canadamotorjobs.com\/#\/schema\/logo\/image\/"},"sameAs":["https:\/\/www.facebook.com\/canadamotorjobs\/","https:\/\/x.com\/canadamotorjobs","https:\/\/www.instagram.com\/canadamotorjobs\/","https:\/\/www.linkedin.com\/company\/canadamotorjobs"]},{"@type":"Person","@id":"https:\/\/news.canadamotorjobs.com\/#\/schema\/person\/51793d1f87d44011d7bcc2ed99269a90","name":"Benoit Charette","image":{"@type":"ImageObject","inLanguage":"fr-CA","@id":"https:\/\/news.canadamotorjobs.com\/#\/schema\/person\/image\/","url":"https:\/\/secure.gravatar.com\/avatar\/45f3d2eebcccd909668d7ce7ea7267b6?s=96&d=mm&r=g","contentUrl":"https:\/\/secure.gravatar.com\/avatar\/45f3d2eebcccd909668d7ce7ea7267b6?s=96&d=mm&r=g","caption":"Benoit Charette"},"description":"Benoit Charette \/ Propri\u00e9taire et r\u00e9dacteur en chef Benoit Charette pratique le journalisme automobile depuis bient\u00f4t 30 ans. Il a fait ses classes au c\u00f4t\u00e9 de Daniel H\u00e9raud et au Carnet de route de 1992 \u00e0 2001. Il est fondateur, copropri\u00e9taire et r\u00e9dacteur en chef de L\u2019Annuel de l\u2019automobile, qu\u2019il publie depuis 2001. Il a anim\u00e9 les \u00e9missions RPM et RPM+ sur V et les L\u00e9gendes de la route sur Historia. \u00c0 la radio depuis 1986, il reprend l\u2019antenne cette ann\u00e9e sur les ondes de Cogeco et participe pour la deuxi\u00e8me ann\u00e9e \u00e0 l\u2019\u00e9mission Passion Auto sur RDS en plus de mettre en ligne le site Web officiel de L\u2019Annuel de l\u2019automobile sur annuelauto.ca.","sameAs":["https:\/\/annuelauto.ca\/"],"url":"https:\/\/news.canadamotorjobs.com\/fr\/author\/benoit-charette\/"}]}},"_links":{"self":[{"href":"https:\/\/news.canadamotorjobs.com\/fr\/wp-json\/wp\/v2\/posts\/153042"}],"collection":[{"href":"https:\/\/news.canadamotorjobs.com\/fr\/wp-json\/wp\/v2\/posts"}],"about":[{"href":"https:\/\/news.canadamotorjobs.com\/fr\/wp-json\/wp\/v2\/types\/post"}],"author":[{"embeddable":true,"href":"https:\/\/news.canadamotorjobs.com\/fr\/wp-json\/wp\/v2\/users\/8"}],"replies":[{"embeddable":true,"href":"https:\/\/news.canadamotorjobs.com\/fr\/wp-json\/wp\/v2\/comments?post=153042"}],"version-history":[{"count":2,"href":"https:\/\/news.canadamotorjobs.com\/fr\/wp-json\/wp\/v2\/posts\/153042\/revisions"}],"predecessor-version":[{"id":153046,"href":"https:\/\/news.canadamotorjobs.com\/fr\/wp-json\/wp\/v2\/posts\/153042\/revisions\/153046"}],"wp:featuredmedia":[{"embeddable":true,"href":"https:\/\/news.canadamotorjobs.com\/fr\/wp-json\/wp\/v2\/media\/153044"}],"wp:attachment":[{"href":"https:\/\/news.canadamotorjobs.com\/fr\/wp-json\/wp\/v2\/media?parent=153042"}],"wp:term":[{"taxonomy":"category","embeddable":true,"href":"https:\/\/news.canadamotorjobs.com\/fr\/wp-json\/wp\/v2\/categories?post=153042"},{"taxonomy":"post_tag","embeddable":true,"href":"https:\/\/news.canadamotorjobs.com\/fr\/wp-json\/wp\/v2\/tags?post=153042"}],"curies":[{"name":"wp","href":"https:\/\/api.w.org\/{rel}","templated":true}]}}