{"id":152992,"date":"2023-11-01T07:55:17","date_gmt":"2023-11-01T11:55:17","guid":{"rendered":"https:\/\/news.canadamotorjobs.com\/?p=152992"},"modified":"2023-11-01T07:59:44","modified_gmt":"2023-11-01T11:59:44","slug":"les-futurs-modeles-de-porsche-integreront-google-vers-2025","status":"publish","type":"post","link":"https:\/\/news.canadamotorjobs.com\/fr\/les-futurs-modeles-de-porsche-integreront-google-vers-2025\/","title":{"rendered":"Les futurs mod\u00e8les de Porsche int\u00e9greront Google vers 2025"},"content":{"rendered":"<\/p>\n<p>Il y a de fortes chance que Google maps devienne le syst\u00e8me de navigation de s\u00e9rie chez Porsche d\u00e8s 2025. Dans le but d&#8217;am\u00e9liorer l&#8217;exp\u00e9rience num\u00e9rique de ses clients, Porsche a d\u00e9voil\u00e9 son intention d&#8217;int\u00e9grer les services Google pour la navigation, la commande vocale et un vaste \u00e9cosyst\u00e8me d&#8217;applications dans ses prochaines g\u00e9n\u00e9rations de v\u00e9hicules. Le constructeur allemand devrait commencer \u00e0 produire ces v\u00e9hicules vers le milieu de la d\u00e9cennie.<\/p>\n<h3>Un \u00e9cosyst\u00e8me connu des utilisateurs<\/h3>\n<p>\nCette int\u00e9gration permettra d&#8217;introduire un large \u00e9ventail de produits Google, notamment Google Maps, Google Assistant et une large gamme d&#8217;applications accessibles via le Google Play Store. Porsche affirme que les habitu\u00e9s peuvent \u00eatre assur\u00e9s qu&#8217;ils continueront \u00e0 profiter de l&#8217;interface utilisateur famili\u00e8re du syst\u00e8me d&#8217;infodivertissement Porsche Communication Management (PCM), avec des mises \u00e0 jour r\u00e9guli\u00e8res en direct pour maintenir le syst\u00e8me \u00e0 jour.<\/p>\n<h3>Plusieurs fonctionnalit\u00e9s<\/h3>\n<p>\nPar ailleurs, Google a r\u00e9cemment annonc\u00e9 des mises \u00e0 jour d&#8217;Android Auto et de Google Built-In, introduisant de nouvelles applications et fonctionnalit\u00e9s pour le divertissement \u00e0 bord des v\u00e9hicules. Les utilisateurs peuvent d\u00e9sormais participer \u00e0 des conf\u00e9rences t\u00e9l\u00e9phoniques et \u00e0 des r\u00e9unions programm\u00e9es, regarder leurs \u00e9missions de t\u00e9l\u00e9vision et leurs films pr\u00e9f\u00e9r\u00e9s, naviguer sur le web et bien plus encore, le tout \u00e0 partir de l&#8217;\u00e9cran d&#8217;infodivertissement de leur v\u00e9hicule.<\/p>\n<h3>La t\u00e9l\u00e9 en direct<\/h3>\n<p>\nGoogle Built-In, une suite de services et d&#8217;applications int\u00e9gr\u00e9s, s&#8217;est enrichi d&#8217;Amazon Prime Video. Initialement disponible pour certains mod\u00e8les Renault, Volvo et Polestar, cette fonctionnalit\u00e9 devrait s&#8217;\u00e9tendre \u00e0 d&#8217;autres marques automobiles dans un avenir proche, voire aux voitures Porsche \u00e0 partir de 2025. En outre, le lancement de Vivaldi, un nouveau navigateur internet, offrira aux utilisateurs une meilleure exp\u00e9rience de navigation sur le web. Il est \u00e0 noter que ces deux applications ne seront accessibles que lorsque le v\u00e9hicule sera gar\u00e9.<\/p>\n<p>\u00a0<\/p>\n<p>Avec des renseignements de Motor 1<\/p>\n<p>Le texte <a rel=\"nofollow\" href=\"https:\/\/annuelauto.ca\/les-futurs-modeles-de-porsche-integreront-google-vers-2025\/\">Les futurs mod\u00e8les de Porsche int\u00e9greront Google vers 2025<\/a> provient de <a rel=\"nofollow\" href=\"https:\/\/annuelauto.ca\">L&#8217;annuel de l&#8217;automobile &#8211; Actualit\u00e9 automobile<\/a><\/p>\n<p><\/p>\n","protected":false},"excerpt":{"rendered":"<p>Il y a de fortes chance que Google maps devienne le syst\u00e8me de navigation de s\u00e9rie chez Porsche d\u00e8s 2025. Dans le but d&#8217;am\u00e9liorer l&#8217;exp\u00e9rience num\u00e9rique de ses clients, Porsche a d\u00e9voil\u00e9 son intention d&#8217;int\u00e9grer les services Google pour la navigation, la commande vocale et un vaste \u00e9cosyst\u00e8me d&#8217;applications dans ses prochaines g\u00e9n\u00e9rations de v\u00e9hicules. [&hellip;]<\/p>\n","protected":false},"author":8,"featured_media":152994,"comment_status":"close","ping_status":"closed","sticky":false,"template":"","format":"standard","meta":{"_monsterinsights_skip_tracking":false,"_monsterinsights_sitenote_active":false,"_monsterinsights_sitenote_note":"","_monsterinsights_sitenote_category":0,"footnotes":""},"categories":[101],"tags":[],"yoast_head":"<!-- This site is optimized with the Yoast SEO plugin v23.2 - https:\/\/yoast.com\/wordpress\/plugins\/seo\/ -->\n<title>Les futurs mod\u00e8les de Porsche int\u00e9greront Google vers 2025 - CanadaMotorJobs.com<\/title>\n<meta name=\"description\" content=\"Les futurs mod\u00e8les de Porsche int\u00e9greront Google vers 2025 - Benoit Charette - Annuel automobile - CanadaMotorJobs.com.\" \/>\n<meta name=\"robots\" content=\"index, follow, max-snippet:-1, max-image-preview:large, max-video-preview:-1\" \/>\n<meta property=\"og:locale\" content=\"fr_CA\" \/>\n<meta property=\"og:type\" content=\"article\" \/>\n<meta property=\"og:title\" content=\"Les futurs mod\u00e8les de Porsche int\u00e9greront Google vers 2025 - CanadaMotorJobs.com\" \/>\n<meta property=\"og:description\" content=\"Les futurs mod\u00e8les de Porsche int\u00e9greront Google vers 2025 - Benoit Charette - Annuel automobile - CanadaMotorJobs.com.\" \/>\n<meta property=\"og:url\" content=\"https:\/\/news.canadamotorjobs.com\/fr\/les-futurs-modeles-de-porsche-integreront-google-vers-2025\/\" \/>\n<meta property=\"og:site_name\" content=\"CanadaMotorJobs.com\" \/>\n<meta property=\"article:publisher\" content=\"https:\/\/www.facebook.com\/canadamotorjobs\/\" \/>\n<meta property=\"article:published_time\" content=\"2023-11-01T11:55:17+00:00\" \/>\n<meta property=\"article:modified_time\" content=\"2023-11-01T11:59:44+00:00\" \/>\n<meta property=\"og:image\" content=\"https:\/\/news.canadamotorjobs.com\/wp-content\/uploads\/2023\/11\/778973.jpg\" \/>\n\t<meta property=\"og:image:width\" content=\"1600\" \/>\n\t<meta property=\"og:image:height\" content=\"1067\" \/>\n\t<meta property=\"og:image:type\" content=\"image\/jpeg\" \/>\n<meta name=\"author\" content=\"Benoit Charette\" \/>\n<meta name=\"twitter:card\" content=\"summary_large_image\" \/>\n<meta name=\"twitter:creator\" content=\"@canadamotorjobs\" \/>\n<meta name=\"twitter:site\" content=\"@canadamotorjobs\" \/>\n<meta name=\"twitter:label1\" content=\"\u00c9crit par\" \/>\n\t<meta name=\"twitter:data1\" content=\"Benoit Charette\" \/>\n\t<meta name=\"twitter:label2\" content=\"Estimation du temps de lecture\" \/>\n\t<meta name=\"twitter:data2\" content=\"2 minutes\" \/>\n<!-- \/ Yoast SEO plugin. -->","yoast_head_json":{"title":"Les futurs mod\u00e8les de Porsche int\u00e9greront Google vers 2025 - CanadaMotorJobs.com","description":"Les futurs mod\u00e8les de Porsche int\u00e9greront Google vers 2025 - Benoit Charette - Annuel automobile - CanadaMotorJobs.com.","robots":{"index":"index","follow":"follow","max-snippet":"max-snippet:-1","max-image-preview":"max-image-preview:large","max-video-preview":"max-video-preview:-1"},"og_locale":"fr_CA","og_type":"article","og_title":"Les futurs mod\u00e8les de Porsche int\u00e9greront Google vers 2025 - CanadaMotorJobs.com","og_description":"Les futurs mod\u00e8les de Porsche int\u00e9greront Google vers 2025 - Benoit Charette - Annuel automobile - CanadaMotorJobs.com.","og_url":"https:\/\/news.canadamotorjobs.com\/fr\/les-futurs-modeles-de-porsche-integreront-google-vers-2025\/","og_site_name":"CanadaMotorJobs.com","article_publisher":"https:\/\/www.facebook.com\/canadamotorjobs\/","article_published_time":"2023-11-01T11:55:17+00:00","article_modified_time":"2023-11-01T11:59:44+00:00","og_image":[{"width":1600,"height":1067,"url":"https:\/\/news.canadamotorjobs.com\/wp-content\/uploads\/2023\/11\/778973.jpg","type":"image\/jpeg"}],"author":"Benoit Charette","twitter_card":"summary_large_image","twitter_creator":"@canadamotorjobs","twitter_site":"@canadamotorjobs","twitter_misc":{"\u00c9crit par":"Benoit Charette","Estimation du temps de lecture":"2 minutes"},"schema":{"@context":"https:\/\/schema.org","@graph":[{"@type":"Article","@id":"https:\/\/news.canadamotorjobs.com\/fr\/les-futurs-modeles-de-porsche-integreront-google-vers-2025\/#article","isPartOf":{"@id":"https:\/\/news.canadamotorjobs.com\/fr\/les-futurs-modeles-de-porsche-integreront-google-vers-2025\/"},"author":{"name":"Benoit Charette","@id":"https:\/\/news.canadamotorjobs.com\/#\/schema\/person\/51793d1f87d44011d7bcc2ed99269a90"},"headline":"Les futurs mod\u00e8les de Porsche int\u00e9greront Google vers 2025","datePublished":"2023-11-01T11:55:17+00:00","dateModified":"2023-11-01T11:59:44+00:00","mainEntityOfPage":{"@id":"https:\/\/news.canadamotorjobs.com\/fr\/les-futurs-modeles-de-porsche-integreront-google-vers-2025\/"},"wordCount":380,"publisher":{"@id":"https:\/\/news.canadamotorjobs.com\/#organization"},"image":{"@id":"https:\/\/news.canadamotorjobs.com\/fr\/les-futurs-modeles-de-porsche-integreront-google-vers-2025\/#primaryimage"},"thumbnailUrl":"https:\/\/news.canadamotorjobs.com\/wp-content\/uploads\/2023\/11\/778973.jpg","articleSection":["Annuel automobile"],"inLanguage":"fr-CA"},{"@type":"WebPage","@id":"https:\/\/news.canadamotorjobs.com\/fr\/les-futurs-modeles-de-porsche-integreront-google-vers-2025\/","url":"https:\/\/news.canadamotorjobs.com\/fr\/les-futurs-modeles-de-porsche-integreront-google-vers-2025\/","name":"Les futurs mod\u00e8les de Porsche int\u00e9greront Google vers 2025 - CanadaMotorJobs.com","isPartOf":{"@id":"https:\/\/news.canadamotorjobs.com\/#website"},"primaryImageOfPage":{"@id":"https:\/\/news.canadamotorjobs.com\/fr\/les-futurs-modeles-de-porsche-integreront-google-vers-2025\/#primaryimage"},"image":{"@id":"https:\/\/news.canadamotorjobs.com\/fr\/les-futurs-modeles-de-porsche-integreront-google-vers-2025\/#primaryimage"},"thumbnailUrl":"https:\/\/news.canadamotorjobs.com\/wp-content\/uploads\/2023\/11\/778973.jpg","datePublished":"2023-11-01T11:55:17+00:00","dateModified":"2023-11-01T11:59:44+00:00","description":"Les futurs mod\u00e8les de Porsche int\u00e9greront Google vers 2025 - Benoit Charette - Annuel automobile - CanadaMotorJobs.com.","breadcrumb":{"@id":"https:\/\/news.canadamotorjobs.com\/fr\/les-futurs-modeles-de-porsche-integreront-google-vers-2025\/#breadcrumb"},"inLanguage":"fr-CA","potentialAction":[{"@type":"ReadAction","target":["https:\/\/news.canadamotorjobs.com\/fr\/les-futurs-modeles-de-porsche-integreront-google-vers-2025\/"]}]},{"@type":"ImageObject","inLanguage":"fr-CA","@id":"https:\/\/news.canadamotorjobs.com\/fr\/les-futurs-modeles-de-porsche-integreront-google-vers-2025\/#primaryimage","url":"https:\/\/news.canadamotorjobs.com\/wp-content\/uploads\/2023\/11\/778973.jpg","contentUrl":"https:\/\/news.canadamotorjobs.com\/wp-content\/uploads\/2023\/11\/778973.jpg","width":1600,"height":1067},{"@type":"BreadcrumbList","@id":"https:\/\/news.canadamotorjobs.com\/fr\/les-futurs-modeles-de-porsche-integreront-google-vers-2025\/#breadcrumb","itemListElement":[{"@type":"ListItem","position":1,"name":"Home","item":"https:\/\/news.canadamotorjobs.com\/fr\/blog\/"},{"@type":"ListItem","position":2,"name":"Les futurs mod\u00e8les de Porsche int\u00e9greront Google vers 2025"}]},{"@type":"WebSite","@id":"https:\/\/news.canadamotorjobs.com\/#website","url":"https:\/\/news.canadamotorjobs.com\/","name":"CanadaMotorJobs.com","description":"Automotive Jobs","publisher":{"@id":"https:\/\/news.canadamotorjobs.com\/#organization"},"potentialAction":[{"@type":"SearchAction","target":{"@type":"EntryPoint","urlTemplate":"https:\/\/news.canadamotorjobs.com\/?s={search_term_string}"},"query-input":"required name=search_term_string"}],"inLanguage":"fr-CA"},{"@type":"Organization","@id":"https:\/\/news.canadamotorjobs.com\/#organization","name":"Canada Motor Jobs","url":"https:\/\/news.canadamotorjobs.com\/","logo":{"@type":"ImageObject","inLanguage":"fr-CA","@id":"https:\/\/news.canadamotorjobs.com\/#\/schema\/logo\/image\/","url":"https:\/\/news.canadamotorjobs.com\/wp-content\/uploads\/2022\/10\/logo-canada-motor-jobs-1.png","contentUrl":"https:\/\/news.canadamotorjobs.com\/wp-content\/uploads\/2022\/10\/logo-canada-motor-jobs-1.png","width":800,"height":400,"caption":"Canada Motor Jobs"},"image":{"@id":"https:\/\/news.canadamotorjobs.com\/#\/schema\/logo\/image\/"},"sameAs":["https:\/\/www.facebook.com\/canadamotorjobs\/","https:\/\/x.com\/canadamotorjobs","https:\/\/www.instagram.com\/canadamotorjobs\/","https:\/\/www.linkedin.com\/company\/canadamotorjobs"]},{"@type":"Person","@id":"https:\/\/news.canadamotorjobs.com\/#\/schema\/person\/51793d1f87d44011d7bcc2ed99269a90","name":"Benoit Charette","image":{"@type":"ImageObject","inLanguage":"fr-CA","@id":"https:\/\/news.canadamotorjobs.com\/#\/schema\/person\/image\/","url":"https:\/\/secure.gravatar.com\/avatar\/45f3d2eebcccd909668d7ce7ea7267b6?s=96&d=mm&r=g","contentUrl":"https:\/\/secure.gravatar.com\/avatar\/45f3d2eebcccd909668d7ce7ea7267b6?s=96&d=mm&r=g","caption":"Benoit Charette"},"description":"Benoit Charette \/ Propri\u00e9taire et r\u00e9dacteur en chef Benoit Charette pratique le journalisme automobile depuis bient\u00f4t 30 ans. Il a fait ses classes au c\u00f4t\u00e9 de Daniel H\u00e9raud et au Carnet de route de 1992 \u00e0 2001. Il est fondateur, copropri\u00e9taire et r\u00e9dacteur en chef de L\u2019Annuel de l\u2019automobile, qu\u2019il publie depuis 2001. Il a anim\u00e9 les \u00e9missions RPM et RPM+ sur V et les L\u00e9gendes de la route sur Historia. \u00c0 la radio depuis 1986, il reprend l\u2019antenne cette ann\u00e9e sur les ondes de Cogeco et participe pour la deuxi\u00e8me ann\u00e9e \u00e0 l\u2019\u00e9mission Passion Auto sur RDS en plus de mettre en ligne le site Web officiel de L\u2019Annuel de l\u2019automobile sur annuelauto.ca.","sameAs":["https:\/\/annuelauto.ca\/"],"url":"https:\/\/news.canadamotorjobs.com\/fr\/author\/benoit-charette\/"}]}},"_links":{"self":[{"href":"https:\/\/news.canadamotorjobs.com\/fr\/wp-json\/wp\/v2\/posts\/152992"}],"collection":[{"href":"https:\/\/news.canadamotorjobs.com\/fr\/wp-json\/wp\/v2\/posts"}],"about":[{"href":"https:\/\/news.canadamotorjobs.com\/fr\/wp-json\/wp\/v2\/types\/post"}],"author":[{"embeddable":true,"href":"https:\/\/news.canadamotorjobs.com\/fr\/wp-json\/wp\/v2\/users\/8"}],"replies":[{"embeddable":true,"href":"https:\/\/news.canadamotorjobs.com\/fr\/wp-json\/wp\/v2\/comments?post=152992"}],"version-history":[{"count":2,"href":"https:\/\/news.canadamotorjobs.com\/fr\/wp-json\/wp\/v2\/posts\/152992\/revisions"}],"predecessor-version":[{"id":152996,"href":"https:\/\/news.canadamotorjobs.com\/fr\/wp-json\/wp\/v2\/posts\/152992\/revisions\/152996"}],"wp:featuredmedia":[{"embeddable":true,"href":"https:\/\/news.canadamotorjobs.com\/fr\/wp-json\/wp\/v2\/media\/152994"}],"wp:attachment":[{"href":"https:\/\/news.canadamotorjobs.com\/fr\/wp-json\/wp\/v2\/media?parent=152992"}],"wp:term":[{"taxonomy":"category","embeddable":true,"href":"https:\/\/news.canadamotorjobs.com\/fr\/wp-json\/wp\/v2\/categories?post=152992"},{"taxonomy":"post_tag","embeddable":true,"href":"https:\/\/news.canadamotorjobs.com\/fr\/wp-json\/wp\/v2\/tags?post=152992"}],"curies":[{"name":"wp","href":"https:\/\/api.w.org\/{rel}","templated":true}]}}