{"id":152946,"date":"2023-10-31T08:00:31","date_gmt":"2023-10-31T12:00:31","guid":{"rendered":"https:\/\/news.canadamotorjobs.com\/?p=152946"},"modified":"2023-10-31T08:13:50","modified_gmt":"2023-10-31T12:13:50","slug":"la-greve-aura-coute-795-millions-a-stellantis","status":"publish","type":"post","link":"https:\/\/news.canadamotorjobs.com\/fr\/la-greve-aura-coute-795-millions-a-stellantis\/","title":{"rendered":"La gr\u00e8ve aura co\u00fbt\u00e9 795 millions \u00e0 Stellantis"},"content":{"rendered":"<\/p>\n<p>Stellantis a d\u00e9clar\u00e9 qu&#8217;elle avait \u00e9t\u00e9 moins affect\u00e9e par les gr\u00e8ves prolong\u00e9es de l&#8217;UAW que Ford et GM qui ont r\u00e9duit la production dans certaines usines nord-am\u00e9ricaines. Le b\u00e9n\u00e9fice d&#8217;exploitation avant imp\u00f4t de la soci\u00e9t\u00e9 a \u00e9t\u00e9 r\u00e9duit de 795 millions de dollars pendant la gr\u00e8ve. La gr\u00e8ve a r\u00e9duit le chiffre d&#8217;affaires d&#8217;environ 3,2 milliards de dollars.<\/p>\n<h3>Des chiffres de vente en hausse<\/h3>\n<p>\nN\u00e9anmoins, le chiffre d&#8217;affaires du troisi\u00e8me trimestre a augment\u00e9 de 7 % pour atteindre 47,8 milliards de dollars, a d\u00e9clar\u00e9 la soci\u00e9t\u00e9 dans un communiqu\u00e9. Cette augmentation est principalement due \u00e0 l&#8217;accroissement des volumes, \u00e0 la stabilit\u00e9 des prix, \u00e0 l&#8217;am\u00e9lioration de la logistique et \u00e0 la forte demande pour des mod\u00e8les tels que la Jeep Avenger \u00e9lectrique en Europe,<\/p>\n<h3>Une entente au Canada<\/h3>\n<p>\nStellantis et son syndicat canadien sont parvenus lundi \u00e0 un accord de principe sur un nouveau contrat mettant fin \u00e0 une gr\u00e8ve d&#8217;une journ\u00e9e, deux jours apr\u00e8s que l&#8217;entreprise a r\u00e9gl\u00e9 un long d\u00e9brayage avec l&#8217;UAW aux \u00c9tats-Unis. Ce dernier accord portera le salaire le plus \u00e9lev\u00e9 \u00e0 plus de 42 dollars de l&#8217;heure d&#8217;ici avril 2028.<\/p>\n<h3>Perspectives de croissance en Europe<\/h3>\n<p>\nStellantis a \u00e9largi sa gamme de v\u00e9hicules \u00e9lectriques alors que les constructeurs automobiles se battent pour conserver les acheteurs du march\u00e9 de masse, qui ont vu leur pouvoir d&#8217;achat diminuer en raison de l&#8217;inflation. Sa marque Citro\u00ebn a commenc\u00e9 \u00e0 prendre des r\u00e9servations ce mois-ci pour la nouvelle voiture \u00e9lectrique e-C3 \u00e0 partir de 23 300 euros, ce qui en fait le v\u00e9hicule \u00e9lectrique le moins cher produit en Europe. Ce mois-ci, Stellantis a conclu un accord pour acheter une participation dans le fabricant chinois de VE Zhejiang Leapmotor Technologies afin de faire face \u00e0 la baisse des ventes sur le plus grand march\u00e9 automobile du monde. Le constructeur d\u00e9tiendra \u00e9galement une participation majoritaire dans une coentreprise qui lui permettra de construire et de vendre certaines voitures Leapmotor en dehors de la Chine.<\/p>\n<p>Stellantis a d\u00e9clar\u00e9 avoir rachet\u00e9 500 millions d&#8217;euros d&#8217;actions au cours du troisi\u00e8me trimestre et pr\u00e9voit d&#8217;achever son programme de rachat d&#8217;actions de 1,5 milliard d&#8217;euros au cours du trimestre actuel.<\/p>\n<p>\u00a0<\/p>\n<p>Avec des renseignements d\u2019Automotive News<\/p>\n<p>Le texte <a rel=\"nofollow\" href=\"https:\/\/annuelauto.ca\/la-greve-aura-coute-795-millions-a-stellantis\/\">La gr\u00e8ve aura co\u00fbt\u00e9 795 millions \u00e0 Stellantis<\/a> provient de <a rel=\"nofollow\" href=\"https:\/\/annuelauto.ca\">L&#8217;annuel de l&#8217;automobile &#8211; Actualit\u00e9 automobile<\/a><\/p>\n<p><\/p>\n","protected":false},"excerpt":{"rendered":"<p>Stellantis a d\u00e9clar\u00e9 qu&#8217;elle avait \u00e9t\u00e9 moins affect\u00e9e par les gr\u00e8ves prolong\u00e9es de l&#8217;UAW que Ford et GM qui ont r\u00e9duit la production dans certaines usines nord-am\u00e9ricaines. Le b\u00e9n\u00e9fice d&#8217;exploitation avant imp\u00f4t de la soci\u00e9t\u00e9 a \u00e9t\u00e9 r\u00e9duit de 795 millions de dollars pendant la gr\u00e8ve. La gr\u00e8ve a r\u00e9duit le chiffre d&#8217;affaires d&#8217;environ 3,2 [&hellip;]<\/p>\n","protected":false},"author":8,"featured_media":152948,"comment_status":"close","ping_status":"closed","sticky":false,"template":"","format":"standard","meta":{"_monsterinsights_skip_tracking":false,"_monsterinsights_sitenote_active":false,"_monsterinsights_sitenote_note":"","_monsterinsights_sitenote_category":0,"footnotes":""},"categories":[101],"tags":[],"yoast_head":"<!-- This site is optimized with the Yoast SEO plugin v23.2 - https:\/\/yoast.com\/wordpress\/plugins\/seo\/ -->\n<title>La gr\u00e8ve aura co\u00fbt\u00e9 795 millions \u00e0 Stellantis - CanadaMotorJobs.com<\/title>\n<meta name=\"description\" content=\"La gr\u00e8ve aura co\u00fbt\u00e9 795 millions \u00e0 Stellantis - Benoit Charette - Annuel automobile - CanadaMotorJobs.com.\" \/>\n<meta name=\"robots\" content=\"index, follow, max-snippet:-1, max-image-preview:large, max-video-preview:-1\" \/>\n<meta property=\"og:locale\" content=\"fr_CA\" \/>\n<meta property=\"og:type\" content=\"article\" \/>\n<meta property=\"og:title\" content=\"La gr\u00e8ve aura co\u00fbt\u00e9 795 millions \u00e0 Stellantis - CanadaMotorJobs.com\" \/>\n<meta property=\"og:description\" content=\"La gr\u00e8ve aura co\u00fbt\u00e9 795 millions \u00e0 Stellantis - Benoit Charette - Annuel automobile - CanadaMotorJobs.com.\" \/>\n<meta property=\"og:url\" content=\"https:\/\/news.canadamotorjobs.com\/fr\/la-greve-aura-coute-795-millions-a-stellantis\/\" \/>\n<meta property=\"og:site_name\" content=\"CanadaMotorJobs.com\" \/>\n<meta property=\"article:publisher\" content=\"https:\/\/www.facebook.com\/canadamotorjobs\/\" \/>\n<meta property=\"article:published_time\" content=\"2023-10-31T12:00:31+00:00\" \/>\n<meta property=\"article:modified_time\" content=\"2023-10-31T12:13:50+00:00\" \/>\n<meta property=\"og:image\" content=\"https:\/\/news.canadamotorjobs.com\/wp-content\/uploads\/2023\/10\/stellantis-unveils-official-logo-1-1.jpg\" \/>\n\t<meta property=\"og:image:width\" content=\"1920\" \/>\n\t<meta property=\"og:image:height\" content=\"1040\" \/>\n\t<meta property=\"og:image:type\" content=\"image\/jpeg\" \/>\n<meta name=\"author\" content=\"Benoit Charette\" \/>\n<meta name=\"twitter:card\" content=\"summary_large_image\" \/>\n<meta name=\"twitter:creator\" content=\"@canadamotorjobs\" \/>\n<meta name=\"twitter:site\" content=\"@canadamotorjobs\" \/>\n<meta name=\"twitter:label1\" content=\"\u00c9crit par\" \/>\n\t<meta name=\"twitter:data1\" content=\"Benoit Charette\" \/>\n\t<meta name=\"twitter:label2\" content=\"Estimation du temps de lecture\" \/>\n\t<meta name=\"twitter:data2\" content=\"2 minutes\" \/>\n<!-- \/ Yoast SEO plugin. -->","yoast_head_json":{"title":"La gr\u00e8ve aura co\u00fbt\u00e9 795 millions \u00e0 Stellantis - CanadaMotorJobs.com","description":"La gr\u00e8ve aura co\u00fbt\u00e9 795 millions \u00e0 Stellantis - Benoit Charette - Annuel automobile - CanadaMotorJobs.com.","robots":{"index":"index","follow":"follow","max-snippet":"max-snippet:-1","max-image-preview":"max-image-preview:large","max-video-preview":"max-video-preview:-1"},"og_locale":"fr_CA","og_type":"article","og_title":"La gr\u00e8ve aura co\u00fbt\u00e9 795 millions \u00e0 Stellantis - CanadaMotorJobs.com","og_description":"La gr\u00e8ve aura co\u00fbt\u00e9 795 millions \u00e0 Stellantis - Benoit Charette - Annuel automobile - CanadaMotorJobs.com.","og_url":"https:\/\/news.canadamotorjobs.com\/fr\/la-greve-aura-coute-795-millions-a-stellantis\/","og_site_name":"CanadaMotorJobs.com","article_publisher":"https:\/\/www.facebook.com\/canadamotorjobs\/","article_published_time":"2023-10-31T12:00:31+00:00","article_modified_time":"2023-10-31T12:13:50+00:00","og_image":[{"width":1920,"height":1040,"url":"https:\/\/news.canadamotorjobs.com\/wp-content\/uploads\/2023\/10\/stellantis-unveils-official-logo-1-1.jpg","type":"image\/jpeg"}],"author":"Benoit Charette","twitter_card":"summary_large_image","twitter_creator":"@canadamotorjobs","twitter_site":"@canadamotorjobs","twitter_misc":{"\u00c9crit par":"Benoit Charette","Estimation du temps de lecture":"2 minutes"},"schema":{"@context":"https:\/\/schema.org","@graph":[{"@type":"Article","@id":"https:\/\/news.canadamotorjobs.com\/fr\/la-greve-aura-coute-795-millions-a-stellantis\/#article","isPartOf":{"@id":"https:\/\/news.canadamotorjobs.com\/fr\/la-greve-aura-coute-795-millions-a-stellantis\/"},"author":{"name":"Benoit Charette","@id":"https:\/\/news.canadamotorjobs.com\/#\/schema\/person\/51793d1f87d44011d7bcc2ed99269a90"},"headline":"La gr\u00e8ve aura co\u00fbt\u00e9 795 millions \u00e0 Stellantis","datePublished":"2023-10-31T12:00:31+00:00","dateModified":"2023-10-31T12:13:50+00:00","mainEntityOfPage":{"@id":"https:\/\/news.canadamotorjobs.com\/fr\/la-greve-aura-coute-795-millions-a-stellantis\/"},"wordCount":419,"publisher":{"@id":"https:\/\/news.canadamotorjobs.com\/#organization"},"image":{"@id":"https:\/\/news.canadamotorjobs.com\/fr\/la-greve-aura-coute-795-millions-a-stellantis\/#primaryimage"},"thumbnailUrl":"https:\/\/news.canadamotorjobs.com\/wp-content\/uploads\/2023\/10\/stellantis-unveils-official-logo-1-1.jpg","articleSection":["Annuel automobile"],"inLanguage":"fr-CA"},{"@type":"WebPage","@id":"https:\/\/news.canadamotorjobs.com\/fr\/la-greve-aura-coute-795-millions-a-stellantis\/","url":"https:\/\/news.canadamotorjobs.com\/fr\/la-greve-aura-coute-795-millions-a-stellantis\/","name":"La gr\u00e8ve aura co\u00fbt\u00e9 795 millions \u00e0 Stellantis - CanadaMotorJobs.com","isPartOf":{"@id":"https:\/\/news.canadamotorjobs.com\/#website"},"primaryImageOfPage":{"@id":"https:\/\/news.canadamotorjobs.com\/fr\/la-greve-aura-coute-795-millions-a-stellantis\/#primaryimage"},"image":{"@id":"https:\/\/news.canadamotorjobs.com\/fr\/la-greve-aura-coute-795-millions-a-stellantis\/#primaryimage"},"thumbnailUrl":"https:\/\/news.canadamotorjobs.com\/wp-content\/uploads\/2023\/10\/stellantis-unveils-official-logo-1-1.jpg","datePublished":"2023-10-31T12:00:31+00:00","dateModified":"2023-10-31T12:13:50+00:00","description":"La gr\u00e8ve aura co\u00fbt\u00e9 795 millions \u00e0 Stellantis - Benoit Charette - Annuel automobile - CanadaMotorJobs.com.","breadcrumb":{"@id":"https:\/\/news.canadamotorjobs.com\/fr\/la-greve-aura-coute-795-millions-a-stellantis\/#breadcrumb"},"inLanguage":"fr-CA","potentialAction":[{"@type":"ReadAction","target":["https:\/\/news.canadamotorjobs.com\/fr\/la-greve-aura-coute-795-millions-a-stellantis\/"]}]},{"@type":"ImageObject","inLanguage":"fr-CA","@id":"https:\/\/news.canadamotorjobs.com\/fr\/la-greve-aura-coute-795-millions-a-stellantis\/#primaryimage","url":"https:\/\/news.canadamotorjobs.com\/wp-content\/uploads\/2023\/10\/stellantis-unveils-official-logo-1-1.jpg","contentUrl":"https:\/\/news.canadamotorjobs.com\/wp-content\/uploads\/2023\/10\/stellantis-unveils-official-logo-1-1.jpg","width":1920,"height":1040},{"@type":"BreadcrumbList","@id":"https:\/\/news.canadamotorjobs.com\/fr\/la-greve-aura-coute-795-millions-a-stellantis\/#breadcrumb","itemListElement":[{"@type":"ListItem","position":1,"name":"Home","item":"https:\/\/news.canadamotorjobs.com\/fr\/blog\/"},{"@type":"ListItem","position":2,"name":"La gr\u00e8ve aura co\u00fbt\u00e9 795 millions \u00e0 Stellantis"}]},{"@type":"WebSite","@id":"https:\/\/news.canadamotorjobs.com\/#website","url":"https:\/\/news.canadamotorjobs.com\/","name":"CanadaMotorJobs.com","description":"Automotive Jobs","publisher":{"@id":"https:\/\/news.canadamotorjobs.com\/#organization"},"potentialAction":[{"@type":"SearchAction","target":{"@type":"EntryPoint","urlTemplate":"https:\/\/news.canadamotorjobs.com\/?s={search_term_string}"},"query-input":"required name=search_term_string"}],"inLanguage":"fr-CA"},{"@type":"Organization","@id":"https:\/\/news.canadamotorjobs.com\/#organization","name":"Canada Motor Jobs","url":"https:\/\/news.canadamotorjobs.com\/","logo":{"@type":"ImageObject","inLanguage":"fr-CA","@id":"https:\/\/news.canadamotorjobs.com\/#\/schema\/logo\/image\/","url":"https:\/\/news.canadamotorjobs.com\/wp-content\/uploads\/2022\/10\/logo-canada-motor-jobs-1.png","contentUrl":"https:\/\/news.canadamotorjobs.com\/wp-content\/uploads\/2022\/10\/logo-canada-motor-jobs-1.png","width":800,"height":400,"caption":"Canada Motor Jobs"},"image":{"@id":"https:\/\/news.canadamotorjobs.com\/#\/schema\/logo\/image\/"},"sameAs":["https:\/\/www.facebook.com\/canadamotorjobs\/","https:\/\/x.com\/canadamotorjobs","https:\/\/www.instagram.com\/canadamotorjobs\/","https:\/\/www.linkedin.com\/company\/canadamotorjobs"]},{"@type":"Person","@id":"https:\/\/news.canadamotorjobs.com\/#\/schema\/person\/51793d1f87d44011d7bcc2ed99269a90","name":"Benoit Charette","image":{"@type":"ImageObject","inLanguage":"fr-CA","@id":"https:\/\/news.canadamotorjobs.com\/#\/schema\/person\/image\/","url":"https:\/\/secure.gravatar.com\/avatar\/45f3d2eebcccd909668d7ce7ea7267b6?s=96&d=mm&r=g","contentUrl":"https:\/\/secure.gravatar.com\/avatar\/45f3d2eebcccd909668d7ce7ea7267b6?s=96&d=mm&r=g","caption":"Benoit Charette"},"description":"Benoit Charette \/ Propri\u00e9taire et r\u00e9dacteur en chef Benoit Charette pratique le journalisme automobile depuis bient\u00f4t 30 ans. Il a fait ses classes au c\u00f4t\u00e9 de Daniel H\u00e9raud et au Carnet de route de 1992 \u00e0 2001. Il est fondateur, copropri\u00e9taire et r\u00e9dacteur en chef de L\u2019Annuel de l\u2019automobile, qu\u2019il publie depuis 2001. Il a anim\u00e9 les \u00e9missions RPM et RPM+ sur V et les L\u00e9gendes de la route sur Historia. \u00c0 la radio depuis 1986, il reprend l\u2019antenne cette ann\u00e9e sur les ondes de Cogeco et participe pour la deuxi\u00e8me ann\u00e9e \u00e0 l\u2019\u00e9mission Passion Auto sur RDS en plus de mettre en ligne le site Web officiel de L\u2019Annuel de l\u2019automobile sur annuelauto.ca.","sameAs":["https:\/\/annuelauto.ca\/"],"url":"https:\/\/news.canadamotorjobs.com\/fr\/author\/benoit-charette\/"}]}},"_links":{"self":[{"href":"https:\/\/news.canadamotorjobs.com\/fr\/wp-json\/wp\/v2\/posts\/152946"}],"collection":[{"href":"https:\/\/news.canadamotorjobs.com\/fr\/wp-json\/wp\/v2\/posts"}],"about":[{"href":"https:\/\/news.canadamotorjobs.com\/fr\/wp-json\/wp\/v2\/types\/post"}],"author":[{"embeddable":true,"href":"https:\/\/news.canadamotorjobs.com\/fr\/wp-json\/wp\/v2\/users\/8"}],"replies":[{"embeddable":true,"href":"https:\/\/news.canadamotorjobs.com\/fr\/wp-json\/wp\/v2\/comments?post=152946"}],"version-history":[{"count":2,"href":"https:\/\/news.canadamotorjobs.com\/fr\/wp-json\/wp\/v2\/posts\/152946\/revisions"}],"predecessor-version":[{"id":152950,"href":"https:\/\/news.canadamotorjobs.com\/fr\/wp-json\/wp\/v2\/posts\/152946\/revisions\/152950"}],"wp:featuredmedia":[{"embeddable":true,"href":"https:\/\/news.canadamotorjobs.com\/fr\/wp-json\/wp\/v2\/media\/152948"}],"wp:attachment":[{"href":"https:\/\/news.canadamotorjobs.com\/fr\/wp-json\/wp\/v2\/media?parent=152946"}],"wp:term":[{"taxonomy":"category","embeddable":true,"href":"https:\/\/news.canadamotorjobs.com\/fr\/wp-json\/wp\/v2\/categories?post=152946"},{"taxonomy":"post_tag","embeddable":true,"href":"https:\/\/news.canadamotorjobs.com\/fr\/wp-json\/wp\/v2\/tags?post=152946"}],"curies":[{"name":"wp","href":"https:\/\/api.w.org\/{rel}","templated":true}]}}