{"id":152881,"date":"2023-10-30T08:17:22","date_gmt":"2023-10-30T12:17:22","guid":{"rendered":"https:\/\/news.canadamotorjobs.com\/?p=152881"},"modified":"2023-10-30T08:29:10","modified_gmt":"2023-10-30T12:29:10","slug":"il-est-impossible-de-produire-un-vehicule-electrique-abordable-en-ce-moment","status":"publish","type":"post","link":"https:\/\/news.canadamotorjobs.com\/fr\/il-est-impossible-de-produire-un-vehicule-electrique-abordable-en-ce-moment\/","title":{"rendered":"Il est impossible de produire un v\u00e9hicule \u00e9lectrique abordable en ce moment"},"content":{"rendered":"<\/p>\n<p>Nissan a d\u00e9clar\u00e9 au Japan Mobility Show qu&#8217;il souhaitait d\u00e9velopper des voitures \u00e9lectriques plus abordables pour repousser l\u2019offensive chinoise qui nous pousse dans le dos. D\u2019autres constructeurs comme Volkswagen ont fait la m\u00eame affirmation. On vise un pris magique de 25 000 $ US. Tesla nous parle de ce chiffre depuis plus 5 ans sans jamais avoir pr\u00e9senter un seul mod\u00e8le qui s\u2019approche de ce prix.<\/p>\n<h3>Passer \u00e0 c\u00f4t\u00e9 de l\u2019objectif<\/h3>\n<p>\nOn ne peut pas demander plus d\u2019autonomie et moins d\u2019argent pour un V\u00c9. Il faut compter 30\u00a0000 dollars pour des composants de 90 kWh &#8211; Tesla facture 21\u00a0000 dollars pour une nouvelle batterie et 10\u00a0000 dollars si vous d\u00e9cidez de conserver votre ancienne unit\u00e9. Supposons que ces v\u00e9hicules offrent la moiti\u00e9 de cette capacit\u00e9 pour la moiti\u00e9 du prix : nous aurions des batteries de 45 kWh pour 15\u00a0000 dollars. Cela repr\u00e9sente 60 % du prix d&#8217;une voiture con\u00e7ue pour co\u00fbter 25\u00a0000 dollars. M\u00eame avec les prix d\u00e9j\u00e0 tr\u00e8s \u00e9lev\u00e9s des mod\u00e8les en ce moment, les constructeurs perdent de l\u2019argent sur chaque mod\u00e8le vendu. Pire encore, les constructeurs limitent la production des mod\u00e8les \u00e9lectriques pour ne pas perdre trop d\u2019argent.<\/p>\n<h3>Comment va-t-on faire pour baisser les prix\u2009?<\/h3>\n<p>\nM\u00eame si les baisses de prix ne se produiront probablement jamais pour les V\u00c9S \u00e0 25\u00a0000 dollars, que se passera-t-il s&#8217;ils sont confront\u00e9s \u00e0 des accidents qui affectent le bloc-batterie\u2009? Que se passera-t-il si un simple accrochage les transforme en pertes totales, comme cela se produit avec beaucoup de Tesla en ce moment\u2009? Les compagnies d&#8217;assurance refuseront de couvrir les V\u00c9S ou les factureront si ch\u00e8res que les V\u00c9S abordables auront des polices d&#8217;assurance on\u00e9reuses. Les gens \u00e9viteront de les acheter pour cette seule raison. La propri\u00e9t\u00e9 ne sera pas durable, ce qui rendra la fabrication et la vente de ces v\u00e9hicules d\u00e9licates &#8211; si tant est qu&#8217;elles soient r\u00e9alisables. Mais pas dans un premier temps.<\/p>\n<h3>Les incitations fiscales<\/h3>\n<p>\nUn V\u00c9 de 25\u00a0000 dollars b\u00e9n\u00e9ficierait des incitations fiscales 12\u00a0000 du provincial et f\u00e9d\u00e9ral. Il s&#8217;agit d&#8217;un v\u00e9hicule qui ne co\u00fbterait finalement que 18\u00a0000 dollars une fois tous les frais inclus. Voil\u00e0 un incitatif qui va enfin rejoindre une large partie de la population. S&#8217;ils quittent les concessions ou sont livr\u00e9s directement au rythme n\u00e9cessaire pour justifier leurs prix bas, les stations de recharge et les ateliers de r\u00e9paration seront soumis \u00e0 une pression beaucoup plus forte. Tesla a d\u00e9j\u00e0 un probl\u00e8me dans ses centres de service o\u00f9 les gens doivent attendre des semaines pour un rendez-vous &#8211; ce qui est encore pire en raison d&#8217;un contr\u00f4le de qualit\u00e9 m\u00e9diocre. Il n\u2019y a presque pas de technicien form\u00e9 pour l\u2019entretien et la r\u00e9paration de v\u00e9hicules \u00e9lectriques. Que va-t-il arriv\u00e9 si les gens se lancent en masse dans l\u2019aventure \u00e9lectrique\u2009?<\/p>\n<h3>La soci\u00e9t\u00e9 n\u2019est pas encore pr\u00eate \u00e0 ce changement majeur<\/h3>\n<p>\nLes V\u00c9S abordables seront parfaits pour les personnes qui peuvent les recharger \u00e0 la maison, mais les personnes \u00e0 faible revenu vivent g\u00e9n\u00e9ralement dans des appartements, ce qui rend plus difficile pour elles de r\u00e9cup\u00e9rer de l&#8217;\u00e9nergie pour conduire pendant qu&#8217;elles dorment. Le r\u00e9seau de recharge, m\u00eame bien d\u00e9velopp\u00e9 chez nous, risque de ne pas suffire \u00e0 la t\u00e2che. C&#8217;est d\u00e9j\u00e0 un probl\u00e8me avec le nombre actuel de V\u00c9S en circulation. Pour l&#8217;\u00e9viter, il faudrait d\u00e9ployer de nouvelles bornes de recharge aussi rapidement que ces voitures \u00e9lectriques \u00e0 25\u00a0000 dollars arrivent dans les rues.<\/p>\n<p>\u00a0<\/p>\n<p>Il ne faut donc pas retenir son souffle et esp\u00e9rer un d\u00e9ferlement de mod\u00e8les abordables dans un jour prochain. L\u2019industrie automobile n\u2019est pas pr\u00eate, l\u2019industrie des m\u00e9tiers automobiles n\u2019est pas pr\u00eate, la soci\u00e9t\u00e9 n\u2019est pas pr\u00eate. Tout cela va se faire lentement pour donner le temps \u00e0 tous de venir voir les \u00e9tapes. De toute mani\u00e8re, une voiture \u00e0 25 000\u00a0$, cela n\u2019existe plus. On doit maintenant sortir 65 000\u00a0$ de ses poches pour une voiture au Qu\u00e9bec et 73\u00a0000 $ pour un mod\u00e8le \u00e9lectrique. Il faut attendre une r\u00e9volution que seuls les Chinois peuvent pr\u00e9parer pour esp\u00e9rer payer moins pour un v\u00e9hicule.<\/p>\n<p>Le texte <a rel=\"nofollow\" href=\"https:\/\/annuelauto.ca\/il-est-impossible-de-produire-un-vehicule-electrique-abordable-en-ce-moment\/\">Il est impossible de produire un v\u00e9hicule \u00e9lectrique abordable en ce moment<\/a> provient de <a rel=\"nofollow\" href=\"https:\/\/annuelauto.ca\">L&#8217;annuel de l&#8217;automobile &#8211; Actualit\u00e9 automobile<\/a><\/p>\n<p><\/p>\n","protected":false},"excerpt":{"rendered":"<p>Nissan a d\u00e9clar\u00e9 au Japan Mobility Show qu&#8217;il souhaitait d\u00e9velopper des voitures \u00e9lectriques plus abordables pour repousser l\u2019offensive chinoise qui nous pousse dans le dos. D\u2019autres constructeurs comme Volkswagen ont fait la m\u00eame affirmation. On vise un pris magique de 25 000 $ US. Tesla nous parle de ce chiffre depuis plus 5 ans sans [&hellip;]<\/p>\n","protected":false},"author":8,"featured_media":152883,"comment_status":"close","ping_status":"closed","sticky":false,"template":"","format":"standard","meta":{"_monsterinsights_skip_tracking":false,"_monsterinsights_sitenote_active":false,"_monsterinsights_sitenote_note":"","_monsterinsights_sitenote_category":0,"footnotes":""},"categories":[101],"tags":[],"yoast_head":"<!-- This site is optimized with the Yoast SEO plugin v23.2 - https:\/\/yoast.com\/wordpress\/plugins\/seo\/ -->\n<title>Il est impossible de produire un v\u00e9hicule \u00e9lectrique abordable en ce moment - CanadaMotorJobs.com<\/title>\n<meta name=\"description\" content=\"Il est impossible de produire un v\u00e9hicule \u00e9lectrique abordable en ce moment - Benoit Charette - Annuel automobile - CanadaMotorJobs.com.\" \/>\n<meta name=\"robots\" content=\"index, follow, max-snippet:-1, max-image-preview:large, max-video-preview:-1\" \/>\n<meta property=\"og:locale\" content=\"fr_CA\" \/>\n<meta property=\"og:type\" content=\"article\" \/>\n<meta property=\"og:title\" content=\"Il est impossible de produire un v\u00e9hicule \u00e9lectrique abordable en ce moment - CanadaMotorJobs.com\" \/>\n<meta property=\"og:description\" content=\"Il est impossible de produire un v\u00e9hicule \u00e9lectrique abordable en ce moment - Benoit Charette - Annuel automobile - CanadaMotorJobs.com.\" \/>\n<meta property=\"og:url\" content=\"https:\/\/news.canadamotorjobs.com\/fr\/il-est-impossible-de-produire-un-vehicule-electrique-abordable-en-ce-moment\/\" \/>\n<meta property=\"og:site_name\" content=\"CanadaMotorJobs.com\" \/>\n<meta property=\"article:publisher\" content=\"https:\/\/www.facebook.com\/canadamotorjobs\/\" \/>\n<meta property=\"article:published_time\" content=\"2023-10-30T12:17:22+00:00\" \/>\n<meta property=\"article:modified_time\" content=\"2023-10-30T12:29:10+00:00\" \/>\n<meta property=\"og:image\" content=\"https:\/\/news.canadamotorjobs.com\/wp-content\/uploads\/2023\/10\/BYD-Dolphin-1.jpeg\" \/>\n\t<meta property=\"og:image:width\" content=\"1566\" \/>\n\t<meta property=\"og:image:height\" content=\"1044\" \/>\n\t<meta property=\"og:image:type\" content=\"image\/jpeg\" \/>\n<meta name=\"author\" content=\"Benoit Charette\" \/>\n<meta name=\"twitter:card\" content=\"summary_large_image\" \/>\n<meta name=\"twitter:creator\" content=\"@canadamotorjobs\" \/>\n<meta name=\"twitter:site\" content=\"@canadamotorjobs\" \/>\n<meta name=\"twitter:label1\" content=\"\u00c9crit par\" \/>\n\t<meta name=\"twitter:data1\" content=\"Benoit Charette\" \/>\n\t<meta name=\"twitter:label2\" content=\"Estimation du temps de lecture\" \/>\n\t<meta name=\"twitter:data2\" content=\"4 minutes\" \/>\n<!-- \/ Yoast SEO plugin. -->","yoast_head_json":{"title":"Il est impossible de produire un v\u00e9hicule \u00e9lectrique abordable en ce moment - CanadaMotorJobs.com","description":"Il est impossible de produire un v\u00e9hicule \u00e9lectrique abordable en ce moment - Benoit Charette - Annuel automobile - CanadaMotorJobs.com.","robots":{"index":"index","follow":"follow","max-snippet":"max-snippet:-1","max-image-preview":"max-image-preview:large","max-video-preview":"max-video-preview:-1"},"og_locale":"fr_CA","og_type":"article","og_title":"Il est impossible de produire un v\u00e9hicule \u00e9lectrique abordable en ce moment - CanadaMotorJobs.com","og_description":"Il est impossible de produire un v\u00e9hicule \u00e9lectrique abordable en ce moment - Benoit Charette - Annuel automobile - CanadaMotorJobs.com.","og_url":"https:\/\/news.canadamotorjobs.com\/fr\/il-est-impossible-de-produire-un-vehicule-electrique-abordable-en-ce-moment\/","og_site_name":"CanadaMotorJobs.com","article_publisher":"https:\/\/www.facebook.com\/canadamotorjobs\/","article_published_time":"2023-10-30T12:17:22+00:00","article_modified_time":"2023-10-30T12:29:10+00:00","og_image":[{"width":1566,"height":1044,"url":"https:\/\/news.canadamotorjobs.com\/wp-content\/uploads\/2023\/10\/BYD-Dolphin-1.jpeg","type":"image\/jpeg"}],"author":"Benoit Charette","twitter_card":"summary_large_image","twitter_creator":"@canadamotorjobs","twitter_site":"@canadamotorjobs","twitter_misc":{"\u00c9crit par":"Benoit Charette","Estimation du temps de lecture":"4 minutes"},"schema":{"@context":"https:\/\/schema.org","@graph":[{"@type":"Article","@id":"https:\/\/news.canadamotorjobs.com\/fr\/il-est-impossible-de-produire-un-vehicule-electrique-abordable-en-ce-moment\/#article","isPartOf":{"@id":"https:\/\/news.canadamotorjobs.com\/fr\/il-est-impossible-de-produire-un-vehicule-electrique-abordable-en-ce-moment\/"},"author":{"name":"Benoit Charette","@id":"https:\/\/news.canadamotorjobs.com\/#\/schema\/person\/51793d1f87d44011d7bcc2ed99269a90"},"headline":"Il est impossible de produire un v\u00e9hicule \u00e9lectrique abordable en ce moment","datePublished":"2023-10-30T12:17:22+00:00","dateModified":"2023-10-30T12:29:10+00:00","mainEntityOfPage":{"@id":"https:\/\/news.canadamotorjobs.com\/fr\/il-est-impossible-de-produire-un-vehicule-electrique-abordable-en-ce-moment\/"},"wordCount":771,"publisher":{"@id":"https:\/\/news.canadamotorjobs.com\/#organization"},"image":{"@id":"https:\/\/news.canadamotorjobs.com\/fr\/il-est-impossible-de-produire-un-vehicule-electrique-abordable-en-ce-moment\/#primaryimage"},"thumbnailUrl":"https:\/\/news.canadamotorjobs.com\/wp-content\/uploads\/2023\/10\/BYD-Dolphin-1.jpeg","articleSection":["Annuel automobile"],"inLanguage":"fr-CA"},{"@type":"WebPage","@id":"https:\/\/news.canadamotorjobs.com\/fr\/il-est-impossible-de-produire-un-vehicule-electrique-abordable-en-ce-moment\/","url":"https:\/\/news.canadamotorjobs.com\/fr\/il-est-impossible-de-produire-un-vehicule-electrique-abordable-en-ce-moment\/","name":"Il est impossible de produire un v\u00e9hicule \u00e9lectrique abordable en ce moment - CanadaMotorJobs.com","isPartOf":{"@id":"https:\/\/news.canadamotorjobs.com\/#website"},"primaryImageOfPage":{"@id":"https:\/\/news.canadamotorjobs.com\/fr\/il-est-impossible-de-produire-un-vehicule-electrique-abordable-en-ce-moment\/#primaryimage"},"image":{"@id":"https:\/\/news.canadamotorjobs.com\/fr\/il-est-impossible-de-produire-un-vehicule-electrique-abordable-en-ce-moment\/#primaryimage"},"thumbnailUrl":"https:\/\/news.canadamotorjobs.com\/wp-content\/uploads\/2023\/10\/BYD-Dolphin-1.jpeg","datePublished":"2023-10-30T12:17:22+00:00","dateModified":"2023-10-30T12:29:10+00:00","description":"Il est impossible de produire un v\u00e9hicule \u00e9lectrique abordable en ce moment - Benoit Charette - Annuel automobile - CanadaMotorJobs.com.","breadcrumb":{"@id":"https:\/\/news.canadamotorjobs.com\/fr\/il-est-impossible-de-produire-un-vehicule-electrique-abordable-en-ce-moment\/#breadcrumb"},"inLanguage":"fr-CA","potentialAction":[{"@type":"ReadAction","target":["https:\/\/news.canadamotorjobs.com\/fr\/il-est-impossible-de-produire-un-vehicule-electrique-abordable-en-ce-moment\/"]}]},{"@type":"ImageObject","inLanguage":"fr-CA","@id":"https:\/\/news.canadamotorjobs.com\/fr\/il-est-impossible-de-produire-un-vehicule-electrique-abordable-en-ce-moment\/#primaryimage","url":"https:\/\/news.canadamotorjobs.com\/wp-content\/uploads\/2023\/10\/BYD-Dolphin-1.jpeg","contentUrl":"https:\/\/news.canadamotorjobs.com\/wp-content\/uploads\/2023\/10\/BYD-Dolphin-1.jpeg","width":1566,"height":1044},{"@type":"BreadcrumbList","@id":"https:\/\/news.canadamotorjobs.com\/fr\/il-est-impossible-de-produire-un-vehicule-electrique-abordable-en-ce-moment\/#breadcrumb","itemListElement":[{"@type":"ListItem","position":1,"name":"Home","item":"https:\/\/news.canadamotorjobs.com\/fr\/blog\/"},{"@type":"ListItem","position":2,"name":"Il est impossible de produire un v\u00e9hicule \u00e9lectrique abordable en ce moment"}]},{"@type":"WebSite","@id":"https:\/\/news.canadamotorjobs.com\/#website","url":"https:\/\/news.canadamotorjobs.com\/","name":"CanadaMotorJobs.com","description":"Automotive Jobs","publisher":{"@id":"https:\/\/news.canadamotorjobs.com\/#organization"},"potentialAction":[{"@type":"SearchAction","target":{"@type":"EntryPoint","urlTemplate":"https:\/\/news.canadamotorjobs.com\/?s={search_term_string}"},"query-input":"required name=search_term_string"}],"inLanguage":"fr-CA"},{"@type":"Organization","@id":"https:\/\/news.canadamotorjobs.com\/#organization","name":"Canada Motor Jobs","url":"https:\/\/news.canadamotorjobs.com\/","logo":{"@type":"ImageObject","inLanguage":"fr-CA","@id":"https:\/\/news.canadamotorjobs.com\/#\/schema\/logo\/image\/","url":"https:\/\/news.canadamotorjobs.com\/wp-content\/uploads\/2022\/10\/logo-canada-motor-jobs-1.png","contentUrl":"https:\/\/news.canadamotorjobs.com\/wp-content\/uploads\/2022\/10\/logo-canada-motor-jobs-1.png","width":800,"height":400,"caption":"Canada Motor Jobs"},"image":{"@id":"https:\/\/news.canadamotorjobs.com\/#\/schema\/logo\/image\/"},"sameAs":["https:\/\/www.facebook.com\/canadamotorjobs\/","https:\/\/x.com\/canadamotorjobs","https:\/\/www.instagram.com\/canadamotorjobs\/","https:\/\/www.linkedin.com\/company\/canadamotorjobs"]},{"@type":"Person","@id":"https:\/\/news.canadamotorjobs.com\/#\/schema\/person\/51793d1f87d44011d7bcc2ed99269a90","name":"Benoit Charette","image":{"@type":"ImageObject","inLanguage":"fr-CA","@id":"https:\/\/news.canadamotorjobs.com\/#\/schema\/person\/image\/","url":"https:\/\/secure.gravatar.com\/avatar\/45f3d2eebcccd909668d7ce7ea7267b6?s=96&d=mm&r=g","contentUrl":"https:\/\/secure.gravatar.com\/avatar\/45f3d2eebcccd909668d7ce7ea7267b6?s=96&d=mm&r=g","caption":"Benoit Charette"},"description":"Benoit Charette \/ Propri\u00e9taire et r\u00e9dacteur en chef Benoit Charette pratique le journalisme automobile depuis bient\u00f4t 30 ans. Il a fait ses classes au c\u00f4t\u00e9 de Daniel H\u00e9raud et au Carnet de route de 1992 \u00e0 2001. Il est fondateur, copropri\u00e9taire et r\u00e9dacteur en chef de L\u2019Annuel de l\u2019automobile, qu\u2019il publie depuis 2001. Il a anim\u00e9 les \u00e9missions RPM et RPM+ sur V et les L\u00e9gendes de la route sur Historia. \u00c0 la radio depuis 1986, il reprend l\u2019antenne cette ann\u00e9e sur les ondes de Cogeco et participe pour la deuxi\u00e8me ann\u00e9e \u00e0 l\u2019\u00e9mission Passion Auto sur RDS en plus de mettre en ligne le site Web officiel de L\u2019Annuel de l\u2019automobile sur annuelauto.ca.","sameAs":["https:\/\/annuelauto.ca\/"],"url":"https:\/\/news.canadamotorjobs.com\/fr\/author\/benoit-charette\/"}]}},"_links":{"self":[{"href":"https:\/\/news.canadamotorjobs.com\/fr\/wp-json\/wp\/v2\/posts\/152881"}],"collection":[{"href":"https:\/\/news.canadamotorjobs.com\/fr\/wp-json\/wp\/v2\/posts"}],"about":[{"href":"https:\/\/news.canadamotorjobs.com\/fr\/wp-json\/wp\/v2\/types\/post"}],"author":[{"embeddable":true,"href":"https:\/\/news.canadamotorjobs.com\/fr\/wp-json\/wp\/v2\/users\/8"}],"replies":[{"embeddable":true,"href":"https:\/\/news.canadamotorjobs.com\/fr\/wp-json\/wp\/v2\/comments?post=152881"}],"version-history":[{"count":2,"href":"https:\/\/news.canadamotorjobs.com\/fr\/wp-json\/wp\/v2\/posts\/152881\/revisions"}],"predecessor-version":[{"id":152885,"href":"https:\/\/news.canadamotorjobs.com\/fr\/wp-json\/wp\/v2\/posts\/152881\/revisions\/152885"}],"wp:featuredmedia":[{"embeddable":true,"href":"https:\/\/news.canadamotorjobs.com\/fr\/wp-json\/wp\/v2\/media\/152883"}],"wp:attachment":[{"href":"https:\/\/news.canadamotorjobs.com\/fr\/wp-json\/wp\/v2\/media?parent=152881"}],"wp:term":[{"taxonomy":"category","embeddable":true,"href":"https:\/\/news.canadamotorjobs.com\/fr\/wp-json\/wp\/v2\/categories?post=152881"},{"taxonomy":"post_tag","embeddable":true,"href":"https:\/\/news.canadamotorjobs.com\/fr\/wp-json\/wp\/v2\/tags?post=152881"}],"curies":[{"name":"wp","href":"https:\/\/api.w.org\/{rel}","templated":true}]}}