{"id":152850,"date":"2023-10-29T09:25:22","date_gmt":"2023-10-29T13:25:22","guid":{"rendered":"https:\/\/news.canadamotorjobs.com\/?p=152850"},"modified":"2023-10-29T09:29:05","modified_gmt":"2023-10-29T13:29:05","slug":"luaw-etend-ses-mesures-de-greve-contre-gm-et-met-fin-au-conflit-avec-stellantis","status":"publish","type":"post","link":"https:\/\/news.canadamotorjobs.com\/fr\/luaw-etend-ses-mesures-de-greve-contre-gm-et-met-fin-au-conflit-avec-stellantis\/","title":{"rendered":"L\u2019UAW \u00e9tend ses mesures de gr\u00e8ve contre GM et met fin au conflit avec Stellantis"},"content":{"rendered":"<\/p>\n<p>Les Travailleurs unis de l&#8217;automobile ont \u00e9tendu leur gr\u00e8ve contre General Motors samedi pour inclure leur usine de moteurs de Spring Hill, dans le Tennessee, une d\u00e9cision qui pourrait entraver la production de gros pick-up de GM et augmenter ses pertes financi\u00e8res.<\/p>\n<h3>On commence une 7<sup>e<\/sup> semaine de gr\u00e8ve<\/h3>\n<p>\nL&#8217;extension de la gr\u00e8ve de sept semaines laisse GM comme le seul constructeur automobile de Detroit sans accord contractuel. Stellantis a conclu un accord avec les Travailleurs unis de l&#8217;automobile samedi et Ford mercredi. Ces accords ont permis aux travailleurs d&#8217;obtenir une augmentation record de 25 % de leurs salaires sur le contrat de 4-1\/2 ans et permettent aux entreprises de relancer leurs lignes de montage rentables de camions.<\/p>\n<h3>Encore des frictions chez GM<\/h3>\n<p>\nChez GM, des sources proches des n\u00e9gociations ont indiqu\u00e9 que les points de friction dans les n\u00e9gociations avec les Travailleurs unis de l&#8217;automobile incluent les avantages de retraite et les questions li\u00e9es aux travailleurs temporaires. GM compte plus de retrait\u00e9s que Ford ou Stellantis, et les augmentations des prestations de retraite pour les travailleurs embauch\u00e9s avant 2007 co\u00fbtent plus cher \u00e0 GM qu&#8217;\u00e0 ses concurrents.GM a d\u00e9clar\u00e9 dans un communiqu\u00e9 que deux de ses grandes usines de pick-up pourraient \u00eatre touch\u00e9es par la gr\u00e8ve de Spring Hill et qu&#8217;elle souhaitait parvenir \u00e0 un accord rapidement.<\/p>\n<h3>Pas de moteurs, pas de camions<\/h3>\n<p>\nL&#8217;usine de Spring Hill, qui emploie 4 000 travailleurs, fournit des moteurs \u00e0 neuf usines d&#8217;assemblage qui produisent plusieurs des v\u00e9hicules les plus vendus et les plus rentables du constructeur.<\/p>\n<h3>ACCORD AVEC STELLANTIS<\/h3>\n<p>\nL&#8217;accord avec Stellantis suit le mod\u00e8le \u00e9tabli par les Travailleurs unis de l&#8217;automobile et Ford. Les accords se traduiront par une augmentation totale de plus de 33 % lorsque l&#8217;on tiendra compte de la compensation et du co\u00fbt de la vie. Les contrats commenceront par une augmentation initiale de 11 %.<\/p>\n<h3>Retomb\u00e9 dur le co\u00fbt des v\u00e9hicules<\/h3>\n<p>\nFord estime que le nouveau contrat ajoutera de 850 \u00e0 900 dollars de co\u00fbts de main-d&#8217;\u0153uvre par v\u00e9hicule. Tesla avait d\u00e9j\u00e0 un avantage de co\u00fbt de main-d&#8217;\u0153uvre d&#8217;environ 20 dollars par heure, ont d\u00e9clar\u00e9 des analystes.<\/p>\n<p>Avec des renseignements de Reuters<\/p>\n<p>\u00a0<\/p>\n<p>Le texte <a rel=\"nofollow\" href=\"https:\/\/annuelauto.ca\/luaw-etend-ses-mesures-de-greve-contre-gm-et-met-fin-au-conflit-avec-stellantis\/\">L\u2019UAW \u00e9tend ses mesures de gr\u00e8ve contre GM et met fin au conflit avec Stellantis<\/a> provient de <a rel=\"nofollow\" href=\"https:\/\/annuelauto.ca\">L&#8217;annuel de l&#8217;automobile &#8211; Actualit\u00e9 automobile<\/a><\/p>\n<p><\/p>\n","protected":false},"excerpt":{"rendered":"<p>Les Travailleurs unis de l&#8217;automobile ont \u00e9tendu leur gr\u00e8ve contre General Motors samedi pour inclure leur usine de moteurs de Spring Hill, dans le Tennessee, une d\u00e9cision qui pourrait entraver la production de gros pick-up de GM et augmenter ses pertes financi\u00e8res. On commence une 7e semaine de gr\u00e8ve L&#8217;extension de la gr\u00e8ve de sept [&hellip;]<\/p>\n","protected":false},"author":8,"featured_media":152852,"comment_status":"close","ping_status":"closed","sticky":false,"template":"","format":"standard","meta":{"_monsterinsights_skip_tracking":false,"_monsterinsights_sitenote_active":false,"_monsterinsights_sitenote_note":"","_monsterinsights_sitenote_category":0,"footnotes":""},"categories":[101],"tags":[],"yoast_head":"<!-- This site is optimized with the Yoast SEO plugin v23.2 - https:\/\/yoast.com\/wordpress\/plugins\/seo\/ -->\n<title>L\u2019UAW \u00e9tend ses mesures de gr\u00e8ve contre GM et met fin au conflit avec Stellantis - CanadaMotorJobs.com<\/title>\n<meta name=\"description\" content=\"L\u2019UAW \u00e9tend ses mesures de gr\u00e8ve contre GM et met fin au conflit avec Stellantis - Benoit Charette - Annuel automobile - CanadaMotorJobs.com.\" \/>\n<meta name=\"robots\" content=\"index, follow, max-snippet:-1, max-image-preview:large, max-video-preview:-1\" \/>\n<meta property=\"og:locale\" content=\"fr_CA\" \/>\n<meta property=\"og:type\" content=\"article\" \/>\n<meta property=\"og:title\" content=\"L\u2019UAW \u00e9tend ses mesures de gr\u00e8ve contre GM et met fin au conflit avec Stellantis - CanadaMotorJobs.com\" \/>\n<meta property=\"og:description\" content=\"L\u2019UAW \u00e9tend ses mesures de gr\u00e8ve contre GM et met fin au conflit avec Stellantis - Benoit Charette - Annuel automobile - CanadaMotorJobs.com.\" \/>\n<meta property=\"og:url\" content=\"https:\/\/news.canadamotorjobs.com\/fr\/luaw-etend-ses-mesures-de-greve-contre-gm-et-met-fin-au-conflit-avec-stellantis\/\" \/>\n<meta property=\"og:site_name\" content=\"CanadaMotorJobs.com\" \/>\n<meta property=\"article:publisher\" content=\"https:\/\/www.facebook.com\/canadamotorjobs\/\" \/>\n<meta property=\"article:published_time\" content=\"2023-10-29T13:25:22+00:00\" \/>\n<meta property=\"article:modified_time\" content=\"2023-10-29T13:29:05+00:00\" \/>\n<meta property=\"og:image\" content=\"https:\/\/news.canadamotorjobs.com\/wp-content\/uploads\/2023\/10\/GMSpringHill73-scaled-1.jpg\" \/>\n\t<meta property=\"og:image:width\" content=\"2560\" \/>\n\t<meta property=\"og:image:height\" content=\"1707\" \/>\n\t<meta property=\"og:image:type\" content=\"image\/jpeg\" \/>\n<meta name=\"author\" content=\"Benoit Charette\" \/>\n<meta name=\"twitter:card\" content=\"summary_large_image\" \/>\n<meta name=\"twitter:creator\" content=\"@canadamotorjobs\" \/>\n<meta name=\"twitter:site\" content=\"@canadamotorjobs\" \/>\n<meta name=\"twitter:label1\" content=\"\u00c9crit par\" \/>\n\t<meta name=\"twitter:data1\" content=\"Benoit Charette\" \/>\n\t<meta name=\"twitter:label2\" content=\"Estimation du temps de lecture\" \/>\n\t<meta name=\"twitter:data2\" content=\"2 minutes\" \/>\n<!-- \/ Yoast SEO plugin. -->","yoast_head_json":{"title":"L\u2019UAW \u00e9tend ses mesures de gr\u00e8ve contre GM et met fin au conflit avec Stellantis - CanadaMotorJobs.com","description":"L\u2019UAW \u00e9tend ses mesures de gr\u00e8ve contre GM et met fin au conflit avec Stellantis - Benoit Charette - Annuel automobile - CanadaMotorJobs.com.","robots":{"index":"index","follow":"follow","max-snippet":"max-snippet:-1","max-image-preview":"max-image-preview:large","max-video-preview":"max-video-preview:-1"},"og_locale":"fr_CA","og_type":"article","og_title":"L\u2019UAW \u00e9tend ses mesures de gr\u00e8ve contre GM et met fin au conflit avec Stellantis - CanadaMotorJobs.com","og_description":"L\u2019UAW \u00e9tend ses mesures de gr\u00e8ve contre GM et met fin au conflit avec Stellantis - Benoit Charette - Annuel automobile - CanadaMotorJobs.com.","og_url":"https:\/\/news.canadamotorjobs.com\/fr\/luaw-etend-ses-mesures-de-greve-contre-gm-et-met-fin-au-conflit-avec-stellantis\/","og_site_name":"CanadaMotorJobs.com","article_publisher":"https:\/\/www.facebook.com\/canadamotorjobs\/","article_published_time":"2023-10-29T13:25:22+00:00","article_modified_time":"2023-10-29T13:29:05+00:00","og_image":[{"width":2560,"height":1707,"url":"https:\/\/news.canadamotorjobs.com\/wp-content\/uploads\/2023\/10\/GMSpringHill73-scaled-1.jpg","type":"image\/jpeg"}],"author":"Benoit Charette","twitter_card":"summary_large_image","twitter_creator":"@canadamotorjobs","twitter_site":"@canadamotorjobs","twitter_misc":{"\u00c9crit par":"Benoit Charette","Estimation du temps de lecture":"2 minutes"},"schema":{"@context":"https:\/\/schema.org","@graph":[{"@type":"Article","@id":"https:\/\/news.canadamotorjobs.com\/fr\/luaw-etend-ses-mesures-de-greve-contre-gm-et-met-fin-au-conflit-avec-stellantis\/#article","isPartOf":{"@id":"https:\/\/news.canadamotorjobs.com\/fr\/luaw-etend-ses-mesures-de-greve-contre-gm-et-met-fin-au-conflit-avec-stellantis\/"},"author":{"name":"Benoit Charette","@id":"https:\/\/news.canadamotorjobs.com\/#\/schema\/person\/51793d1f87d44011d7bcc2ed99269a90"},"headline":"L\u2019UAW \u00e9tend ses mesures de gr\u00e8ve contre GM et met fin au conflit avec Stellantis","datePublished":"2023-10-29T13:25:22+00:00","dateModified":"2023-10-29T13:29:05+00:00","mainEntityOfPage":{"@id":"https:\/\/news.canadamotorjobs.com\/fr\/luaw-etend-ses-mesures-de-greve-contre-gm-et-met-fin-au-conflit-avec-stellantis\/"},"wordCount":424,"publisher":{"@id":"https:\/\/news.canadamotorjobs.com\/#organization"},"image":{"@id":"https:\/\/news.canadamotorjobs.com\/fr\/luaw-etend-ses-mesures-de-greve-contre-gm-et-met-fin-au-conflit-avec-stellantis\/#primaryimage"},"thumbnailUrl":"https:\/\/news.canadamotorjobs.com\/wp-content\/uploads\/2023\/10\/GMSpringHill73-scaled-1.jpg","articleSection":["Annuel automobile"],"inLanguage":"fr-CA"},{"@type":"WebPage","@id":"https:\/\/news.canadamotorjobs.com\/fr\/luaw-etend-ses-mesures-de-greve-contre-gm-et-met-fin-au-conflit-avec-stellantis\/","url":"https:\/\/news.canadamotorjobs.com\/fr\/luaw-etend-ses-mesures-de-greve-contre-gm-et-met-fin-au-conflit-avec-stellantis\/","name":"L\u2019UAW \u00e9tend ses mesures de gr\u00e8ve contre GM et met fin au conflit avec Stellantis - CanadaMotorJobs.com","isPartOf":{"@id":"https:\/\/news.canadamotorjobs.com\/#website"},"primaryImageOfPage":{"@id":"https:\/\/news.canadamotorjobs.com\/fr\/luaw-etend-ses-mesures-de-greve-contre-gm-et-met-fin-au-conflit-avec-stellantis\/#primaryimage"},"image":{"@id":"https:\/\/news.canadamotorjobs.com\/fr\/luaw-etend-ses-mesures-de-greve-contre-gm-et-met-fin-au-conflit-avec-stellantis\/#primaryimage"},"thumbnailUrl":"https:\/\/news.canadamotorjobs.com\/wp-content\/uploads\/2023\/10\/GMSpringHill73-scaled-1.jpg","datePublished":"2023-10-29T13:25:22+00:00","dateModified":"2023-10-29T13:29:05+00:00","description":"L\u2019UAW \u00e9tend ses mesures de gr\u00e8ve contre GM et met fin au conflit avec Stellantis - Benoit Charette - Annuel automobile - CanadaMotorJobs.com.","breadcrumb":{"@id":"https:\/\/news.canadamotorjobs.com\/fr\/luaw-etend-ses-mesures-de-greve-contre-gm-et-met-fin-au-conflit-avec-stellantis\/#breadcrumb"},"inLanguage":"fr-CA","potentialAction":[{"@type":"ReadAction","target":["https:\/\/news.canadamotorjobs.com\/fr\/luaw-etend-ses-mesures-de-greve-contre-gm-et-met-fin-au-conflit-avec-stellantis\/"]}]},{"@type":"ImageObject","inLanguage":"fr-CA","@id":"https:\/\/news.canadamotorjobs.com\/fr\/luaw-etend-ses-mesures-de-greve-contre-gm-et-met-fin-au-conflit-avec-stellantis\/#primaryimage","url":"https:\/\/news.canadamotorjobs.com\/wp-content\/uploads\/2023\/10\/GMSpringHill73-scaled-1.jpg","contentUrl":"https:\/\/news.canadamotorjobs.com\/wp-content\/uploads\/2023\/10\/GMSpringHill73-scaled-1.jpg","width":2560,"height":1707},{"@type":"BreadcrumbList","@id":"https:\/\/news.canadamotorjobs.com\/fr\/luaw-etend-ses-mesures-de-greve-contre-gm-et-met-fin-au-conflit-avec-stellantis\/#breadcrumb","itemListElement":[{"@type":"ListItem","position":1,"name":"Home","item":"https:\/\/news.canadamotorjobs.com\/fr\/blog\/"},{"@type":"ListItem","position":2,"name":"L\u2019UAW \u00e9tend ses mesures de gr\u00e8ve contre GM et met fin au conflit avec Stellantis"}]},{"@type":"WebSite","@id":"https:\/\/news.canadamotorjobs.com\/#website","url":"https:\/\/news.canadamotorjobs.com\/","name":"CanadaMotorJobs.com","description":"Automotive Jobs","publisher":{"@id":"https:\/\/news.canadamotorjobs.com\/#organization"},"potentialAction":[{"@type":"SearchAction","target":{"@type":"EntryPoint","urlTemplate":"https:\/\/news.canadamotorjobs.com\/?s={search_term_string}"},"query-input":"required name=search_term_string"}],"inLanguage":"fr-CA"},{"@type":"Organization","@id":"https:\/\/news.canadamotorjobs.com\/#organization","name":"Canada Motor Jobs","url":"https:\/\/news.canadamotorjobs.com\/","logo":{"@type":"ImageObject","inLanguage":"fr-CA","@id":"https:\/\/news.canadamotorjobs.com\/#\/schema\/logo\/image\/","url":"https:\/\/news.canadamotorjobs.com\/wp-content\/uploads\/2022\/10\/logo-canada-motor-jobs-1.png","contentUrl":"https:\/\/news.canadamotorjobs.com\/wp-content\/uploads\/2022\/10\/logo-canada-motor-jobs-1.png","width":800,"height":400,"caption":"Canada Motor Jobs"},"image":{"@id":"https:\/\/news.canadamotorjobs.com\/#\/schema\/logo\/image\/"},"sameAs":["https:\/\/www.facebook.com\/canadamotorjobs\/","https:\/\/x.com\/canadamotorjobs","https:\/\/www.instagram.com\/canadamotorjobs\/","https:\/\/www.linkedin.com\/company\/canadamotorjobs"]},{"@type":"Person","@id":"https:\/\/news.canadamotorjobs.com\/#\/schema\/person\/51793d1f87d44011d7bcc2ed99269a90","name":"Benoit Charette","image":{"@type":"ImageObject","inLanguage":"fr-CA","@id":"https:\/\/news.canadamotorjobs.com\/#\/schema\/person\/image\/","url":"https:\/\/secure.gravatar.com\/avatar\/45f3d2eebcccd909668d7ce7ea7267b6?s=96&d=mm&r=g","contentUrl":"https:\/\/secure.gravatar.com\/avatar\/45f3d2eebcccd909668d7ce7ea7267b6?s=96&d=mm&r=g","caption":"Benoit Charette"},"description":"Benoit Charette \/ Propri\u00e9taire et r\u00e9dacteur en chef Benoit Charette pratique le journalisme automobile depuis bient\u00f4t 30 ans. Il a fait ses classes au c\u00f4t\u00e9 de Daniel H\u00e9raud et au Carnet de route de 1992 \u00e0 2001. Il est fondateur, copropri\u00e9taire et r\u00e9dacteur en chef de L\u2019Annuel de l\u2019automobile, qu\u2019il publie depuis 2001. Il a anim\u00e9 les \u00e9missions RPM et RPM+ sur V et les L\u00e9gendes de la route sur Historia. \u00c0 la radio depuis 1986, il reprend l\u2019antenne cette ann\u00e9e sur les ondes de Cogeco et participe pour la deuxi\u00e8me ann\u00e9e \u00e0 l\u2019\u00e9mission Passion Auto sur RDS en plus de mettre en ligne le site Web officiel de L\u2019Annuel de l\u2019automobile sur annuelauto.ca.","sameAs":["https:\/\/annuelauto.ca\/"],"url":"https:\/\/news.canadamotorjobs.com\/fr\/author\/benoit-charette\/"}]}},"_links":{"self":[{"href":"https:\/\/news.canadamotorjobs.com\/fr\/wp-json\/wp\/v2\/posts\/152850"}],"collection":[{"href":"https:\/\/news.canadamotorjobs.com\/fr\/wp-json\/wp\/v2\/posts"}],"about":[{"href":"https:\/\/news.canadamotorjobs.com\/fr\/wp-json\/wp\/v2\/types\/post"}],"author":[{"embeddable":true,"href":"https:\/\/news.canadamotorjobs.com\/fr\/wp-json\/wp\/v2\/users\/8"}],"replies":[{"embeddable":true,"href":"https:\/\/news.canadamotorjobs.com\/fr\/wp-json\/wp\/v2\/comments?post=152850"}],"version-history":[{"count":2,"href":"https:\/\/news.canadamotorjobs.com\/fr\/wp-json\/wp\/v2\/posts\/152850\/revisions"}],"predecessor-version":[{"id":152854,"href":"https:\/\/news.canadamotorjobs.com\/fr\/wp-json\/wp\/v2\/posts\/152850\/revisions\/152854"}],"wp:featuredmedia":[{"embeddable":true,"href":"https:\/\/news.canadamotorjobs.com\/fr\/wp-json\/wp\/v2\/media\/152852"}],"wp:attachment":[{"href":"https:\/\/news.canadamotorjobs.com\/fr\/wp-json\/wp\/v2\/media?parent=152850"}],"wp:term":[{"taxonomy":"category","embeddable":true,"href":"https:\/\/news.canadamotorjobs.com\/fr\/wp-json\/wp\/v2\/categories?post=152850"},{"taxonomy":"post_tag","embeddable":true,"href":"https:\/\/news.canadamotorjobs.com\/fr\/wp-json\/wp\/v2\/tags?post=152850"}],"curies":[{"name":"wp","href":"https:\/\/api.w.org\/{rel}","templated":true}]}}