{"id":152819,"date":"2023-10-29T08:23:18","date_gmt":"2023-10-29T12:23:18","guid":{"rendered":"https:\/\/news.canadamotorjobs.com\/?p=152819"},"modified":"2023-10-29T08:29:48","modified_gmt":"2023-10-29T12:29:48","slug":"hertz-met-un-frein-a-lachat-de-100-000-tesla","status":"publish","type":"post","link":"https:\/\/news.canadamotorjobs.com\/fr\/hertz-met-un-frein-a-lachat-de-100-000-tesla\/","title":{"rendered":"Hertz met un frein \u00e0 l\u2019achat de 100\u00a0000 Tesla"},"content":{"rendered":"<\/p>\n<div class=\"flex flex-grow flex-col gap-3 max-w-full\"><\/p>\n<div class=\"min-h-[20px] flex flex-col items-start gap-3 whitespace-pre-wrap break-words overflow-x-auto\" data-message-author-role=\"assistant\" data-message-id=\"2ac01e73-c1f6-4b5b-bf26-0ab8f8a119d1\"><\/p>\n<div class=\"markdown prose w-full break-words dark:prose-invert light\">\n<p>En 2021, Hertz avait annonc\u00e9 son intention de commander 100 000 v\u00e9hicules \u00e9lectriques \u00e0 Tesla d&#8217;ici la fin de 2022. Il s&#8217;av\u00e8re que la soci\u00e9t\u00e9 de location de voitures est loin d&#8217;atteindre ce chiffre et ilo risque de ne jamais \u00eatre atteint, car elle ralentit ses projets d&#8217;\u00e9lectrification de sa flotte. Lors de l&#8217;appel aux r\u00e9sultats du troisi\u00e8me trimestre de l&#8217;entreprise, le PDG Stephen Scherr a d\u00e9clar\u00e9 que &#8220;l&#8217;int\u00e9gration des v\u00e9hicules \u00e9lectriques dans la flotte sera plus lente que ce que nous avions pr\u00e9vu&#8221;.<\/p>\n<h3>Une trop forte d\u00e9pr\u00e9ciation<\/h3>\n<p>\nHertz a rapport\u00e9 une marge de 13 % pour le trimestre, que Scherr a qualifi\u00e9e de &#8220;plusieurs points plus \u00e9lev\u00e9e&#8221; si ce n&#8217;\u00e9tait pas pour les d\u00e9fis li\u00e9s aux co\u00fbts des v\u00e9hicules \u00e9lectriques. L&#8217;une des raisons qui ont affect\u00e9 les marges de l&#8217;entreprise \u00e9tait la d\u00e9pr\u00e9ciation, aggrav\u00e9e par la chute d&#8217;un tiers des prix de vente des voitures \u00e9lectriques de sa flotte. Tesla avait mis en place plusieurs baisses de prix au cours de l&#8217;ann\u00e9e pr\u00e9c\u00e9dente, r\u00e9duisant les prix des mod\u00e8les S et X de pr\u00e8s de 20 % en septembre.<\/p>\n<h3>Un co\u00fbt d\u2019entretien exorbitant<\/h3>\n<p>\nDe plus, le PDG a d\u00e9clar\u00e9 que les v\u00e9hicules \u00e9lectriques co\u00fbtaient \u00e0 Hertz &#8220;environ le double en termes de co\u00fbts de r\u00e9paration des dommages par rapport \u00e0 un v\u00e9hicule \u00e0 moteur \u00e0 combustion interne classique&#8221;. Il a d\u00e9clar\u00e9 que l&#8217;entreprise travaillait directement avec Tesla pour examiner les performances de ses voitures et r\u00e9duire le risque de dommages, ainsi que pour les achats de pi\u00e8ces et la main-d&#8217;\u0153uvre. L&#8217;entreprise a r\u00e9v\u00e9l\u00e9 dans son rapport sur les r\u00e9sultats que 80 % de ses v\u00e9hicules \u00e9lectriques sont des v\u00e9hicules Tesla, ce qui signifie qu&#8217;elle en a 35 000 dans sa flotte sur un total de 50 000. Selon CNBC, les v\u00e9hicules \u00e9lectriques pr\u00e9sentent leur propre ensemble de d\u00e9fis en mati\u00e8re d&#8217;entretien, potentiellement dus \u00e0 leur poids plus \u00e9lev\u00e9. En plus de ces deux facteurs, le passage d&#8217;une partie de sa flotte de v\u00e9hicules \u00e9lectriques de l&#8217;usage en covoiturage aux loisirs a \u00e9galement eu un impact sur ses marges. Hertz loue des v\u00e9hicules \u00e9lectriques Tesla aux conducteurs d&#8217;Uber et de Lyft, et elle pr\u00e9voit maintenant de r\u00e9affecter les v\u00e9hicules retir\u00e9s de la flotte \u00e0 son activit\u00e9 de covoiturage.<\/p>\n<h3>Hertz va \u00e9lectrifier la flotte plus progressivement<\/h3>\n<p>\nScherr a d\u00e9clar\u00e9 que Hertz reste engag\u00e9e dans son plan \u00e0 long terme d&#8217;\u00e9lectrification de sa flotte, mais elle va avancer \u00e0 son rythme tout en cherchant des solutions \u00e0 ses probl\u00e8mes li\u00e9s aux v\u00e9hicules \u00e9lectriques. Le PDG a \u00e9voqu\u00e9 comment l&#8217;adoption de v\u00e9hicules \u00e9lectriques par d&#8217;autres constructeurs comme GM pourrait r\u00e9soudre certains des probl\u00e8mes auxquels elle est confront\u00e9e. Il s&#8217;attend \u00e0 ce que Hertz puisse les acheter \u00e0 un &#8220;prix nettement plus bas&#8221; que ce qu&#8217;elle a pay\u00e9 pour ses v\u00e9hicules Tesla. Il pense \u00e9galement que ces voitures &#8220;devraient probablement conna\u00eetre une incidence de dommages plus faible&#8221;, ainsi qu&#8217;un &#8220;co\u00fbt moindre des pi\u00e8ces et de la main-d&#8217;\u0153uvre&#8221;. GM et d&#8217;autres constructeurs automobiles traditionnels disposent d&#8217;un vaste r\u00e9seau d&#8217;approvisionnement en pi\u00e8ces d\u00e9tach\u00e9es \u00e9tabli depuis des d\u00e9cennies, ce qui facilitera &#8211; et \u00e9ventuellement rendra moins cher en raison de la disponibilit\u00e9 des pi\u00e8ces de rechange &#8211; l&#8217;approvisionnement en composants.<\/p>\n<p>\u00a0<\/p>\n<p>Avec des renseignements d\u2019Autoblog<\/p>\n<p>\u00a0<\/p>\n<\/div>\n<p>\n<\/div>\n<p>\n<\/div>\n<p>Le texte <a rel=\"nofollow\" href=\"https:\/\/annuelauto.ca\/hertz-met-un-frein-a-lachat-de-100-000-tesla\/\">Hertz met un frein \u00e0 l\u2019achat de 100\u00a0000 Tesla<\/a> provient de <a rel=\"nofollow\" href=\"https:\/\/annuelauto.ca\">L&#8217;annuel de l&#8217;automobile &#8211; Actualit\u00e9 automobile<\/a><\/p>\n<p><\/p>\n","protected":false},"excerpt":{"rendered":"<p>En 2021, Hertz avait annonc\u00e9 son intention de commander 100 000 v\u00e9hicules \u00e9lectriques \u00e0 Tesla d&#8217;ici la fin de 2022. Il s&#8217;av\u00e8re que la soci\u00e9t\u00e9 de location de voitures est loin d&#8217;atteindre ce chiffre et ilo risque de ne jamais \u00eatre atteint, car elle ralentit ses projets d&#8217;\u00e9lectrification de sa flotte. Lors de l&#8217;appel aux [&hellip;]<\/p>\n","protected":false},"author":8,"featured_media":152821,"comment_status":"close","ping_status":"closed","sticky":false,"template":"","format":"standard","meta":{"_monsterinsights_skip_tracking":false,"_monsterinsights_sitenote_active":false,"_monsterinsights_sitenote_note":"","_monsterinsights_sitenote_category":0,"footnotes":""},"categories":[101],"tags":[],"yoast_head":"<!-- This site is optimized with the Yoast SEO plugin v23.2 - https:\/\/yoast.com\/wordpress\/plugins\/seo\/ -->\n<title>Hertz met un frein \u00e0 l\u2019achat de 100\u00a0000 Tesla - CanadaMotorJobs.com<\/title>\n<meta name=\"description\" content=\"Hertz met un frein \u00e0 l\u2019achat de 100\u00a0000 Tesla - Benoit Charette - Annuel automobile - CanadaMotorJobs.com.\" \/>\n<meta name=\"robots\" content=\"index, follow, max-snippet:-1, max-image-preview:large, max-video-preview:-1\" \/>\n<meta property=\"og:locale\" content=\"fr_CA\" \/>\n<meta property=\"og:type\" content=\"article\" \/>\n<meta property=\"og:title\" content=\"Hertz met un frein \u00e0 l\u2019achat de 100\u00a0000 Tesla - CanadaMotorJobs.com\" \/>\n<meta property=\"og:description\" content=\"Hertz met un frein \u00e0 l\u2019achat de 100\u00a0000 Tesla - Benoit Charette - Annuel automobile - CanadaMotorJobs.com.\" \/>\n<meta property=\"og:url\" content=\"https:\/\/news.canadamotorjobs.com\/fr\/hertz-met-un-frein-a-lachat-de-100-000-tesla\/\" \/>\n<meta property=\"og:site_name\" content=\"CanadaMotorJobs.com\" \/>\n<meta property=\"article:publisher\" content=\"https:\/\/www.facebook.com\/canadamotorjobs\/\" \/>\n<meta property=\"article:published_time\" content=\"2023-10-29T12:23:18+00:00\" \/>\n<meta property=\"article:modified_time\" content=\"2023-10-29T12:29:48+00:00\" \/>\n<meta property=\"og:image\" content=\"https:\/\/news.canadamotorjobs.com\/wp-content\/uploads\/2023\/10\/YIA7DHKXERAETHNDDCDUBMYOTI-scaled-1.jpg\" \/>\n\t<meta property=\"og:image:width\" content=\"2560\" \/>\n\t<meta property=\"og:image:height\" content=\"1707\" \/>\n\t<meta property=\"og:image:type\" content=\"image\/jpeg\" \/>\n<meta name=\"author\" content=\"Benoit Charette\" \/>\n<meta name=\"twitter:card\" content=\"summary_large_image\" \/>\n<meta name=\"twitter:creator\" content=\"@canadamotorjobs\" \/>\n<meta name=\"twitter:site\" content=\"@canadamotorjobs\" \/>\n<meta name=\"twitter:label1\" content=\"\u00c9crit par\" \/>\n\t<meta name=\"twitter:data1\" content=\"Benoit Charette\" \/>\n\t<meta name=\"twitter:label2\" content=\"Estimation du temps de lecture\" \/>\n\t<meta name=\"twitter:data2\" content=\"3 minutes\" \/>\n<!-- \/ Yoast SEO plugin. -->","yoast_head_json":{"title":"Hertz met un frein \u00e0 l\u2019achat de 100\u00a0000 Tesla - CanadaMotorJobs.com","description":"Hertz met un frein \u00e0 l\u2019achat de 100\u00a0000 Tesla - Benoit Charette - Annuel automobile - CanadaMotorJobs.com.","robots":{"index":"index","follow":"follow","max-snippet":"max-snippet:-1","max-image-preview":"max-image-preview:large","max-video-preview":"max-video-preview:-1"},"og_locale":"fr_CA","og_type":"article","og_title":"Hertz met un frein \u00e0 l\u2019achat de 100\u00a0000 Tesla - CanadaMotorJobs.com","og_description":"Hertz met un frein \u00e0 l\u2019achat de 100\u00a0000 Tesla - Benoit Charette - Annuel automobile - CanadaMotorJobs.com.","og_url":"https:\/\/news.canadamotorjobs.com\/fr\/hertz-met-un-frein-a-lachat-de-100-000-tesla\/","og_site_name":"CanadaMotorJobs.com","article_publisher":"https:\/\/www.facebook.com\/canadamotorjobs\/","article_published_time":"2023-10-29T12:23:18+00:00","article_modified_time":"2023-10-29T12:29:48+00:00","og_image":[{"width":2560,"height":1707,"url":"https:\/\/news.canadamotorjobs.com\/wp-content\/uploads\/2023\/10\/YIA7DHKXERAETHNDDCDUBMYOTI-scaled-1.jpg","type":"image\/jpeg"}],"author":"Benoit Charette","twitter_card":"summary_large_image","twitter_creator":"@canadamotorjobs","twitter_site":"@canadamotorjobs","twitter_misc":{"\u00c9crit par":"Benoit Charette","Estimation du temps de lecture":"3 minutes"},"schema":{"@context":"https:\/\/schema.org","@graph":[{"@type":"Article","@id":"https:\/\/news.canadamotorjobs.com\/fr\/hertz-met-un-frein-a-lachat-de-100-000-tesla\/#article","isPartOf":{"@id":"https:\/\/news.canadamotorjobs.com\/fr\/hertz-met-un-frein-a-lachat-de-100-000-tesla\/"},"author":{"name":"Benoit Charette","@id":"https:\/\/news.canadamotorjobs.com\/#\/schema\/person\/51793d1f87d44011d7bcc2ed99269a90"},"headline":"Hertz met un frein \u00e0 l\u2019achat de 100\u00a0000 Tesla","datePublished":"2023-10-29T12:23:18+00:00","dateModified":"2023-10-29T12:29:48+00:00","mainEntityOfPage":{"@id":"https:\/\/news.canadamotorjobs.com\/fr\/hertz-met-un-frein-a-lachat-de-100-000-tesla\/"},"wordCount":631,"publisher":{"@id":"https:\/\/news.canadamotorjobs.com\/#organization"},"image":{"@id":"https:\/\/news.canadamotorjobs.com\/fr\/hertz-met-un-frein-a-lachat-de-100-000-tesla\/#primaryimage"},"thumbnailUrl":"https:\/\/news.canadamotorjobs.com\/wp-content\/uploads\/2023\/10\/YIA7DHKXERAETHNDDCDUBMYOTI-scaled-1.jpg","articleSection":["Annuel automobile"],"inLanguage":"fr-CA"},{"@type":"WebPage","@id":"https:\/\/news.canadamotorjobs.com\/fr\/hertz-met-un-frein-a-lachat-de-100-000-tesla\/","url":"https:\/\/news.canadamotorjobs.com\/fr\/hertz-met-un-frein-a-lachat-de-100-000-tesla\/","name":"Hertz met un frein \u00e0 l\u2019achat de 100\u00a0000 Tesla - CanadaMotorJobs.com","isPartOf":{"@id":"https:\/\/news.canadamotorjobs.com\/#website"},"primaryImageOfPage":{"@id":"https:\/\/news.canadamotorjobs.com\/fr\/hertz-met-un-frein-a-lachat-de-100-000-tesla\/#primaryimage"},"image":{"@id":"https:\/\/news.canadamotorjobs.com\/fr\/hertz-met-un-frein-a-lachat-de-100-000-tesla\/#primaryimage"},"thumbnailUrl":"https:\/\/news.canadamotorjobs.com\/wp-content\/uploads\/2023\/10\/YIA7DHKXERAETHNDDCDUBMYOTI-scaled-1.jpg","datePublished":"2023-10-29T12:23:18+00:00","dateModified":"2023-10-29T12:29:48+00:00","description":"Hertz met un frein \u00e0 l\u2019achat de 100\u00a0000 Tesla - Benoit Charette - Annuel automobile - CanadaMotorJobs.com.","breadcrumb":{"@id":"https:\/\/news.canadamotorjobs.com\/fr\/hertz-met-un-frein-a-lachat-de-100-000-tesla\/#breadcrumb"},"inLanguage":"fr-CA","potentialAction":[{"@type":"ReadAction","target":["https:\/\/news.canadamotorjobs.com\/fr\/hertz-met-un-frein-a-lachat-de-100-000-tesla\/"]}]},{"@type":"ImageObject","inLanguage":"fr-CA","@id":"https:\/\/news.canadamotorjobs.com\/fr\/hertz-met-un-frein-a-lachat-de-100-000-tesla\/#primaryimage","url":"https:\/\/news.canadamotorjobs.com\/wp-content\/uploads\/2023\/10\/YIA7DHKXERAETHNDDCDUBMYOTI-scaled-1.jpg","contentUrl":"https:\/\/news.canadamotorjobs.com\/wp-content\/uploads\/2023\/10\/YIA7DHKXERAETHNDDCDUBMYOTI-scaled-1.jpg","width":2560,"height":1707},{"@type":"BreadcrumbList","@id":"https:\/\/news.canadamotorjobs.com\/fr\/hertz-met-un-frein-a-lachat-de-100-000-tesla\/#breadcrumb","itemListElement":[{"@type":"ListItem","position":1,"name":"Home","item":"https:\/\/news.canadamotorjobs.com\/fr\/blog\/"},{"@type":"ListItem","position":2,"name":"Hertz met un frein \u00e0 l\u2019achat de 100\u00a0000 Tesla"}]},{"@type":"WebSite","@id":"https:\/\/news.canadamotorjobs.com\/#website","url":"https:\/\/news.canadamotorjobs.com\/","name":"CanadaMotorJobs.com","description":"Automotive Jobs","publisher":{"@id":"https:\/\/news.canadamotorjobs.com\/#organization"},"potentialAction":[{"@type":"SearchAction","target":{"@type":"EntryPoint","urlTemplate":"https:\/\/news.canadamotorjobs.com\/?s={search_term_string}"},"query-input":"required name=search_term_string"}],"inLanguage":"fr-CA"},{"@type":"Organization","@id":"https:\/\/news.canadamotorjobs.com\/#organization","name":"Canada Motor Jobs","url":"https:\/\/news.canadamotorjobs.com\/","logo":{"@type":"ImageObject","inLanguage":"fr-CA","@id":"https:\/\/news.canadamotorjobs.com\/#\/schema\/logo\/image\/","url":"https:\/\/news.canadamotorjobs.com\/wp-content\/uploads\/2022\/10\/logo-canada-motor-jobs-1.png","contentUrl":"https:\/\/news.canadamotorjobs.com\/wp-content\/uploads\/2022\/10\/logo-canada-motor-jobs-1.png","width":800,"height":400,"caption":"Canada Motor Jobs"},"image":{"@id":"https:\/\/news.canadamotorjobs.com\/#\/schema\/logo\/image\/"},"sameAs":["https:\/\/www.facebook.com\/canadamotorjobs\/","https:\/\/x.com\/canadamotorjobs","https:\/\/www.instagram.com\/canadamotorjobs\/","https:\/\/www.linkedin.com\/company\/canadamotorjobs"]},{"@type":"Person","@id":"https:\/\/news.canadamotorjobs.com\/#\/schema\/person\/51793d1f87d44011d7bcc2ed99269a90","name":"Benoit Charette","image":{"@type":"ImageObject","inLanguage":"fr-CA","@id":"https:\/\/news.canadamotorjobs.com\/#\/schema\/person\/image\/","url":"https:\/\/secure.gravatar.com\/avatar\/45f3d2eebcccd909668d7ce7ea7267b6?s=96&d=mm&r=g","contentUrl":"https:\/\/secure.gravatar.com\/avatar\/45f3d2eebcccd909668d7ce7ea7267b6?s=96&d=mm&r=g","caption":"Benoit Charette"},"description":"Benoit Charette \/ Propri\u00e9taire et r\u00e9dacteur en chef Benoit Charette pratique le journalisme automobile depuis bient\u00f4t 30 ans. Il a fait ses classes au c\u00f4t\u00e9 de Daniel H\u00e9raud et au Carnet de route de 1992 \u00e0 2001. Il est fondateur, copropri\u00e9taire et r\u00e9dacteur en chef de L\u2019Annuel de l\u2019automobile, qu\u2019il publie depuis 2001. Il a anim\u00e9 les \u00e9missions RPM et RPM+ sur V et les L\u00e9gendes de la route sur Historia. \u00c0 la radio depuis 1986, il reprend l\u2019antenne cette ann\u00e9e sur les ondes de Cogeco et participe pour la deuxi\u00e8me ann\u00e9e \u00e0 l\u2019\u00e9mission Passion Auto sur RDS en plus de mettre en ligne le site Web officiel de L\u2019Annuel de l\u2019automobile sur annuelauto.ca.","sameAs":["https:\/\/annuelauto.ca\/"],"url":"https:\/\/news.canadamotorjobs.com\/fr\/author\/benoit-charette\/"}]}},"_links":{"self":[{"href":"https:\/\/news.canadamotorjobs.com\/fr\/wp-json\/wp\/v2\/posts\/152819"}],"collection":[{"href":"https:\/\/news.canadamotorjobs.com\/fr\/wp-json\/wp\/v2\/posts"}],"about":[{"href":"https:\/\/news.canadamotorjobs.com\/fr\/wp-json\/wp\/v2\/types\/post"}],"author":[{"embeddable":true,"href":"https:\/\/news.canadamotorjobs.com\/fr\/wp-json\/wp\/v2\/users\/8"}],"replies":[{"embeddable":true,"href":"https:\/\/news.canadamotorjobs.com\/fr\/wp-json\/wp\/v2\/comments?post=152819"}],"version-history":[{"count":2,"href":"https:\/\/news.canadamotorjobs.com\/fr\/wp-json\/wp\/v2\/posts\/152819\/revisions"}],"predecessor-version":[{"id":152823,"href":"https:\/\/news.canadamotorjobs.com\/fr\/wp-json\/wp\/v2\/posts\/152819\/revisions\/152823"}],"wp:featuredmedia":[{"embeddable":true,"href":"https:\/\/news.canadamotorjobs.com\/fr\/wp-json\/wp\/v2\/media\/152821"}],"wp:attachment":[{"href":"https:\/\/news.canadamotorjobs.com\/fr\/wp-json\/wp\/v2\/media?parent=152819"}],"wp:term":[{"taxonomy":"category","embeddable":true,"href":"https:\/\/news.canadamotorjobs.com\/fr\/wp-json\/wp\/v2\/categories?post=152819"},{"taxonomy":"post_tag","embeddable":true,"href":"https:\/\/news.canadamotorjobs.com\/fr\/wp-json\/wp\/v2\/tags?post=152819"}],"curies":[{"name":"wp","href":"https:\/\/api.w.org\/{rel}","templated":true}]}}