{"id":152800,"date":"2023-10-28T08:38:07","date_gmt":"2023-10-28T12:38:07","guid":{"rendered":"https:\/\/news.canadamotorjobs.com\/?p=152800"},"modified":"2023-10-28T08:45:22","modified_gmt":"2023-10-28T12:45:22","slug":"ford-diminue-ses-investissements-dans-les-vehicules-electriques","status":"publish","type":"post","link":"https:\/\/news.canadamotorjobs.com\/fr\/ford-diminue-ses-investissements-dans-les-vehicules-electriques\/","title":{"rendered":"Ford diminue ses investissements dans les v\u00e9hicules \u00e9lectriques"},"content":{"rendered":"<\/p>\n<h3>Ford perd 36\u00a0000 $ pour chaque V\u00c9S vendus<\/h3>\n<p>\nAu troisi\u00e8me trimestre, Ford a r\u00e9ussi \u00e0 vendre 20 962 v\u00e9hicules \u00e9lectriques, d\u00e9passant de justesse General Motors gr\u00e2ce \u00e0 l&#8217;augmentation de la production du Mustang Mach-E. Une analyse plus approfondie r\u00e9v\u00e8le une croissance de 42,5 % des ventes de Mach-E, dont 5 872 unit\u00e9s ont \u00e9t\u00e9 vendues en septembre aux \u00c9tats-Unis.<\/p>\n<h3>Augmentation des revenus et baisse de profits<\/h3>\n<p>\nLes livraisons de v\u00e9hicules \u00e9lectriques de Ford ont augment\u00e9 de 44 %, ce qui a entra\u00een\u00e9 une croissance de 26 % en glissement annuel du chiffre d&#8217;affaires de l&#8217;unit\u00e9 Ford Model e EV, s&#8217;\u00e9levant \u00e0 1,8 milliard de dollars. Malheureusement, malgr\u00e9 une augmentation des ventes, les pertes li\u00e9es aux v\u00e9hicules \u00e9lectriques ont continu\u00e9 de cro\u00eetre au troisi\u00e8me trimestre. L&#8217;entreprise a affich\u00e9 une perte d&#8217;exploitation de 1,3 milliard de dollars, soit plus du double de la perte enregistr\u00e9e au troisi\u00e8me trimestre de l&#8217;ann\u00e9e pr\u00e9c\u00e9dente.<\/p>\n<h3>Pressions sur les marges et la rentabilit\u00e9<\/h3>\n<p>\nFord a perdu environ 36 000 dollars pour chaque v\u00e9hicule \u00e9lectrique vendu au cours du trimestre, d\u00e9passant sa perte estim\u00e9e au trimestre pr\u00e9c\u00e9dent. Les pressions sur les prix et la rentabilit\u00e9 sont dues \u00e0 la r\u00e9ticence des clients nord-am\u00e9ricains \u00e0 payer des primes pour les v\u00e9hicules<\/p>\n<h3>Strat\u00e9gie d&#8217;investissement r\u00e9vis\u00e9e<\/h3>\n<p>\nAfin de s&#8217;adapter \u00e0 la dynamique du march\u00e9, Ford a annonc\u00e9 une r\u00e9duction d&#8217;environ 12 milliards de dollars dans les investissements pr\u00e9vus dans les v\u00e9hicules \u00e9lectriques. La production du Mustang Mach-E a \u00e9galement \u00e9t\u00e9 r\u00e9duite, et un projet d&#8217;usine de batteries dans le Kentucky a \u00e9t\u00e9 retard\u00e9.<\/p>\n<h3>La vision de l&#8217;avenir<\/h3>\n<p>\nFord ne renonce pas \u00e0 ses projets de v\u00e9hicules \u00e9lectriques de deuxi\u00e8me g\u00e9n\u00e9ration, notamment un utilitaire \u00e0 trois rang\u00e9es de si\u00e8ges et un pick-up de grande taille. Un accord de principe avec l&#8217;UAW pr\u00e9voit une augmentation de salaire de 25 % pour 57 000 travailleurs sur cinq ans, ce qui ajoutera environ 850 \u00e0 900 dollars au co\u00fbt de la main-d&#8217;\u0153uvre par v\u00e9hicule. La gr\u00e8ve de 41 jours de l&#8217;UAW a \u00e9galement eu un impact n\u00e9gatif sur la production et les revenus de Ford au troisi\u00e8me trimestre.<\/p>\n<h3>Trouver une nouvelle mani\u00e8re d\u2019\u00eatre rentable<\/h3>\n<p>\nFord a publi\u00e9 des r\u00e9sultats mitig\u00e9s pour le troisi\u00e8me trimestre, avec des succ\u00e8s notables dans la croissance des ventes de v\u00e9hicules \u00e9lectriques, mais des pertes croissantes dues aux pressions sur les marges et la rentabilit\u00e9. La r\u00e9vision de la strat\u00e9gie d&#8217;investissement et l&#8217;accord avec l&#8217;UAW repr\u00e9sentent des ajustements n\u00e9cessaires pour faire face \u00e0 la dynamique changeante du march\u00e9. Ford reste engag\u00e9 dans le d\u00e9veloppement de v\u00e9hicules \u00e9lectriques de nouvelle g\u00e9n\u00e9ration, malgr\u00e9 les d\u00e9fis actuels.<\/p>\n<p>Avec des renseignements d&#8217;Automotive News<\/p>\n<p>\u00a0<\/p>\n<p>Le texte <a rel=\"nofollow\" href=\"https:\/\/annuelauto.ca\/ford-diminue-ses-investissements-dans-les-vehicules-electriques\/\">Ford diminue ses investissements dans les v\u00e9hicules \u00e9lectriques<\/a> provient de <a rel=\"nofollow\" href=\"https:\/\/annuelauto.ca\">L&#8217;annuel de l&#8217;automobile &#8211; Actualit\u00e9 automobile<\/a><\/p>\n<p><\/p>\n","protected":false},"excerpt":{"rendered":"<p>Ford perd 36\u00a0000 $ pour chaque V\u00c9S vendus Au troisi\u00e8me trimestre, Ford a r\u00e9ussi \u00e0 vendre 20 962 v\u00e9hicules \u00e9lectriques, d\u00e9passant de justesse General Motors gr\u00e2ce \u00e0 l&#8217;augmentation de la production du Mustang Mach-E. Une analyse plus approfondie r\u00e9v\u00e8le une croissance de 42,5 % des ventes de Mach-E, dont 5 872 unit\u00e9s ont \u00e9t\u00e9 vendues [&hellip;]<\/p>\n","protected":false},"author":8,"featured_media":152802,"comment_status":"close","ping_status":"closed","sticky":false,"template":"","format":"standard","meta":{"_monsterinsights_skip_tracking":false,"_monsterinsights_sitenote_active":false,"_monsterinsights_sitenote_note":"","_monsterinsights_sitenote_category":0,"footnotes":""},"categories":[101],"tags":[],"yoast_head":"<!-- This site is optimized with the Yoast SEO plugin v23.2 - https:\/\/yoast.com\/wordpress\/plugins\/seo\/ -->\n<title>Ford diminue ses investissements dans les v\u00e9hicules \u00e9lectriques - CanadaMotorJobs.com<\/title>\n<meta name=\"description\" content=\"Ford diminue ses investissements dans les v\u00e9hicules \u00e9lectriques - Benoit Charette - Annuel automobile - CanadaMotorJobs.com.\" \/>\n<meta name=\"robots\" content=\"index, follow, max-snippet:-1, max-image-preview:large, max-video-preview:-1\" \/>\n<meta property=\"og:locale\" content=\"fr_CA\" \/>\n<meta property=\"og:type\" content=\"article\" \/>\n<meta property=\"og:title\" content=\"Ford diminue ses investissements dans les v\u00e9hicules \u00e9lectriques - CanadaMotorJobs.com\" \/>\n<meta property=\"og:description\" content=\"Ford diminue ses investissements dans les v\u00e9hicules \u00e9lectriques - Benoit Charette - Annuel automobile - CanadaMotorJobs.com.\" \/>\n<meta property=\"og:url\" content=\"https:\/\/news.canadamotorjobs.com\/fr\/ford-diminue-ses-investissements-dans-les-vehicules-electriques\/\" \/>\n<meta property=\"og:site_name\" content=\"CanadaMotorJobs.com\" \/>\n<meta property=\"article:publisher\" content=\"https:\/\/www.facebook.com\/canadamotorjobs\/\" \/>\n<meta property=\"article:published_time\" content=\"2023-10-28T12:38:07+00:00\" \/>\n<meta property=\"article:modified_time\" content=\"2023-10-28T12:45:22+00:00\" \/>\n<meta property=\"og:image\" content=\"https:\/\/news.canadamotorjobs.com\/wp-content\/uploads\/2023\/10\/2022-ford-f-150-lightning-11-bc-fr.jpg\" \/>\n\t<meta property=\"og:image:width\" content=\"972\" \/>\n\t<meta property=\"og:image:height\" content=\"546\" \/>\n\t<meta property=\"og:image:type\" content=\"image\/jpeg\" \/>\n<meta name=\"author\" content=\"Benoit Charette\" \/>\n<meta name=\"twitter:card\" content=\"summary_large_image\" \/>\n<meta name=\"twitter:creator\" content=\"@canadamotorjobs\" \/>\n<meta name=\"twitter:site\" content=\"@canadamotorjobs\" \/>\n<meta name=\"twitter:label1\" content=\"\u00c9crit par\" \/>\n\t<meta name=\"twitter:data1\" content=\"Benoit Charette\" \/>\n\t<meta name=\"twitter:label2\" content=\"Estimation du temps de lecture\" \/>\n\t<meta name=\"twitter:data2\" content=\"2 minutes\" \/>\n<!-- \/ Yoast SEO plugin. -->","yoast_head_json":{"title":"Ford diminue ses investissements dans les v\u00e9hicules \u00e9lectriques - CanadaMotorJobs.com","description":"Ford diminue ses investissements dans les v\u00e9hicules \u00e9lectriques - Benoit Charette - Annuel automobile - CanadaMotorJobs.com.","robots":{"index":"index","follow":"follow","max-snippet":"max-snippet:-1","max-image-preview":"max-image-preview:large","max-video-preview":"max-video-preview:-1"},"og_locale":"fr_CA","og_type":"article","og_title":"Ford diminue ses investissements dans les v\u00e9hicules \u00e9lectriques - CanadaMotorJobs.com","og_description":"Ford diminue ses investissements dans les v\u00e9hicules \u00e9lectriques - Benoit Charette - Annuel automobile - CanadaMotorJobs.com.","og_url":"https:\/\/news.canadamotorjobs.com\/fr\/ford-diminue-ses-investissements-dans-les-vehicules-electriques\/","og_site_name":"CanadaMotorJobs.com","article_publisher":"https:\/\/www.facebook.com\/canadamotorjobs\/","article_published_time":"2023-10-28T12:38:07+00:00","article_modified_time":"2023-10-28T12:45:22+00:00","og_image":[{"width":972,"height":546,"url":"https:\/\/news.canadamotorjobs.com\/wp-content\/uploads\/2023\/10\/2022-ford-f-150-lightning-11-bc-fr.jpg","type":"image\/jpeg"}],"author":"Benoit Charette","twitter_card":"summary_large_image","twitter_creator":"@canadamotorjobs","twitter_site":"@canadamotorjobs","twitter_misc":{"\u00c9crit par":"Benoit Charette","Estimation du temps de lecture":"2 minutes"},"schema":{"@context":"https:\/\/schema.org","@graph":[{"@type":"Article","@id":"https:\/\/news.canadamotorjobs.com\/fr\/ford-diminue-ses-investissements-dans-les-vehicules-electriques\/#article","isPartOf":{"@id":"https:\/\/news.canadamotorjobs.com\/fr\/ford-diminue-ses-investissements-dans-les-vehicules-electriques\/"},"author":{"name":"Benoit Charette","@id":"https:\/\/news.canadamotorjobs.com\/#\/schema\/person\/51793d1f87d44011d7bcc2ed99269a90"},"headline":"Ford diminue ses investissements dans les v\u00e9hicules \u00e9lectriques","datePublished":"2023-10-28T12:38:07+00:00","dateModified":"2023-10-28T12:45:22+00:00","mainEntityOfPage":{"@id":"https:\/\/news.canadamotorjobs.com\/fr\/ford-diminue-ses-investissements-dans-les-vehicules-electriques\/"},"wordCount":506,"publisher":{"@id":"https:\/\/news.canadamotorjobs.com\/#organization"},"image":{"@id":"https:\/\/news.canadamotorjobs.com\/fr\/ford-diminue-ses-investissements-dans-les-vehicules-electriques\/#primaryimage"},"thumbnailUrl":"https:\/\/news.canadamotorjobs.com\/wp-content\/uploads\/2023\/10\/2022-ford-f-150-lightning-11-bc-fr.jpg","articleSection":["Annuel automobile"],"inLanguage":"fr-CA"},{"@type":"WebPage","@id":"https:\/\/news.canadamotorjobs.com\/fr\/ford-diminue-ses-investissements-dans-les-vehicules-electriques\/","url":"https:\/\/news.canadamotorjobs.com\/fr\/ford-diminue-ses-investissements-dans-les-vehicules-electriques\/","name":"Ford diminue ses investissements dans les v\u00e9hicules \u00e9lectriques - CanadaMotorJobs.com","isPartOf":{"@id":"https:\/\/news.canadamotorjobs.com\/#website"},"primaryImageOfPage":{"@id":"https:\/\/news.canadamotorjobs.com\/fr\/ford-diminue-ses-investissements-dans-les-vehicules-electriques\/#primaryimage"},"image":{"@id":"https:\/\/news.canadamotorjobs.com\/fr\/ford-diminue-ses-investissements-dans-les-vehicules-electriques\/#primaryimage"},"thumbnailUrl":"https:\/\/news.canadamotorjobs.com\/wp-content\/uploads\/2023\/10\/2022-ford-f-150-lightning-11-bc-fr.jpg","datePublished":"2023-10-28T12:38:07+00:00","dateModified":"2023-10-28T12:45:22+00:00","description":"Ford diminue ses investissements dans les v\u00e9hicules \u00e9lectriques - Benoit Charette - Annuel automobile - CanadaMotorJobs.com.","breadcrumb":{"@id":"https:\/\/news.canadamotorjobs.com\/fr\/ford-diminue-ses-investissements-dans-les-vehicules-electriques\/#breadcrumb"},"inLanguage":"fr-CA","potentialAction":[{"@type":"ReadAction","target":["https:\/\/news.canadamotorjobs.com\/fr\/ford-diminue-ses-investissements-dans-les-vehicules-electriques\/"]}]},{"@type":"ImageObject","inLanguage":"fr-CA","@id":"https:\/\/news.canadamotorjobs.com\/fr\/ford-diminue-ses-investissements-dans-les-vehicules-electriques\/#primaryimage","url":"https:\/\/news.canadamotorjobs.com\/wp-content\/uploads\/2023\/10\/2022-ford-f-150-lightning-11-bc-fr.jpg","contentUrl":"https:\/\/news.canadamotorjobs.com\/wp-content\/uploads\/2023\/10\/2022-ford-f-150-lightning-11-bc-fr.jpg","width":972,"height":546},{"@type":"BreadcrumbList","@id":"https:\/\/news.canadamotorjobs.com\/fr\/ford-diminue-ses-investissements-dans-les-vehicules-electriques\/#breadcrumb","itemListElement":[{"@type":"ListItem","position":1,"name":"Home","item":"https:\/\/news.canadamotorjobs.com\/fr\/blog\/"},{"@type":"ListItem","position":2,"name":"Ford diminue ses investissements dans les v\u00e9hicules \u00e9lectriques"}]},{"@type":"WebSite","@id":"https:\/\/news.canadamotorjobs.com\/#website","url":"https:\/\/news.canadamotorjobs.com\/","name":"CanadaMotorJobs.com","description":"Automotive Jobs","publisher":{"@id":"https:\/\/news.canadamotorjobs.com\/#organization"},"potentialAction":[{"@type":"SearchAction","target":{"@type":"EntryPoint","urlTemplate":"https:\/\/news.canadamotorjobs.com\/?s={search_term_string}"},"query-input":"required name=search_term_string"}],"inLanguage":"fr-CA"},{"@type":"Organization","@id":"https:\/\/news.canadamotorjobs.com\/#organization","name":"Canada Motor Jobs","url":"https:\/\/news.canadamotorjobs.com\/","logo":{"@type":"ImageObject","inLanguage":"fr-CA","@id":"https:\/\/news.canadamotorjobs.com\/#\/schema\/logo\/image\/","url":"https:\/\/news.canadamotorjobs.com\/wp-content\/uploads\/2022\/10\/logo-canada-motor-jobs-1.png","contentUrl":"https:\/\/news.canadamotorjobs.com\/wp-content\/uploads\/2022\/10\/logo-canada-motor-jobs-1.png","width":800,"height":400,"caption":"Canada Motor Jobs"},"image":{"@id":"https:\/\/news.canadamotorjobs.com\/#\/schema\/logo\/image\/"},"sameAs":["https:\/\/www.facebook.com\/canadamotorjobs\/","https:\/\/x.com\/canadamotorjobs","https:\/\/www.instagram.com\/canadamotorjobs\/","https:\/\/www.linkedin.com\/company\/canadamotorjobs"]},{"@type":"Person","@id":"https:\/\/news.canadamotorjobs.com\/#\/schema\/person\/51793d1f87d44011d7bcc2ed99269a90","name":"Benoit Charette","image":{"@type":"ImageObject","inLanguage":"fr-CA","@id":"https:\/\/news.canadamotorjobs.com\/#\/schema\/person\/image\/","url":"https:\/\/secure.gravatar.com\/avatar\/45f3d2eebcccd909668d7ce7ea7267b6?s=96&d=mm&r=g","contentUrl":"https:\/\/secure.gravatar.com\/avatar\/45f3d2eebcccd909668d7ce7ea7267b6?s=96&d=mm&r=g","caption":"Benoit Charette"},"description":"Benoit Charette \/ Propri\u00e9taire et r\u00e9dacteur en chef Benoit Charette pratique le journalisme automobile depuis bient\u00f4t 30 ans. Il a fait ses classes au c\u00f4t\u00e9 de Daniel H\u00e9raud et au Carnet de route de 1992 \u00e0 2001. Il est fondateur, copropri\u00e9taire et r\u00e9dacteur en chef de L\u2019Annuel de l\u2019automobile, qu\u2019il publie depuis 2001. Il a anim\u00e9 les \u00e9missions RPM et RPM+ sur V et les L\u00e9gendes de la route sur Historia. \u00c0 la radio depuis 1986, il reprend l\u2019antenne cette ann\u00e9e sur les ondes de Cogeco et participe pour la deuxi\u00e8me ann\u00e9e \u00e0 l\u2019\u00e9mission Passion Auto sur RDS en plus de mettre en ligne le site Web officiel de L\u2019Annuel de l\u2019automobile sur annuelauto.ca.","sameAs":["https:\/\/annuelauto.ca\/"],"url":"https:\/\/news.canadamotorjobs.com\/fr\/author\/benoit-charette\/"}]}},"_links":{"self":[{"href":"https:\/\/news.canadamotorjobs.com\/fr\/wp-json\/wp\/v2\/posts\/152800"}],"collection":[{"href":"https:\/\/news.canadamotorjobs.com\/fr\/wp-json\/wp\/v2\/posts"}],"about":[{"href":"https:\/\/news.canadamotorjobs.com\/fr\/wp-json\/wp\/v2\/types\/post"}],"author":[{"embeddable":true,"href":"https:\/\/news.canadamotorjobs.com\/fr\/wp-json\/wp\/v2\/users\/8"}],"replies":[{"embeddable":true,"href":"https:\/\/news.canadamotorjobs.com\/fr\/wp-json\/wp\/v2\/comments?post=152800"}],"version-history":[{"count":2,"href":"https:\/\/news.canadamotorjobs.com\/fr\/wp-json\/wp\/v2\/posts\/152800\/revisions"}],"predecessor-version":[{"id":152804,"href":"https:\/\/news.canadamotorjobs.com\/fr\/wp-json\/wp\/v2\/posts\/152800\/revisions\/152804"}],"wp:featuredmedia":[{"embeddable":true,"href":"https:\/\/news.canadamotorjobs.com\/fr\/wp-json\/wp\/v2\/media\/152802"}],"wp:attachment":[{"href":"https:\/\/news.canadamotorjobs.com\/fr\/wp-json\/wp\/v2\/media?parent=152800"}],"wp:term":[{"taxonomy":"category","embeddable":true,"href":"https:\/\/news.canadamotorjobs.com\/fr\/wp-json\/wp\/v2\/categories?post=152800"},{"taxonomy":"post_tag","embeddable":true,"href":"https:\/\/news.canadamotorjobs.com\/fr\/wp-json\/wp\/v2\/tags?post=152800"}],"curies":[{"name":"wp","href":"https:\/\/api.w.org\/{rel}","templated":true}]}}