{"id":152731,"date":"2023-10-27T08:08:14","date_gmt":"2023-10-27T12:08:14","guid":{"rendered":"https:\/\/news.canadamotorjobs.com\/?p=152731"},"modified":"2023-10-27T08:14:46","modified_gmt":"2023-10-27T12:14:46","slug":"honda-et-gm-mettent-fin-a-leur-projet-de-vehicule-electrique","status":"publish","type":"post","link":"https:\/\/news.canadamotorjobs.com\/fr\/honda-et-gm-mettent-fin-a-leur-projet-de-vehicule-electrique\/","title":{"rendered":"Honda et GM mettent fin \u00e0 leur projet de v\u00e9hicule \u00e9lectrique"},"content":{"rendered":"<\/p>\n<p>Selon Bloomberg, Honda et General Motors ont pris la d\u00e9cision de mettre fin \u00e0 leur projet commun de d\u00e9velopper une s\u00e9rie de VUS compacts et abordables. Cette annulation est motiv\u00e9e par plusieurs facteurs, dont l&#8217;\u00e9volution du contexte commercial, l&#8217;augmentation des co\u00fbts du projet, et les d\u00e9fis li\u00e9s \u00e0 l&#8217;obtention d&#8217;une autonomie suffisante.<\/p>\n<p>Honda a d\u00e9clar\u00e9 que le co\u00fbt du programme conjoint ainsi que les difficult\u00e9s rencontr\u00e9es pour garantir une autonomie ad\u00e9quate sur autoroute ont pes\u00e9 dans la balance, conduisant \u00e0 cette r\u00e9siliation de la collaboration. De plus, General Motors avait r\u00e9cemment exprim\u00e9 des incertitudes quant \u00e0 la r\u00e9alisation de ses objectifs de b\u00e9n\u00e9fices pour 2023, \u00e9voquant la gr\u00e8ve des travailleurs de l&#8217;automobile comme un facteur contributif.<\/p>\n<p>\u00c0 l&#8217;origine, le plan pr\u00e9voyait la cr\u00e9ation d&#8217;une nouvelle plateforme bas\u00e9e sur la technologie de batterie Ultium de GM, d\u00e9j\u00e0 pr\u00e9sente dans divers v\u00e9hicules de la marque. Ces nouveaux SUV auraient \u00e9t\u00e9 propos\u00e9s \u00e0 un prix inf\u00e9rieur \u00e0 celui du Chevy Equinox EV, estim\u00e9 \u00e0 30 000 dollars, avec des discussions sur l&#8217;utilisation de batteries \u00e0 l&#8217;\u00e9tat solide et de mat\u00e9riaux tels que le lithium-m\u00e9tal et le silicium.<\/p>\n<p>Bien que la collaboration ait \u00e9t\u00e9 annul\u00e9e, il subsiste l&#8217;espoir de voir Honda et GM produire des voitures \u00e9lectriques abordables \u00e0 l&#8217;avenir. Les deux entreprises ont annonc\u00e9 qu&#8217;elles chercheraient d\u00e9sormais des solutions s\u00e9par\u00e9ment. Cependant, cela pourrait signifier un d\u00e9lai suppl\u00e9mentaire, avec une possible mise sur le march\u00e9 apr\u00e8s 2027.<\/p>\n<p>Il est important de noter que cette rupture de partenariat n&#8217;impactera pas le lancement pr\u00e9vu de la Honda Prologue et de l&#8217;Acura ZDX, qui sont \u00e9troitement li\u00e9es \u00e0 la Chevy Blazer EV et \u00e0 la Cadillac Lyriq, et qui utiliseront toujours la technologie de batterie Ultium de GM. Les livraisons de la Prologue et de la ZDX sont pr\u00e9vues pour d\u00e9buter au d\u00e9but de l&#8217;ann\u00e9e 2024, sans modification.<\/p>\n<p>Avec des renseignements de Car and Driver<\/p>\n<p>Le texte <a rel=\"nofollow\" href=\"https:\/\/annuelauto.ca\/honda-et-gm-mettent-fin-a-leur-projet-de-vehicule-electrique\/\">Honda et GM mettent fin \u00e0 leur projet de v\u00e9hicule \u00e9lectrique<\/a> provient de <a rel=\"nofollow\" href=\"https:\/\/annuelauto.ca\">L&#8217;annuel de l&#8217;automobile &#8211; Actualit\u00e9 automobile<\/a><\/p>\n<p><\/p>\n","protected":false},"excerpt":{"rendered":"<p>Selon Bloomberg, Honda et General Motors ont pris la d\u00e9cision de mettre fin \u00e0 leur projet commun de d\u00e9velopper une s\u00e9rie de VUS compacts et abordables. Cette annulation est motiv\u00e9e par plusieurs facteurs, dont l&#8217;\u00e9volution du contexte commercial, l&#8217;augmentation des co\u00fbts du projet, et les d\u00e9fis li\u00e9s \u00e0 l&#8217;obtention d&#8217;une autonomie suffisante. Honda a d\u00e9clar\u00e9 [&hellip;]<\/p>\n","protected":false},"author":8,"featured_media":152733,"comment_status":"close","ping_status":"closed","sticky":false,"template":"","format":"standard","meta":{"_monsterinsights_skip_tracking":false,"_monsterinsights_sitenote_active":false,"_monsterinsights_sitenote_note":"","_monsterinsights_sitenote_category":0,"footnotes":""},"categories":[101],"tags":[],"yoast_head":"<!-- This site is optimized with the Yoast SEO plugin v23.2 - https:\/\/yoast.com\/wordpress\/plugins\/seo\/ -->\n<title>Honda et GM mettent fin \u00e0 leur projet de v\u00e9hicule \u00e9lectrique - CanadaMotorJobs.com<\/title>\n<meta name=\"description\" content=\"Honda et GM mettent fin \u00e0 leur projet de v\u00e9hicule \u00e9lectrique - Benoit Charette - Annuel automobile - CanadaMotorJobs.com.\" \/>\n<meta name=\"robots\" content=\"index, follow, max-snippet:-1, max-image-preview:large, max-video-preview:-1\" \/>\n<meta property=\"og:locale\" content=\"fr_CA\" \/>\n<meta property=\"og:type\" content=\"article\" \/>\n<meta property=\"og:title\" content=\"Honda et GM mettent fin \u00e0 leur projet de v\u00e9hicule \u00e9lectrique - CanadaMotorJobs.com\" \/>\n<meta property=\"og:description\" content=\"Honda et GM mettent fin \u00e0 leur projet de v\u00e9hicule \u00e9lectrique - Benoit Charette - Annuel automobile - CanadaMotorJobs.com.\" \/>\n<meta property=\"og:url\" content=\"https:\/\/news.canadamotorjobs.com\/fr\/honda-et-gm-mettent-fin-a-leur-projet-de-vehicule-electrique\/\" \/>\n<meta property=\"og:site_name\" content=\"CanadaMotorJobs.com\" \/>\n<meta property=\"article:publisher\" content=\"https:\/\/www.facebook.com\/canadamotorjobs\/\" \/>\n<meta property=\"article:published_time\" content=\"2023-10-27T12:08:14+00:00\" \/>\n<meta property=\"article:modified_time\" content=\"2023-10-27T12:14:46+00:00\" \/>\n<meta property=\"og:image\" content=\"https:\/\/news.canadamotorjobs.com\/wp-content\/uploads\/2023\/10\/0a08c9312e960ea8ff587374454d5f98.png\" \/>\n\t<meta property=\"og:image:width\" content=\"898\" \/>\n\t<meta property=\"og:image:height\" content=\"505\" \/>\n\t<meta property=\"og:image:type\" content=\"image\/png\" \/>\n<meta name=\"author\" content=\"Benoit Charette\" \/>\n<meta name=\"twitter:card\" content=\"summary_large_image\" \/>\n<meta name=\"twitter:creator\" content=\"@canadamotorjobs\" \/>\n<meta name=\"twitter:site\" content=\"@canadamotorjobs\" \/>\n<meta name=\"twitter:label1\" content=\"\u00c9crit par\" \/>\n\t<meta name=\"twitter:data1\" content=\"Benoit Charette\" \/>\n\t<meta name=\"twitter:label2\" content=\"Estimation du temps de lecture\" \/>\n\t<meta name=\"twitter:data2\" content=\"2 minutes\" \/>\n<!-- \/ Yoast SEO plugin. -->","yoast_head_json":{"title":"Honda et GM mettent fin \u00e0 leur projet de v\u00e9hicule \u00e9lectrique - CanadaMotorJobs.com","description":"Honda et GM mettent fin \u00e0 leur projet de v\u00e9hicule \u00e9lectrique - Benoit Charette - Annuel automobile - CanadaMotorJobs.com.","robots":{"index":"index","follow":"follow","max-snippet":"max-snippet:-1","max-image-preview":"max-image-preview:large","max-video-preview":"max-video-preview:-1"},"og_locale":"fr_CA","og_type":"article","og_title":"Honda et GM mettent fin \u00e0 leur projet de v\u00e9hicule \u00e9lectrique - CanadaMotorJobs.com","og_description":"Honda et GM mettent fin \u00e0 leur projet de v\u00e9hicule \u00e9lectrique - Benoit Charette - Annuel automobile - CanadaMotorJobs.com.","og_url":"https:\/\/news.canadamotorjobs.com\/fr\/honda-et-gm-mettent-fin-a-leur-projet-de-vehicule-electrique\/","og_site_name":"CanadaMotorJobs.com","article_publisher":"https:\/\/www.facebook.com\/canadamotorjobs\/","article_published_time":"2023-10-27T12:08:14+00:00","article_modified_time":"2023-10-27T12:14:46+00:00","og_image":[{"width":898,"height":505,"url":"https:\/\/news.canadamotorjobs.com\/wp-content\/uploads\/2023\/10\/0a08c9312e960ea8ff587374454d5f98.png","type":"image\/png"}],"author":"Benoit Charette","twitter_card":"summary_large_image","twitter_creator":"@canadamotorjobs","twitter_site":"@canadamotorjobs","twitter_misc":{"\u00c9crit par":"Benoit Charette","Estimation du temps de lecture":"2 minutes"},"schema":{"@context":"https:\/\/schema.org","@graph":[{"@type":"Article","@id":"https:\/\/news.canadamotorjobs.com\/fr\/honda-et-gm-mettent-fin-a-leur-projet-de-vehicule-electrique\/#article","isPartOf":{"@id":"https:\/\/news.canadamotorjobs.com\/fr\/honda-et-gm-mettent-fin-a-leur-projet-de-vehicule-electrique\/"},"author":{"name":"Benoit Charette","@id":"https:\/\/news.canadamotorjobs.com\/#\/schema\/person\/51793d1f87d44011d7bcc2ed99269a90"},"headline":"Honda et GM mettent fin \u00e0 leur projet de v\u00e9hicule \u00e9lectrique","datePublished":"2023-10-27T12:08:14+00:00","dateModified":"2023-10-27T12:14:46+00:00","mainEntityOfPage":{"@id":"https:\/\/news.canadamotorjobs.com\/fr\/honda-et-gm-mettent-fin-a-leur-projet-de-vehicule-electrique\/"},"wordCount":380,"publisher":{"@id":"https:\/\/news.canadamotorjobs.com\/#organization"},"image":{"@id":"https:\/\/news.canadamotorjobs.com\/fr\/honda-et-gm-mettent-fin-a-leur-projet-de-vehicule-electrique\/#primaryimage"},"thumbnailUrl":"https:\/\/news.canadamotorjobs.com\/wp-content\/uploads\/2023\/10\/0a08c9312e960ea8ff587374454d5f98.png","articleSection":["Annuel automobile"],"inLanguage":"fr-CA"},{"@type":"WebPage","@id":"https:\/\/news.canadamotorjobs.com\/fr\/honda-et-gm-mettent-fin-a-leur-projet-de-vehicule-electrique\/","url":"https:\/\/news.canadamotorjobs.com\/fr\/honda-et-gm-mettent-fin-a-leur-projet-de-vehicule-electrique\/","name":"Honda et GM mettent fin \u00e0 leur projet de v\u00e9hicule \u00e9lectrique - CanadaMotorJobs.com","isPartOf":{"@id":"https:\/\/news.canadamotorjobs.com\/#website"},"primaryImageOfPage":{"@id":"https:\/\/news.canadamotorjobs.com\/fr\/honda-et-gm-mettent-fin-a-leur-projet-de-vehicule-electrique\/#primaryimage"},"image":{"@id":"https:\/\/news.canadamotorjobs.com\/fr\/honda-et-gm-mettent-fin-a-leur-projet-de-vehicule-electrique\/#primaryimage"},"thumbnailUrl":"https:\/\/news.canadamotorjobs.com\/wp-content\/uploads\/2023\/10\/0a08c9312e960ea8ff587374454d5f98.png","datePublished":"2023-10-27T12:08:14+00:00","dateModified":"2023-10-27T12:14:46+00:00","description":"Honda et GM mettent fin \u00e0 leur projet de v\u00e9hicule \u00e9lectrique - Benoit Charette - Annuel automobile - CanadaMotorJobs.com.","breadcrumb":{"@id":"https:\/\/news.canadamotorjobs.com\/fr\/honda-et-gm-mettent-fin-a-leur-projet-de-vehicule-electrique\/#breadcrumb"},"inLanguage":"fr-CA","potentialAction":[{"@type":"ReadAction","target":["https:\/\/news.canadamotorjobs.com\/fr\/honda-et-gm-mettent-fin-a-leur-projet-de-vehicule-electrique\/"]}]},{"@type":"ImageObject","inLanguage":"fr-CA","@id":"https:\/\/news.canadamotorjobs.com\/fr\/honda-et-gm-mettent-fin-a-leur-projet-de-vehicule-electrique\/#primaryimage","url":"https:\/\/news.canadamotorjobs.com\/wp-content\/uploads\/2023\/10\/0a08c9312e960ea8ff587374454d5f98.png","contentUrl":"https:\/\/news.canadamotorjobs.com\/wp-content\/uploads\/2023\/10\/0a08c9312e960ea8ff587374454d5f98.png","width":898,"height":505},{"@type":"BreadcrumbList","@id":"https:\/\/news.canadamotorjobs.com\/fr\/honda-et-gm-mettent-fin-a-leur-projet-de-vehicule-electrique\/#breadcrumb","itemListElement":[{"@type":"ListItem","position":1,"name":"Home","item":"https:\/\/news.canadamotorjobs.com\/fr\/blog\/"},{"@type":"ListItem","position":2,"name":"Honda et GM mettent fin \u00e0 leur projet de v\u00e9hicule \u00e9lectrique"}]},{"@type":"WebSite","@id":"https:\/\/news.canadamotorjobs.com\/#website","url":"https:\/\/news.canadamotorjobs.com\/","name":"CanadaMotorJobs.com","description":"Automotive Jobs","publisher":{"@id":"https:\/\/news.canadamotorjobs.com\/#organization"},"potentialAction":[{"@type":"SearchAction","target":{"@type":"EntryPoint","urlTemplate":"https:\/\/news.canadamotorjobs.com\/?s={search_term_string}"},"query-input":"required name=search_term_string"}],"inLanguage":"fr-CA"},{"@type":"Organization","@id":"https:\/\/news.canadamotorjobs.com\/#organization","name":"Canada Motor Jobs","url":"https:\/\/news.canadamotorjobs.com\/","logo":{"@type":"ImageObject","inLanguage":"fr-CA","@id":"https:\/\/news.canadamotorjobs.com\/#\/schema\/logo\/image\/","url":"https:\/\/news.canadamotorjobs.com\/wp-content\/uploads\/2022\/10\/logo-canada-motor-jobs-1.png","contentUrl":"https:\/\/news.canadamotorjobs.com\/wp-content\/uploads\/2022\/10\/logo-canada-motor-jobs-1.png","width":800,"height":400,"caption":"Canada Motor Jobs"},"image":{"@id":"https:\/\/news.canadamotorjobs.com\/#\/schema\/logo\/image\/"},"sameAs":["https:\/\/www.facebook.com\/canadamotorjobs\/","https:\/\/x.com\/canadamotorjobs","https:\/\/www.instagram.com\/canadamotorjobs\/","https:\/\/www.linkedin.com\/company\/canadamotorjobs"]},{"@type":"Person","@id":"https:\/\/news.canadamotorjobs.com\/#\/schema\/person\/51793d1f87d44011d7bcc2ed99269a90","name":"Benoit Charette","image":{"@type":"ImageObject","inLanguage":"fr-CA","@id":"https:\/\/news.canadamotorjobs.com\/#\/schema\/person\/image\/","url":"https:\/\/secure.gravatar.com\/avatar\/45f3d2eebcccd909668d7ce7ea7267b6?s=96&d=mm&r=g","contentUrl":"https:\/\/secure.gravatar.com\/avatar\/45f3d2eebcccd909668d7ce7ea7267b6?s=96&d=mm&r=g","caption":"Benoit Charette"},"description":"Benoit Charette \/ Propri\u00e9taire et r\u00e9dacteur en chef Benoit Charette pratique le journalisme automobile depuis bient\u00f4t 30 ans. Il a fait ses classes au c\u00f4t\u00e9 de Daniel H\u00e9raud et au Carnet de route de 1992 \u00e0 2001. Il est fondateur, copropri\u00e9taire et r\u00e9dacteur en chef de L\u2019Annuel de l\u2019automobile, qu\u2019il publie depuis 2001. Il a anim\u00e9 les \u00e9missions RPM et RPM+ sur V et les L\u00e9gendes de la route sur Historia. \u00c0 la radio depuis 1986, il reprend l\u2019antenne cette ann\u00e9e sur les ondes de Cogeco et participe pour la deuxi\u00e8me ann\u00e9e \u00e0 l\u2019\u00e9mission Passion Auto sur RDS en plus de mettre en ligne le site Web officiel de L\u2019Annuel de l\u2019automobile sur annuelauto.ca.","sameAs":["https:\/\/annuelauto.ca\/"],"url":"https:\/\/news.canadamotorjobs.com\/fr\/author\/benoit-charette\/"}]}},"_links":{"self":[{"href":"https:\/\/news.canadamotorjobs.com\/fr\/wp-json\/wp\/v2\/posts\/152731"}],"collection":[{"href":"https:\/\/news.canadamotorjobs.com\/fr\/wp-json\/wp\/v2\/posts"}],"about":[{"href":"https:\/\/news.canadamotorjobs.com\/fr\/wp-json\/wp\/v2\/types\/post"}],"author":[{"embeddable":true,"href":"https:\/\/news.canadamotorjobs.com\/fr\/wp-json\/wp\/v2\/users\/8"}],"replies":[{"embeddable":true,"href":"https:\/\/news.canadamotorjobs.com\/fr\/wp-json\/wp\/v2\/comments?post=152731"}],"version-history":[{"count":2,"href":"https:\/\/news.canadamotorjobs.com\/fr\/wp-json\/wp\/v2\/posts\/152731\/revisions"}],"predecessor-version":[{"id":152735,"href":"https:\/\/news.canadamotorjobs.com\/fr\/wp-json\/wp\/v2\/posts\/152731\/revisions\/152735"}],"wp:featuredmedia":[{"embeddable":true,"href":"https:\/\/news.canadamotorjobs.com\/fr\/wp-json\/wp\/v2\/media\/152733"}],"wp:attachment":[{"href":"https:\/\/news.canadamotorjobs.com\/fr\/wp-json\/wp\/v2\/media?parent=152731"}],"wp:term":[{"taxonomy":"category","embeddable":true,"href":"https:\/\/news.canadamotorjobs.com\/fr\/wp-json\/wp\/v2\/categories?post=152731"},{"taxonomy":"post_tag","embeddable":true,"href":"https:\/\/news.canadamotorjobs.com\/fr\/wp-json\/wp\/v2\/tags?post=152731"}],"curies":[{"name":"wp","href":"https:\/\/api.w.org\/{rel}","templated":true}]}}