{"id":152708,"date":"2023-10-27T07:49:09","date_gmt":"2023-10-27T11:49:09","guid":{"rendered":"https:\/\/news.canadamotorjobs.com\/?p=152708"},"modified":"2023-10-27T08:01:36","modified_gmt":"2023-10-27T12:01:36","slug":"les-chiffres-de-ventes-des-vehicules-electriques-sont-revus-a-la-baisse-aux-etats-unis","status":"publish","type":"post","link":"https:\/\/news.canadamotorjobs.com\/fr\/les-chiffres-de-ventes-des-vehicules-electriques-sont-revus-a-la-baisse-aux-etats-unis\/","title":{"rendered":"Les chiffres de ventes des v\u00e9hicules \u00e9lectriques sont revus \u00e0 la baisse aux \u00c9tats-Unis"},"content":{"rendered":"<\/p>\n<p>Lors de la publication des r\u00e9sultats cette semaine, plusieurs dirigeants du secteur automobile ont revu \u00e0 la baisse leurs objectifs en mati\u00e8re de v\u00e9hicules \u00e9lectriques.<\/p>\n<h3>Les concessionnaires pr\u00e9venaient depuis des mois<\/h3>\n<p>\nDepuis des mois, les concessionnaires mettent en garde contre le ralentissement de la demande de v\u00e9hicules \u00e9lectriques. Face aux signes d&#8217;augmentation des stocks et de ralentissement des ventes, les dirigeants de l&#8217;industrie automobile ont admis cette semaine que leurs ambitieux projets de v\u00e9hicules \u00e9lectriques \u00e9taient compromis, du moins \u00e0 court terme.<\/p>\n<h3>Inqui\u00e9tude croissante<\/h3>\n<p>\nPlusieurs dirigeants des plus grands constructeurs automobiles ont exprim\u00e9 cette semaine leur inqui\u00e9tude quant \u00e0 la croissance du march\u00e9 des voitures \u00e9lectriques, les pr\u00e9occupations concernant la viabilit\u00e9 de ces v\u00e9hicules mettant en p\u00e9ril leurs strat\u00e9gies d&#8217;\u00e9lectrification de plusieurs milliards de dollars.<\/p>\n<h3>Les patrons sont sceptiques<\/h3>\n<p>\nMary Barra, de GM, qui a toujours \u00e9t\u00e9 l&#8217;un des PDG les plus optimistes de l&#8217;industrie automobile en ce qui concerne l&#8217;avenir des v\u00e9hicules \u00e9lectriques, fait partie de ces surprenantes r\u00e9ticences.<\/p>\n<h3><strong>GM met de c\u00f4t\u00e9 ses objectifs de production<\/strong><\/h3>\n<p>\nMais cette semaine, lors de la conf\u00e9rence t\u00e9l\u00e9phonique sur les r\u00e9sultats du troisi\u00e8me trimestre de GM, Mme Barra et GM ont adopt\u00e9 un ton plus sobre. Si la volte-face de GM a quelque peu surpris les investisseurs, le constructeur automobile de D\u00e9troit n&#8217;est pas le seul \u00e0 avoir cette nouvelle vision de l&#8217;avenir des VE.<\/p>\n<h3>Les d\u00e9fis de Mercedes-Benz&#8221;<\/h3>\n<p>\nDe son c\u00f4t\u00e9, Mercedes-Benz, qui doit r\u00e9duire ses VE de plusieurs milliers de dollars juste pour les mettre entre les mains des clients, ne m\u00e2che pas ses mots \u00e0 propos de l&#8217;\u00e9tat du march\u00e9 des VE.<\/p>\n<h3>La pression des prix sur les v\u00e9hicules \u00e9lectriques<\/h3>\n<p>\nMais Mercedes n&#8217;est pas la seule : la quasi-totalit\u00e9 des v\u00e9hicules \u00e9lectriques actuels sont vendus \u00e0 un prix inf\u00e9rieur \u00e0 celui de l&#8217;\u00e9tiquette et, en outre, certains v\u00e9hicules \u00e9lectriques b\u00e9n\u00e9ficient d&#8217;incitations de la part du fabricant de pr\u00e8s de 10 %.<\/p>\n<h3>Les concessionnaires sont confront\u00e9s \u00e0 une situation d\u00e9licate<\/h3>\n<p>\nEt ce, alors que les stocks s&#8217;accumulent chez les concessionnaires, au grand dam de ces derniers. Si les acheteurs de voitures ont de la chance s&#8217;ils cherchent \u00e0 faire une bonne affaire sur un v\u00e9hicule rechargeable, les dirigeants constatent que m\u00eame les d\u00e9marques et les remises importantes ne suffisent pas. Quelques mois seulement apr\u00e8s que les concessionnaires ont commenc\u00e9 \u00e0 mettre en garde contre le ralentissement de la demande de VE, les constructeurs semblent rattraper cette r\u00e9alit\u00e9.<\/p>\n<h3>Honda abandonne son projet de v\u00e9hicule \u00e9lectrique abordable avec GM<\/h3>\n<p>\nEn abandonnant son projet de co-d\u00e9veloppement avec GM pour des VE de moins de 30 000 dollars, le PDG de Honda, Toshihiro Mibe, a d\u00e9clar\u00e9 qu&#8217;il \u00e9tait difficile d&#8217;\u00e9valuer l&#8217;\u00e9volution de l&#8217;environnement des VE.<\/p>\n<h3>Scepticisme chez Toyota<\/h3>\n<p>\n&#8220;Les gens voient enfin la r\u00e9alit\u00e9&#8221;, a d\u00e9clar\u00e9 Akio Toyoda, pr\u00e9sident de Toyota Motor, selon le Wall Street Journal. Toyoda est depuis longtemps sceptique \u00e0 l&#8217;\u00e9gard des projets de ses pairs en mati\u00e8re d&#8217;\u00e9lectricit\u00e9 pure.<\/p>\n<p>Le texte <a rel=\"nofollow\" href=\"https:\/\/annuelauto.ca\/les-chiffres-de-ventes-des-vehicules-electriques-sont-revus-a-la-baisse-aux-etats-unis\/\">Les chiffres de ventes des v\u00e9hicules \u00e9lectriques sont revus \u00e0 la baisse aux \u00c9tats-Unis<\/a> provient de <a rel=\"nofollow\" href=\"https:\/\/annuelauto.ca\">L&#8217;annuel de l&#8217;automobile &#8211; Actualit\u00e9 automobile<\/a><\/p>\n<p><\/p>\n","protected":false},"excerpt":{"rendered":"<p>Lors de la publication des r\u00e9sultats cette semaine, plusieurs dirigeants du secteur automobile ont revu \u00e0 la baisse leurs objectifs en mati\u00e8re de v\u00e9hicules \u00e9lectriques. Les concessionnaires pr\u00e9venaient depuis des mois Depuis des mois, les concessionnaires mettent en garde contre le ralentissement de la demande de v\u00e9hicules \u00e9lectriques. Face aux signes d&#8217;augmentation des stocks et [&hellip;]<\/p>\n","protected":false},"author":8,"featured_media":152710,"comment_status":"close","ping_status":"closed","sticky":false,"template":"","format":"standard","meta":{"_monsterinsights_skip_tracking":false,"_monsterinsights_sitenote_active":false,"_monsterinsights_sitenote_note":"","_monsterinsights_sitenote_category":0,"footnotes":""},"categories":[101],"tags":[],"yoast_head":"<!-- This site is optimized with the Yoast SEO plugin v23.2 - https:\/\/yoast.com\/wordpress\/plugins\/seo\/ -->\n<title>Les chiffres de ventes des v\u00e9hicules \u00e9lectriques sont revus \u00e0 la baisse aux \u00c9tats-Unis - CanadaMotorJobs.com<\/title>\n<meta name=\"description\" content=\"Les chiffres de ventes des v\u00e9hicules \u00e9lectriques sont revus \u00e0 la baisse aux \u00c9tats-Unis - Benoit Charette - Annuel automobile - CanadaMotorJobs.com.\" \/>\n<meta name=\"robots\" content=\"index, follow, max-snippet:-1, max-image-preview:large, max-video-preview:-1\" \/>\n<meta property=\"og:locale\" content=\"fr_CA\" \/>\n<meta property=\"og:type\" content=\"article\" \/>\n<meta property=\"og:title\" content=\"Les chiffres de ventes des v\u00e9hicules \u00e9lectriques sont revus \u00e0 la baisse aux \u00c9tats-Unis - CanadaMotorJobs.com\" \/>\n<meta property=\"og:description\" content=\"Les chiffres de ventes des v\u00e9hicules \u00e9lectriques sont revus \u00e0 la baisse aux \u00c9tats-Unis - Benoit Charette - Annuel automobile - CanadaMotorJobs.com.\" \/>\n<meta property=\"og:url\" content=\"https:\/\/news.canadamotorjobs.com\/fr\/les-chiffres-de-ventes-des-vehicules-electriques-sont-revus-a-la-baisse-aux-etats-unis\/\" \/>\n<meta property=\"og:site_name\" content=\"CanadaMotorJobs.com\" \/>\n<meta property=\"article:publisher\" content=\"https:\/\/www.facebook.com\/canadamotorjobs\/\" \/>\n<meta property=\"article:published_time\" content=\"2023-10-27T11:49:09+00:00\" \/>\n<meta property=\"article:modified_time\" content=\"2023-10-27T12:01:36+00:00\" \/>\n<meta property=\"og:image\" content=\"https:\/\/news.canadamotorjobs.com\/wp-content\/uploads\/2023\/10\/general-motors-gmc-hummer-ev-produktion-production-2021-01-min-1400x700-1.png\" \/>\n\t<meta property=\"og:image:width\" content=\"1400\" \/>\n\t<meta property=\"og:image:height\" content=\"700\" \/>\n\t<meta property=\"og:image:type\" content=\"image\/png\" \/>\n<meta name=\"author\" content=\"Benoit Charette\" \/>\n<meta name=\"twitter:card\" content=\"summary_large_image\" \/>\n<meta name=\"twitter:creator\" content=\"@canadamotorjobs\" \/>\n<meta name=\"twitter:site\" content=\"@canadamotorjobs\" \/>\n<meta name=\"twitter:label1\" content=\"\u00c9crit par\" \/>\n\t<meta name=\"twitter:data1\" content=\"Benoit Charette\" \/>\n\t<meta name=\"twitter:label2\" content=\"Estimation du temps de lecture\" \/>\n\t<meta name=\"twitter:data2\" content=\"3 minutes\" \/>\n<!-- \/ Yoast SEO plugin. -->","yoast_head_json":{"title":"Les chiffres de ventes des v\u00e9hicules \u00e9lectriques sont revus \u00e0 la baisse aux \u00c9tats-Unis - CanadaMotorJobs.com","description":"Les chiffres de ventes des v\u00e9hicules \u00e9lectriques sont revus \u00e0 la baisse aux \u00c9tats-Unis - Benoit Charette - Annuel automobile - CanadaMotorJobs.com.","robots":{"index":"index","follow":"follow","max-snippet":"max-snippet:-1","max-image-preview":"max-image-preview:large","max-video-preview":"max-video-preview:-1"},"og_locale":"fr_CA","og_type":"article","og_title":"Les chiffres de ventes des v\u00e9hicules \u00e9lectriques sont revus \u00e0 la baisse aux \u00c9tats-Unis - CanadaMotorJobs.com","og_description":"Les chiffres de ventes des v\u00e9hicules \u00e9lectriques sont revus \u00e0 la baisse aux \u00c9tats-Unis - Benoit Charette - Annuel automobile - CanadaMotorJobs.com.","og_url":"https:\/\/news.canadamotorjobs.com\/fr\/les-chiffres-de-ventes-des-vehicules-electriques-sont-revus-a-la-baisse-aux-etats-unis\/","og_site_name":"CanadaMotorJobs.com","article_publisher":"https:\/\/www.facebook.com\/canadamotorjobs\/","article_published_time":"2023-10-27T11:49:09+00:00","article_modified_time":"2023-10-27T12:01:36+00:00","og_image":[{"width":1400,"height":700,"url":"https:\/\/news.canadamotorjobs.com\/wp-content\/uploads\/2023\/10\/general-motors-gmc-hummer-ev-produktion-production-2021-01-min-1400x700-1.png","type":"image\/png"}],"author":"Benoit Charette","twitter_card":"summary_large_image","twitter_creator":"@canadamotorjobs","twitter_site":"@canadamotorjobs","twitter_misc":{"\u00c9crit par":"Benoit Charette","Estimation du temps de lecture":"3 minutes"},"schema":{"@context":"https:\/\/schema.org","@graph":[{"@type":"Article","@id":"https:\/\/news.canadamotorjobs.com\/fr\/les-chiffres-de-ventes-des-vehicules-electriques-sont-revus-a-la-baisse-aux-etats-unis\/#article","isPartOf":{"@id":"https:\/\/news.canadamotorjobs.com\/fr\/les-chiffres-de-ventes-des-vehicules-electriques-sont-revus-a-la-baisse-aux-etats-unis\/"},"author":{"name":"Benoit Charette","@id":"https:\/\/news.canadamotorjobs.com\/#\/schema\/person\/51793d1f87d44011d7bcc2ed99269a90"},"headline":"Les chiffres de ventes des v\u00e9hicules \u00e9lectriques sont revus \u00e0 la baisse aux \u00c9tats-Unis","datePublished":"2023-10-27T11:49:09+00:00","dateModified":"2023-10-27T12:01:36+00:00","mainEntityOfPage":{"@id":"https:\/\/news.canadamotorjobs.com\/fr\/les-chiffres-de-ventes-des-vehicules-electriques-sont-revus-a-la-baisse-aux-etats-unis\/"},"wordCount":569,"publisher":{"@id":"https:\/\/news.canadamotorjobs.com\/#organization"},"image":{"@id":"https:\/\/news.canadamotorjobs.com\/fr\/les-chiffres-de-ventes-des-vehicules-electriques-sont-revus-a-la-baisse-aux-etats-unis\/#primaryimage"},"thumbnailUrl":"https:\/\/news.canadamotorjobs.com\/wp-content\/uploads\/2023\/10\/general-motors-gmc-hummer-ev-produktion-production-2021-01-min-1400x700-1.png","articleSection":["Annuel automobile"],"inLanguage":"fr-CA"},{"@type":"WebPage","@id":"https:\/\/news.canadamotorjobs.com\/fr\/les-chiffres-de-ventes-des-vehicules-electriques-sont-revus-a-la-baisse-aux-etats-unis\/","url":"https:\/\/news.canadamotorjobs.com\/fr\/les-chiffres-de-ventes-des-vehicules-electriques-sont-revus-a-la-baisse-aux-etats-unis\/","name":"Les chiffres de ventes des v\u00e9hicules \u00e9lectriques sont revus \u00e0 la baisse aux \u00c9tats-Unis - CanadaMotorJobs.com","isPartOf":{"@id":"https:\/\/news.canadamotorjobs.com\/#website"},"primaryImageOfPage":{"@id":"https:\/\/news.canadamotorjobs.com\/fr\/les-chiffres-de-ventes-des-vehicules-electriques-sont-revus-a-la-baisse-aux-etats-unis\/#primaryimage"},"image":{"@id":"https:\/\/news.canadamotorjobs.com\/fr\/les-chiffres-de-ventes-des-vehicules-electriques-sont-revus-a-la-baisse-aux-etats-unis\/#primaryimage"},"thumbnailUrl":"https:\/\/news.canadamotorjobs.com\/wp-content\/uploads\/2023\/10\/general-motors-gmc-hummer-ev-produktion-production-2021-01-min-1400x700-1.png","datePublished":"2023-10-27T11:49:09+00:00","dateModified":"2023-10-27T12:01:36+00:00","description":"Les chiffres de ventes des v\u00e9hicules \u00e9lectriques sont revus \u00e0 la baisse aux \u00c9tats-Unis - Benoit Charette - Annuel automobile - CanadaMotorJobs.com.","breadcrumb":{"@id":"https:\/\/news.canadamotorjobs.com\/fr\/les-chiffres-de-ventes-des-vehicules-electriques-sont-revus-a-la-baisse-aux-etats-unis\/#breadcrumb"},"inLanguage":"fr-CA","potentialAction":[{"@type":"ReadAction","target":["https:\/\/news.canadamotorjobs.com\/fr\/les-chiffres-de-ventes-des-vehicules-electriques-sont-revus-a-la-baisse-aux-etats-unis\/"]}]},{"@type":"ImageObject","inLanguage":"fr-CA","@id":"https:\/\/news.canadamotorjobs.com\/fr\/les-chiffres-de-ventes-des-vehicules-electriques-sont-revus-a-la-baisse-aux-etats-unis\/#primaryimage","url":"https:\/\/news.canadamotorjobs.com\/wp-content\/uploads\/2023\/10\/general-motors-gmc-hummer-ev-produktion-production-2021-01-min-1400x700-1.png","contentUrl":"https:\/\/news.canadamotorjobs.com\/wp-content\/uploads\/2023\/10\/general-motors-gmc-hummer-ev-produktion-production-2021-01-min-1400x700-1.png","width":1400,"height":700},{"@type":"BreadcrumbList","@id":"https:\/\/news.canadamotorjobs.com\/fr\/les-chiffres-de-ventes-des-vehicules-electriques-sont-revus-a-la-baisse-aux-etats-unis\/#breadcrumb","itemListElement":[{"@type":"ListItem","position":1,"name":"Home","item":"https:\/\/news.canadamotorjobs.com\/fr\/blog\/"},{"@type":"ListItem","position":2,"name":"Les chiffres de ventes des v\u00e9hicules \u00e9lectriques sont revus \u00e0 la baisse aux \u00c9tats-Unis"}]},{"@type":"WebSite","@id":"https:\/\/news.canadamotorjobs.com\/#website","url":"https:\/\/news.canadamotorjobs.com\/","name":"CanadaMotorJobs.com","description":"Automotive Jobs","publisher":{"@id":"https:\/\/news.canadamotorjobs.com\/#organization"},"potentialAction":[{"@type":"SearchAction","target":{"@type":"EntryPoint","urlTemplate":"https:\/\/news.canadamotorjobs.com\/?s={search_term_string}"},"query-input":"required name=search_term_string"}],"inLanguage":"fr-CA"},{"@type":"Organization","@id":"https:\/\/news.canadamotorjobs.com\/#organization","name":"Canada Motor Jobs","url":"https:\/\/news.canadamotorjobs.com\/","logo":{"@type":"ImageObject","inLanguage":"fr-CA","@id":"https:\/\/news.canadamotorjobs.com\/#\/schema\/logo\/image\/","url":"https:\/\/news.canadamotorjobs.com\/wp-content\/uploads\/2022\/10\/logo-canada-motor-jobs-1.png","contentUrl":"https:\/\/news.canadamotorjobs.com\/wp-content\/uploads\/2022\/10\/logo-canada-motor-jobs-1.png","width":800,"height":400,"caption":"Canada Motor Jobs"},"image":{"@id":"https:\/\/news.canadamotorjobs.com\/#\/schema\/logo\/image\/"},"sameAs":["https:\/\/www.facebook.com\/canadamotorjobs\/","https:\/\/x.com\/canadamotorjobs","https:\/\/www.instagram.com\/canadamotorjobs\/","https:\/\/www.linkedin.com\/company\/canadamotorjobs"]},{"@type":"Person","@id":"https:\/\/news.canadamotorjobs.com\/#\/schema\/person\/51793d1f87d44011d7bcc2ed99269a90","name":"Benoit Charette","image":{"@type":"ImageObject","inLanguage":"fr-CA","@id":"https:\/\/news.canadamotorjobs.com\/#\/schema\/person\/image\/","url":"https:\/\/secure.gravatar.com\/avatar\/45f3d2eebcccd909668d7ce7ea7267b6?s=96&d=mm&r=g","contentUrl":"https:\/\/secure.gravatar.com\/avatar\/45f3d2eebcccd909668d7ce7ea7267b6?s=96&d=mm&r=g","caption":"Benoit Charette"},"description":"Benoit Charette \/ Propri\u00e9taire et r\u00e9dacteur en chef Benoit Charette pratique le journalisme automobile depuis bient\u00f4t 30 ans. Il a fait ses classes au c\u00f4t\u00e9 de Daniel H\u00e9raud et au Carnet de route de 1992 \u00e0 2001. Il est fondateur, copropri\u00e9taire et r\u00e9dacteur en chef de L\u2019Annuel de l\u2019automobile, qu\u2019il publie depuis 2001. Il a anim\u00e9 les \u00e9missions RPM et RPM+ sur V et les L\u00e9gendes de la route sur Historia. \u00c0 la radio depuis 1986, il reprend l\u2019antenne cette ann\u00e9e sur les ondes de Cogeco et participe pour la deuxi\u00e8me ann\u00e9e \u00e0 l\u2019\u00e9mission Passion Auto sur RDS en plus de mettre en ligne le site Web officiel de L\u2019Annuel de l\u2019automobile sur annuelauto.ca.","sameAs":["https:\/\/annuelauto.ca\/"],"url":"https:\/\/news.canadamotorjobs.com\/fr\/author\/benoit-charette\/"}]}},"_links":{"self":[{"href":"https:\/\/news.canadamotorjobs.com\/fr\/wp-json\/wp\/v2\/posts\/152708"}],"collection":[{"href":"https:\/\/news.canadamotorjobs.com\/fr\/wp-json\/wp\/v2\/posts"}],"about":[{"href":"https:\/\/news.canadamotorjobs.com\/fr\/wp-json\/wp\/v2\/types\/post"}],"author":[{"embeddable":true,"href":"https:\/\/news.canadamotorjobs.com\/fr\/wp-json\/wp\/v2\/users\/8"}],"replies":[{"embeddable":true,"href":"https:\/\/news.canadamotorjobs.com\/fr\/wp-json\/wp\/v2\/comments?post=152708"}],"version-history":[{"count":2,"href":"https:\/\/news.canadamotorjobs.com\/fr\/wp-json\/wp\/v2\/posts\/152708\/revisions"}],"predecessor-version":[{"id":152712,"href":"https:\/\/news.canadamotorjobs.com\/fr\/wp-json\/wp\/v2\/posts\/152708\/revisions\/152712"}],"wp:featuredmedia":[{"embeddable":true,"href":"https:\/\/news.canadamotorjobs.com\/fr\/wp-json\/wp\/v2\/media\/152710"}],"wp:attachment":[{"href":"https:\/\/news.canadamotorjobs.com\/fr\/wp-json\/wp\/v2\/media?parent=152708"}],"wp:term":[{"taxonomy":"category","embeddable":true,"href":"https:\/\/news.canadamotorjobs.com\/fr\/wp-json\/wp\/v2\/categories?post=152708"},{"taxonomy":"post_tag","embeddable":true,"href":"https:\/\/news.canadamotorjobs.com\/fr\/wp-json\/wp\/v2\/tags?post=152708"}],"curies":[{"name":"wp","href":"https:\/\/api.w.org\/{rel}","templated":true}]}}