{"id":152660,"date":"2023-10-26T07:03:19","date_gmt":"2023-10-26T11:03:19","guid":{"rendered":"https:\/\/news.canadamotorjobs.com\/?p=152660"},"modified":"2023-10-26T07:14:26","modified_gmt":"2023-10-26T11:14:26","slug":"accord-de-principe-entre-luaw-et-ford","status":"publish","type":"post","link":"https:\/\/news.canadamotorjobs.com\/fr\/accord-de-principe-entre-luaw-et-ford\/","title":{"rendered":"Accord de principe entre l\u2019UAW et Ford"},"content":{"rendered":"<\/p>\n<p>Bloomberg News rapporte des avanc\u00e9es significatives dans les n\u00e9gociations entre l&#8217;UAW (United Auto Workers) et Ford, visant \u00e0 mettre fin \u00e0 la gr\u00e8ve qui touche actuellement l&#8217;entreprise. Selon les informations disponibles, un accord de principe a \u00e9t\u00e9 conclu entre les deux parties. Cet accord pr\u00e9voit une augmentation de salaire de 25 % pour les travailleurs horaires, une avanc\u00e9e majeure pour les gr\u00e9vistes. Cependant, il est important de noter que cet accord doit encore \u00eatre soumis au vote et \u00e0 l&#8217;approbation des membres du syndicat.<\/p>\n<h3><strong>Les autres constructeurs ne sont pas impliqu\u00e9s<\/strong><\/h3>\n<p>\nIl convient de souligner que cet accord ne concerne que Ford, et les autres constructeurs automobiles ne sont pas impliqu\u00e9s dans cette n\u00e9gociation de principe. Ainsi, General Motors et Stellantis, bien que touch\u00e9s par des gr\u00e8ves distinctes, ne sont pas directement concern\u00e9s par cet accord.<\/p>\n<h3><strong>Les travailleurs renvoy\u00e9s \u00e0 Wayne, Michigan<\/strong><\/h3>\n<p>\nBien que l&#8217;annonce officielle de l&#8217;accord ne soit pas encore intervenue, le Detroit News rapporte que les travailleurs en gr\u00e8ve \u00e0 l&#8217;usine d&#8217;assemblage de Ford \u00e0 Wayne, Michigan, ont \u00e9t\u00e9 renvoy\u00e9s chez eux par les repr\u00e9sentants syndicaux \u00e0 20 heures ce soir. Cela sugg\u00e8re des avanc\u00e9es positives dans les n\u00e9gociations en cours.<\/p>\n<h3><strong>Suivi continu des d\u00e9veloppements<\/strong><\/h3>\n<p>\nNous continuerons \u00e0 suivre de pr\u00e8s cette situation en \u00e9volution et \u00e0 fournir des mises \u00e0 jour au fur et \u00e0 mesure que de nouvelles informations seront disponibles.<\/p>\n<h3><strong>L&#8217;UAW \u00e9largit la gr\u00e8ve \u00e0 deux usines majeures de GM et Stellantis<\/strong><\/h3>\n<p>\nParall\u00e8lement aux n\u00e9gociations avec Ford, l&#8217;UAW a \u00e9tendu sa gr\u00e8ve \u00e0 deux importantes usines d&#8217;assemblage, qui jouent un r\u00f4le cl\u00e9 dans la production de v\u00e9hicules hautement rentables pour General Motors et Stellantis.<\/p>\n<h3><strong>Gr\u00e8ve \u00e0 l&#8217;usine d&#8217;Arlington, au Texas<\/strong><\/h3>\n<p>\nL&#8217;usine d&#8217;Arlington, au Texas, qui produit les grands SUV de General Motors, tels que les Chevrolet Tahoe et Suburban, les GMC Yukon et les Cadillac Escalade, a \u00e9t\u00e9 touch\u00e9e par cette extension de la gr\u00e8ve. Actuellement, 5 000 travailleurs de cette usine sont en gr\u00e8ve, revendiquant des r\u00e9compenses plus \u00e9quitables pour leur contribution aux b\u00e9n\u00e9fices de l&#8217;entreprise.<\/p>\n<h3><strong>Gr\u00e8ve \u00e0 l&#8217;usine de Sterling Heights, dans le Michigan<\/strong><\/h3>\n<p>\nDe plus, l&#8217;usine de Sterling Heights, dans le Michigan, qui fabrique le pick-up Ram 1500 pour Stellantis, est \u00e9galement touch\u00e9e par cette extension de la gr\u00e8ve. Un total de 6 800 travailleurs sont en gr\u00e8ve dans cette installation.<\/p>\n<h3><strong>Les revendications de l&#8217;UAW<\/strong><\/h3>\n<p>\nL&#8217;UAW fait valoir que les offres actuelles de General Motors ne correspondent pas ad\u00e9quatement \u00e0 la contribution des travailleurs aux b\u00e9n\u00e9fices de l&#8217;entreprise. De plus, ils estiment que l&#8217;offre de Stellantis est en retard par rapport \u00e0 celles de GM et de Ford, la qualifiant de &#8220;pire proposition sur la table&#8221; en termes de progression salariale et d&#8217;autres pr\u00e9occupations financi\u00e8res.<\/p>\n<h3><strong>R\u00e9ponse de General Motors et de Stellantis<\/strong><\/h3>\n<p>\nGeneral Motors a d\u00e9clar\u00e9 que l&#8217;offre actuelle constitue la proposition la plus importante qu&#8217;ils aient jamais pr\u00e9sent\u00e9e \u00e0 l&#8217;UAW. De son c\u00f4t\u00e9, Stellantis a r\u00e9agi aux co\u00fbts croissants li\u00e9s \u00e0 la gr\u00e8ve en annulant sa participation \u00e0 plusieurs grands salons et \u00e9v\u00e9nements automobiles, dont le salon de l&#8217;automobile de Los Angeles, le salon de l&#8217;apr\u00e8s-vente SEMA et le salon technologique CES. Cette d\u00e9cision est justifi\u00e9e par l&#8217;augmentation des co\u00fbts r\u00e9sultant de la gr\u00e8ve en cours.<\/p>\n<p>\u00a0<\/p>\n<p>Avec des renseignements d&#8217;Automotive News<\/p>\n<p>Le texte <a rel=\"nofollow\" href=\"https:\/\/annuelauto.ca\/accord-de-principe-entre-luaw-et-ford\/\">Accord de principe entre l\u2019UAW et Ford<\/a> provient de <a rel=\"nofollow\" href=\"https:\/\/annuelauto.ca\">L&#8217;annuel de l&#8217;automobile &#8211; Actualit\u00e9 automobile<\/a><\/p>\n<p><\/p>\n","protected":false},"excerpt":{"rendered":"<p>Bloomberg News rapporte des avanc\u00e9es significatives dans les n\u00e9gociations entre l&#8217;UAW (United Auto Workers) et Ford, visant \u00e0 mettre fin \u00e0 la gr\u00e8ve qui touche actuellement l&#8217;entreprise. Selon les informations disponibles, un accord de principe a \u00e9t\u00e9 conclu entre les deux parties. Cet accord pr\u00e9voit une augmentation de salaire de 25 % pour les travailleurs [&hellip;]<\/p>\n","protected":false},"author":8,"featured_media":152662,"comment_status":"close","ping_status":"closed","sticky":false,"template":"","format":"standard","meta":{"_monsterinsights_skip_tracking":false,"_monsterinsights_sitenote_active":false,"_monsterinsights_sitenote_note":"","_monsterinsights_sitenote_category":0,"footnotes":""},"categories":[101],"tags":[],"yoast_head":"<!-- This site is optimized with the Yoast SEO plugin v23.2 - https:\/\/yoast.com\/wordpress\/plugins\/seo\/ -->\n<title>Accord de principe entre l\u2019UAW et Ford - CanadaMotorJobs.com<\/title>\n<meta name=\"description\" content=\"Accord de principe entre l\u2019UAW et Ford - Benoit Charette - Annuel automobile - CanadaMotorJobs.com.\" \/>\n<meta name=\"robots\" content=\"index, follow, max-snippet:-1, max-image-preview:large, max-video-preview:-1\" \/>\n<meta property=\"og:locale\" content=\"fr_CA\" \/>\n<meta property=\"og:type\" content=\"article\" \/>\n<meta property=\"og:title\" content=\"Accord de principe entre l\u2019UAW et Ford - CanadaMotorJobs.com\" \/>\n<meta property=\"og:description\" content=\"Accord de principe entre l\u2019UAW et Ford - Benoit Charette - Annuel automobile - CanadaMotorJobs.com.\" \/>\n<meta property=\"og:url\" content=\"https:\/\/news.canadamotorjobs.com\/fr\/accord-de-principe-entre-luaw-et-ford\/\" \/>\n<meta property=\"og:site_name\" content=\"CanadaMotorJobs.com\" \/>\n<meta property=\"article:publisher\" content=\"https:\/\/www.facebook.com\/canadamotorjobs\/\" \/>\n<meta property=\"article:published_time\" content=\"2023-10-26T11:03:19+00:00\" \/>\n<meta property=\"article:modified_time\" content=\"2023-10-26T11:14:26+00:00\" \/>\n<meta property=\"og:image\" content=\"https:\/\/news.canadamotorjobs.com\/wp-content\/uploads\/2023\/10\/OEM01_111019935_AR_-1_0.jpg\" \/>\n\t<meta property=\"og:image:width\" content=\"1076\" \/>\n\t<meta property=\"og:image:height\" content=\"717\" \/>\n\t<meta property=\"og:image:type\" content=\"image\/jpeg\" \/>\n<meta name=\"author\" content=\"Benoit Charette\" \/>\n<meta name=\"twitter:card\" content=\"summary_large_image\" \/>\n<meta name=\"twitter:creator\" content=\"@canadamotorjobs\" \/>\n<meta name=\"twitter:site\" content=\"@canadamotorjobs\" \/>\n<meta name=\"twitter:label1\" content=\"\u00c9crit par\" \/>\n\t<meta name=\"twitter:data1\" content=\"Benoit Charette\" \/>\n\t<meta name=\"twitter:label2\" content=\"Estimation du temps de lecture\" \/>\n\t<meta name=\"twitter:data2\" content=\"3 minutes\" \/>\n<!-- \/ Yoast SEO plugin. -->","yoast_head_json":{"title":"Accord de principe entre l\u2019UAW et Ford - CanadaMotorJobs.com","description":"Accord de principe entre l\u2019UAW et Ford - Benoit Charette - Annuel automobile - CanadaMotorJobs.com.","robots":{"index":"index","follow":"follow","max-snippet":"max-snippet:-1","max-image-preview":"max-image-preview:large","max-video-preview":"max-video-preview:-1"},"og_locale":"fr_CA","og_type":"article","og_title":"Accord de principe entre l\u2019UAW et Ford - CanadaMotorJobs.com","og_description":"Accord de principe entre l\u2019UAW et Ford - Benoit Charette - Annuel automobile - CanadaMotorJobs.com.","og_url":"https:\/\/news.canadamotorjobs.com\/fr\/accord-de-principe-entre-luaw-et-ford\/","og_site_name":"CanadaMotorJobs.com","article_publisher":"https:\/\/www.facebook.com\/canadamotorjobs\/","article_published_time":"2023-10-26T11:03:19+00:00","article_modified_time":"2023-10-26T11:14:26+00:00","og_image":[{"width":1076,"height":717,"url":"https:\/\/news.canadamotorjobs.com\/wp-content\/uploads\/2023\/10\/OEM01_111019935_AR_-1_0.jpg","type":"image\/jpeg"}],"author":"Benoit Charette","twitter_card":"summary_large_image","twitter_creator":"@canadamotorjobs","twitter_site":"@canadamotorjobs","twitter_misc":{"\u00c9crit par":"Benoit Charette","Estimation du temps de lecture":"3 minutes"},"schema":{"@context":"https:\/\/schema.org","@graph":[{"@type":"Article","@id":"https:\/\/news.canadamotorjobs.com\/fr\/accord-de-principe-entre-luaw-et-ford\/#article","isPartOf":{"@id":"https:\/\/news.canadamotorjobs.com\/fr\/accord-de-principe-entre-luaw-et-ford\/"},"author":{"name":"Benoit Charette","@id":"https:\/\/news.canadamotorjobs.com\/#\/schema\/person\/51793d1f87d44011d7bcc2ed99269a90"},"headline":"Accord de principe entre l\u2019UAW et Ford","datePublished":"2023-10-26T11:03:19+00:00","dateModified":"2023-10-26T11:14:26+00:00","mainEntityOfPage":{"@id":"https:\/\/news.canadamotorjobs.com\/fr\/accord-de-principe-entre-luaw-et-ford\/"},"wordCount":618,"publisher":{"@id":"https:\/\/news.canadamotorjobs.com\/#organization"},"image":{"@id":"https:\/\/news.canadamotorjobs.com\/fr\/accord-de-principe-entre-luaw-et-ford\/#primaryimage"},"thumbnailUrl":"https:\/\/news.canadamotorjobs.com\/wp-content\/uploads\/2023\/10\/OEM01_111019935_AR_-1_0.jpg","articleSection":["Annuel automobile"],"inLanguage":"fr-CA"},{"@type":"WebPage","@id":"https:\/\/news.canadamotorjobs.com\/fr\/accord-de-principe-entre-luaw-et-ford\/","url":"https:\/\/news.canadamotorjobs.com\/fr\/accord-de-principe-entre-luaw-et-ford\/","name":"Accord de principe entre l\u2019UAW et Ford - CanadaMotorJobs.com","isPartOf":{"@id":"https:\/\/news.canadamotorjobs.com\/#website"},"primaryImageOfPage":{"@id":"https:\/\/news.canadamotorjobs.com\/fr\/accord-de-principe-entre-luaw-et-ford\/#primaryimage"},"image":{"@id":"https:\/\/news.canadamotorjobs.com\/fr\/accord-de-principe-entre-luaw-et-ford\/#primaryimage"},"thumbnailUrl":"https:\/\/news.canadamotorjobs.com\/wp-content\/uploads\/2023\/10\/OEM01_111019935_AR_-1_0.jpg","datePublished":"2023-10-26T11:03:19+00:00","dateModified":"2023-10-26T11:14:26+00:00","description":"Accord de principe entre l\u2019UAW et Ford - Benoit Charette - Annuel automobile - CanadaMotorJobs.com.","breadcrumb":{"@id":"https:\/\/news.canadamotorjobs.com\/fr\/accord-de-principe-entre-luaw-et-ford\/#breadcrumb"},"inLanguage":"fr-CA","potentialAction":[{"@type":"ReadAction","target":["https:\/\/news.canadamotorjobs.com\/fr\/accord-de-principe-entre-luaw-et-ford\/"]}]},{"@type":"ImageObject","inLanguage":"fr-CA","@id":"https:\/\/news.canadamotorjobs.com\/fr\/accord-de-principe-entre-luaw-et-ford\/#primaryimage","url":"https:\/\/news.canadamotorjobs.com\/wp-content\/uploads\/2023\/10\/OEM01_111019935_AR_-1_0.jpg","contentUrl":"https:\/\/news.canadamotorjobs.com\/wp-content\/uploads\/2023\/10\/OEM01_111019935_AR_-1_0.jpg","width":1076,"height":717},{"@type":"BreadcrumbList","@id":"https:\/\/news.canadamotorjobs.com\/fr\/accord-de-principe-entre-luaw-et-ford\/#breadcrumb","itemListElement":[{"@type":"ListItem","position":1,"name":"Home","item":"https:\/\/news.canadamotorjobs.com\/fr\/blog\/"},{"@type":"ListItem","position":2,"name":"Accord de principe entre l\u2019UAW et Ford"}]},{"@type":"WebSite","@id":"https:\/\/news.canadamotorjobs.com\/#website","url":"https:\/\/news.canadamotorjobs.com\/","name":"CanadaMotorJobs.com","description":"Automotive Jobs","publisher":{"@id":"https:\/\/news.canadamotorjobs.com\/#organization"},"potentialAction":[{"@type":"SearchAction","target":{"@type":"EntryPoint","urlTemplate":"https:\/\/news.canadamotorjobs.com\/?s={search_term_string}"},"query-input":"required name=search_term_string"}],"inLanguage":"fr-CA"},{"@type":"Organization","@id":"https:\/\/news.canadamotorjobs.com\/#organization","name":"Canada Motor Jobs","url":"https:\/\/news.canadamotorjobs.com\/","logo":{"@type":"ImageObject","inLanguage":"fr-CA","@id":"https:\/\/news.canadamotorjobs.com\/#\/schema\/logo\/image\/","url":"https:\/\/news.canadamotorjobs.com\/wp-content\/uploads\/2022\/10\/logo-canada-motor-jobs-1.png","contentUrl":"https:\/\/news.canadamotorjobs.com\/wp-content\/uploads\/2022\/10\/logo-canada-motor-jobs-1.png","width":800,"height":400,"caption":"Canada Motor Jobs"},"image":{"@id":"https:\/\/news.canadamotorjobs.com\/#\/schema\/logo\/image\/"},"sameAs":["https:\/\/www.facebook.com\/canadamotorjobs\/","https:\/\/x.com\/canadamotorjobs","https:\/\/www.instagram.com\/canadamotorjobs\/","https:\/\/www.linkedin.com\/company\/canadamotorjobs"]},{"@type":"Person","@id":"https:\/\/news.canadamotorjobs.com\/#\/schema\/person\/51793d1f87d44011d7bcc2ed99269a90","name":"Benoit Charette","image":{"@type":"ImageObject","inLanguage":"fr-CA","@id":"https:\/\/news.canadamotorjobs.com\/#\/schema\/person\/image\/","url":"https:\/\/secure.gravatar.com\/avatar\/45f3d2eebcccd909668d7ce7ea7267b6?s=96&d=mm&r=g","contentUrl":"https:\/\/secure.gravatar.com\/avatar\/45f3d2eebcccd909668d7ce7ea7267b6?s=96&d=mm&r=g","caption":"Benoit Charette"},"description":"Benoit Charette \/ Propri\u00e9taire et r\u00e9dacteur en chef Benoit Charette pratique le journalisme automobile depuis bient\u00f4t 30 ans. Il a fait ses classes au c\u00f4t\u00e9 de Daniel H\u00e9raud et au Carnet de route de 1992 \u00e0 2001. Il est fondateur, copropri\u00e9taire et r\u00e9dacteur en chef de L\u2019Annuel de l\u2019automobile, qu\u2019il publie depuis 2001. Il a anim\u00e9 les \u00e9missions RPM et RPM+ sur V et les L\u00e9gendes de la route sur Historia. \u00c0 la radio depuis 1986, il reprend l\u2019antenne cette ann\u00e9e sur les ondes de Cogeco et participe pour la deuxi\u00e8me ann\u00e9e \u00e0 l\u2019\u00e9mission Passion Auto sur RDS en plus de mettre en ligne le site Web officiel de L\u2019Annuel de l\u2019automobile sur annuelauto.ca.","sameAs":["https:\/\/annuelauto.ca\/"],"url":"https:\/\/news.canadamotorjobs.com\/fr\/author\/benoit-charette\/"}]}},"_links":{"self":[{"href":"https:\/\/news.canadamotorjobs.com\/fr\/wp-json\/wp\/v2\/posts\/152660"}],"collection":[{"href":"https:\/\/news.canadamotorjobs.com\/fr\/wp-json\/wp\/v2\/posts"}],"about":[{"href":"https:\/\/news.canadamotorjobs.com\/fr\/wp-json\/wp\/v2\/types\/post"}],"author":[{"embeddable":true,"href":"https:\/\/news.canadamotorjobs.com\/fr\/wp-json\/wp\/v2\/users\/8"}],"replies":[{"embeddable":true,"href":"https:\/\/news.canadamotorjobs.com\/fr\/wp-json\/wp\/v2\/comments?post=152660"}],"version-history":[{"count":2,"href":"https:\/\/news.canadamotorjobs.com\/fr\/wp-json\/wp\/v2\/posts\/152660\/revisions"}],"predecessor-version":[{"id":152664,"href":"https:\/\/news.canadamotorjobs.com\/fr\/wp-json\/wp\/v2\/posts\/152660\/revisions\/152664"}],"wp:featuredmedia":[{"embeddable":true,"href":"https:\/\/news.canadamotorjobs.com\/fr\/wp-json\/wp\/v2\/media\/152662"}],"wp:attachment":[{"href":"https:\/\/news.canadamotorjobs.com\/fr\/wp-json\/wp\/v2\/media?parent=152660"}],"wp:term":[{"taxonomy":"category","embeddable":true,"href":"https:\/\/news.canadamotorjobs.com\/fr\/wp-json\/wp\/v2\/categories?post=152660"},{"taxonomy":"post_tag","embeddable":true,"href":"https:\/\/news.canadamotorjobs.com\/fr\/wp-json\/wp\/v2\/tags?post=152660"}],"curies":[{"name":"wp","href":"https:\/\/api.w.org\/{rel}","templated":true}]}}