{"id":152614,"date":"2023-10-25T07:26:11","date_gmt":"2023-10-25T11:26:11","guid":{"rendered":"https:\/\/news.canadamotorjobs.com\/?p=152614"},"modified":"2023-10-25T07:28:50","modified_gmt":"2023-10-25T11:28:50","slug":"et-si-la-honda-prelude-revenait-sur-la-route-en-2024","status":"publish","type":"post","link":"https:\/\/news.canadamotorjobs.com\/fr\/et-si-la-honda-prelude-revenait-sur-la-route-en-2024\/","title":{"rendered":"Et si la Honda Prelude revenait sur la route en 2024"},"content":{"rendered":"<\/p>\n<p>Apr\u00e8s une absence de 22 ans dans sa gamme, Honda d\u00e9voile un concept de coup\u00e9 sportif \u00e0 deux portes au Japan Mobility Show, r\u00e9veillant ainsi le souvenir de la l\u00e9gendaire Honda Prelude. Dans un monde de propulsion \u00e9lectrique en plein essor, ce concept fait plaisir aux yeux.<\/p>\n<h3>La surprise r\u00e9v\u00e9l\u00e9e par le pr\u00e9sident de Honda<\/h3>\n<p>\nLe pr\u00e9sident de Honda, Toshihiro Mibe, a r\u00e9serv\u00e9 une r\u00e9v\u00e9lation surprise \u00e0 la fin d&#8217;une conf\u00e9rence de presse principalement ax\u00e9e sur la mobilit\u00e9. Il a soulign\u00e9 que les attentes des clients envers Honda allaient au-del\u00e0 des v\u00e9hicules utilitaires, exigeant des mod\u00e8les sportifs.<\/p>\n<h3>La r\u00e9surrection de la Prelude<\/h3>\n<p>\nLa derni\u00e8re g\u00e9n\u00e9ration de Honda Prelude a \u00e9t\u00e9 produite il y a plus de deux d\u00e9cennies, de 1996 \u00e0 2001, incluant des mod\u00e8les embl\u00e9matiques tels que la Prelude Type S au Japon et la Prelude Type SH en Am\u00e9rique du Nord. Ces bolides tiraient leur puissance d&#8217;un moteur quatre cylindres en ligne de 2,2 litres, offrant jusqu&#8217;\u00e0 200 chevaux, transmis aux roues avant via une bo\u00eete manuelle \u00e0 cinq rapports.<\/p>\n<h3>Un concept prometteur<\/h3>\n<p>\nBien que nous esp\u00e9rions voir rena\u00eetre la l\u00e9gendaire S2000, le retour de la Prelude est accueilli avec enthousiasme. Ses proportions compactes et son design \u00e9pur\u00e9 semblent la placer aux c\u00f4t\u00e9s de la Toyota GR86 et de la Subaru BRZ. Bien que l&#8217;int\u00e9rieur ne soit pas encore r\u00e9v\u00e9l\u00e9, les proportions sugg\u00e8rent qu&#8217;elle pourrait offrir une deuxi\u00e8me rang\u00e9e de si\u00e8ges, similaire \u00e0 d&#8217;autres voitures de sport. Reste \u00e0 savoir si elle sera \u00e0 propulsion.<\/p>\n<h3>Un aper\u00e7u de l&#8217;\u00e9lectrification<\/h3>\n<p>\nBien que peu de d\u00e9tails aient \u00e9t\u00e9 divulgu\u00e9s, Mibe a laiss\u00e9 entendre que ce concept se transformera en une voiture de s\u00e9rie. Malgr\u00e9 l&#8217;\u00e9lectrification, Honda promet que le &#8220;plaisir de conduire&#8221; sera au c\u0153ur de cette exp\u00e9rience. La marque acc\u00e9l\u00e8re le d\u00e9veloppement de ses syst\u00e8mes \u00e9lectriques, incitant les amateurs \u00e0 garder de &#8220;grandes attentes pour ce mod\u00e8le&#8221;.<\/p>\n<h3>Vers une production fin 2024<\/h3>\n<p>\nUne version de production est attendue d&#8217;ici la fin de l&#8217;ann\u00e9e 2024, laissant pr\u00e9sager un avenir \u00e9lectrisant pour les fans de Honda et de la Prelude.<\/p>\n<p>\u00a0<\/p>\n<p>Le texte <a rel=\"nofollow\" href=\"https:\/\/annuelauto.ca\/et-si-la-honda-prelude-revenait-sur-la-route-en-2024\/\">Et si la Honda Prelude revenait sur la route en 2024<\/a> provient de <a rel=\"nofollow\" href=\"https:\/\/annuelauto.ca\">L&#8217;annuel de l&#8217;automobile &#8211; Actualit\u00e9 automobile<\/a><\/p>\n<p><\/p>\n","protected":false},"excerpt":{"rendered":"<p>Apr\u00e8s une absence de 22 ans dans sa gamme, Honda d\u00e9voile un concept de coup\u00e9 sportif \u00e0 deux portes au Japan Mobility Show, r\u00e9veillant ainsi le souvenir de la l\u00e9gendaire Honda Prelude. Dans un monde de propulsion \u00e9lectrique en plein essor, ce concept fait plaisir aux yeux. La surprise r\u00e9v\u00e9l\u00e9e par le pr\u00e9sident de Honda [&hellip;]<\/p>\n","protected":false},"author":8,"featured_media":152616,"comment_status":"close","ping_status":"closed","sticky":false,"template":"","format":"standard","meta":{"_monsterinsights_skip_tracking":false,"_monsterinsights_sitenote_active":false,"_monsterinsights_sitenote_note":"","_monsterinsights_sitenote_category":0,"footnotes":""},"categories":[101],"tags":[],"yoast_head":"<!-- This site is optimized with the Yoast SEO plugin v23.2 - https:\/\/yoast.com\/wordpress\/plugins\/seo\/ -->\n<title>Et si la Honda Prelude revenait sur la route en 2024 - CanadaMotorJobs.com<\/title>\n<meta name=\"description\" content=\"Et si la Honda Prelude revenait sur la route en 2024 - Benoit Charette - Annuel automobile - CanadaMotorJobs.com.\" \/>\n<meta name=\"robots\" content=\"index, follow, max-snippet:-1, max-image-preview:large, max-video-preview:-1\" \/>\n<meta property=\"og:locale\" content=\"fr_CA\" \/>\n<meta property=\"og:type\" content=\"article\" \/>\n<meta property=\"og:title\" content=\"Et si la Honda Prelude revenait sur la route en 2024 - CanadaMotorJobs.com\" \/>\n<meta property=\"og:description\" content=\"Et si la Honda Prelude revenait sur la route en 2024 - Benoit Charette - Annuel automobile - CanadaMotorJobs.com.\" \/>\n<meta property=\"og:url\" content=\"https:\/\/news.canadamotorjobs.com\/fr\/et-si-la-honda-prelude-revenait-sur-la-route-en-2024\/\" \/>\n<meta property=\"og:site_name\" content=\"CanadaMotorJobs.com\" \/>\n<meta property=\"article:publisher\" content=\"https:\/\/www.facebook.com\/canadamotorjobs\/\" \/>\n<meta property=\"article:published_time\" content=\"2023-10-25T11:26:11+00:00\" \/>\n<meta property=\"article:modified_time\" content=\"2023-10-25T11:28:50+00:00\" \/>\n<meta property=\"og:image\" content=\"https:\/\/news.canadamotorjobs.com\/wp-content\/uploads\/2023\/10\/c231025_005H.jpg\" \/>\n\t<meta property=\"og:image:width\" content=\"1079\" \/>\n\t<meta property=\"og:image:height\" content=\"800\" \/>\n\t<meta property=\"og:image:type\" content=\"image\/jpeg\" \/>\n<meta name=\"author\" content=\"Benoit Charette\" \/>\n<meta name=\"twitter:card\" content=\"summary_large_image\" \/>\n<meta name=\"twitter:creator\" content=\"@canadamotorjobs\" \/>\n<meta name=\"twitter:site\" content=\"@canadamotorjobs\" \/>\n<meta name=\"twitter:label1\" content=\"\u00c9crit par\" \/>\n\t<meta name=\"twitter:data1\" content=\"Benoit Charette\" \/>\n\t<meta name=\"twitter:label2\" content=\"Estimation du temps de lecture\" \/>\n\t<meta name=\"twitter:data2\" content=\"2 minutes\" \/>\n<!-- \/ Yoast SEO plugin. -->","yoast_head_json":{"title":"Et si la Honda Prelude revenait sur la route en 2024 - CanadaMotorJobs.com","description":"Et si la Honda Prelude revenait sur la route en 2024 - Benoit Charette - Annuel automobile - CanadaMotorJobs.com.","robots":{"index":"index","follow":"follow","max-snippet":"max-snippet:-1","max-image-preview":"max-image-preview:large","max-video-preview":"max-video-preview:-1"},"og_locale":"fr_CA","og_type":"article","og_title":"Et si la Honda Prelude revenait sur la route en 2024 - CanadaMotorJobs.com","og_description":"Et si la Honda Prelude revenait sur la route en 2024 - Benoit Charette - Annuel automobile - CanadaMotorJobs.com.","og_url":"https:\/\/news.canadamotorjobs.com\/fr\/et-si-la-honda-prelude-revenait-sur-la-route-en-2024\/","og_site_name":"CanadaMotorJobs.com","article_publisher":"https:\/\/www.facebook.com\/canadamotorjobs\/","article_published_time":"2023-10-25T11:26:11+00:00","article_modified_time":"2023-10-25T11:28:50+00:00","og_image":[{"width":1079,"height":800,"url":"https:\/\/news.canadamotorjobs.com\/wp-content\/uploads\/2023\/10\/c231025_005H.jpg","type":"image\/jpeg"}],"author":"Benoit Charette","twitter_card":"summary_large_image","twitter_creator":"@canadamotorjobs","twitter_site":"@canadamotorjobs","twitter_misc":{"\u00c9crit par":"Benoit Charette","Estimation du temps de lecture":"2 minutes"},"schema":{"@context":"https:\/\/schema.org","@graph":[{"@type":"Article","@id":"https:\/\/news.canadamotorjobs.com\/fr\/et-si-la-honda-prelude-revenait-sur-la-route-en-2024\/#article","isPartOf":{"@id":"https:\/\/news.canadamotorjobs.com\/fr\/et-si-la-honda-prelude-revenait-sur-la-route-en-2024\/"},"author":{"name":"Benoit Charette","@id":"https:\/\/news.canadamotorjobs.com\/#\/schema\/person\/51793d1f87d44011d7bcc2ed99269a90"},"headline":"Et si la Honda Prelude revenait sur la route en 2024","datePublished":"2023-10-25T11:26:11+00:00","dateModified":"2023-10-25T11:28:50+00:00","mainEntityOfPage":{"@id":"https:\/\/news.canadamotorjobs.com\/fr\/et-si-la-honda-prelude-revenait-sur-la-route-en-2024\/"},"wordCount":415,"publisher":{"@id":"https:\/\/news.canadamotorjobs.com\/#organization"},"image":{"@id":"https:\/\/news.canadamotorjobs.com\/fr\/et-si-la-honda-prelude-revenait-sur-la-route-en-2024\/#primaryimage"},"thumbnailUrl":"https:\/\/news.canadamotorjobs.com\/wp-content\/uploads\/2023\/10\/c231025_005H.jpg","articleSection":["Annuel automobile"],"inLanguage":"fr-CA"},{"@type":"WebPage","@id":"https:\/\/news.canadamotorjobs.com\/fr\/et-si-la-honda-prelude-revenait-sur-la-route-en-2024\/","url":"https:\/\/news.canadamotorjobs.com\/fr\/et-si-la-honda-prelude-revenait-sur-la-route-en-2024\/","name":"Et si la Honda Prelude revenait sur la route en 2024 - CanadaMotorJobs.com","isPartOf":{"@id":"https:\/\/news.canadamotorjobs.com\/#website"},"primaryImageOfPage":{"@id":"https:\/\/news.canadamotorjobs.com\/fr\/et-si-la-honda-prelude-revenait-sur-la-route-en-2024\/#primaryimage"},"image":{"@id":"https:\/\/news.canadamotorjobs.com\/fr\/et-si-la-honda-prelude-revenait-sur-la-route-en-2024\/#primaryimage"},"thumbnailUrl":"https:\/\/news.canadamotorjobs.com\/wp-content\/uploads\/2023\/10\/c231025_005H.jpg","datePublished":"2023-10-25T11:26:11+00:00","dateModified":"2023-10-25T11:28:50+00:00","description":"Et si la Honda Prelude revenait sur la route en 2024 - Benoit Charette - Annuel automobile - CanadaMotorJobs.com.","breadcrumb":{"@id":"https:\/\/news.canadamotorjobs.com\/fr\/et-si-la-honda-prelude-revenait-sur-la-route-en-2024\/#breadcrumb"},"inLanguage":"fr-CA","potentialAction":[{"@type":"ReadAction","target":["https:\/\/news.canadamotorjobs.com\/fr\/et-si-la-honda-prelude-revenait-sur-la-route-en-2024\/"]}]},{"@type":"ImageObject","inLanguage":"fr-CA","@id":"https:\/\/news.canadamotorjobs.com\/fr\/et-si-la-honda-prelude-revenait-sur-la-route-en-2024\/#primaryimage","url":"https:\/\/news.canadamotorjobs.com\/wp-content\/uploads\/2023\/10\/c231025_005H.jpg","contentUrl":"https:\/\/news.canadamotorjobs.com\/wp-content\/uploads\/2023\/10\/c231025_005H.jpg","width":1079,"height":800},{"@type":"BreadcrumbList","@id":"https:\/\/news.canadamotorjobs.com\/fr\/et-si-la-honda-prelude-revenait-sur-la-route-en-2024\/#breadcrumb","itemListElement":[{"@type":"ListItem","position":1,"name":"Home","item":"https:\/\/news.canadamotorjobs.com\/fr\/blog\/"},{"@type":"ListItem","position":2,"name":"Et si la Honda Prelude revenait sur la route en 2024"}]},{"@type":"WebSite","@id":"https:\/\/news.canadamotorjobs.com\/#website","url":"https:\/\/news.canadamotorjobs.com\/","name":"CanadaMotorJobs.com","description":"Automotive Jobs","publisher":{"@id":"https:\/\/news.canadamotorjobs.com\/#organization"},"potentialAction":[{"@type":"SearchAction","target":{"@type":"EntryPoint","urlTemplate":"https:\/\/news.canadamotorjobs.com\/?s={search_term_string}"},"query-input":"required name=search_term_string"}],"inLanguage":"fr-CA"},{"@type":"Organization","@id":"https:\/\/news.canadamotorjobs.com\/#organization","name":"Canada Motor Jobs","url":"https:\/\/news.canadamotorjobs.com\/","logo":{"@type":"ImageObject","inLanguage":"fr-CA","@id":"https:\/\/news.canadamotorjobs.com\/#\/schema\/logo\/image\/","url":"https:\/\/news.canadamotorjobs.com\/wp-content\/uploads\/2022\/10\/logo-canada-motor-jobs-1.png","contentUrl":"https:\/\/news.canadamotorjobs.com\/wp-content\/uploads\/2022\/10\/logo-canada-motor-jobs-1.png","width":800,"height":400,"caption":"Canada Motor Jobs"},"image":{"@id":"https:\/\/news.canadamotorjobs.com\/#\/schema\/logo\/image\/"},"sameAs":["https:\/\/www.facebook.com\/canadamotorjobs\/","https:\/\/x.com\/canadamotorjobs","https:\/\/www.instagram.com\/canadamotorjobs\/","https:\/\/www.linkedin.com\/company\/canadamotorjobs"]},{"@type":"Person","@id":"https:\/\/news.canadamotorjobs.com\/#\/schema\/person\/51793d1f87d44011d7bcc2ed99269a90","name":"Benoit Charette","image":{"@type":"ImageObject","inLanguage":"fr-CA","@id":"https:\/\/news.canadamotorjobs.com\/#\/schema\/person\/image\/","url":"https:\/\/secure.gravatar.com\/avatar\/45f3d2eebcccd909668d7ce7ea7267b6?s=96&d=mm&r=g","contentUrl":"https:\/\/secure.gravatar.com\/avatar\/45f3d2eebcccd909668d7ce7ea7267b6?s=96&d=mm&r=g","caption":"Benoit Charette"},"description":"Benoit Charette \/ Propri\u00e9taire et r\u00e9dacteur en chef Benoit Charette pratique le journalisme automobile depuis bient\u00f4t 30 ans. Il a fait ses classes au c\u00f4t\u00e9 de Daniel H\u00e9raud et au Carnet de route de 1992 \u00e0 2001. Il est fondateur, copropri\u00e9taire et r\u00e9dacteur en chef de L\u2019Annuel de l\u2019automobile, qu\u2019il publie depuis 2001. Il a anim\u00e9 les \u00e9missions RPM et RPM+ sur V et les L\u00e9gendes de la route sur Historia. \u00c0 la radio depuis 1986, il reprend l\u2019antenne cette ann\u00e9e sur les ondes de Cogeco et participe pour la deuxi\u00e8me ann\u00e9e \u00e0 l\u2019\u00e9mission Passion Auto sur RDS en plus de mettre en ligne le site Web officiel de L\u2019Annuel de l\u2019automobile sur annuelauto.ca.","sameAs":["https:\/\/annuelauto.ca\/"],"url":"https:\/\/news.canadamotorjobs.com\/fr\/author\/benoit-charette\/"}]}},"_links":{"self":[{"href":"https:\/\/news.canadamotorjobs.com\/fr\/wp-json\/wp\/v2\/posts\/152614"}],"collection":[{"href":"https:\/\/news.canadamotorjobs.com\/fr\/wp-json\/wp\/v2\/posts"}],"about":[{"href":"https:\/\/news.canadamotorjobs.com\/fr\/wp-json\/wp\/v2\/types\/post"}],"author":[{"embeddable":true,"href":"https:\/\/news.canadamotorjobs.com\/fr\/wp-json\/wp\/v2\/users\/8"}],"replies":[{"embeddable":true,"href":"https:\/\/news.canadamotorjobs.com\/fr\/wp-json\/wp\/v2\/comments?post=152614"}],"version-history":[{"count":2,"href":"https:\/\/news.canadamotorjobs.com\/fr\/wp-json\/wp\/v2\/posts\/152614\/revisions"}],"predecessor-version":[{"id":152618,"href":"https:\/\/news.canadamotorjobs.com\/fr\/wp-json\/wp\/v2\/posts\/152614\/revisions\/152618"}],"wp:featuredmedia":[{"embeddable":true,"href":"https:\/\/news.canadamotorjobs.com\/fr\/wp-json\/wp\/v2\/media\/152616"}],"wp:attachment":[{"href":"https:\/\/news.canadamotorjobs.com\/fr\/wp-json\/wp\/v2\/media?parent=152614"}],"wp:term":[{"taxonomy":"category","embeddable":true,"href":"https:\/\/news.canadamotorjobs.com\/fr\/wp-json\/wp\/v2\/categories?post=152614"},{"taxonomy":"post_tag","embeddable":true,"href":"https:\/\/news.canadamotorjobs.com\/fr\/wp-json\/wp\/v2\/tags?post=152614"}],"curies":[{"name":"wp","href":"https:\/\/api.w.org\/{rel}","templated":true}]}}