{"id":152587,"date":"2023-10-25T07:09:11","date_gmt":"2023-10-25T11:09:11","guid":{"rendered":"https:\/\/news.canadamotorjobs.com\/?p=152587"},"modified":"2023-10-25T07:15:29","modified_gmt":"2023-10-25T11:15:29","slug":"le-retour-de-la-mazda-rx7","status":"publish","type":"post","link":"https:\/\/news.canadamotorjobs.com\/fr\/le-retour-de-la-mazda-rx7\/","title":{"rendered":"Le retour de la Mazda RX7"},"content":{"rendered":"<\/p>\n<p>Mazda a pr\u00e9sent\u00e9 hier au Japan Mobility Show un concept baptis\u00e9 Iconic SP. Ce v\u00e9hicule est qualifi\u00e9 par le constructeur japonais de &#8220;nouveau concept de voiture de sport compacte&#8221; con\u00e7u pour les amoureux de l&#8217;automobile en qu\u00eate de pur plaisir de conduire. Bien que son nom, &#8220;Iconic SP,&#8221; ne soit probablement pas destin\u00e9 \u00e0 la production en s\u00e9rie, Mazda explique que le &#8220;S&#8221; signifie &#8220;Spirit,&#8221; rappelant ainsi l&#8217;ancienne RX-7 Spirit R, tandis que le &#8220;P&#8221; signifie &#8220;passion.&#8221;<\/p>\n<p>Le mod\u00e8le puise clairement son inspiration de la RX7. Apr\u00e8s des ann\u00e9es de rumeurs, cet incroyable concept laisse entrevoir que Mazda r\u00e9pond aux aspirations des passionn\u00e9s d&#8217;automobile. Mazda n&#8217;a pas abandonn\u00e9 le moteur rotatif Wankel, comme en t\u00e9moignent les brevets d\u00e9pos\u00e9s. Bien que ce soit un concept, Mazda fournit des d\u00e9tails m\u00e9caniques compos\u00e9s d\u2019un moteur rotatif \u00e0 deux rotors, une technologie unique en son genre. Le moteur rotatif est pr\u00e9sent\u00e9 comme hautement adaptable, capable de br\u00fbler des carburants alternatifs tels que l&#8217;hydrog\u00e8ne, ouvrant la voie \u00e0 une voiture de sport \u00e0 bilan carbone neutre.<\/p>\n<h3>L\u2019ajout de l\u2019hybridation<\/h3>\n<p>\nLa combinaison de moteurs \u00e9lectriques et du moteur rotatif g\u00e9n\u00e8re une puissance totale de 365 chevaux, soit plus de 100 chevaux de plus que la RX-7 turbocompress\u00e9e. Malgr\u00e9 des normes modernes de l\u00e9g\u00e8ret\u00e9, Mazda a r\u00e9ussi \u00e0 maintenir le poids du v\u00e9hicule juste en dessous de 1\u00a0450 kg, n&#8217;exc\u00e9dant que de 115 kg le poids de la version la plus lourde de la RX-7. Malgr\u00e9 ses similitudes, le concept est l\u00e9g\u00e8rement plus court que la RX-7, mais avec un empattement plus long.<\/p>\n<h3>Une ligne effil\u00e9e<\/h3>\n<p>\nLa voiture pr\u00e9sente un capot exceptionnellement bas, caract\u00e9ristique rendue possible par le moteur rotatif, bien qu&#8217;elle ne dispose pas de phares escamotables. Elle reprend m\u00eame la forme caract\u00e9ristique des portes de la RX-7, qui s&#8217;ouvrent de mani\u00e8re \u00e9l\u00e9gante, \u00e0 la mani\u00e8re d&#8217;une Aston Martin. \u00c0 l&#8217;int\u00e9rieur, l&#8217;habitacle est \u00e9pur\u00e9, \u00e9quip\u00e9 d&#8217;un petit \u00e9cran d&#8217;infodivertissement, d&#8217;un \u00e9cran de jauge et de quelques interrupteurs sur la console centrale.<\/p>\n<h3>Verra-t-elle le jour ?<\/h3>\n<p>\nSi Mazda choisit de ne pas mettre ce v\u00e9hicule en production, cela constituerait une v\u00e9ritable trag\u00e9die pour la communaut\u00e9 des passionn\u00e9s d&#8217;automobile, comblant le vide laiss\u00e9 par le d\u00e9part de la RX-8 il y a plus de dix ans, et offrant ainsi \u00e0 la Mazda MX-5 Miata le grand fr\u00e8re qu&#8217;elle m\u00e9rite depuis tant d&#8217;ann\u00e9es.<\/p>\n<p>\u00a0<\/p>\n<p>Le texte <a rel=\"nofollow\" href=\"https:\/\/annuelauto.ca\/le-retour-de-la-mazda-rx7\/\">Le retour de la Mazda RX7<\/a> provient de <a rel=\"nofollow\" href=\"https:\/\/annuelauto.ca\">L&#8217;annuel de l&#8217;automobile &#8211; Actualit\u00e9 automobile<\/a><\/p>\n<p><\/p>\n","protected":false},"excerpt":{"rendered":"<p>Mazda a pr\u00e9sent\u00e9 hier au Japan Mobility Show un concept baptis\u00e9 Iconic SP. Ce v\u00e9hicule est qualifi\u00e9 par le constructeur japonais de &#8220;nouveau concept de voiture de sport compacte&#8221; con\u00e7u pour les amoureux de l&#8217;automobile en qu\u00eate de pur plaisir de conduire. Bien que son nom, &#8220;Iconic SP,&#8221; ne soit probablement pas destin\u00e9 \u00e0 la [&hellip;]<\/p>\n","protected":false},"author":8,"featured_media":152589,"comment_status":"close","ping_status":"closed","sticky":false,"template":"","format":"standard","meta":{"_monsterinsights_skip_tracking":false,"_monsterinsights_sitenote_active":false,"_monsterinsights_sitenote_note":"","_monsterinsights_sitenote_category":0,"footnotes":""},"categories":[101],"tags":[],"yoast_head":"<!-- This site is optimized with the Yoast SEO plugin v23.2 - https:\/\/yoast.com\/wordpress\/plugins\/seo\/ -->\n<title>Le retour de la Mazda RX7 - CanadaMotorJobs.com<\/title>\n<meta name=\"description\" content=\"Le retour de la Mazda RX7 - Benoit Charette - Annuel automobile - CanadaMotorJobs.com.\" \/>\n<meta name=\"robots\" content=\"index, follow, max-snippet:-1, max-image-preview:large, max-video-preview:-1\" \/>\n<meta property=\"og:locale\" content=\"fr_CA\" \/>\n<meta property=\"og:type\" content=\"article\" \/>\n<meta property=\"og:title\" content=\"Le retour de la Mazda RX7 - CanadaMotorJobs.com\" \/>\n<meta property=\"og:description\" content=\"Le retour de la Mazda RX7 - Benoit Charette - Annuel automobile - CanadaMotorJobs.com.\" \/>\n<meta property=\"og:url\" content=\"https:\/\/news.canadamotorjobs.com\/fr\/le-retour-de-la-mazda-rx7\/\" \/>\n<meta property=\"og:site_name\" content=\"CanadaMotorJobs.com\" \/>\n<meta property=\"article:publisher\" content=\"https:\/\/www.facebook.com\/canadamotorjobs\/\" \/>\n<meta property=\"article:published_time\" content=\"2023-10-25T11:09:11+00:00\" \/>\n<meta property=\"article:modified_time\" content=\"2023-10-25T11:15:29+00:00\" \/>\n<meta property=\"og:image\" content=\"https:\/\/news.canadamotorjobs.com\/wp-content\/uploads\/2023\/10\/mazda_iconic_sp_1_l.jpg\" \/>\n\t<meta property=\"og:image:width\" content=\"1663\" \/>\n\t<meta property=\"og:image:height\" content=\"935\" \/>\n\t<meta property=\"og:image:type\" content=\"image\/jpeg\" \/>\n<meta name=\"author\" content=\"Benoit Charette\" \/>\n<meta name=\"twitter:card\" content=\"summary_large_image\" \/>\n<meta name=\"twitter:creator\" content=\"@canadamotorjobs\" \/>\n<meta name=\"twitter:site\" content=\"@canadamotorjobs\" \/>\n<meta name=\"twitter:label1\" content=\"\u00c9crit par\" \/>\n\t<meta name=\"twitter:data1\" content=\"Benoit Charette\" \/>\n\t<meta name=\"twitter:label2\" content=\"Estimation du temps de lecture\" \/>\n\t<meta name=\"twitter:data2\" content=\"2 minutes\" \/>\n<!-- \/ Yoast SEO plugin. -->","yoast_head_json":{"title":"Le retour de la Mazda RX7 - CanadaMotorJobs.com","description":"Le retour de la Mazda RX7 - Benoit Charette - Annuel automobile - CanadaMotorJobs.com.","robots":{"index":"index","follow":"follow","max-snippet":"max-snippet:-1","max-image-preview":"max-image-preview:large","max-video-preview":"max-video-preview:-1"},"og_locale":"fr_CA","og_type":"article","og_title":"Le retour de la Mazda RX7 - CanadaMotorJobs.com","og_description":"Le retour de la Mazda RX7 - Benoit Charette - Annuel automobile - CanadaMotorJobs.com.","og_url":"https:\/\/news.canadamotorjobs.com\/fr\/le-retour-de-la-mazda-rx7\/","og_site_name":"CanadaMotorJobs.com","article_publisher":"https:\/\/www.facebook.com\/canadamotorjobs\/","article_published_time":"2023-10-25T11:09:11+00:00","article_modified_time":"2023-10-25T11:15:29+00:00","og_image":[{"width":1663,"height":935,"url":"https:\/\/news.canadamotorjobs.com\/wp-content\/uploads\/2023\/10\/mazda_iconic_sp_1_l.jpg","type":"image\/jpeg"}],"author":"Benoit Charette","twitter_card":"summary_large_image","twitter_creator":"@canadamotorjobs","twitter_site":"@canadamotorjobs","twitter_misc":{"\u00c9crit par":"Benoit Charette","Estimation du temps de lecture":"2 minutes"},"schema":{"@context":"https:\/\/schema.org","@graph":[{"@type":"Article","@id":"https:\/\/news.canadamotorjobs.com\/fr\/le-retour-de-la-mazda-rx7\/#article","isPartOf":{"@id":"https:\/\/news.canadamotorjobs.com\/fr\/le-retour-de-la-mazda-rx7\/"},"author":{"name":"Benoit Charette","@id":"https:\/\/news.canadamotorjobs.com\/#\/schema\/person\/51793d1f87d44011d7bcc2ed99269a90"},"headline":"Le retour de la Mazda RX7","datePublished":"2023-10-25T11:09:11+00:00","dateModified":"2023-10-25T11:15:29+00:00","mainEntityOfPage":{"@id":"https:\/\/news.canadamotorjobs.com\/fr\/le-retour-de-la-mazda-rx7\/"},"wordCount":461,"publisher":{"@id":"https:\/\/news.canadamotorjobs.com\/#organization"},"image":{"@id":"https:\/\/news.canadamotorjobs.com\/fr\/le-retour-de-la-mazda-rx7\/#primaryimage"},"thumbnailUrl":"https:\/\/news.canadamotorjobs.com\/wp-content\/uploads\/2023\/10\/mazda_iconic_sp_1_l.jpg","articleSection":["Annuel automobile"],"inLanguage":"fr-CA"},{"@type":"WebPage","@id":"https:\/\/news.canadamotorjobs.com\/fr\/le-retour-de-la-mazda-rx7\/","url":"https:\/\/news.canadamotorjobs.com\/fr\/le-retour-de-la-mazda-rx7\/","name":"Le retour de la Mazda RX7 - CanadaMotorJobs.com","isPartOf":{"@id":"https:\/\/news.canadamotorjobs.com\/#website"},"primaryImageOfPage":{"@id":"https:\/\/news.canadamotorjobs.com\/fr\/le-retour-de-la-mazda-rx7\/#primaryimage"},"image":{"@id":"https:\/\/news.canadamotorjobs.com\/fr\/le-retour-de-la-mazda-rx7\/#primaryimage"},"thumbnailUrl":"https:\/\/news.canadamotorjobs.com\/wp-content\/uploads\/2023\/10\/mazda_iconic_sp_1_l.jpg","datePublished":"2023-10-25T11:09:11+00:00","dateModified":"2023-10-25T11:15:29+00:00","description":"Le retour de la Mazda RX7 - Benoit Charette - Annuel automobile - CanadaMotorJobs.com.","breadcrumb":{"@id":"https:\/\/news.canadamotorjobs.com\/fr\/le-retour-de-la-mazda-rx7\/#breadcrumb"},"inLanguage":"fr-CA","potentialAction":[{"@type":"ReadAction","target":["https:\/\/news.canadamotorjobs.com\/fr\/le-retour-de-la-mazda-rx7\/"]}]},{"@type":"ImageObject","inLanguage":"fr-CA","@id":"https:\/\/news.canadamotorjobs.com\/fr\/le-retour-de-la-mazda-rx7\/#primaryimage","url":"https:\/\/news.canadamotorjobs.com\/wp-content\/uploads\/2023\/10\/mazda_iconic_sp_1_l.jpg","contentUrl":"https:\/\/news.canadamotorjobs.com\/wp-content\/uploads\/2023\/10\/mazda_iconic_sp_1_l.jpg","width":1663,"height":935},{"@type":"BreadcrumbList","@id":"https:\/\/news.canadamotorjobs.com\/fr\/le-retour-de-la-mazda-rx7\/#breadcrumb","itemListElement":[{"@type":"ListItem","position":1,"name":"Home","item":"https:\/\/news.canadamotorjobs.com\/fr\/blog\/"},{"@type":"ListItem","position":2,"name":"Le retour de la Mazda RX7"}]},{"@type":"WebSite","@id":"https:\/\/news.canadamotorjobs.com\/#website","url":"https:\/\/news.canadamotorjobs.com\/","name":"CanadaMotorJobs.com","description":"Automotive Jobs","publisher":{"@id":"https:\/\/news.canadamotorjobs.com\/#organization"},"potentialAction":[{"@type":"SearchAction","target":{"@type":"EntryPoint","urlTemplate":"https:\/\/news.canadamotorjobs.com\/?s={search_term_string}"},"query-input":"required name=search_term_string"}],"inLanguage":"fr-CA"},{"@type":"Organization","@id":"https:\/\/news.canadamotorjobs.com\/#organization","name":"Canada Motor Jobs","url":"https:\/\/news.canadamotorjobs.com\/","logo":{"@type":"ImageObject","inLanguage":"fr-CA","@id":"https:\/\/news.canadamotorjobs.com\/#\/schema\/logo\/image\/","url":"https:\/\/news.canadamotorjobs.com\/wp-content\/uploads\/2022\/10\/logo-canada-motor-jobs-1.png","contentUrl":"https:\/\/news.canadamotorjobs.com\/wp-content\/uploads\/2022\/10\/logo-canada-motor-jobs-1.png","width":800,"height":400,"caption":"Canada Motor Jobs"},"image":{"@id":"https:\/\/news.canadamotorjobs.com\/#\/schema\/logo\/image\/"},"sameAs":["https:\/\/www.facebook.com\/canadamotorjobs\/","https:\/\/x.com\/canadamotorjobs","https:\/\/www.instagram.com\/canadamotorjobs\/","https:\/\/www.linkedin.com\/company\/canadamotorjobs"]},{"@type":"Person","@id":"https:\/\/news.canadamotorjobs.com\/#\/schema\/person\/51793d1f87d44011d7bcc2ed99269a90","name":"Benoit Charette","image":{"@type":"ImageObject","inLanguage":"fr-CA","@id":"https:\/\/news.canadamotorjobs.com\/#\/schema\/person\/image\/","url":"https:\/\/secure.gravatar.com\/avatar\/45f3d2eebcccd909668d7ce7ea7267b6?s=96&d=mm&r=g","contentUrl":"https:\/\/secure.gravatar.com\/avatar\/45f3d2eebcccd909668d7ce7ea7267b6?s=96&d=mm&r=g","caption":"Benoit Charette"},"description":"Benoit Charette \/ Propri\u00e9taire et r\u00e9dacteur en chef Benoit Charette pratique le journalisme automobile depuis bient\u00f4t 30 ans. Il a fait ses classes au c\u00f4t\u00e9 de Daniel H\u00e9raud et au Carnet de route de 1992 \u00e0 2001. Il est fondateur, copropri\u00e9taire et r\u00e9dacteur en chef de L\u2019Annuel de l\u2019automobile, qu\u2019il publie depuis 2001. Il a anim\u00e9 les \u00e9missions RPM et RPM+ sur V et les L\u00e9gendes de la route sur Historia. \u00c0 la radio depuis 1986, il reprend l\u2019antenne cette ann\u00e9e sur les ondes de Cogeco et participe pour la deuxi\u00e8me ann\u00e9e \u00e0 l\u2019\u00e9mission Passion Auto sur RDS en plus de mettre en ligne le site Web officiel de L\u2019Annuel de l\u2019automobile sur annuelauto.ca.","sameAs":["https:\/\/annuelauto.ca\/"],"url":"https:\/\/news.canadamotorjobs.com\/fr\/author\/benoit-charette\/"}]}},"_links":{"self":[{"href":"https:\/\/news.canadamotorjobs.com\/fr\/wp-json\/wp\/v2\/posts\/152587"}],"collection":[{"href":"https:\/\/news.canadamotorjobs.com\/fr\/wp-json\/wp\/v2\/posts"}],"about":[{"href":"https:\/\/news.canadamotorjobs.com\/fr\/wp-json\/wp\/v2\/types\/post"}],"author":[{"embeddable":true,"href":"https:\/\/news.canadamotorjobs.com\/fr\/wp-json\/wp\/v2\/users\/8"}],"replies":[{"embeddable":true,"href":"https:\/\/news.canadamotorjobs.com\/fr\/wp-json\/wp\/v2\/comments?post=152587"}],"version-history":[{"count":2,"href":"https:\/\/news.canadamotorjobs.com\/fr\/wp-json\/wp\/v2\/posts\/152587\/revisions"}],"predecessor-version":[{"id":152591,"href":"https:\/\/news.canadamotorjobs.com\/fr\/wp-json\/wp\/v2\/posts\/152587\/revisions\/152591"}],"wp:featuredmedia":[{"embeddable":true,"href":"https:\/\/news.canadamotorjobs.com\/fr\/wp-json\/wp\/v2\/media\/152589"}],"wp:attachment":[{"href":"https:\/\/news.canadamotorjobs.com\/fr\/wp-json\/wp\/v2\/media?parent=152587"}],"wp:term":[{"taxonomy":"category","embeddable":true,"href":"https:\/\/news.canadamotorjobs.com\/fr\/wp-json\/wp\/v2\/categories?post=152587"},{"taxonomy":"post_tag","embeddable":true,"href":"https:\/\/news.canadamotorjobs.com\/fr\/wp-json\/wp\/v2\/tags?post=152587"}],"curies":[{"name":"wp","href":"https:\/\/api.w.org\/{rel}","templated":true}]}}