{"id":152568,"date":"2023-10-24T17:17:34","date_gmt":"2023-10-24T21:17:34","guid":{"rendered":"https:\/\/news.canadamotorjobs.com\/?p=152568"},"modified":"2023-10-24T17:30:45","modified_gmt":"2023-10-24T21:30:45","slug":"gm-retarde-le-lancement-de-lequinox-ev","status":"publish","type":"post","link":"https:\/\/news.canadamotorjobs.com\/fr\/gm-retarde-le-lancement-de-lequinox-ev\/","title":{"rendered":"GM retarde le lancement de l\u2019Equinox EV"},"content":{"rendered":"<\/p>\n<p>La gr\u00e8ve de l&#8217;UAW n&#8217;est pas la seule source d&#8217;inqui\u00e9tude chez General Motors, car l&#8217;entreprise r\u00e9\u00e9value certains de ses projets de v\u00e9hicules \u00e9lectriques. Dans une lettre aux actionnaires, la PDG de GM, Mary Barra, a r\u00e9v\u00e9l\u00e9 que GM &#8220;mod\u00e8re l&#8217;acc\u00e9l\u00e9ration de la production de VE en Am\u00e9rique du Nord pour prot\u00e9ger les prix, s&#8217;ajuster \u00e0 une croissance plus lente de la demande \u00e0 court terme et mettre en place une efficacit\u00e9 d&#8217;ing\u00e9nierie et d&#8217;autres am\u00e9liorations qui rendront nos v\u00e9hicules moins co\u00fbteux \u00e0 produire et plus rentables.&#8221;<\/p>\n<h3>Trois mod\u00e8les touch\u00e9s<\/h3>\n<p>\nMary Barra a d\u00e9velopp\u00e9 a r\u00e9v\u00e9l\u00e9 des plans pour &#8220;d\u00e9caler&#8221; le lancement de la Chevrolet Equinox EV, de la Chevrolet Silverado EV RST et du GMC Sierra EV Denali. Dans le cadre de cet effort, les mod\u00e8les sont retard\u00e9s de quelques mois afin de &#8220;garantir leur succ\u00e8s.&#8221;<\/p>\n<h3>Un 2<sup>e<\/sup> report en 2 semaine<\/h3>\n<p>\nCette annonce intervient une semaine apr\u00e8s que GM ait r\u00e9v\u00e9l\u00e9 des plans pour retarder la production de pickups \u00e9lectriques \u00e0 l&#8217;usine d&#8217;Orion. L&#8217;usine \u00e9tait initialement pr\u00e9vue pour commencer la production des Silverado et Sierra EV l&#8217;ann\u00e9e prochaine, mais cela a \u00e9t\u00e9 repouss\u00e9 \u00e0 fin 2025 pour &#8220;mieux g\u00e9rer l&#8217;investissement en capital tout en s&#8217;alignant sur l&#8217;\u00e9volution de la demande de VE.&#8221;<\/p>\n<h3>Des progr\u00e8s malgr\u00e9 tout<\/h3>\n<p>\nTout n&#8217;\u00e9tait pas n\u00e9gatif, car GM a d\u00e9clar\u00e9 qu&#8217;ils font &#8220;des progr\u00e8s constants&#8221; dans l&#8217;augmentation de la production de v\u00e9hicules \u00e9lectriques. En particulier, l&#8217;entreprise a not\u00e9 que son usine Ultium Cells dans l&#8217;Ohio a atteint 75% de sa capacit\u00e9 de production et devrait atteindre sa pleine capacit\u00e9 d&#8217;ici la fin de l&#8217;ann\u00e9e. GM a \u00e9galement not\u00e9 que la production de VE bas\u00e9s sur la technologie Ultium a plus que doubl\u00e9 par rapport \u00e0 l&#8217;ann\u00e9e pr\u00e9c\u00e9dente, et d&#8217;autres augmentations sont pr\u00e9vues pour le quatri\u00e8me trimestre ainsi que pour les trimestres suivants.<\/p>\n<p>En d&#8217;autres nouvelles, les livraisons de la Chevrolet Blazer EV ont commenc\u00e9 au troisi\u00e8me trimestre. L&#8217;entreprise a \u00e9galement d\u00e9clar\u00e9 qu&#8217;elle pr\u00e9voit d&#8217;avoir une capacit\u00e9 de production annuelle de v\u00e9hicules \u00e9lectriques d&#8217;un million d&#8217;unit\u00e9s en Am\u00e9rique du Nord d&#8217;ici la fin de 2025.<\/p>\n<p>Avec des renseignements de Carbuzz<\/p>\n<p>Le texte <a rel=\"nofollow\" href=\"https:\/\/annuelauto.ca\/gm-retarde-le-lancement-de-lequinox-ev\/\">GM retarde le lancement de l\u2019Equinox EV<\/a> provient de <a rel=\"nofollow\" href=\"https:\/\/annuelauto.ca\">L&#8217;annuel de l&#8217;automobile &#8211; Actualit\u00e9 automobile<\/a><\/p>\n<p><\/p>\n","protected":false},"excerpt":{"rendered":"<p>La gr\u00e8ve de l&#8217;UAW n&#8217;est pas la seule source d&#8217;inqui\u00e9tude chez General Motors, car l&#8217;entreprise r\u00e9\u00e9value certains de ses projets de v\u00e9hicules \u00e9lectriques. Dans une lettre aux actionnaires, la PDG de GM, Mary Barra, a r\u00e9v\u00e9l\u00e9 que GM &#8220;mod\u00e8re l&#8217;acc\u00e9l\u00e9ration de la production de VE en Am\u00e9rique du Nord pour prot\u00e9ger les prix, s&#8217;ajuster \u00e0 [&hellip;]<\/p>\n","protected":false},"author":8,"featured_media":152570,"comment_status":"close","ping_status":"closed","sticky":false,"template":"","format":"standard","meta":{"_monsterinsights_skip_tracking":false,"_monsterinsights_sitenote_active":false,"_monsterinsights_sitenote_note":"","_monsterinsights_sitenote_category":0,"footnotes":""},"categories":[101],"tags":[],"yoast_head":"<!-- This site is optimized with the Yoast SEO plugin v23.2 - https:\/\/yoast.com\/wordpress\/plugins\/seo\/ -->\n<title>GM retarde le lancement de l\u2019Equinox EV - CanadaMotorJobs.com<\/title>\n<meta name=\"description\" content=\"GM retarde le lancement de l\u2019Equinox EV - Benoit Charette - Annuel automobile - CanadaMotorJobs.com.\" \/>\n<meta name=\"robots\" content=\"index, follow, max-snippet:-1, max-image-preview:large, max-video-preview:-1\" \/>\n<meta property=\"og:locale\" content=\"fr_CA\" \/>\n<meta property=\"og:type\" content=\"article\" \/>\n<meta property=\"og:title\" content=\"GM retarde le lancement de l\u2019Equinox EV - CanadaMotorJobs.com\" \/>\n<meta property=\"og:description\" content=\"GM retarde le lancement de l\u2019Equinox EV - Benoit Charette - Annuel automobile - CanadaMotorJobs.com.\" \/>\n<meta property=\"og:url\" content=\"https:\/\/news.canadamotorjobs.com\/fr\/gm-retarde-le-lancement-de-lequinox-ev\/\" \/>\n<meta property=\"og:site_name\" content=\"CanadaMotorJobs.com\" \/>\n<meta property=\"article:publisher\" content=\"https:\/\/www.facebook.com\/canadamotorjobs\/\" \/>\n<meta property=\"article:published_time\" content=\"2023-10-24T21:17:34+00:00\" \/>\n<meta property=\"article:modified_time\" content=\"2023-10-24T21:30:45+00:00\" \/>\n<meta property=\"og:image\" content=\"https:\/\/news.canadamotorjobs.com\/wp-content\/uploads\/2023\/10\/MY24-Chevrolet-Equinox-EV-3LT-1024x540-1.jpg\" \/>\n\t<meta property=\"og:image:width\" content=\"1024\" \/>\n\t<meta property=\"og:image:height\" content=\"540\" \/>\n\t<meta property=\"og:image:type\" content=\"image\/jpeg\" \/>\n<meta name=\"author\" content=\"Benoit Charette\" \/>\n<meta name=\"twitter:card\" content=\"summary_large_image\" \/>\n<meta name=\"twitter:creator\" content=\"@canadamotorjobs\" \/>\n<meta name=\"twitter:site\" content=\"@canadamotorjobs\" \/>\n<meta name=\"twitter:label1\" content=\"\u00c9crit par\" \/>\n\t<meta name=\"twitter:data1\" content=\"Benoit Charette\" \/>\n\t<meta name=\"twitter:label2\" content=\"Estimation du temps de lecture\" \/>\n\t<meta name=\"twitter:data2\" content=\"2 minutes\" \/>\n<!-- \/ Yoast SEO plugin. -->","yoast_head_json":{"title":"GM retarde le lancement de l\u2019Equinox EV - CanadaMotorJobs.com","description":"GM retarde le lancement de l\u2019Equinox EV - Benoit Charette - Annuel automobile - CanadaMotorJobs.com.","robots":{"index":"index","follow":"follow","max-snippet":"max-snippet:-1","max-image-preview":"max-image-preview:large","max-video-preview":"max-video-preview:-1"},"og_locale":"fr_CA","og_type":"article","og_title":"GM retarde le lancement de l\u2019Equinox EV - CanadaMotorJobs.com","og_description":"GM retarde le lancement de l\u2019Equinox EV - Benoit Charette - Annuel automobile - CanadaMotorJobs.com.","og_url":"https:\/\/news.canadamotorjobs.com\/fr\/gm-retarde-le-lancement-de-lequinox-ev\/","og_site_name":"CanadaMotorJobs.com","article_publisher":"https:\/\/www.facebook.com\/canadamotorjobs\/","article_published_time":"2023-10-24T21:17:34+00:00","article_modified_time":"2023-10-24T21:30:45+00:00","og_image":[{"width":1024,"height":540,"url":"https:\/\/news.canadamotorjobs.com\/wp-content\/uploads\/2023\/10\/MY24-Chevrolet-Equinox-EV-3LT-1024x540-1.jpg","type":"image\/jpeg"}],"author":"Benoit Charette","twitter_card":"summary_large_image","twitter_creator":"@canadamotorjobs","twitter_site":"@canadamotorjobs","twitter_misc":{"\u00c9crit par":"Benoit Charette","Estimation du temps de lecture":"2 minutes"},"schema":{"@context":"https:\/\/schema.org","@graph":[{"@type":"Article","@id":"https:\/\/news.canadamotorjobs.com\/fr\/gm-retarde-le-lancement-de-lequinox-ev\/#article","isPartOf":{"@id":"https:\/\/news.canadamotorjobs.com\/fr\/gm-retarde-le-lancement-de-lequinox-ev\/"},"author":{"name":"Benoit Charette","@id":"https:\/\/news.canadamotorjobs.com\/#\/schema\/person\/51793d1f87d44011d7bcc2ed99269a90"},"headline":"GM retarde le lancement de l\u2019Equinox EV","datePublished":"2023-10-24T21:17:34+00:00","dateModified":"2023-10-24T21:30:45+00:00","mainEntityOfPage":{"@id":"https:\/\/news.canadamotorjobs.com\/fr\/gm-retarde-le-lancement-de-lequinox-ev\/"},"wordCount":440,"publisher":{"@id":"https:\/\/news.canadamotorjobs.com\/#organization"},"image":{"@id":"https:\/\/news.canadamotorjobs.com\/fr\/gm-retarde-le-lancement-de-lequinox-ev\/#primaryimage"},"thumbnailUrl":"https:\/\/news.canadamotorjobs.com\/wp-content\/uploads\/2023\/10\/MY24-Chevrolet-Equinox-EV-3LT-1024x540-1.jpg","articleSection":["Annuel automobile"],"inLanguage":"fr-CA"},{"@type":"WebPage","@id":"https:\/\/news.canadamotorjobs.com\/fr\/gm-retarde-le-lancement-de-lequinox-ev\/","url":"https:\/\/news.canadamotorjobs.com\/fr\/gm-retarde-le-lancement-de-lequinox-ev\/","name":"GM retarde le lancement de l\u2019Equinox EV - CanadaMotorJobs.com","isPartOf":{"@id":"https:\/\/news.canadamotorjobs.com\/#website"},"primaryImageOfPage":{"@id":"https:\/\/news.canadamotorjobs.com\/fr\/gm-retarde-le-lancement-de-lequinox-ev\/#primaryimage"},"image":{"@id":"https:\/\/news.canadamotorjobs.com\/fr\/gm-retarde-le-lancement-de-lequinox-ev\/#primaryimage"},"thumbnailUrl":"https:\/\/news.canadamotorjobs.com\/wp-content\/uploads\/2023\/10\/MY24-Chevrolet-Equinox-EV-3LT-1024x540-1.jpg","datePublished":"2023-10-24T21:17:34+00:00","dateModified":"2023-10-24T21:30:45+00:00","description":"GM retarde le lancement de l\u2019Equinox EV - Benoit Charette - Annuel automobile - CanadaMotorJobs.com.","breadcrumb":{"@id":"https:\/\/news.canadamotorjobs.com\/fr\/gm-retarde-le-lancement-de-lequinox-ev\/#breadcrumb"},"inLanguage":"fr-CA","potentialAction":[{"@type":"ReadAction","target":["https:\/\/news.canadamotorjobs.com\/fr\/gm-retarde-le-lancement-de-lequinox-ev\/"]}]},{"@type":"ImageObject","inLanguage":"fr-CA","@id":"https:\/\/news.canadamotorjobs.com\/fr\/gm-retarde-le-lancement-de-lequinox-ev\/#primaryimage","url":"https:\/\/news.canadamotorjobs.com\/wp-content\/uploads\/2023\/10\/MY24-Chevrolet-Equinox-EV-3LT-1024x540-1.jpg","contentUrl":"https:\/\/news.canadamotorjobs.com\/wp-content\/uploads\/2023\/10\/MY24-Chevrolet-Equinox-EV-3LT-1024x540-1.jpg","width":1024,"height":540},{"@type":"BreadcrumbList","@id":"https:\/\/news.canadamotorjobs.com\/fr\/gm-retarde-le-lancement-de-lequinox-ev\/#breadcrumb","itemListElement":[{"@type":"ListItem","position":1,"name":"Home","item":"https:\/\/news.canadamotorjobs.com\/fr\/blog\/"},{"@type":"ListItem","position":2,"name":"GM retarde le lancement de l\u2019Equinox EV"}]},{"@type":"WebSite","@id":"https:\/\/news.canadamotorjobs.com\/#website","url":"https:\/\/news.canadamotorjobs.com\/","name":"CanadaMotorJobs.com","description":"Automotive Jobs","publisher":{"@id":"https:\/\/news.canadamotorjobs.com\/#organization"},"potentialAction":[{"@type":"SearchAction","target":{"@type":"EntryPoint","urlTemplate":"https:\/\/news.canadamotorjobs.com\/?s={search_term_string}"},"query-input":"required name=search_term_string"}],"inLanguage":"fr-CA"},{"@type":"Organization","@id":"https:\/\/news.canadamotorjobs.com\/#organization","name":"Canada Motor Jobs","url":"https:\/\/news.canadamotorjobs.com\/","logo":{"@type":"ImageObject","inLanguage":"fr-CA","@id":"https:\/\/news.canadamotorjobs.com\/#\/schema\/logo\/image\/","url":"https:\/\/news.canadamotorjobs.com\/wp-content\/uploads\/2022\/10\/logo-canada-motor-jobs-1.png","contentUrl":"https:\/\/news.canadamotorjobs.com\/wp-content\/uploads\/2022\/10\/logo-canada-motor-jobs-1.png","width":800,"height":400,"caption":"Canada Motor Jobs"},"image":{"@id":"https:\/\/news.canadamotorjobs.com\/#\/schema\/logo\/image\/"},"sameAs":["https:\/\/www.facebook.com\/canadamotorjobs\/","https:\/\/x.com\/canadamotorjobs","https:\/\/www.instagram.com\/canadamotorjobs\/","https:\/\/www.linkedin.com\/company\/canadamotorjobs"]},{"@type":"Person","@id":"https:\/\/news.canadamotorjobs.com\/#\/schema\/person\/51793d1f87d44011d7bcc2ed99269a90","name":"Benoit Charette","image":{"@type":"ImageObject","inLanguage":"fr-CA","@id":"https:\/\/news.canadamotorjobs.com\/#\/schema\/person\/image\/","url":"https:\/\/secure.gravatar.com\/avatar\/45f3d2eebcccd909668d7ce7ea7267b6?s=96&d=mm&r=g","contentUrl":"https:\/\/secure.gravatar.com\/avatar\/45f3d2eebcccd909668d7ce7ea7267b6?s=96&d=mm&r=g","caption":"Benoit Charette"},"description":"Benoit Charette \/ Propri\u00e9taire et r\u00e9dacteur en chef Benoit Charette pratique le journalisme automobile depuis bient\u00f4t 30 ans. Il a fait ses classes au c\u00f4t\u00e9 de Daniel H\u00e9raud et au Carnet de route de 1992 \u00e0 2001. Il est fondateur, copropri\u00e9taire et r\u00e9dacteur en chef de L\u2019Annuel de l\u2019automobile, qu\u2019il publie depuis 2001. Il a anim\u00e9 les \u00e9missions RPM et RPM+ sur V et les L\u00e9gendes de la route sur Historia. \u00c0 la radio depuis 1986, il reprend l\u2019antenne cette ann\u00e9e sur les ondes de Cogeco et participe pour la deuxi\u00e8me ann\u00e9e \u00e0 l\u2019\u00e9mission Passion Auto sur RDS en plus de mettre en ligne le site Web officiel de L\u2019Annuel de l\u2019automobile sur annuelauto.ca.","sameAs":["https:\/\/annuelauto.ca\/"],"url":"https:\/\/news.canadamotorjobs.com\/fr\/author\/benoit-charette\/"}]}},"_links":{"self":[{"href":"https:\/\/news.canadamotorjobs.com\/fr\/wp-json\/wp\/v2\/posts\/152568"}],"collection":[{"href":"https:\/\/news.canadamotorjobs.com\/fr\/wp-json\/wp\/v2\/posts"}],"about":[{"href":"https:\/\/news.canadamotorjobs.com\/fr\/wp-json\/wp\/v2\/types\/post"}],"author":[{"embeddable":true,"href":"https:\/\/news.canadamotorjobs.com\/fr\/wp-json\/wp\/v2\/users\/8"}],"replies":[{"embeddable":true,"href":"https:\/\/news.canadamotorjobs.com\/fr\/wp-json\/wp\/v2\/comments?post=152568"}],"version-history":[{"count":2,"href":"https:\/\/news.canadamotorjobs.com\/fr\/wp-json\/wp\/v2\/posts\/152568\/revisions"}],"predecessor-version":[{"id":152572,"href":"https:\/\/news.canadamotorjobs.com\/fr\/wp-json\/wp\/v2\/posts\/152568\/revisions\/152572"}],"wp:featuredmedia":[{"embeddable":true,"href":"https:\/\/news.canadamotorjobs.com\/fr\/wp-json\/wp\/v2\/media\/152570"}],"wp:attachment":[{"href":"https:\/\/news.canadamotorjobs.com\/fr\/wp-json\/wp\/v2\/media?parent=152568"}],"wp:term":[{"taxonomy":"category","embeddable":true,"href":"https:\/\/news.canadamotorjobs.com\/fr\/wp-json\/wp\/v2\/categories?post=152568"},{"taxonomy":"post_tag","embeddable":true,"href":"https:\/\/news.canadamotorjobs.com\/fr\/wp-json\/wp\/v2\/tags?post=152568"}],"curies":[{"name":"wp","href":"https:\/\/api.w.org\/{rel}","templated":true}]}}