{"id":152549,"date":"2023-10-24T11:49:47","date_gmt":"2023-10-24T15:49:47","guid":{"rendered":"https:\/\/news.canadamotorjobs.com\/?p=152549"},"modified":"2023-10-24T12:28:44","modified_gmt":"2023-10-24T16:28:44","slug":"des-vedettes-a-moteur-de-paul-mccartney-elvis-et-slash-a-la-vente-du-hard-rock-cafe-de-juliens-auctions","status":"publish","type":"post","link":"https:\/\/news.canadamotorjobs.com\/fr\/des-vedettes-a-moteur-de-paul-mccartney-elvis-et-slash-a-la-vente-du-hard-rock-cafe-de-juliens-auctions\/","title":{"rendered":"Des vedettes \u00e0 moteur de Paul McCartney, Elvis et Slash \u00e0 la vente du Hard Rock Caf\u00e9 de Julien\u2019s Auctions."},"content":{"rendered":"<\/p>\n<p>Les amateurs de rock\u2019n\u2019roll qui cultivent une passion pour les automobiles seront ravis par la prochaine <a href=\"https:\/\/annuelauto.ca\/la-nissan-skyline-gt-r-conduite-par-paul-walker-dans-rapides-et-dangereux-4-sera-vendue-dans-un-encan-en-ligne\/\" target=\"_blank\" rel=\"noopener noreferrer\">vente aux ench\u00e8res<\/a> de Julien\u2019s Auctions. Trois vedettes \u00e0 moteur ayant appartenu \u00e0 Paul McCartney, Elvis et Slash, des personnalit\u00e9s marquantes de la sc\u00e8ne musicale internationale, seront offertes lors de la vente qui sera pr\u00e9sent\u00e9e au Hard Rock Caf\u00e9 de Nashville, au Tennessee, en novembre prochain.<\/p>\n<p>Il s\u2019agit du bus \u00e0 imp\u00e9riale utilis\u00e9 par Paul McCartney et son groupe Wings en 1972, d\u2019une Lincoln Continental Mark\u00a0V 1977 d\u2019<a href=\"https:\/\/annuelauto.ca\/un-collectionneur-paye-plus-de-400-000-pour-une-stutz-blackhawk-1971-delvis-presley\/\" target=\"_blank\" rel=\"noopener noreferrer\">Elvis Presley<\/a> et de la <a href=\"https:\/\/annuelauto.ca\/4-chevrolet-corvette-c3-comme-vous-nen-avez-jamais-vu\/\" target=\"_blank\" rel=\"noopener noreferrer\">Chevrolet Corvette<\/a> Stignray 1966 de Slash, le guitariste de Guns\u00a0N\u2019Roses.<\/p>\n<p>Ces v\u00e9hicules figurent au catalogue de la vente <em>Played, Worn, and Torn\u00a0: Rock\u2019n\u2019Roll Iconic Guitars and Memorabilia<\/em> qui propose plus de 1 000 instruments de musique, v\u00eatements et autres reliques li\u00e9s \u00e0 l\u2019histoire d\u2019artistes et de groupes populaires comme M\u00f6tley Cr\u00fce, Elton John, les Foo Fighters, George Michael, Bill Wyman, The Police, Steve Vai, Michael Anthony de Van Halen, Kurt Cobain et Eric Clapton.<\/p>\n<h3><strong>Un bus \u00e0 imp\u00e9riale psych\u00e9d\u00e9lique<\/strong><\/h3>\n<p>\nL\u2019autobus de Paul McCartney sera naturellement une attraction phare de cette vente, mais aussi le plus gros objet qu\u2019on y verra. Ce bus \u00e0 imp\u00e9riale, un Bristol KSW 5G ECW de 1953, rappelle le passage pour McCartney de l\u2019\u00e9poque des Beatles \u00e0 celle de Wings, son groupe des ann\u00e9es 70.<\/p>\n<p>\u00c0 l\u2019\u00e9t\u00e9 1972, Paul et Linda McCartney se joignent \u00e0 Denny Laine, Henry McCullough et Denny Seiwell pour lancer Wings dans une premi\u00e8re tourn\u00e9e intitul\u00e9e <em>The Paul McCartney &amp; Wings Over Europe<\/em>.<\/p>\n<p>Ce bus aux allures psych\u00e9d\u00e9liques transportera les membres du groupe et leur famille sur plus de 12\u00a0000\u00a0kilom\u00e8tres \u00e0 travers neuf pays d\u2019Europe\u00a0: la France, l&#8217;Allemagne, la Belgique, la Norv\u00e8ge, la Su\u00e8de, la Finlande, le Danemark, les Pays-Bas et le Royaume-Uni. On le verra donc lors des concerts donn\u00e9s par le groupe, mais aussi \u00e0 l\u2019occasion de rencontres r\u00e9unissant m\u00e9dias et adeptes de Wings. La valeur de ce bus, qui a \u00e9t\u00e9 restaur\u00e9 r\u00e9cemment, est estim\u00e9e entre 200\u00a0000\u00a0$\u00a0US et 300\u00a0000\u00a0$\u00a0US.<\/p>\n<h3><strong>Un carrosse pour le <em>King<\/em><\/strong><\/h3>\n<p>\nLa Lincoln du <em>King<\/em> du rock and roll suscitera sans doute un vif int\u00e9r\u00eat parmi les collectionneurs. D\u2019apr\u00e8s Jimmy Velvet, qui \u00e9tait pr\u00e9sident du Mus\u00e9e Elvis Presley en 1990, cette Lincoln <a href=\"https:\/\/annuelauto.ca\/elvis-est-en-vedette-a-new-york-la-continental-mark-ii-1956-du-king-trone-au-salon-de-lauto\/\" target=\"_blank\" rel=\"noopener noreferrer\">Continental<\/a> Mark\u00a0V\u00a01977 a \u00e9t\u00e9 une des derni\u00e8res automobiles achet\u00e9es par Elvis. Il en a fait l\u2019acquisition quelques mois avant sa mort, qui est survenue le 16 ao\u00fbt 1977.<\/p>\n<p>D\u2019apr\u00e8s une d\u00e9claration sous serment remise \u00e0 Julien\u2019s Auctions lors d\u2019une vente ant\u00e9rieure o\u00f9 cette voiture \u00e9tait propos\u00e9e, en 2020, l\u2019achat de cette Lincoln remonte \u00e0 d\u00e9cembre 1976. \u00c0 l\u2019\u00e9poque, Elvis faisait des spectacles au Hilton International de Las Vegas. Pr\u00e9textant vouloir acheter une nouvelle auto sans savoir quelle couleur choisir, sa petite amie d\u2019alors, Ginger Alden, lui aurait sugg\u00e9r\u00e9 d\u2019en choisir une blanche.<\/p>\n<p>En tout juste 12\u00a0heures, cette Lincoln blanche aurait \u00e9t\u00e9 d\u00e9nich\u00e9e chez Star Lincoln Mercury Sales inc. de Glendale, en Californie, et elle lui aurait \u00e9t\u00e9 livr\u00e9e \u00e0 Las Vegas. Il aurait alors amen\u00e9 Ginger \u00e0 l\u2019ext\u00e9rieur de l\u2019h\u00f4tel, o\u00f9 cette Lincoln \u00e9tait gar\u00e9e, pour lui remettre les cl\u00e9s et lui offrir en cadeau\u00a0!<\/p>\n<p>Cette Mark\u00a0V, qui a co\u00fbt\u00e9 13\u00a0500\u00a0$\u00a0US. Elle \u00e9tait anim\u00e9e par un V8 Cleveland de 6,6\u00a0L (400\u00a0po\u00a0cu) produisant 179\u00a0ch et 329\u00a0lb-pi de couple, qui est jumel\u00e9 \u00e0 une bo\u00eete de vitesses automatique \u00e0 3 rapports.<\/p>\n<p>Cette longue voiture aurait servi r\u00e9guli\u00e8rement au couple. On la voit sur de nombreuses photos prises \u00e0 la va-vite par les paparazzi \u00e0 l\u2019\u00e9poque, notamment lorsqu\u2019Elvis a conduit Ginger aux fun\u00e9railles de son grand-p\u00e8re.<\/p>\n<p>Cette voiture a \u00e9t\u00e9 offerte \u00e0 la client\u00e8le de Julien\u2019s lors d\u2019une vente pr\u00e9sent\u00e9e en juin 2020. La Mark\u00a0V d\u2019Elvis avait alors trouv\u00e9 preneur pour 62\u00a0500\u00a0$\u00a0US. Pour cette nouvelle vente, les sp\u00e9cialistes de l\u2019entreprise sont optimistes et estiment qu\u2019elle pourrait atteindre un prix situ\u00e9 entre 200\u00a0000\u00a0$\u00a0US et 300\u00a0000\u00a0$\u00a0US.<\/p>\n<h3><strong>La Corvette qui a remplac\u00e9 une CRX<\/strong><\/h3>\n<p>\nLa Chevrolet Corvette Stingray 1966 qui a appartenu au guitariste Slash (Saul Hudson) de Guns N\u2019Roses sera assur\u00e9ment un autre article vedette de cette vente.<\/p>\n<p>Dans une entrevue accord\u00e9e \u00e0 la publication \u00e9tatsunienne <em>Vette Magazine<\/em> (qui a exist\u00e9 de 1976 \u00e0 2019), Slash raconte avoir achet\u00e9 sa Corvette durant les premi\u00e8res heures de gloire de Guns N&#8217;Roses, en\u00a01988. C\u2019\u00e9tait un des premiers \u00ab\u00a0gros achats\u00a0\u00bb qu\u2019il s\u2019offrait \u00e0 l\u2019\u00e9poque. Il avait d\u00e9clar\u00e9 : \u00ab Avant cela, j\u2019avais une Honda\u00a0CRX, mais cela ne compte pas comme une vraie voiture. Tous les \u00e9l\u00e9ments importants [de cette Corvette] sont originaux. Je d\u00e9teste l\u2019id\u00e9e de m&#8217;en s\u00e9parer, mais elle ne roule jamais&#8230; Je suis toujours sur la route\u00a0!\u00a0\u00bb<\/p>\n<p>La Corvette est \u00e9quip\u00e9e d&#8217;un moteur V8 427 de 7,0 litres et 390\u00a0ch et 460\u00a0lb-pi, et d\u2019une bo\u00eete de vitesses manuelle Muncie \u00e0 quatre rapports. Selon Julien\u2019s, la voiture a parcouru 35\u00a0164 milles et son \u00e9tat actuel est en grande partie original, avec ses si\u00e8ges baquets en vinyle et un volant sport \u00e0 boudin de bois.<\/p>\n<p>Comme pour la Lincoln d\u2019Elvis, c\u2019est aussi la deuxi\u00e8me fois que cette voiture figure au catalogue d\u2019une vente de Julien\u2019s. En mars\u00a02011, lors d\u2019une vente consacr\u00e9e exclusivement \u00e0 Slash, un collectionneur avait vers\u00e9 115\u00a0200\u00a0$\u00a0US pour cette Corvette. Curieusement, les experts de Julien\u2019s estiment que sa valeur actuelle gravite entre 100\u00a0000\u00a0$\u00a0US et 200\u00a0000\u00a0$\u00a0US seulement.<\/p>\n<p><em>Photos : Julien\u2019s Auctions<\/em><\/p>\n<p>Le texte <a rel=\"nofollow\" href=\"https:\/\/annuelauto.ca\/des-vedettes-a-moteur-de-paul-mccartney-elvis-et-slash-a-la-vente-du-hard-rock-cafe-de-juliens-auctions\/\">Des vedettes \u00e0 moteur de Paul McCartney, Elvis et Slash \u00e0 la vente du Hard Rock Caf\u00e9 de Julien\u2019s Auctions.<\/a> provient de <a rel=\"nofollow\" href=\"https:\/\/annuelauto.ca\">L&#8217;annuel de l&#8217;automobile &#8211; Actualit\u00e9 automobile<\/a><\/p>\n<p><\/p>\n","protected":false},"excerpt":{"rendered":"<p>Les amateurs de rock\u2019n\u2019roll qui cultivent une passion pour les automobiles seront ravis par la prochaine vente aux ench\u00e8res de Julien\u2019s Auctions. Trois vedettes \u00e0 moteur ayant appartenu \u00e0 Paul McCartney, Elvis et Slash, des personnalit\u00e9s marquantes de la sc\u00e8ne musicale internationale, seront offertes lors de la vente qui sera pr\u00e9sent\u00e9e au Hard Rock Caf\u00e9 [&hellip;]<\/p>\n","protected":false},"author":8,"featured_media":152551,"comment_status":"close","ping_status":"closed","sticky":false,"template":"","format":"standard","meta":{"_monsterinsights_skip_tracking":false,"_monsterinsights_sitenote_active":false,"_monsterinsights_sitenote_note":"","_monsterinsights_sitenote_category":0,"footnotes":""},"categories":[101],"tags":[],"yoast_head":"<!-- This site is optimized with the Yoast SEO plugin v23.2 - https:\/\/yoast.com\/wordpress\/plugins\/seo\/ -->\n<title>Des vedettes \u00e0 moteur de Paul McCartney, Elvis et Slash \u00e0 la vente du Hard Rock Caf\u00e9 de Julien\u2019s Auctions. - CanadaMotorJobs.com<\/title>\n<meta name=\"description\" content=\"Des vedettes \u00e0 moteur de Paul McCartney, Elvis et Slash \u00e0 la vente du Hard Rock Caf\u00e9 de Julien\u2019s Auctions. - Benoit Charette - Annuel automobile - CanadaMotorJobs.com.\" \/>\n<meta name=\"robots\" content=\"index, follow, max-snippet:-1, max-image-preview:large, max-video-preview:-1\" \/>\n<meta property=\"og:locale\" content=\"fr_CA\" \/>\n<meta property=\"og:type\" content=\"article\" \/>\n<meta property=\"og:title\" content=\"Des vedettes \u00e0 moteur de Paul McCartney, Elvis et Slash \u00e0 la vente du Hard Rock Caf\u00e9 de Julien\u2019s Auctions. - CanadaMotorJobs.com\" \/>\n<meta property=\"og:description\" content=\"Des vedettes \u00e0 moteur de Paul McCartney, Elvis et Slash \u00e0 la vente du Hard Rock Caf\u00e9 de Julien\u2019s Auctions. - Benoit Charette - Annuel automobile - CanadaMotorJobs.com.\" \/>\n<meta property=\"og:url\" content=\"https:\/\/news.canadamotorjobs.com\/fr\/des-vedettes-a-moteur-de-paul-mccartney-elvis-et-slash-a-la-vente-du-hard-rock-cafe-de-juliens-auctions\/\" \/>\n<meta property=\"og:site_name\" content=\"CanadaMotorJobs.com\" \/>\n<meta property=\"article:publisher\" content=\"https:\/\/www.facebook.com\/canadamotorjobs\/\" \/>\n<meta property=\"article:published_time\" content=\"2023-10-24T15:49:47+00:00\" \/>\n<meta property=\"article:modified_time\" content=\"2023-10-24T16:28:44+00:00\" \/>\n<meta property=\"og:image\" content=\"https:\/\/news.canadamotorjobs.com\/wp-content\/uploads\/2023\/10\/Bristol-KSW-1953-ex-Paul-McCartney_2.jpg\" \/>\n\t<meta property=\"og:image:width\" content=\"1024\" \/>\n\t<meta property=\"og:image:height\" content=\"683\" \/>\n\t<meta property=\"og:image:type\" content=\"image\/jpeg\" \/>\n<meta name=\"author\" content=\"Benoit Charette\" \/>\n<meta name=\"twitter:card\" content=\"summary_large_image\" \/>\n<meta name=\"twitter:creator\" content=\"@canadamotorjobs\" \/>\n<meta name=\"twitter:site\" content=\"@canadamotorjobs\" \/>\n<meta name=\"twitter:label1\" content=\"\u00c9crit par\" \/>\n\t<meta name=\"twitter:data1\" content=\"Benoit Charette\" \/>\n\t<meta name=\"twitter:label2\" content=\"Estimation du temps de lecture\" \/>\n\t<meta name=\"twitter:data2\" content=\"5 minutes\" \/>\n<!-- \/ Yoast SEO plugin. -->","yoast_head_json":{"title":"Des vedettes \u00e0 moteur de Paul McCartney, Elvis et Slash \u00e0 la vente du Hard Rock Caf\u00e9 de Julien\u2019s Auctions. - CanadaMotorJobs.com","description":"Des vedettes \u00e0 moteur de Paul McCartney, Elvis et Slash \u00e0 la vente du Hard Rock Caf\u00e9 de Julien\u2019s Auctions. - Benoit Charette - Annuel automobile - CanadaMotorJobs.com.","robots":{"index":"index","follow":"follow","max-snippet":"max-snippet:-1","max-image-preview":"max-image-preview:large","max-video-preview":"max-video-preview:-1"},"og_locale":"fr_CA","og_type":"article","og_title":"Des vedettes \u00e0 moteur de Paul McCartney, Elvis et Slash \u00e0 la vente du Hard Rock Caf\u00e9 de Julien\u2019s Auctions. - CanadaMotorJobs.com","og_description":"Des vedettes \u00e0 moteur de Paul McCartney, Elvis et Slash \u00e0 la vente du Hard Rock Caf\u00e9 de Julien\u2019s Auctions. - Benoit Charette - Annuel automobile - CanadaMotorJobs.com.","og_url":"https:\/\/news.canadamotorjobs.com\/fr\/des-vedettes-a-moteur-de-paul-mccartney-elvis-et-slash-a-la-vente-du-hard-rock-cafe-de-juliens-auctions\/","og_site_name":"CanadaMotorJobs.com","article_publisher":"https:\/\/www.facebook.com\/canadamotorjobs\/","article_published_time":"2023-10-24T15:49:47+00:00","article_modified_time":"2023-10-24T16:28:44+00:00","og_image":[{"width":1024,"height":683,"url":"https:\/\/news.canadamotorjobs.com\/wp-content\/uploads\/2023\/10\/Bristol-KSW-1953-ex-Paul-McCartney_2.jpg","type":"image\/jpeg"}],"author":"Benoit Charette","twitter_card":"summary_large_image","twitter_creator":"@canadamotorjobs","twitter_site":"@canadamotorjobs","twitter_misc":{"\u00c9crit par":"Benoit Charette","Estimation du temps de lecture":"5 minutes"},"schema":{"@context":"https:\/\/schema.org","@graph":[{"@type":"Article","@id":"https:\/\/news.canadamotorjobs.com\/fr\/des-vedettes-a-moteur-de-paul-mccartney-elvis-et-slash-a-la-vente-du-hard-rock-cafe-de-juliens-auctions\/#article","isPartOf":{"@id":"https:\/\/news.canadamotorjobs.com\/fr\/des-vedettes-a-moteur-de-paul-mccartney-elvis-et-slash-a-la-vente-du-hard-rock-cafe-de-juliens-auctions\/"},"author":{"name":"Benoit Charette","@id":"https:\/\/news.canadamotorjobs.com\/#\/schema\/person\/51793d1f87d44011d7bcc2ed99269a90"},"headline":"Des vedettes \u00e0 moteur de Paul McCartney, Elvis et Slash \u00e0 la vente du Hard Rock Caf\u00e9 de Julien\u2019s Auctions.","datePublished":"2023-10-24T15:49:47+00:00","dateModified":"2023-10-24T16:28:44+00:00","mainEntityOfPage":{"@id":"https:\/\/news.canadamotorjobs.com\/fr\/des-vedettes-a-moteur-de-paul-mccartney-elvis-et-slash-a-la-vente-du-hard-rock-cafe-de-juliens-auctions\/"},"wordCount":994,"publisher":{"@id":"https:\/\/news.canadamotorjobs.com\/#organization"},"image":{"@id":"https:\/\/news.canadamotorjobs.com\/fr\/des-vedettes-a-moteur-de-paul-mccartney-elvis-et-slash-a-la-vente-du-hard-rock-cafe-de-juliens-auctions\/#primaryimage"},"thumbnailUrl":"https:\/\/news.canadamotorjobs.com\/wp-content\/uploads\/2023\/10\/Bristol-KSW-1953-ex-Paul-McCartney_2.jpg","articleSection":["Annuel automobile"],"inLanguage":"fr-CA"},{"@type":"WebPage","@id":"https:\/\/news.canadamotorjobs.com\/fr\/des-vedettes-a-moteur-de-paul-mccartney-elvis-et-slash-a-la-vente-du-hard-rock-cafe-de-juliens-auctions\/","url":"https:\/\/news.canadamotorjobs.com\/fr\/des-vedettes-a-moteur-de-paul-mccartney-elvis-et-slash-a-la-vente-du-hard-rock-cafe-de-juliens-auctions\/","name":"Des vedettes \u00e0 moteur de Paul McCartney, Elvis et Slash \u00e0 la vente du Hard Rock Caf\u00e9 de Julien\u2019s Auctions. - CanadaMotorJobs.com","isPartOf":{"@id":"https:\/\/news.canadamotorjobs.com\/#website"},"primaryImageOfPage":{"@id":"https:\/\/news.canadamotorjobs.com\/fr\/des-vedettes-a-moteur-de-paul-mccartney-elvis-et-slash-a-la-vente-du-hard-rock-cafe-de-juliens-auctions\/#primaryimage"},"image":{"@id":"https:\/\/news.canadamotorjobs.com\/fr\/des-vedettes-a-moteur-de-paul-mccartney-elvis-et-slash-a-la-vente-du-hard-rock-cafe-de-juliens-auctions\/#primaryimage"},"thumbnailUrl":"https:\/\/news.canadamotorjobs.com\/wp-content\/uploads\/2023\/10\/Bristol-KSW-1953-ex-Paul-McCartney_2.jpg","datePublished":"2023-10-24T15:49:47+00:00","dateModified":"2023-10-24T16:28:44+00:00","description":"Des vedettes \u00e0 moteur de Paul McCartney, Elvis et Slash \u00e0 la vente du Hard Rock Caf\u00e9 de Julien\u2019s Auctions. - Benoit Charette - Annuel automobile - CanadaMotorJobs.com.","breadcrumb":{"@id":"https:\/\/news.canadamotorjobs.com\/fr\/des-vedettes-a-moteur-de-paul-mccartney-elvis-et-slash-a-la-vente-du-hard-rock-cafe-de-juliens-auctions\/#breadcrumb"},"inLanguage":"fr-CA","potentialAction":[{"@type":"ReadAction","target":["https:\/\/news.canadamotorjobs.com\/fr\/des-vedettes-a-moteur-de-paul-mccartney-elvis-et-slash-a-la-vente-du-hard-rock-cafe-de-juliens-auctions\/"]}]},{"@type":"ImageObject","inLanguage":"fr-CA","@id":"https:\/\/news.canadamotorjobs.com\/fr\/des-vedettes-a-moteur-de-paul-mccartney-elvis-et-slash-a-la-vente-du-hard-rock-cafe-de-juliens-auctions\/#primaryimage","url":"https:\/\/news.canadamotorjobs.com\/wp-content\/uploads\/2023\/10\/Bristol-KSW-1953-ex-Paul-McCartney_2.jpg","contentUrl":"https:\/\/news.canadamotorjobs.com\/wp-content\/uploads\/2023\/10\/Bristol-KSW-1953-ex-Paul-McCartney_2.jpg","width":1024,"height":683},{"@type":"BreadcrumbList","@id":"https:\/\/news.canadamotorjobs.com\/fr\/des-vedettes-a-moteur-de-paul-mccartney-elvis-et-slash-a-la-vente-du-hard-rock-cafe-de-juliens-auctions\/#breadcrumb","itemListElement":[{"@type":"ListItem","position":1,"name":"Home","item":"https:\/\/news.canadamotorjobs.com\/fr\/blog\/"},{"@type":"ListItem","position":2,"name":"Des vedettes \u00e0 moteur de Paul McCartney, Elvis et Slash \u00e0 la vente du Hard Rock Caf\u00e9 de Julien\u2019s Auctions."}]},{"@type":"WebSite","@id":"https:\/\/news.canadamotorjobs.com\/#website","url":"https:\/\/news.canadamotorjobs.com\/","name":"CanadaMotorJobs.com","description":"Automotive Jobs","publisher":{"@id":"https:\/\/news.canadamotorjobs.com\/#organization"},"potentialAction":[{"@type":"SearchAction","target":{"@type":"EntryPoint","urlTemplate":"https:\/\/news.canadamotorjobs.com\/?s={search_term_string}"},"query-input":"required name=search_term_string"}],"inLanguage":"fr-CA"},{"@type":"Organization","@id":"https:\/\/news.canadamotorjobs.com\/#organization","name":"Canada Motor Jobs","url":"https:\/\/news.canadamotorjobs.com\/","logo":{"@type":"ImageObject","inLanguage":"fr-CA","@id":"https:\/\/news.canadamotorjobs.com\/#\/schema\/logo\/image\/","url":"https:\/\/news.canadamotorjobs.com\/wp-content\/uploads\/2022\/10\/logo-canada-motor-jobs-1.png","contentUrl":"https:\/\/news.canadamotorjobs.com\/wp-content\/uploads\/2022\/10\/logo-canada-motor-jobs-1.png","width":800,"height":400,"caption":"Canada Motor Jobs"},"image":{"@id":"https:\/\/news.canadamotorjobs.com\/#\/schema\/logo\/image\/"},"sameAs":["https:\/\/www.facebook.com\/canadamotorjobs\/","https:\/\/x.com\/canadamotorjobs","https:\/\/www.instagram.com\/canadamotorjobs\/","https:\/\/www.linkedin.com\/company\/canadamotorjobs"]},{"@type":"Person","@id":"https:\/\/news.canadamotorjobs.com\/#\/schema\/person\/51793d1f87d44011d7bcc2ed99269a90","name":"Benoit Charette","image":{"@type":"ImageObject","inLanguage":"fr-CA","@id":"https:\/\/news.canadamotorjobs.com\/#\/schema\/person\/image\/","url":"https:\/\/secure.gravatar.com\/avatar\/45f3d2eebcccd909668d7ce7ea7267b6?s=96&d=mm&r=g","contentUrl":"https:\/\/secure.gravatar.com\/avatar\/45f3d2eebcccd909668d7ce7ea7267b6?s=96&d=mm&r=g","caption":"Benoit Charette"},"description":"Benoit Charette \/ Propri\u00e9taire et r\u00e9dacteur en chef Benoit Charette pratique le journalisme automobile depuis bient\u00f4t 30 ans. Il a fait ses classes au c\u00f4t\u00e9 de Daniel H\u00e9raud et au Carnet de route de 1992 \u00e0 2001. Il est fondateur, copropri\u00e9taire et r\u00e9dacteur en chef de L\u2019Annuel de l\u2019automobile, qu\u2019il publie depuis 2001. Il a anim\u00e9 les \u00e9missions RPM et RPM+ sur V et les L\u00e9gendes de la route sur Historia. \u00c0 la radio depuis 1986, il reprend l\u2019antenne cette ann\u00e9e sur les ondes de Cogeco et participe pour la deuxi\u00e8me ann\u00e9e \u00e0 l\u2019\u00e9mission Passion Auto sur RDS en plus de mettre en ligne le site Web officiel de L\u2019Annuel de l\u2019automobile sur annuelauto.ca.","sameAs":["https:\/\/annuelauto.ca\/"],"url":"https:\/\/news.canadamotorjobs.com\/fr\/author\/benoit-charette\/"}]}},"_links":{"self":[{"href":"https:\/\/news.canadamotorjobs.com\/fr\/wp-json\/wp\/v2\/posts\/152549"}],"collection":[{"href":"https:\/\/news.canadamotorjobs.com\/fr\/wp-json\/wp\/v2\/posts"}],"about":[{"href":"https:\/\/news.canadamotorjobs.com\/fr\/wp-json\/wp\/v2\/types\/post"}],"author":[{"embeddable":true,"href":"https:\/\/news.canadamotorjobs.com\/fr\/wp-json\/wp\/v2\/users\/8"}],"replies":[{"embeddable":true,"href":"https:\/\/news.canadamotorjobs.com\/fr\/wp-json\/wp\/v2\/comments?post=152549"}],"version-history":[{"count":2,"href":"https:\/\/news.canadamotorjobs.com\/fr\/wp-json\/wp\/v2\/posts\/152549\/revisions"}],"predecessor-version":[{"id":152553,"href":"https:\/\/news.canadamotorjobs.com\/fr\/wp-json\/wp\/v2\/posts\/152549\/revisions\/152553"}],"wp:featuredmedia":[{"embeddable":true,"href":"https:\/\/news.canadamotorjobs.com\/fr\/wp-json\/wp\/v2\/media\/152551"}],"wp:attachment":[{"href":"https:\/\/news.canadamotorjobs.com\/fr\/wp-json\/wp\/v2\/media?parent=152549"}],"wp:term":[{"taxonomy":"category","embeddable":true,"href":"https:\/\/news.canadamotorjobs.com\/fr\/wp-json\/wp\/v2\/categories?post=152549"},{"taxonomy":"post_tag","embeddable":true,"href":"https:\/\/news.canadamotorjobs.com\/fr\/wp-json\/wp\/v2\/tags?post=152549"}],"curies":[{"name":"wp","href":"https:\/\/api.w.org\/{rel}","templated":true}]}}