{"id":152526,"date":"2023-10-24T10:12:19","date_gmt":"2023-10-24T14:12:19","guid":{"rendered":"https:\/\/news.canadamotorjobs.com\/?p=152526"},"modified":"2023-10-24T10:13:56","modified_gmt":"2023-10-24T14:13:56","slug":"gm-declare-que-la-greve-de-luaw-a-coute-800-millions-de-dollars-jusqua-present","status":"publish","type":"post","link":"https:\/\/news.canadamotorjobs.com\/fr\/gm-declare-que-la-greve-de-luaw-a-coute-800-millions-de-dollars-jusqua-present\/","title":{"rendered":"GM d\u00e9clare que la gr\u00e8ve de l\u2019UAW a co\u00fbt\u00e9 800 millions de dollars jusqu\u2019\u00e0 pr\u00e9sent"},"content":{"rendered":"<\/p>\n<p>GM perd 200 million de dollars par semaine avec une gr\u00e8ve des travailleurs syndiqu\u00e9s de l\u2019UAW aux \u00c9tats-Unis. Le constructeur automobile a \u00e9galement retir\u00e9 mardi ses pr\u00e9visions financi\u00e8res pour 2023 et ses objectifs de production de v\u00e9hicules \u00e9lectriques jusqu&#8217;\u00e0 la mi-2024, alors qu&#8217;il a annonc\u00e9 une baisse de 7,3 % de son b\u00e9n\u00e9fice net au troisi\u00e8me trimestre, qui s&#8217;\u00e9l\u00e8ve \u00e0 3,1 milliards de dollars.<\/p>\n<h3>On fait tout de m\u00eame de l\u2019argent du c\u00f4t\u00e9 de GM<\/h3>\n<p>\nGM a d\u00e9clar\u00e9 que le b\u00e9n\u00e9fice ajust\u00e9 avant int\u00e9r\u00eats et imp\u00f4ts a chut\u00e9 de 17 % au troisi\u00e8me trimestre pour atteindre 3,6 milliards de dollars, y compris une r\u00e9duction de 200 millions de dollars attribu\u00e9e \u00e0 la gr\u00e8ve qui a commenc\u00e9 le 15 septembre. Les pertes de production enregistr\u00e9es jusqu&#8217;\u00e0 pr\u00e9sent au quatri\u00e8me trimestre s&#8217;\u00e9l\u00e8vent \u00e0 600 millions de dollars, a d\u00e9clar\u00e9 le directeur financier Paul Jacobson \u00e0 la presse. Le chiffre d&#8217;affaires global a augment\u00e9 de 5,4 % au cours du trimestre qui s&#8217;est achev\u00e9 le 30 septembre, pour atteindre 44,1 milliards de dollars, et les marges b\u00e9n\u00e9ficiaires nettes sont tomb\u00e9es \u00e0 6,9 %, contre 7,9 % l&#8217;ann\u00e9e pr\u00e9c\u00e9dente. GM a gagn\u00e9 3,5 milliards de dollars en Am\u00e9rique du Nord avant int\u00e9r\u00eats et imp\u00f4ts, soit une baisse de 9,5 %, et sa marge ajust\u00e9e pour la r\u00e9gion est tomb\u00e9e \u00e0 9,8 %, contre 11,2 % l&#8217;ann\u00e9e pr\u00e9c\u00e9dente.<\/p>\n<h3>Une production de v\u00e9hicules \u00e9lectriques au ralenti<\/h3>\n<p>\nGM a d\u00e9clar\u00e9 que ses plans de production de v\u00e9hicules \u00e9lectriques sont \u00e9galement devenus plus incertains, bien que ce ne soit pas \u00e0 cause de la gr\u00e8ve. L&#8217;entreprise ne dit plus qu&#8217;elle pr\u00e9voit de construire un total de 400 000 VE en Am\u00e9rique du Nord d&#8217;ici \u00e0 la mi-2024 &#8220;pour s&#8217;assurer que nous \u00e9quilibrons la production \u00e0 la demande&#8221;, a d\u00e9clar\u00e9 M. Jacobson. Cependant, GM a d\u00e9clar\u00e9 qu&#8217;il pr\u00e9voyait toujours de pouvoir construire 1 million de VE en Am\u00e9rique du Nord d&#8217;ici \u00e0 la fin de 2025. La semaine derni\u00e8re, GM a d\u00e9clar\u00e9 qu&#8217;il retarderait le d\u00e9but de la production des pick-up \u00e9lectriques Chevrolet Silverado et GMC Sierra dans son usine d&#8217;assemblage d&#8217;Orion, \u00e0 l&#8217;ext\u00e9rieur de D\u00e9troit, jusqu&#8217;\u00e0 la fin de l&#8217;ann\u00e9e 2025.<\/p>\n<h3>Ligne de cr\u00e9dit<\/h3>\n<p>\nD\u00e9but octobre, GM a obtenu une ligne de cr\u00e9dit de 6 milliards de dollars pour assurer la flexibilit\u00e9 de ses op\u00e9rations pendant la gr\u00e8ve. La gr\u00e8ve de 40 jours de l&#8217;UAW en 2019 a co\u00fbt\u00e9 3,6 milliards de dollars \u00e0 GM, mais elle concernait davantage d&#8217;usines et de travailleurs que les d\u00e9brayages actuels qui ont cibl\u00e9 certaines usines de Detroit 3 tandis que d&#8217;autres installations restent en activit\u00e9. Les actions de GM ont gliss\u00e9 de 0,7 % \u00e0 29,02 dollars dans les premiers \u00e9changes \u00e0 Wall Street.<\/p>\n<p>\u00a0<\/p>\n<p>Avec des renseignements d\u2019Automotive News<\/p>\n<p>Le texte <a rel=\"nofollow\" href=\"https:\/\/annuelauto.ca\/gm-declare-que-la-greve-de-luaw-a-coute-800-millions-de-dollars-jusqua-present\/\">GM d\u00e9clare que la gr\u00e8ve de l\u2019UAW a co\u00fbt\u00e9 800 millions de dollars jusqu\u2019\u00e0 pr\u00e9sent<\/a> provient de <a rel=\"nofollow\" href=\"https:\/\/annuelauto.ca\">L&#8217;annuel de l&#8217;automobile &#8211; Actualit\u00e9 automobile<\/a><\/p>\n<p><\/p>\n","protected":false},"excerpt":{"rendered":"<p>GM perd 200 million de dollars par semaine avec une gr\u00e8ve des travailleurs syndiqu\u00e9s de l\u2019UAW aux \u00c9tats-Unis. Le constructeur automobile a \u00e9galement retir\u00e9 mardi ses pr\u00e9visions financi\u00e8res pour 2023 et ses objectifs de production de v\u00e9hicules \u00e9lectriques jusqu&#8217;\u00e0 la mi-2024, alors qu&#8217;il a annonc\u00e9 une baisse de 7,3 % de son b\u00e9n\u00e9fice net au [&hellip;]<\/p>\n","protected":false},"author":8,"featured_media":152528,"comment_status":"close","ping_status":"closed","sticky":false,"template":"","format":"standard","meta":{"_monsterinsights_skip_tracking":false,"_monsterinsights_sitenote_active":false,"_monsterinsights_sitenote_note":"","_monsterinsights_sitenote_category":0,"footnotes":""},"categories":[101],"tags":[],"yoast_head":"<!-- This site is optimized with the Yoast SEO plugin v23.2 - https:\/\/yoast.com\/wordpress\/plugins\/seo\/ -->\n<title>GM d\u00e9clare que la gr\u00e8ve de l\u2019UAW a co\u00fbt\u00e9 800 millions de dollars jusqu\u2019\u00e0 pr\u00e9sent - CanadaMotorJobs.com<\/title>\n<meta name=\"description\" content=\"GM d\u00e9clare que la gr\u00e8ve de l\u2019UAW a co\u00fbt\u00e9 800 millions de dollars jusqu\u2019\u00e0 pr\u00e9sent - Benoit Charette - Annuel automobile - CanadaMotorJobs.com.\" \/>\n<meta name=\"robots\" content=\"index, follow, max-snippet:-1, max-image-preview:large, max-video-preview:-1\" \/>\n<meta property=\"og:locale\" content=\"fr_CA\" \/>\n<meta property=\"og:type\" content=\"article\" \/>\n<meta property=\"og:title\" content=\"GM d\u00e9clare que la gr\u00e8ve de l\u2019UAW a co\u00fbt\u00e9 800 millions de dollars jusqu\u2019\u00e0 pr\u00e9sent - CanadaMotorJobs.com\" \/>\n<meta property=\"og:description\" content=\"GM d\u00e9clare que la gr\u00e8ve de l\u2019UAW a co\u00fbt\u00e9 800 millions de dollars jusqu\u2019\u00e0 pr\u00e9sent - Benoit Charette - Annuel automobile - CanadaMotorJobs.com.\" \/>\n<meta property=\"og:url\" content=\"https:\/\/news.canadamotorjobs.com\/fr\/gm-declare-que-la-greve-de-luaw-a-coute-800-millions-de-dollars-jusqua-present\/\" \/>\n<meta property=\"og:site_name\" content=\"CanadaMotorJobs.com\" \/>\n<meta property=\"article:publisher\" content=\"https:\/\/www.facebook.com\/canadamotorjobs\/\" \/>\n<meta property=\"article:published_time\" content=\"2023-10-24T14:12:19+00:00\" \/>\n<meta property=\"article:modified_time\" content=\"2023-10-24T14:13:56+00:00\" \/>\n<meta property=\"og:image\" content=\"https:\/\/news.canadamotorjobs.com\/wp-content\/uploads\/2023\/10\/Renaissance_Center_riverfront_view_2022.jpg\" \/>\n\t<meta property=\"og:image:width\" content=\"1200\" \/>\n\t<meta property=\"og:image:height\" content=\"800\" \/>\n\t<meta property=\"og:image:type\" content=\"image\/jpeg\" \/>\n<meta name=\"author\" content=\"Benoit Charette\" \/>\n<meta name=\"twitter:card\" content=\"summary_large_image\" \/>\n<meta name=\"twitter:creator\" content=\"@canadamotorjobs\" \/>\n<meta name=\"twitter:site\" content=\"@canadamotorjobs\" \/>\n<meta name=\"twitter:label1\" content=\"\u00c9crit par\" \/>\n\t<meta name=\"twitter:data1\" content=\"Benoit Charette\" \/>\n\t<meta name=\"twitter:label2\" content=\"Estimation du temps de lecture\" \/>\n\t<meta name=\"twitter:data2\" content=\"2 minutes\" \/>\n<!-- \/ Yoast SEO plugin. -->","yoast_head_json":{"title":"GM d\u00e9clare que la gr\u00e8ve de l\u2019UAW a co\u00fbt\u00e9 800 millions de dollars jusqu\u2019\u00e0 pr\u00e9sent - CanadaMotorJobs.com","description":"GM d\u00e9clare que la gr\u00e8ve de l\u2019UAW a co\u00fbt\u00e9 800 millions de dollars jusqu\u2019\u00e0 pr\u00e9sent - Benoit Charette - Annuel automobile - CanadaMotorJobs.com.","robots":{"index":"index","follow":"follow","max-snippet":"max-snippet:-1","max-image-preview":"max-image-preview:large","max-video-preview":"max-video-preview:-1"},"og_locale":"fr_CA","og_type":"article","og_title":"GM d\u00e9clare que la gr\u00e8ve de l\u2019UAW a co\u00fbt\u00e9 800 millions de dollars jusqu\u2019\u00e0 pr\u00e9sent - CanadaMotorJobs.com","og_description":"GM d\u00e9clare que la gr\u00e8ve de l\u2019UAW a co\u00fbt\u00e9 800 millions de dollars jusqu\u2019\u00e0 pr\u00e9sent - Benoit Charette - Annuel automobile - CanadaMotorJobs.com.","og_url":"https:\/\/news.canadamotorjobs.com\/fr\/gm-declare-que-la-greve-de-luaw-a-coute-800-millions-de-dollars-jusqua-present\/","og_site_name":"CanadaMotorJobs.com","article_publisher":"https:\/\/www.facebook.com\/canadamotorjobs\/","article_published_time":"2023-10-24T14:12:19+00:00","article_modified_time":"2023-10-24T14:13:56+00:00","og_image":[{"width":1200,"height":800,"url":"https:\/\/news.canadamotorjobs.com\/wp-content\/uploads\/2023\/10\/Renaissance_Center_riverfront_view_2022.jpg","type":"image\/jpeg"}],"author":"Benoit Charette","twitter_card":"summary_large_image","twitter_creator":"@canadamotorjobs","twitter_site":"@canadamotorjobs","twitter_misc":{"\u00c9crit par":"Benoit Charette","Estimation du temps de lecture":"2 minutes"},"schema":{"@context":"https:\/\/schema.org","@graph":[{"@type":"Article","@id":"https:\/\/news.canadamotorjobs.com\/fr\/gm-declare-que-la-greve-de-luaw-a-coute-800-millions-de-dollars-jusqua-present\/#article","isPartOf":{"@id":"https:\/\/news.canadamotorjobs.com\/fr\/gm-declare-que-la-greve-de-luaw-a-coute-800-millions-de-dollars-jusqua-present\/"},"author":{"name":"Benoit Charette","@id":"https:\/\/news.canadamotorjobs.com\/#\/schema\/person\/51793d1f87d44011d7bcc2ed99269a90"},"headline":"GM d\u00e9clare que la gr\u00e8ve de l\u2019UAW a co\u00fbt\u00e9 800 millions de dollars jusqu\u2019\u00e0 pr\u00e9sent","datePublished":"2023-10-24T14:12:19+00:00","dateModified":"2023-10-24T14:13:56+00:00","mainEntityOfPage":{"@id":"https:\/\/news.canadamotorjobs.com\/fr\/gm-declare-que-la-greve-de-luaw-a-coute-800-millions-de-dollars-jusqua-present\/"},"wordCount":534,"publisher":{"@id":"https:\/\/news.canadamotorjobs.com\/#organization"},"image":{"@id":"https:\/\/news.canadamotorjobs.com\/fr\/gm-declare-que-la-greve-de-luaw-a-coute-800-millions-de-dollars-jusqua-present\/#primaryimage"},"thumbnailUrl":"https:\/\/news.canadamotorjobs.com\/wp-content\/uploads\/2023\/10\/Renaissance_Center_riverfront_view_2022.jpg","articleSection":["Annuel automobile"],"inLanguage":"fr-CA"},{"@type":"WebPage","@id":"https:\/\/news.canadamotorjobs.com\/fr\/gm-declare-que-la-greve-de-luaw-a-coute-800-millions-de-dollars-jusqua-present\/","url":"https:\/\/news.canadamotorjobs.com\/fr\/gm-declare-que-la-greve-de-luaw-a-coute-800-millions-de-dollars-jusqua-present\/","name":"GM d\u00e9clare que la gr\u00e8ve de l\u2019UAW a co\u00fbt\u00e9 800 millions de dollars jusqu\u2019\u00e0 pr\u00e9sent - CanadaMotorJobs.com","isPartOf":{"@id":"https:\/\/news.canadamotorjobs.com\/#website"},"primaryImageOfPage":{"@id":"https:\/\/news.canadamotorjobs.com\/fr\/gm-declare-que-la-greve-de-luaw-a-coute-800-millions-de-dollars-jusqua-present\/#primaryimage"},"image":{"@id":"https:\/\/news.canadamotorjobs.com\/fr\/gm-declare-que-la-greve-de-luaw-a-coute-800-millions-de-dollars-jusqua-present\/#primaryimage"},"thumbnailUrl":"https:\/\/news.canadamotorjobs.com\/wp-content\/uploads\/2023\/10\/Renaissance_Center_riverfront_view_2022.jpg","datePublished":"2023-10-24T14:12:19+00:00","dateModified":"2023-10-24T14:13:56+00:00","description":"GM d\u00e9clare que la gr\u00e8ve de l\u2019UAW a co\u00fbt\u00e9 800 millions de dollars jusqu\u2019\u00e0 pr\u00e9sent - Benoit Charette - Annuel automobile - CanadaMotorJobs.com.","breadcrumb":{"@id":"https:\/\/news.canadamotorjobs.com\/fr\/gm-declare-que-la-greve-de-luaw-a-coute-800-millions-de-dollars-jusqua-present\/#breadcrumb"},"inLanguage":"fr-CA","potentialAction":[{"@type":"ReadAction","target":["https:\/\/news.canadamotorjobs.com\/fr\/gm-declare-que-la-greve-de-luaw-a-coute-800-millions-de-dollars-jusqua-present\/"]}]},{"@type":"ImageObject","inLanguage":"fr-CA","@id":"https:\/\/news.canadamotorjobs.com\/fr\/gm-declare-que-la-greve-de-luaw-a-coute-800-millions-de-dollars-jusqua-present\/#primaryimage","url":"https:\/\/news.canadamotorjobs.com\/wp-content\/uploads\/2023\/10\/Renaissance_Center_riverfront_view_2022.jpg","contentUrl":"https:\/\/news.canadamotorjobs.com\/wp-content\/uploads\/2023\/10\/Renaissance_Center_riverfront_view_2022.jpg","width":1200,"height":800},{"@type":"BreadcrumbList","@id":"https:\/\/news.canadamotorjobs.com\/fr\/gm-declare-que-la-greve-de-luaw-a-coute-800-millions-de-dollars-jusqua-present\/#breadcrumb","itemListElement":[{"@type":"ListItem","position":1,"name":"Home","item":"https:\/\/news.canadamotorjobs.com\/fr\/blog\/"},{"@type":"ListItem","position":2,"name":"GM d\u00e9clare que la gr\u00e8ve de l\u2019UAW a co\u00fbt\u00e9 800 millions de dollars jusqu\u2019\u00e0 pr\u00e9sent"}]},{"@type":"WebSite","@id":"https:\/\/news.canadamotorjobs.com\/#website","url":"https:\/\/news.canadamotorjobs.com\/","name":"CanadaMotorJobs.com","description":"Automotive Jobs","publisher":{"@id":"https:\/\/news.canadamotorjobs.com\/#organization"},"potentialAction":[{"@type":"SearchAction","target":{"@type":"EntryPoint","urlTemplate":"https:\/\/news.canadamotorjobs.com\/?s={search_term_string}"},"query-input":"required name=search_term_string"}],"inLanguage":"fr-CA"},{"@type":"Organization","@id":"https:\/\/news.canadamotorjobs.com\/#organization","name":"Canada Motor Jobs","url":"https:\/\/news.canadamotorjobs.com\/","logo":{"@type":"ImageObject","inLanguage":"fr-CA","@id":"https:\/\/news.canadamotorjobs.com\/#\/schema\/logo\/image\/","url":"https:\/\/news.canadamotorjobs.com\/wp-content\/uploads\/2022\/10\/logo-canada-motor-jobs-1.png","contentUrl":"https:\/\/news.canadamotorjobs.com\/wp-content\/uploads\/2022\/10\/logo-canada-motor-jobs-1.png","width":800,"height":400,"caption":"Canada Motor Jobs"},"image":{"@id":"https:\/\/news.canadamotorjobs.com\/#\/schema\/logo\/image\/"},"sameAs":["https:\/\/www.facebook.com\/canadamotorjobs\/","https:\/\/x.com\/canadamotorjobs","https:\/\/www.instagram.com\/canadamotorjobs\/","https:\/\/www.linkedin.com\/company\/canadamotorjobs"]},{"@type":"Person","@id":"https:\/\/news.canadamotorjobs.com\/#\/schema\/person\/51793d1f87d44011d7bcc2ed99269a90","name":"Benoit Charette","image":{"@type":"ImageObject","inLanguage":"fr-CA","@id":"https:\/\/news.canadamotorjobs.com\/#\/schema\/person\/image\/","url":"https:\/\/secure.gravatar.com\/avatar\/45f3d2eebcccd909668d7ce7ea7267b6?s=96&d=mm&r=g","contentUrl":"https:\/\/secure.gravatar.com\/avatar\/45f3d2eebcccd909668d7ce7ea7267b6?s=96&d=mm&r=g","caption":"Benoit Charette"},"description":"Benoit Charette \/ Propri\u00e9taire et r\u00e9dacteur en chef Benoit Charette pratique le journalisme automobile depuis bient\u00f4t 30 ans. Il a fait ses classes au c\u00f4t\u00e9 de Daniel H\u00e9raud et au Carnet de route de 1992 \u00e0 2001. Il est fondateur, copropri\u00e9taire et r\u00e9dacteur en chef de L\u2019Annuel de l\u2019automobile, qu\u2019il publie depuis 2001. Il a anim\u00e9 les \u00e9missions RPM et RPM+ sur V et les L\u00e9gendes de la route sur Historia. \u00c0 la radio depuis 1986, il reprend l\u2019antenne cette ann\u00e9e sur les ondes de Cogeco et participe pour la deuxi\u00e8me ann\u00e9e \u00e0 l\u2019\u00e9mission Passion Auto sur RDS en plus de mettre en ligne le site Web officiel de L\u2019Annuel de l\u2019automobile sur annuelauto.ca.","sameAs":["https:\/\/annuelauto.ca\/"],"url":"https:\/\/news.canadamotorjobs.com\/fr\/author\/benoit-charette\/"}]}},"_links":{"self":[{"href":"https:\/\/news.canadamotorjobs.com\/fr\/wp-json\/wp\/v2\/posts\/152526"}],"collection":[{"href":"https:\/\/news.canadamotorjobs.com\/fr\/wp-json\/wp\/v2\/posts"}],"about":[{"href":"https:\/\/news.canadamotorjobs.com\/fr\/wp-json\/wp\/v2\/types\/post"}],"author":[{"embeddable":true,"href":"https:\/\/news.canadamotorjobs.com\/fr\/wp-json\/wp\/v2\/users\/8"}],"replies":[{"embeddable":true,"href":"https:\/\/news.canadamotorjobs.com\/fr\/wp-json\/wp\/v2\/comments?post=152526"}],"version-history":[{"count":2,"href":"https:\/\/news.canadamotorjobs.com\/fr\/wp-json\/wp\/v2\/posts\/152526\/revisions"}],"predecessor-version":[{"id":152530,"href":"https:\/\/news.canadamotorjobs.com\/fr\/wp-json\/wp\/v2\/posts\/152526\/revisions\/152530"}],"wp:featuredmedia":[{"embeddable":true,"href":"https:\/\/news.canadamotorjobs.com\/fr\/wp-json\/wp\/v2\/media\/152528"}],"wp:attachment":[{"href":"https:\/\/news.canadamotorjobs.com\/fr\/wp-json\/wp\/v2\/media?parent=152526"}],"wp:term":[{"taxonomy":"category","embeddable":true,"href":"https:\/\/news.canadamotorjobs.com\/fr\/wp-json\/wp\/v2\/categories?post=152526"},{"taxonomy":"post_tag","embeddable":true,"href":"https:\/\/news.canadamotorjobs.com\/fr\/wp-json\/wp\/v2\/tags?post=152526"}],"curies":[{"name":"wp","href":"https:\/\/api.w.org\/{rel}","templated":true}]}}