{"id":152478,"date":"2023-10-23T11:57:36","date_gmt":"2023-10-23T15:57:36","guid":{"rendered":"https:\/\/news.canadamotorjobs.com\/?p=152478"},"modified":"2023-10-23T13:13:48","modified_gmt":"2023-10-23T17:13:48","slug":"lusine-de-camion-ram-aux-etats-unis-est-en-greve","status":"publish","type":"post","link":"https:\/\/news.canadamotorjobs.com\/fr\/lusine-de-camion-ram-aux-etats-unis-est-en-greve\/","title":{"rendered":"L\u2019usine de camion Ram aux \u00c9tats-Unis est en gr\u00e8ve"},"content":{"rendered":"<\/p>\n<p>Loin de se r\u00e9gl\u00e9, le conflit de travail des syndiqu\u00e9s de l\u2019UAW s\u2019envenime aux \u00c9tats-Unis. L&#8217;UAW a ordonn\u00e9 lundi \u00e0 6 800 de ses travailleurs de se mettre en gr\u00e8ve dans la plus grande usine d&#8217;assemblage de Stellantis, interrompant ainsi la production du Ram 1500, le pick-up rentable du constructeur automobile.<\/p>\n<h3>Stellantis est en retard selon le syndicat<\/h3>\n<p>\n&#8220;Stellantis a la pire proposition sur la table en ce qui concerne la progression des salaires, la r\u00e9mun\u00e9ration des travailleurs temporaires et la conversion en temps plein, les ajustements au co\u00fbt de la vie (COLA), et plus encore&#8221;, a d\u00e9clar\u00e9 le syndicat dans un communiqu\u00e9. L&#8217;usine d&#8217;assemblage de Sterling Heights, au nord de Detroit, est la seule source d&#8217;approvisionnement de Stellantis en Ram 1500 de la g\u00e9n\u00e9ration actuelle.<\/p>\n<p>Plus de 40 000 travailleurs de l&#8217;UAW sont actuellement en gr\u00e8ve.<\/p>\n<h3>Stellantis n&#8217;a pas fait de commentaire dans l&#8217;imm\u00e9diat.<\/h3>\n<p>\nEn s&#8217;attaquant \u00e0 l&#8217;usine de Sterling Heights, le syndicat fait pression sur le PDG Carlos Tavares, qui a transform\u00e9 l&#8217;outsider de Detroit en l&#8217;entreprise la plus rentable en g\u00e9rant rigoureusement les co\u00fbts. Environ 12 % de la main-d&#8217;\u0153uvre de production de l&#8217;entreprise est constitu\u00e9e de travailleurs temporaires moins bien r\u00e9mun\u00e9r\u00e9s, ce qui repr\u00e9sente la proportion la plus \u00e9lev\u00e9e des trois usines de D\u00e9troit et un avantage en termes de co\u00fbts de main-d&#8217;\u0153uvre.<\/p>\n<h3>Des n\u00e9gociations qui commencent \u00e0 co\u00fbter cher<\/h3>\n<p>\nGM et Ford affirment que les augmentations suppl\u00e9mentaires li\u00e9es au co\u00fbt de la vie portent d\u00e9j\u00e0 leurs offres de r\u00e9mun\u00e9ration totale \u00e0 plus de 30 %. M. Fain a reconnu que certains membres de l&#8217;UAW souhaitaient voter sur les offres en cours, mais il les a exhort\u00e9s la semaine derni\u00e8re \u00e0 ne pas c\u00e9der \u00e0 &#8220;la peur, l&#8217;incertitude, le doute et la division&#8221; qui, selon lui, ont \u00e9t\u00e9 sem\u00e9s par les entreprises. Le 16 octobre, le pr\u00e9sident de Ford, Bill Ford, a mis en garde contre l&#8217;impact croissant de la gr\u00e8ve sur le constructeur automobile et l&#8217;\u00e9conomie am\u00e9ricaine. Les pertes \u00e9conomiques totales dues \u00e0 la gr\u00e8ve de l&#8217;UAW ont atteint 7,7 milliards de dollars US, selon les derni\u00e8res donn\u00e9es du cabinet de conseil \u00e9conomique Anderson Economic Group, les trois constructeurs de Detroit ayant subi des pertes de 3,45 milliards de dollars.<\/p>\n<p>\u00a0<\/p>\n<p>Avec des renseignements d\u2019Automotive News<\/p>\n<p>Le texte <a rel=\"nofollow\" href=\"https:\/\/annuelauto.ca\/lusine-de-camion-ram-aux-etats-unis-est-en-greve\/\">L\u2019usine de camion Ram aux \u00c9tats-Unis est en gr\u00e8ve<\/a> provient de <a rel=\"nofollow\" href=\"https:\/\/annuelauto.ca\">L&#8217;annuel de l&#8217;automobile &#8211; Actualit\u00e9 automobile<\/a><\/p>\n<p><\/p>\n","protected":false},"excerpt":{"rendered":"<p>Loin de se r\u00e9gl\u00e9, le conflit de travail des syndiqu\u00e9s de l\u2019UAW s\u2019envenime aux \u00c9tats-Unis. L&#8217;UAW a ordonn\u00e9 lundi \u00e0 6 800 de ses travailleurs de se mettre en gr\u00e8ve dans la plus grande usine d&#8217;assemblage de Stellantis, interrompant ainsi la production du Ram 1500, le pick-up rentable du constructeur automobile. Stellantis est en retard [&hellip;]<\/p>\n","protected":false},"author":8,"featured_media":152480,"comment_status":"close","ping_status":"closed","sticky":false,"template":"","format":"standard","meta":{"_monsterinsights_skip_tracking":false,"_monsterinsights_sitenote_active":false,"_monsterinsights_sitenote_note":"","_monsterinsights_sitenote_category":0,"footnotes":""},"categories":[101],"tags":[],"yoast_head":"<!-- This site is optimized with the Yoast SEO plugin v23.2 - https:\/\/yoast.com\/wordpress\/plugins\/seo\/ -->\n<title>L\u2019usine de camion Ram aux \u00c9tats-Unis est en gr\u00e8ve - CanadaMotorJobs.com<\/title>\n<meta name=\"description\" content=\"L\u2019usine de camion Ram aux \u00c9tats-Unis est en gr\u00e8ve - Benoit Charette - Annuel automobile - CanadaMotorJobs.com.\" \/>\n<meta name=\"robots\" content=\"index, follow, max-snippet:-1, max-image-preview:large, max-video-preview:-1\" \/>\n<meta property=\"og:locale\" content=\"fr_CA\" \/>\n<meta property=\"og:type\" content=\"article\" \/>\n<meta property=\"og:title\" content=\"L\u2019usine de camion Ram aux \u00c9tats-Unis est en gr\u00e8ve - CanadaMotorJobs.com\" \/>\n<meta property=\"og:description\" content=\"L\u2019usine de camion Ram aux \u00c9tats-Unis est en gr\u00e8ve - Benoit Charette - Annuel automobile - CanadaMotorJobs.com.\" \/>\n<meta property=\"og:url\" content=\"https:\/\/news.canadamotorjobs.com\/fr\/lusine-de-camion-ram-aux-etats-unis-est-en-greve\/\" \/>\n<meta property=\"og:site_name\" content=\"CanadaMotorJobs.com\" \/>\n<meta property=\"article:publisher\" content=\"https:\/\/www.facebook.com\/canadamotorjobs\/\" \/>\n<meta property=\"article:published_time\" content=\"2023-10-23T15:57:36+00:00\" \/>\n<meta property=\"article:modified_time\" content=\"2023-10-23T17:13:48+00:00\" \/>\n<meta property=\"og:image\" content=\"https:\/\/news.canadamotorjobs.com\/wp-content\/uploads\/2023\/10\/2022_ram_1500_crew-cab-pickup_limited_fq_oem_3_1280.jpg\" \/>\n\t<meta property=\"og:image:width\" content=\"1280\" \/>\n\t<meta property=\"og:image:height\" content=\"855\" \/>\n\t<meta property=\"og:image:type\" content=\"image\/jpeg\" \/>\n<meta name=\"author\" content=\"Benoit Charette\" \/>\n<meta name=\"twitter:card\" content=\"summary_large_image\" \/>\n<meta name=\"twitter:creator\" content=\"@canadamotorjobs\" \/>\n<meta name=\"twitter:site\" content=\"@canadamotorjobs\" \/>\n<meta name=\"twitter:label1\" content=\"\u00c9crit par\" \/>\n\t<meta name=\"twitter:data1\" content=\"Benoit Charette\" \/>\n\t<meta name=\"twitter:label2\" content=\"Estimation du temps de lecture\" \/>\n\t<meta name=\"twitter:data2\" content=\"2 minutes\" \/>\n<!-- \/ Yoast SEO plugin. -->","yoast_head_json":{"title":"L\u2019usine de camion Ram aux \u00c9tats-Unis est en gr\u00e8ve - CanadaMotorJobs.com","description":"L\u2019usine de camion Ram aux \u00c9tats-Unis est en gr\u00e8ve - Benoit Charette - Annuel automobile - CanadaMotorJobs.com.","robots":{"index":"index","follow":"follow","max-snippet":"max-snippet:-1","max-image-preview":"max-image-preview:large","max-video-preview":"max-video-preview:-1"},"og_locale":"fr_CA","og_type":"article","og_title":"L\u2019usine de camion Ram aux \u00c9tats-Unis est en gr\u00e8ve - CanadaMotorJobs.com","og_description":"L\u2019usine de camion Ram aux \u00c9tats-Unis est en gr\u00e8ve - Benoit Charette - Annuel automobile - CanadaMotorJobs.com.","og_url":"https:\/\/news.canadamotorjobs.com\/fr\/lusine-de-camion-ram-aux-etats-unis-est-en-greve\/","og_site_name":"CanadaMotorJobs.com","article_publisher":"https:\/\/www.facebook.com\/canadamotorjobs\/","article_published_time":"2023-10-23T15:57:36+00:00","article_modified_time":"2023-10-23T17:13:48+00:00","og_image":[{"width":1280,"height":855,"url":"https:\/\/news.canadamotorjobs.com\/wp-content\/uploads\/2023\/10\/2022_ram_1500_crew-cab-pickup_limited_fq_oem_3_1280.jpg","type":"image\/jpeg"}],"author":"Benoit Charette","twitter_card":"summary_large_image","twitter_creator":"@canadamotorjobs","twitter_site":"@canadamotorjobs","twitter_misc":{"\u00c9crit par":"Benoit Charette","Estimation du temps de lecture":"2 minutes"},"schema":{"@context":"https:\/\/schema.org","@graph":[{"@type":"Article","@id":"https:\/\/news.canadamotorjobs.com\/fr\/lusine-de-camion-ram-aux-etats-unis-est-en-greve\/#article","isPartOf":{"@id":"https:\/\/news.canadamotorjobs.com\/fr\/lusine-de-camion-ram-aux-etats-unis-est-en-greve\/"},"author":{"name":"Benoit Charette","@id":"https:\/\/news.canadamotorjobs.com\/#\/schema\/person\/51793d1f87d44011d7bcc2ed99269a90"},"headline":"L\u2019usine de camion Ram aux \u00c9tats-Unis est en gr\u00e8ve","datePublished":"2023-10-23T15:57:36+00:00","dateModified":"2023-10-23T17:13:48+00:00","mainEntityOfPage":{"@id":"https:\/\/news.canadamotorjobs.com\/fr\/lusine-de-camion-ram-aux-etats-unis-est-en-greve\/"},"wordCount":445,"publisher":{"@id":"https:\/\/news.canadamotorjobs.com\/#organization"},"image":{"@id":"https:\/\/news.canadamotorjobs.com\/fr\/lusine-de-camion-ram-aux-etats-unis-est-en-greve\/#primaryimage"},"thumbnailUrl":"https:\/\/news.canadamotorjobs.com\/wp-content\/uploads\/2023\/10\/2022_ram_1500_crew-cab-pickup_limited_fq_oem_3_1280.jpg","articleSection":["Annuel automobile"],"inLanguage":"fr-CA"},{"@type":"WebPage","@id":"https:\/\/news.canadamotorjobs.com\/fr\/lusine-de-camion-ram-aux-etats-unis-est-en-greve\/","url":"https:\/\/news.canadamotorjobs.com\/fr\/lusine-de-camion-ram-aux-etats-unis-est-en-greve\/","name":"L\u2019usine de camion Ram aux \u00c9tats-Unis est en gr\u00e8ve - CanadaMotorJobs.com","isPartOf":{"@id":"https:\/\/news.canadamotorjobs.com\/#website"},"primaryImageOfPage":{"@id":"https:\/\/news.canadamotorjobs.com\/fr\/lusine-de-camion-ram-aux-etats-unis-est-en-greve\/#primaryimage"},"image":{"@id":"https:\/\/news.canadamotorjobs.com\/fr\/lusine-de-camion-ram-aux-etats-unis-est-en-greve\/#primaryimage"},"thumbnailUrl":"https:\/\/news.canadamotorjobs.com\/wp-content\/uploads\/2023\/10\/2022_ram_1500_crew-cab-pickup_limited_fq_oem_3_1280.jpg","datePublished":"2023-10-23T15:57:36+00:00","dateModified":"2023-10-23T17:13:48+00:00","description":"L\u2019usine de camion Ram aux \u00c9tats-Unis est en gr\u00e8ve - Benoit Charette - Annuel automobile - CanadaMotorJobs.com.","breadcrumb":{"@id":"https:\/\/news.canadamotorjobs.com\/fr\/lusine-de-camion-ram-aux-etats-unis-est-en-greve\/#breadcrumb"},"inLanguage":"fr-CA","potentialAction":[{"@type":"ReadAction","target":["https:\/\/news.canadamotorjobs.com\/fr\/lusine-de-camion-ram-aux-etats-unis-est-en-greve\/"]}]},{"@type":"ImageObject","inLanguage":"fr-CA","@id":"https:\/\/news.canadamotorjobs.com\/fr\/lusine-de-camion-ram-aux-etats-unis-est-en-greve\/#primaryimage","url":"https:\/\/news.canadamotorjobs.com\/wp-content\/uploads\/2023\/10\/2022_ram_1500_crew-cab-pickup_limited_fq_oem_3_1280.jpg","contentUrl":"https:\/\/news.canadamotorjobs.com\/wp-content\/uploads\/2023\/10\/2022_ram_1500_crew-cab-pickup_limited_fq_oem_3_1280.jpg","width":1280,"height":855},{"@type":"BreadcrumbList","@id":"https:\/\/news.canadamotorjobs.com\/fr\/lusine-de-camion-ram-aux-etats-unis-est-en-greve\/#breadcrumb","itemListElement":[{"@type":"ListItem","position":1,"name":"Home","item":"https:\/\/news.canadamotorjobs.com\/fr\/blog\/"},{"@type":"ListItem","position":2,"name":"L\u2019usine de camion Ram aux \u00c9tats-Unis est en gr\u00e8ve"}]},{"@type":"WebSite","@id":"https:\/\/news.canadamotorjobs.com\/#website","url":"https:\/\/news.canadamotorjobs.com\/","name":"CanadaMotorJobs.com","description":"Automotive Jobs","publisher":{"@id":"https:\/\/news.canadamotorjobs.com\/#organization"},"potentialAction":[{"@type":"SearchAction","target":{"@type":"EntryPoint","urlTemplate":"https:\/\/news.canadamotorjobs.com\/?s={search_term_string}"},"query-input":"required name=search_term_string"}],"inLanguage":"fr-CA"},{"@type":"Organization","@id":"https:\/\/news.canadamotorjobs.com\/#organization","name":"Canada Motor Jobs","url":"https:\/\/news.canadamotorjobs.com\/","logo":{"@type":"ImageObject","inLanguage":"fr-CA","@id":"https:\/\/news.canadamotorjobs.com\/#\/schema\/logo\/image\/","url":"https:\/\/news.canadamotorjobs.com\/wp-content\/uploads\/2022\/10\/logo-canada-motor-jobs-1.png","contentUrl":"https:\/\/news.canadamotorjobs.com\/wp-content\/uploads\/2022\/10\/logo-canada-motor-jobs-1.png","width":800,"height":400,"caption":"Canada Motor Jobs"},"image":{"@id":"https:\/\/news.canadamotorjobs.com\/#\/schema\/logo\/image\/"},"sameAs":["https:\/\/www.facebook.com\/canadamotorjobs\/","https:\/\/x.com\/canadamotorjobs","https:\/\/www.instagram.com\/canadamotorjobs\/","https:\/\/www.linkedin.com\/company\/canadamotorjobs"]},{"@type":"Person","@id":"https:\/\/news.canadamotorjobs.com\/#\/schema\/person\/51793d1f87d44011d7bcc2ed99269a90","name":"Benoit Charette","image":{"@type":"ImageObject","inLanguage":"fr-CA","@id":"https:\/\/news.canadamotorjobs.com\/#\/schema\/person\/image\/","url":"https:\/\/secure.gravatar.com\/avatar\/45f3d2eebcccd909668d7ce7ea7267b6?s=96&d=mm&r=g","contentUrl":"https:\/\/secure.gravatar.com\/avatar\/45f3d2eebcccd909668d7ce7ea7267b6?s=96&d=mm&r=g","caption":"Benoit Charette"},"description":"Benoit Charette \/ Propri\u00e9taire et r\u00e9dacteur en chef Benoit Charette pratique le journalisme automobile depuis bient\u00f4t 30 ans. Il a fait ses classes au c\u00f4t\u00e9 de Daniel H\u00e9raud et au Carnet de route de 1992 \u00e0 2001. Il est fondateur, copropri\u00e9taire et r\u00e9dacteur en chef de L\u2019Annuel de l\u2019automobile, qu\u2019il publie depuis 2001. Il a anim\u00e9 les \u00e9missions RPM et RPM+ sur V et les L\u00e9gendes de la route sur Historia. \u00c0 la radio depuis 1986, il reprend l\u2019antenne cette ann\u00e9e sur les ondes de Cogeco et participe pour la deuxi\u00e8me ann\u00e9e \u00e0 l\u2019\u00e9mission Passion Auto sur RDS en plus de mettre en ligne le site Web officiel de L\u2019Annuel de l\u2019automobile sur annuelauto.ca.","sameAs":["https:\/\/annuelauto.ca\/"],"url":"https:\/\/news.canadamotorjobs.com\/fr\/author\/benoit-charette\/"}]}},"_links":{"self":[{"href":"https:\/\/news.canadamotorjobs.com\/fr\/wp-json\/wp\/v2\/posts\/152478"}],"collection":[{"href":"https:\/\/news.canadamotorjobs.com\/fr\/wp-json\/wp\/v2\/posts"}],"about":[{"href":"https:\/\/news.canadamotorjobs.com\/fr\/wp-json\/wp\/v2\/types\/post"}],"author":[{"embeddable":true,"href":"https:\/\/news.canadamotorjobs.com\/fr\/wp-json\/wp\/v2\/users\/8"}],"replies":[{"embeddable":true,"href":"https:\/\/news.canadamotorjobs.com\/fr\/wp-json\/wp\/v2\/comments?post=152478"}],"version-history":[{"count":2,"href":"https:\/\/news.canadamotorjobs.com\/fr\/wp-json\/wp\/v2\/posts\/152478\/revisions"}],"predecessor-version":[{"id":152482,"href":"https:\/\/news.canadamotorjobs.com\/fr\/wp-json\/wp\/v2\/posts\/152478\/revisions\/152482"}],"wp:featuredmedia":[{"embeddable":true,"href":"https:\/\/news.canadamotorjobs.com\/fr\/wp-json\/wp\/v2\/media\/152480"}],"wp:attachment":[{"href":"https:\/\/news.canadamotorjobs.com\/fr\/wp-json\/wp\/v2\/media?parent=152478"}],"wp:term":[{"taxonomy":"category","embeddable":true,"href":"https:\/\/news.canadamotorjobs.com\/fr\/wp-json\/wp\/v2\/categories?post=152478"},{"taxonomy":"post_tag","embeddable":true,"href":"https:\/\/news.canadamotorjobs.com\/fr\/wp-json\/wp\/v2\/tags?post=152478"}],"curies":[{"name":"wp","href":"https:\/\/api.w.org\/{rel}","templated":true}]}}