{"id":152455,"date":"2023-10-23T07:59:30","date_gmt":"2023-10-23T11:59:30","guid":{"rendered":"https:\/\/news.canadamotorjobs.com\/?p=152455"},"modified":"2023-10-23T08:02:32","modified_gmt":"2023-10-23T12:02:32","slug":"des-signes-de-ralentissement-dans-le-monde-des-vehicules-electriques","status":"publish","type":"post","link":"https:\/\/news.canadamotorjobs.com\/fr\/des-signes-de-ralentissement-dans-le-monde-des-vehicules-electriques\/","title":{"rendered":"Des signes de ralentissement dans le monde des v\u00e9hicules \u00e9lectriques"},"content":{"rendered":"<p><img loading=\"lazy\" decoding=\"async\" width=\"1200\" height=\"675\" src=\"https:\/\/annuelauto.ca\/wp-content\/uploads\/2023\/10\/2022-Ford-F-150-Lightning-featured-1.jpg\" class=\"attachment-post-thumbnail size-post-thumbnail wp-post-image\" alt=\"\" \/><\/p>\n<p>Il y a un malaise palpable chez les fabricants de v\u00e9hicules \u00e9lectriques. Tel le tonnerre lointain qui annonce l&#8217;approche d&#8217;une temp\u00eate, des signes pr\u00e9occupants \u00e9mergent \u00e0 l&#8217;horizon. La croissance des ventes, rapides \u00e0 ces d\u00e9buts, stagne. Des pays comme la Chine, la Cor\u00e9e du Sud et plusieurs pays membres de l\u2019Union europ\u00e9enne sans oublier nos voisins du sud constatent une baisse significative dans les chiffres de vente. Les ventes en augmentation de 75,6\u00a0% entre 2021 et 2022\u00a0 en Cor\u00e9e n\u2019ont augment\u00e9 que de 11\u00a0% entre 2022 et 2023. M\u00eame si les ventes de V\u00c9S aux \u00c9tats-Unis se sont \u00e9lev\u00e9es \u00e0 557 330 unit\u00e9s, soit une augmentation de 50\u00a0% par rapport \u00e0 la m\u00eame p\u00e9riode de l&#8217;ann\u00e9e, ce taux de croissance est rest\u00e9 bien inf\u00e9rieur \u00e0 71\u00a0% au premier semestre\u00a02022. La Chine a \u00e9galement connu une augmentation des ventes de VE de 32\u00a0% en glissement annuel au cours du premier semestre de cette ann\u00e9e, mais le taux de croissance ne repr\u00e9sente qu&#8217;un tiers des 109\u00a0% pr\u00e9vus pour 2022.<\/p>\n<h3>Un ralentissement normal pour bien des analystes<\/h3>\n<p>\nEn fait, le Royaume-Uni et la Chine ont compl\u00e8tement cess\u00e9 d&#8217;accorder des subventions aux V\u00c9S cette ann\u00e9e. La Norv\u00e8ge a consid\u00e9rablement r\u00e9duit les incitations \u00e0 l&#8217;achat de V\u00c9 et impose une taxe sur le poids des V\u00c9S. Les VES repr\u00e9sentent pr\u00e8s de 80\u00a0% des nouvelles immatriculations dans ce pays d&#8217;Europe du Nord. Est-ce que le d\u00e9clin des ventes est associ\u00e9 \u00e0 de moins fortes subventions. Lorsque l\u2019Ontario a cess\u00e9 son programme de subventions, les ventes de v\u00e9hicules \u00e9lectriques ont chut\u00e9 de pr\u00e8s de 70\u00a0% dans les mois qui ont suivi. Est-ce que le prix des V\u00c9S est trop \u00e9lev\u00e9 ? Poser la question c\u2019est y r\u00e9pondre. Et les prix ne cessent d\u2019augmenter. Il faut aussi parler de l&#8217;infrastructure de recharge qui se fait d\u00e9sirer aux \u00c9tats-Unis. La densit\u00e9 de recharge est faible et les chargeurs ne sont pas fiables. Avec ces facteurs qui s\u2019accumulent, la demande s&#8217;effrite. Tesla tente de conjurer le sort en baissant ses tarifs.<\/p>\n<p>Ainsi, l&#8217;\u00e8re des v\u00e9hicules \u00e9lectriques, qui s&#8217;\u00e9levait tel un ph\u00e9nix des cendres de la pollution, se voit confront\u00e9e \u00e0 ses propres d\u00e9fis et revers. Telle est la nature m\u00eame de l&#8217;histoire, o\u00f9 les sommets d&#8217;aujourd&#8217;hui deviennent les vall\u00e9es de demain. Cependant, l&#8217;histoire est un t\u00e9moin infaillible des rebondissements impr\u00e9visibles qui jalonnent notre voyage. Les v\u00e9hicules \u00e9lectriques peuvent encore r\u00e9\u00e9crire leur destin\u00e9e, et l&#8217;avenir, telle une page blanche, attend d&#8217;\u00eatre marqu\u00e9 par la plume de l&#8217;innovation et du progr\u00e8s.<\/p>\n<p>Le monde du v\u00e9hicule \u00e9lectrique fait face \u00e0 ses premiers d\u00e9mons. Reste \u00e0 voir comment elle va les affronter.<\/p>\n<p>\u00a0<\/p>\n<p>\u00a0<\/p>\n<p>Le texte <a rel=\"nofollow\" href=\"https:\/\/annuelauto.ca\/des-signes-de-ralentissement-dans-le-monde-des-vehicules-electriques\/\">Des signes de ralentissement dans le monde des v\u00e9hicules \u00e9lectriques<\/a> provient de <a rel=\"nofollow\" href=\"https:\/\/annuelauto.ca\">L&#8217;annuel de l&#8217;automobile &#8211; Actualit\u00e9 automobile<\/a><\/p>\n<p><\/p>\n","protected":false},"excerpt":{"rendered":"<p>Il y a un malaise palpable chez les fabricants de v\u00e9hicules \u00e9lectriques. Tel le tonnerre lointain qui annonce l&#8217;approche d&#8217;une temp\u00eate, des signes pr\u00e9occupants \u00e9mergent \u00e0 l&#8217;horizon. La croissance des ventes, rapides \u00e0 ces d\u00e9buts, stagne. Des pays comme la Chine, la Cor\u00e9e du Sud et plusieurs pays membres de l\u2019Union europ\u00e9enne sans oublier nos [&hellip;]<\/p>\n","protected":false},"author":8,"featured_media":0,"comment_status":"close","ping_status":"closed","sticky":false,"template":"","format":"standard","meta":{"_monsterinsights_skip_tracking":false,"_monsterinsights_sitenote_active":false,"_monsterinsights_sitenote_note":"","_monsterinsights_sitenote_category":0,"footnotes":""},"categories":[101],"tags":[],"yoast_head":"<!-- This site is optimized with the Yoast SEO plugin v23.2 - https:\/\/yoast.com\/wordpress\/plugins\/seo\/ -->\n<title>Des signes de ralentissement dans le monde des v\u00e9hicules \u00e9lectriques - CanadaMotorJobs.com<\/title>\n<meta name=\"description\" content=\"Des signes de ralentissement dans le monde des v\u00e9hicules \u00e9lectriques - Benoit Charette - Annuel automobile - CanadaMotorJobs.com.\" \/>\n<meta name=\"robots\" content=\"index, follow, max-snippet:-1, max-image-preview:large, max-video-preview:-1\" \/>\n<meta property=\"og:locale\" content=\"fr_CA\" \/>\n<meta property=\"og:type\" content=\"article\" \/>\n<meta property=\"og:title\" content=\"Des signes de ralentissement dans le monde des v\u00e9hicules \u00e9lectriques - CanadaMotorJobs.com\" \/>\n<meta property=\"og:description\" content=\"Des signes de ralentissement dans le monde des v\u00e9hicules \u00e9lectriques - Benoit Charette - Annuel automobile - CanadaMotorJobs.com.\" \/>\n<meta property=\"og:url\" content=\"https:\/\/news.canadamotorjobs.com\/fr\/des-signes-de-ralentissement-dans-le-monde-des-vehicules-electriques\/\" \/>\n<meta property=\"og:site_name\" content=\"CanadaMotorJobs.com\" \/>\n<meta property=\"article:publisher\" content=\"https:\/\/www.facebook.com\/canadamotorjobs\/\" \/>\n<meta property=\"article:published_time\" content=\"2023-10-23T11:59:30+00:00\" \/>\n<meta property=\"article:modified_time\" content=\"2023-10-23T12:02:32+00:00\" \/>\n<meta property=\"og:image\" content=\"https:\/\/annuelauto.ca\/wp-content\/uploads\/2023\/10\/2022-Ford-F-150-Lightning-featured-1.jpg\" \/>\n<meta name=\"author\" content=\"Benoit Charette\" \/>\n<meta name=\"twitter:card\" content=\"summary_large_image\" \/>\n<meta name=\"twitter:creator\" content=\"@canadamotorjobs\" \/>\n<meta name=\"twitter:site\" content=\"@canadamotorjobs\" \/>\n<meta name=\"twitter:label1\" content=\"\u00c9crit par\" \/>\n\t<meta name=\"twitter:data1\" content=\"Benoit Charette\" \/>\n\t<meta name=\"twitter:label2\" content=\"Estimation du temps de lecture\" \/>\n\t<meta name=\"twitter:data2\" content=\"2 minutes\" \/>\n<!-- \/ Yoast SEO plugin. -->","yoast_head_json":{"title":"Des signes de ralentissement dans le monde des v\u00e9hicules \u00e9lectriques - CanadaMotorJobs.com","description":"Des signes de ralentissement dans le monde des v\u00e9hicules \u00e9lectriques - Benoit Charette - Annuel automobile - CanadaMotorJobs.com.","robots":{"index":"index","follow":"follow","max-snippet":"max-snippet:-1","max-image-preview":"max-image-preview:large","max-video-preview":"max-video-preview:-1"},"og_locale":"fr_CA","og_type":"article","og_title":"Des signes de ralentissement dans le monde des v\u00e9hicules \u00e9lectriques - CanadaMotorJobs.com","og_description":"Des signes de ralentissement dans le monde des v\u00e9hicules \u00e9lectriques - Benoit Charette - Annuel automobile - CanadaMotorJobs.com.","og_url":"https:\/\/news.canadamotorjobs.com\/fr\/des-signes-de-ralentissement-dans-le-monde-des-vehicules-electriques\/","og_site_name":"CanadaMotorJobs.com","article_publisher":"https:\/\/www.facebook.com\/canadamotorjobs\/","article_published_time":"2023-10-23T11:59:30+00:00","article_modified_time":"2023-10-23T12:02:32+00:00","og_image":[{"url":"https:\/\/annuelauto.ca\/wp-content\/uploads\/2023\/10\/2022-Ford-F-150-Lightning-featured-1.jpg"}],"author":"Benoit Charette","twitter_card":"summary_large_image","twitter_creator":"@canadamotorjobs","twitter_site":"@canadamotorjobs","twitter_misc":{"\u00c9crit par":"Benoit Charette","Estimation du temps de lecture":"2 minutes"},"schema":{"@context":"https:\/\/schema.org","@graph":[{"@type":"Article","@id":"https:\/\/news.canadamotorjobs.com\/fr\/des-signes-de-ralentissement-dans-le-monde-des-vehicules-electriques\/#article","isPartOf":{"@id":"https:\/\/news.canadamotorjobs.com\/fr\/des-signes-de-ralentissement-dans-le-monde-des-vehicules-electriques\/"},"author":{"name":"Benoit Charette","@id":"https:\/\/news.canadamotorjobs.com\/#\/schema\/person\/51793d1f87d44011d7bcc2ed99269a90"},"headline":"Des signes de ralentissement dans le monde des v\u00e9hicules \u00e9lectriques","datePublished":"2023-10-23T11:59:30+00:00","dateModified":"2023-10-23T12:02:32+00:00","mainEntityOfPage":{"@id":"https:\/\/news.canadamotorjobs.com\/fr\/des-signes-de-ralentissement-dans-le-monde-des-vehicules-electriques\/"},"wordCount":508,"publisher":{"@id":"https:\/\/news.canadamotorjobs.com\/#organization"},"image":{"@id":"https:\/\/news.canadamotorjobs.com\/fr\/des-signes-de-ralentissement-dans-le-monde-des-vehicules-electriques\/#primaryimage"},"thumbnailUrl":"https:\/\/annuelauto.ca\/wp-content\/uploads\/2023\/10\/2022-Ford-F-150-Lightning-featured-1.jpg","articleSection":["Annuel automobile"],"inLanguage":"fr-CA"},{"@type":"WebPage","@id":"https:\/\/news.canadamotorjobs.com\/fr\/des-signes-de-ralentissement-dans-le-monde-des-vehicules-electriques\/","url":"https:\/\/news.canadamotorjobs.com\/fr\/des-signes-de-ralentissement-dans-le-monde-des-vehicules-electriques\/","name":"Des signes de ralentissement dans le monde des v\u00e9hicules \u00e9lectriques - CanadaMotorJobs.com","isPartOf":{"@id":"https:\/\/news.canadamotorjobs.com\/#website"},"primaryImageOfPage":{"@id":"https:\/\/news.canadamotorjobs.com\/fr\/des-signes-de-ralentissement-dans-le-monde-des-vehicules-electriques\/#primaryimage"},"image":{"@id":"https:\/\/news.canadamotorjobs.com\/fr\/des-signes-de-ralentissement-dans-le-monde-des-vehicules-electriques\/#primaryimage"},"thumbnailUrl":"https:\/\/annuelauto.ca\/wp-content\/uploads\/2023\/10\/2022-Ford-F-150-Lightning-featured-1.jpg","datePublished":"2023-10-23T11:59:30+00:00","dateModified":"2023-10-23T12:02:32+00:00","description":"Des signes de ralentissement dans le monde des v\u00e9hicules \u00e9lectriques - Benoit Charette - Annuel automobile - CanadaMotorJobs.com.","breadcrumb":{"@id":"https:\/\/news.canadamotorjobs.com\/fr\/des-signes-de-ralentissement-dans-le-monde-des-vehicules-electriques\/#breadcrumb"},"inLanguage":"fr-CA","potentialAction":[{"@type":"ReadAction","target":["https:\/\/news.canadamotorjobs.com\/fr\/des-signes-de-ralentissement-dans-le-monde-des-vehicules-electriques\/"]}]},{"@type":"ImageObject","inLanguage":"fr-CA","@id":"https:\/\/news.canadamotorjobs.com\/fr\/des-signes-de-ralentissement-dans-le-monde-des-vehicules-electriques\/#primaryimage","url":"https:\/\/annuelauto.ca\/wp-content\/uploads\/2023\/10\/2022-Ford-F-150-Lightning-featured-1.jpg","contentUrl":"https:\/\/annuelauto.ca\/wp-content\/uploads\/2023\/10\/2022-Ford-F-150-Lightning-featured-1.jpg"},{"@type":"BreadcrumbList","@id":"https:\/\/news.canadamotorjobs.com\/fr\/des-signes-de-ralentissement-dans-le-monde-des-vehicules-electriques\/#breadcrumb","itemListElement":[{"@type":"ListItem","position":1,"name":"Home","item":"https:\/\/news.canadamotorjobs.com\/fr\/blog\/"},{"@type":"ListItem","position":2,"name":"Des signes de ralentissement dans le monde des v\u00e9hicules \u00e9lectriques"}]},{"@type":"WebSite","@id":"https:\/\/news.canadamotorjobs.com\/#website","url":"https:\/\/news.canadamotorjobs.com\/","name":"CanadaMotorJobs.com","description":"Automotive Jobs","publisher":{"@id":"https:\/\/news.canadamotorjobs.com\/#organization"},"potentialAction":[{"@type":"SearchAction","target":{"@type":"EntryPoint","urlTemplate":"https:\/\/news.canadamotorjobs.com\/?s={search_term_string}"},"query-input":"required name=search_term_string"}],"inLanguage":"fr-CA"},{"@type":"Organization","@id":"https:\/\/news.canadamotorjobs.com\/#organization","name":"Canada Motor Jobs","url":"https:\/\/news.canadamotorjobs.com\/","logo":{"@type":"ImageObject","inLanguage":"fr-CA","@id":"https:\/\/news.canadamotorjobs.com\/#\/schema\/logo\/image\/","url":"https:\/\/news.canadamotorjobs.com\/wp-content\/uploads\/2022\/10\/logo-canada-motor-jobs-1.png","contentUrl":"https:\/\/news.canadamotorjobs.com\/wp-content\/uploads\/2022\/10\/logo-canada-motor-jobs-1.png","width":800,"height":400,"caption":"Canada Motor Jobs"},"image":{"@id":"https:\/\/news.canadamotorjobs.com\/#\/schema\/logo\/image\/"},"sameAs":["https:\/\/www.facebook.com\/canadamotorjobs\/","https:\/\/x.com\/canadamotorjobs","https:\/\/www.instagram.com\/canadamotorjobs\/","https:\/\/www.linkedin.com\/company\/canadamotorjobs"]},{"@type":"Person","@id":"https:\/\/news.canadamotorjobs.com\/#\/schema\/person\/51793d1f87d44011d7bcc2ed99269a90","name":"Benoit Charette","image":{"@type":"ImageObject","inLanguage":"fr-CA","@id":"https:\/\/news.canadamotorjobs.com\/#\/schema\/person\/image\/","url":"https:\/\/secure.gravatar.com\/avatar\/45f3d2eebcccd909668d7ce7ea7267b6?s=96&d=mm&r=g","contentUrl":"https:\/\/secure.gravatar.com\/avatar\/45f3d2eebcccd909668d7ce7ea7267b6?s=96&d=mm&r=g","caption":"Benoit Charette"},"description":"Benoit Charette \/ Propri\u00e9taire et r\u00e9dacteur en chef Benoit Charette pratique le journalisme automobile depuis bient\u00f4t 30 ans. Il a fait ses classes au c\u00f4t\u00e9 de Daniel H\u00e9raud et au Carnet de route de 1992 \u00e0 2001. Il est fondateur, copropri\u00e9taire et r\u00e9dacteur en chef de L\u2019Annuel de l\u2019automobile, qu\u2019il publie depuis 2001. Il a anim\u00e9 les \u00e9missions RPM et RPM+ sur V et les L\u00e9gendes de la route sur Historia. \u00c0 la radio depuis 1986, il reprend l\u2019antenne cette ann\u00e9e sur les ondes de Cogeco et participe pour la deuxi\u00e8me ann\u00e9e \u00e0 l\u2019\u00e9mission Passion Auto sur RDS en plus de mettre en ligne le site Web officiel de L\u2019Annuel de l\u2019automobile sur annuelauto.ca.","sameAs":["https:\/\/annuelauto.ca\/"],"url":"https:\/\/news.canadamotorjobs.com\/fr\/author\/benoit-charette\/"}]}},"_links":{"self":[{"href":"https:\/\/news.canadamotorjobs.com\/fr\/wp-json\/wp\/v2\/posts\/152455"}],"collection":[{"href":"https:\/\/news.canadamotorjobs.com\/fr\/wp-json\/wp\/v2\/posts"}],"about":[{"href":"https:\/\/news.canadamotorjobs.com\/fr\/wp-json\/wp\/v2\/types\/post"}],"author":[{"embeddable":true,"href":"https:\/\/news.canadamotorjobs.com\/fr\/wp-json\/wp\/v2\/users\/8"}],"replies":[{"embeddable":true,"href":"https:\/\/news.canadamotorjobs.com\/fr\/wp-json\/wp\/v2\/comments?post=152455"}],"version-history":[{"count":2,"href":"https:\/\/news.canadamotorjobs.com\/fr\/wp-json\/wp\/v2\/posts\/152455\/revisions"}],"predecessor-version":[{"id":152457,"href":"https:\/\/news.canadamotorjobs.com\/fr\/wp-json\/wp\/v2\/posts\/152455\/revisions\/152457"}],"wp:attachment":[{"href":"https:\/\/news.canadamotorjobs.com\/fr\/wp-json\/wp\/v2\/media?parent=152455"}],"wp:term":[{"taxonomy":"category","embeddable":true,"href":"https:\/\/news.canadamotorjobs.com\/fr\/wp-json\/wp\/v2\/categories?post=152455"},{"taxonomy":"post_tag","embeddable":true,"href":"https:\/\/news.canadamotorjobs.com\/fr\/wp-json\/wp\/v2\/tags?post=152455"}],"curies":[{"name":"wp","href":"https:\/\/api.w.org\/{rel}","templated":true}]}}