{"id":152453,"date":"2023-10-21T07:12:06","date_gmt":"2023-10-21T11:12:06","guid":{"rendered":"https:\/\/news.canadamotorjobs.com\/?p=152453"},"modified":"2023-10-21T07:14:18","modified_gmt":"2023-10-21T11:14:18","slug":"aimez-vous-mieux-un-land-cruiser-electrique","status":"publish","type":"post","link":"https:\/\/news.canadamotorjobs.com\/fr\/aimez-vous-mieux-un-land-cruiser-electrique\/","title":{"rendered":"Aimez-vous mieux un Land Cruiser \u00e9lectrique ?"},"content":{"rendered":"<p><img loading=\"lazy\" decoding=\"async\" width=\"1517\" height=\"800\" src=\"https:\/\/annuelauto.ca\/wp-content\/uploads\/2023\/10\/20231021_01_01.jpg\" class=\"attachment-post-thumbnail size-post-thumbnail wp-post-image\" alt=\"\" \/><\/p>\n<h3>&#8211; Toyota jette un premier coup d\u2019oeil sur le premier Land Cruiser \u00e9lectrique.<\/h3>\n<p><\/p>\n<h3>&#8211; Toyota indique que le VUS \u00e9lectrique \u00e0 trois rang\u00e9es mesure 5,15 m de long, 2 m\u00e8tres de large et 1,7 m de haut.<\/h3>\n<p><\/p>\n<h3>&#8211; L&#8217;empattement de 3,05 m du Land Cruiser Se est environ 20 cm plus long que celui du Toyota Land Cruiser 2024.<\/h3>\n<p>\nToyota se base sur un mod\u00e8le iconique de la marque pour l\u2019amener en version \u00e9lectrique. Avant m\u00eame que la s\u00e9rie 250 LC Land Cruiser n&#8217;arrive chez les concessionnaires, Toyota nous donne un aper\u00e7u de ce \u00e0 quoi pourrait ressembler le premier mod\u00e8le \u00e9lectrique en d\u00e9voilant \u00a0le concept Land Cruiser Se.<\/p>\n<h3>Land Cruiser \u00e9lectrique<\/h3>\n<p>\nLorsqu&#8217;il s&#8217;agit de concepts, les d\u00e9tails sont g\u00e9n\u00e9ralement rares. C&#8217;est en grande partie le cas ici, mais Toyota a publi\u00e9 quelques informations int\u00e9ressantes ainsi que plusieurs rendus num\u00e9riques. Par exemple, on nous dit que le Land Cruiser Se mesure 5,15m de long, 2m de large et 1,7m de haut. Son empattement s&#8217;\u00e9tend \u00e9galement sur 3,05m. Cela repr\u00e9sente presque 20 cm de plus entre les essieux que le nouveau mod\u00e8le de production.<\/p>\n<p>Toyota affirme que la Land Cruiser Se comporte trois rang\u00e9es de si\u00e8ges et peut accueillir sept passagers. Aucune mention n&#8217;est faite des motorisations, si ce n&#8217;est que le concept offre une &#8220;exp\u00e9rience de conduite \u00e0 couple \u00e9lev\u00e9&#8221;. Il ne fait gu\u00e8re de doute que son groupe motopropulseur th\u00e9orique consiste en deux moteurs \u00e9lectriques assurant la transmission int\u00e9grale &#8211; il s&#8217;agit d&#8217;un Land Cruiser apr\u00e8s tout. Le concept sugg\u00e8re qu&#8217;il n&#8217;est pas limit\u00e9 aux routes goudronn\u00e9es, puisque le communiqu\u00e9 de presse mentionne &#8220;la confiance dans les terrains difficiles&#8221;.<\/p>\n<p>Bien qu&#8217;il n&#8217;y ait pas d&#8217;autres informations sur le concept Toyota Land Cruiser Se, sa carrosserie carr\u00e9e est ind\u00e9niablement s\u00e9duisante. Il est surprenant de constater qu&#8217;il ne ressemble gu\u00e8re \u00e0 ses homologues de s\u00e9rie. En fait, sans l&#8217;inscription &#8220;Toyota&#8221; sur son museau et au-dessus de son bandeau de feux arri\u00e8re tr\u00e8s fin, nous ne l&#8217;associerions m\u00eame pas au constructeur automobile.<\/p>\n<p>Avec des renseignements de Car and driver<\/p>\n<p>\u00a0<\/p>\n<p>\u00a0<\/p>\n<p>Le texte <a rel=\"nofollow\" href=\"https:\/\/annuelauto.ca\/aimez-vous-mieux-un-land-cruiser-electrique\/\">Aimez-vous mieux un Land Cruiser \u00e9lectrique ?<\/a> provient de <a rel=\"nofollow\" href=\"https:\/\/annuelauto.ca\">L&#8217;annuel de l&#8217;automobile &#8211; Actualit\u00e9 automobile<\/a><\/p>\n<p><\/p>\n","protected":false},"excerpt":{"rendered":"<p>&#8211; Toyota jette un premier coup d\u2019oeil sur le premier Land Cruiser \u00e9lectrique. &#8211; Toyota indique que le VUS \u00e9lectrique \u00e0 trois rang\u00e9es mesure 5,15 m de long, 2 m\u00e8tres de large et 1,7 m de haut. &#8211; L&#8217;empattement de 3,05 m du Land Cruiser Se est environ 20 cm plus long que celui du [&hellip;]<\/p>\n","protected":false},"author":8,"featured_media":0,"comment_status":"close","ping_status":"closed","sticky":false,"template":"","format":"standard","meta":{"_monsterinsights_skip_tracking":false,"_monsterinsights_sitenote_active":false,"_monsterinsights_sitenote_note":"","_monsterinsights_sitenote_category":0,"footnotes":""},"categories":[101],"tags":[],"yoast_head":"<!-- This site is optimized with the Yoast SEO plugin v23.2 - https:\/\/yoast.com\/wordpress\/plugins\/seo\/ -->\n<title>Aimez-vous mieux un Land Cruiser \u00e9lectrique ? - CanadaMotorJobs.com<\/title>\n<meta name=\"description\" content=\"Aimez-vous mieux un Land Cruiser \u00e9lectrique ? - Benoit Charette - Annuel automobile - CanadaMotorJobs.com.\" \/>\n<meta name=\"robots\" content=\"index, follow, max-snippet:-1, max-image-preview:large, max-video-preview:-1\" \/>\n<meta property=\"og:locale\" content=\"fr_CA\" \/>\n<meta property=\"og:type\" content=\"article\" \/>\n<meta property=\"og:title\" content=\"Aimez-vous mieux un Land Cruiser \u00e9lectrique ? - CanadaMotorJobs.com\" \/>\n<meta property=\"og:description\" content=\"Aimez-vous mieux un Land Cruiser \u00e9lectrique ? - Benoit Charette - Annuel automobile - CanadaMotorJobs.com.\" \/>\n<meta property=\"og:url\" content=\"https:\/\/news.canadamotorjobs.com\/fr\/aimez-vous-mieux-un-land-cruiser-electrique\/\" \/>\n<meta property=\"og:site_name\" content=\"CanadaMotorJobs.com\" \/>\n<meta property=\"article:publisher\" content=\"https:\/\/www.facebook.com\/canadamotorjobs\/\" \/>\n<meta property=\"article:published_time\" content=\"2023-10-21T11:12:06+00:00\" \/>\n<meta property=\"article:modified_time\" content=\"2023-10-21T11:14:18+00:00\" \/>\n<meta property=\"og:image\" content=\"https:\/\/annuelauto.ca\/wp-content\/uploads\/2023\/10\/20231021_01_01.jpg\" \/>\n<meta name=\"author\" content=\"Benoit Charette\" \/>\n<meta name=\"twitter:card\" content=\"summary_large_image\" \/>\n<meta name=\"twitter:creator\" content=\"@canadamotorjobs\" \/>\n<meta name=\"twitter:site\" content=\"@canadamotorjobs\" \/>\n<meta name=\"twitter:label1\" content=\"\u00c9crit par\" \/>\n\t<meta name=\"twitter:data1\" content=\"Benoit Charette\" \/>\n\t<meta name=\"twitter:label2\" content=\"Estimation du temps de lecture\" \/>\n\t<meta name=\"twitter:data2\" content=\"2 minutes\" \/>\n<!-- \/ Yoast SEO plugin. -->","yoast_head_json":{"title":"Aimez-vous mieux un Land Cruiser \u00e9lectrique ? - CanadaMotorJobs.com","description":"Aimez-vous mieux un Land Cruiser \u00e9lectrique ? - Benoit Charette - Annuel automobile - CanadaMotorJobs.com.","robots":{"index":"index","follow":"follow","max-snippet":"max-snippet:-1","max-image-preview":"max-image-preview:large","max-video-preview":"max-video-preview:-1"},"og_locale":"fr_CA","og_type":"article","og_title":"Aimez-vous mieux un Land Cruiser \u00e9lectrique ? - CanadaMotorJobs.com","og_description":"Aimez-vous mieux un Land Cruiser \u00e9lectrique ? - Benoit Charette - Annuel automobile - CanadaMotorJobs.com.","og_url":"https:\/\/news.canadamotorjobs.com\/fr\/aimez-vous-mieux-un-land-cruiser-electrique\/","og_site_name":"CanadaMotorJobs.com","article_publisher":"https:\/\/www.facebook.com\/canadamotorjobs\/","article_published_time":"2023-10-21T11:12:06+00:00","article_modified_time":"2023-10-21T11:14:18+00:00","og_image":[{"url":"https:\/\/annuelauto.ca\/wp-content\/uploads\/2023\/10\/20231021_01_01.jpg"}],"author":"Benoit Charette","twitter_card":"summary_large_image","twitter_creator":"@canadamotorjobs","twitter_site":"@canadamotorjobs","twitter_misc":{"\u00c9crit par":"Benoit Charette","Estimation du temps de lecture":"2 minutes"},"schema":{"@context":"https:\/\/schema.org","@graph":[{"@type":"Article","@id":"https:\/\/news.canadamotorjobs.com\/fr\/aimez-vous-mieux-un-land-cruiser-electrique\/#article","isPartOf":{"@id":"https:\/\/news.canadamotorjobs.com\/fr\/aimez-vous-mieux-un-land-cruiser-electrique\/"},"author":{"name":"Benoit Charette","@id":"https:\/\/news.canadamotorjobs.com\/#\/schema\/person\/51793d1f87d44011d7bcc2ed99269a90"},"headline":"Aimez-vous mieux un Land Cruiser \u00e9lectrique ?","datePublished":"2023-10-21T11:12:06+00:00","dateModified":"2023-10-21T11:14:18+00:00","mainEntityOfPage":{"@id":"https:\/\/news.canadamotorjobs.com\/fr\/aimez-vous-mieux-un-land-cruiser-electrique\/"},"wordCount":401,"publisher":{"@id":"https:\/\/news.canadamotorjobs.com\/#organization"},"image":{"@id":"https:\/\/news.canadamotorjobs.com\/fr\/aimez-vous-mieux-un-land-cruiser-electrique\/#primaryimage"},"thumbnailUrl":"https:\/\/annuelauto.ca\/wp-content\/uploads\/2023\/10\/20231021_01_01.jpg","articleSection":["Annuel automobile"],"inLanguage":"fr-CA"},{"@type":"WebPage","@id":"https:\/\/news.canadamotorjobs.com\/fr\/aimez-vous-mieux-un-land-cruiser-electrique\/","url":"https:\/\/news.canadamotorjobs.com\/fr\/aimez-vous-mieux-un-land-cruiser-electrique\/","name":"Aimez-vous mieux un Land Cruiser \u00e9lectrique ? - CanadaMotorJobs.com","isPartOf":{"@id":"https:\/\/news.canadamotorjobs.com\/#website"},"primaryImageOfPage":{"@id":"https:\/\/news.canadamotorjobs.com\/fr\/aimez-vous-mieux-un-land-cruiser-electrique\/#primaryimage"},"image":{"@id":"https:\/\/news.canadamotorjobs.com\/fr\/aimez-vous-mieux-un-land-cruiser-electrique\/#primaryimage"},"thumbnailUrl":"https:\/\/annuelauto.ca\/wp-content\/uploads\/2023\/10\/20231021_01_01.jpg","datePublished":"2023-10-21T11:12:06+00:00","dateModified":"2023-10-21T11:14:18+00:00","description":"Aimez-vous mieux un Land Cruiser \u00e9lectrique ? - Benoit Charette - Annuel automobile - CanadaMotorJobs.com.","breadcrumb":{"@id":"https:\/\/news.canadamotorjobs.com\/fr\/aimez-vous-mieux-un-land-cruiser-electrique\/#breadcrumb"},"inLanguage":"fr-CA","potentialAction":[{"@type":"ReadAction","target":["https:\/\/news.canadamotorjobs.com\/fr\/aimez-vous-mieux-un-land-cruiser-electrique\/"]}]},{"@type":"ImageObject","inLanguage":"fr-CA","@id":"https:\/\/news.canadamotorjobs.com\/fr\/aimez-vous-mieux-un-land-cruiser-electrique\/#primaryimage","url":"https:\/\/annuelauto.ca\/wp-content\/uploads\/2023\/10\/20231021_01_01.jpg","contentUrl":"https:\/\/annuelauto.ca\/wp-content\/uploads\/2023\/10\/20231021_01_01.jpg"},{"@type":"BreadcrumbList","@id":"https:\/\/news.canadamotorjobs.com\/fr\/aimez-vous-mieux-un-land-cruiser-electrique\/#breadcrumb","itemListElement":[{"@type":"ListItem","position":1,"name":"Home","item":"https:\/\/news.canadamotorjobs.com\/fr\/blog\/"},{"@type":"ListItem","position":2,"name":"Aimez-vous mieux un Land Cruiser \u00e9lectrique ?"}]},{"@type":"WebSite","@id":"https:\/\/news.canadamotorjobs.com\/#website","url":"https:\/\/news.canadamotorjobs.com\/","name":"CanadaMotorJobs.com","description":"Automotive Jobs","publisher":{"@id":"https:\/\/news.canadamotorjobs.com\/#organization"},"potentialAction":[{"@type":"SearchAction","target":{"@type":"EntryPoint","urlTemplate":"https:\/\/news.canadamotorjobs.com\/?s={search_term_string}"},"query-input":"required name=search_term_string"}],"inLanguage":"fr-CA"},{"@type":"Organization","@id":"https:\/\/news.canadamotorjobs.com\/#organization","name":"Canada Motor Jobs","url":"https:\/\/news.canadamotorjobs.com\/","logo":{"@type":"ImageObject","inLanguage":"fr-CA","@id":"https:\/\/news.canadamotorjobs.com\/#\/schema\/logo\/image\/","url":"https:\/\/news.canadamotorjobs.com\/wp-content\/uploads\/2022\/10\/logo-canada-motor-jobs-1.png","contentUrl":"https:\/\/news.canadamotorjobs.com\/wp-content\/uploads\/2022\/10\/logo-canada-motor-jobs-1.png","width":800,"height":400,"caption":"Canada Motor Jobs"},"image":{"@id":"https:\/\/news.canadamotorjobs.com\/#\/schema\/logo\/image\/"},"sameAs":["https:\/\/www.facebook.com\/canadamotorjobs\/","https:\/\/x.com\/canadamotorjobs","https:\/\/www.instagram.com\/canadamotorjobs\/","https:\/\/www.linkedin.com\/company\/canadamotorjobs"]},{"@type":"Person","@id":"https:\/\/news.canadamotorjobs.com\/#\/schema\/person\/51793d1f87d44011d7bcc2ed99269a90","name":"Benoit Charette","image":{"@type":"ImageObject","inLanguage":"fr-CA","@id":"https:\/\/news.canadamotorjobs.com\/#\/schema\/person\/image\/","url":"https:\/\/secure.gravatar.com\/avatar\/45f3d2eebcccd909668d7ce7ea7267b6?s=96&d=mm&r=g","contentUrl":"https:\/\/secure.gravatar.com\/avatar\/45f3d2eebcccd909668d7ce7ea7267b6?s=96&d=mm&r=g","caption":"Benoit Charette"},"description":"Benoit Charette \/ Propri\u00e9taire et r\u00e9dacteur en chef Benoit Charette pratique le journalisme automobile depuis bient\u00f4t 30 ans. Il a fait ses classes au c\u00f4t\u00e9 de Daniel H\u00e9raud et au Carnet de route de 1992 \u00e0 2001. Il est fondateur, copropri\u00e9taire et r\u00e9dacteur en chef de L\u2019Annuel de l\u2019automobile, qu\u2019il publie depuis 2001. Il a anim\u00e9 les \u00e9missions RPM et RPM+ sur V et les L\u00e9gendes de la route sur Historia. \u00c0 la radio depuis 1986, il reprend l\u2019antenne cette ann\u00e9e sur les ondes de Cogeco et participe pour la deuxi\u00e8me ann\u00e9e \u00e0 l\u2019\u00e9mission Passion Auto sur RDS en plus de mettre en ligne le site Web officiel de L\u2019Annuel de l\u2019automobile sur annuelauto.ca.","sameAs":["https:\/\/annuelauto.ca\/"],"url":"https:\/\/news.canadamotorjobs.com\/fr\/author\/benoit-charette\/"}]}},"_links":{"self":[{"href":"https:\/\/news.canadamotorjobs.com\/fr\/wp-json\/wp\/v2\/posts\/152453"}],"collection":[{"href":"https:\/\/news.canadamotorjobs.com\/fr\/wp-json\/wp\/v2\/posts"}],"about":[{"href":"https:\/\/news.canadamotorjobs.com\/fr\/wp-json\/wp\/v2\/types\/post"}],"author":[{"embeddable":true,"href":"https:\/\/news.canadamotorjobs.com\/fr\/wp-json\/wp\/v2\/users\/8"}],"replies":[{"embeddable":true,"href":"https:\/\/news.canadamotorjobs.com\/fr\/wp-json\/wp\/v2\/comments?post=152453"}],"version-history":[{"count":1,"href":"https:\/\/news.canadamotorjobs.com\/fr\/wp-json\/wp\/v2\/posts\/152453\/revisions"}],"predecessor-version":[{"id":152454,"href":"https:\/\/news.canadamotorjobs.com\/fr\/wp-json\/wp\/v2\/posts\/152453\/revisions\/152454"}],"wp:attachment":[{"href":"https:\/\/news.canadamotorjobs.com\/fr\/wp-json\/wp\/v2\/media?parent=152453"}],"wp:term":[{"taxonomy":"category","embeddable":true,"href":"https:\/\/news.canadamotorjobs.com\/fr\/wp-json\/wp\/v2\/categories?post=152453"},{"taxonomy":"post_tag","embeddable":true,"href":"https:\/\/news.canadamotorjobs.com\/fr\/wp-json\/wp\/v2\/tags?post=152453"}],"curies":[{"name":"wp","href":"https:\/\/api.w.org\/{rel}","templated":true}]}}