{"id":152449,"date":"2023-10-20T14:34:45","date_gmt":"2023-10-20T18:34:45","guid":{"rendered":"https:\/\/news.canadamotorjobs.com\/?p=152449"},"modified":"2023-10-20T14:44:12","modified_gmt":"2023-10-20T18:44:12","slug":"toyota-et-tesla-signent-un-accord-pour-la-norme-de-recharge-nacs","status":"publish","type":"post","link":"https:\/\/news.canadamotorjobs.com\/fr\/toyota-et-tesla-signent-un-accord-pour-la-norme-de-recharge-nacs\/","title":{"rendered":"Toyota et Tesla signent un accord pour la norme de recharge NACS"},"content":{"rendered":"<p><img loading=\"lazy\" decoding=\"async\" width=\"1024\" height=\"683\" src=\"https:\/\/annuelauto.ca\/wp-content\/uploads\/2023\/10\/2023_bZ4X_Limited_AWD_SupersonicRed_008-1-1024x683-1.jpg\" class=\"attachment-post-thumbnail size-post-thumbnail wp-post-image\" alt=\"\" \/><\/p>\n<p><em>Toyota et Tesla annoncent un partenariat pour adopter la norme de recharge nord-am\u00e9ricaine (NACS) \u00e0 partir de 2025.<\/em><\/p>\n<p>Toyota, le constructeur automobile le plus vendu actuellement, ainsi que sa division de luxe Lexus, se joignent \u00e0 plusieurs autres marques qui ont d\u00e9j\u00e0 pris des mesures similaires plus t\u00f4t cette ann\u00e9e.<\/p>\n<h3><strong>Acc\u00e8s aux Superchargeurs Tesla<\/strong><\/h3>\n<p>\nCet accord inclut l&#8217;acc\u00e8s \u00e0 plus de 12 000 Superchargeurs Tesla en Am\u00e9rique du Nord. L&#8217;un des v\u00e9hicules \u00e9lectriques confirm\u00e9s pour recevoir le connecteur NACS sera le SUV \u00e9lectrique \u00e0 trois rang\u00e9es actuellement en d\u00e9veloppement, fabriqu\u00e9 dans l&#8217;usine de Toyota dans le Kentucky. Ce mod\u00e8le, qui sera le premier v\u00e9hicule \u00e9lectrique assembl\u00e9 par Toyota aux \u00c9tats-Unis, viendra compl\u00e9ter la gamme de produits \u00e9lectriques de Toyota, comprenant d\u00e9j\u00e0 la bZ4X.<\/p>\n<h3><strong>Adaptateur pour les VE Toyota et Lexus \u00e9quip\u00e9s du CCS<\/strong><\/h3>\n<p>\nPour les v\u00e9hicules \u00e9lectriques (VE) Toyota et Lexus \u00e9quip\u00e9s du syst\u00e8me de charge combin\u00e9 (CCS), le constructeur automobile pr\u00e9voit de fournir un adaptateur pour permettre la charge NACS d&#8217;ici 2025. Cela offrira aux clients davantage d&#8217;options de recharge, en particulier aux chargeurs rapides \u00e0 courant continu, pour des trajets en toute confiance vers un plus grand nombre de destinations.<\/p>\n<h3><strong>Nissan et d&#8217;autres marques dans le sillage<\/strong><\/h3>\n<p>\nCependant, Toyota n&#8217;est pas la premi\u00e8re marque japonaise \u00e0 adopter le NACS. Nissan a d\u00e9j\u00e0 annonc\u00e9 son intention d&#8217;\u00e9quiper ses VE, tels que l&#8217;Ariya, du NACS d&#8217;ici 2025. D&#8217;autres fabricants, notamment le groupe BMW, Hyundai et Jaguar, ont \u00e9galement rejoint Tesla dans cette transition.<\/p>\n<h3><strong>Superchargeurs V4 et temps de charge rapide<\/strong><\/h3>\n<p>\nAvec l&#8217;adoption du connecteur NACS, les VE Toyota pourront potentiellement utiliser les Superchargeurs V4 mis \u00e0 jour, d\u00e9j\u00e0 install\u00e9s dans certaines r\u00e9gions du pays. Ils seront fournis avec un adaptateur CCS1 (connu sous le nom de Magic Dock), un lecteur de carte de cr\u00e9dit et des c\u00e2bles plus longs.<\/p>\n<p>Tesla pr\u00e9voit d&#8217;augmenter la capacit\u00e9 de ses superchargeurs pour prendre en charge des vitesses de charge allant jusqu&#8217;\u00e0 350 kW dans les stations V4. Cela b\u00e9n\u00e9ficiera aux mod\u00e8les de VE dot\u00e9s d&#8217;une architecture \u00e9lectrique de 800 volts, tels que la Hyundai Ioniq 5 et l&#8217;Audi e-tron GT. Cette am\u00e9lioration permettra \u00e9galement \u00e0 Toyota de se rapprocher de son objectif d&#8217;un temps de charge de seulement 10 minutes gr\u00e2ce \u00e0 sa technologie de batterie \u00e0 l&#8217;\u00e9tat solide.<\/p>\n<h3><strong>Conclusion<\/strong><\/h3>\n<p>\nAlors que de plus en plus de constructeurs automobiles adoptent la norme de recharge NACS, il ne reste que tr\u00e8s peu de retardataires. Avec la majorit\u00e9 des grands acteurs de l&#8217;industrie ayant d\u00e9j\u00e0 pris position, il est probable que les quelques derniers suivront rapidement cette tendance.<\/p>\n<p>\u00a0<\/p>\n<p>Le texte <a rel=\"nofollow\" href=\"https:\/\/annuelauto.ca\/toyota-et-tesla-signent-un-accord-pour-la-norme-de-recharge-nacs\/\">Toyota et Tesla signent un accord pour la norme de recharge NACS<\/a> provient de <a rel=\"nofollow\" href=\"https:\/\/annuelauto.ca\">L&#8217;annuel de l&#8217;automobile &#8211; Actualit\u00e9 automobile<\/a><\/p>\n<p><\/p>\n","protected":false},"excerpt":{"rendered":"<p>Toyota et Tesla annoncent un partenariat pour adopter la norme de recharge nord-am\u00e9ricaine (NACS) \u00e0 partir de 2025. Toyota, le constructeur automobile le plus vendu actuellement, ainsi que sa division de luxe Lexus, se joignent \u00e0 plusieurs autres marques qui ont d\u00e9j\u00e0 pris des mesures similaires plus t\u00f4t cette ann\u00e9e. Acc\u00e8s aux Superchargeurs Tesla Cet [&hellip;]<\/p>\n","protected":false},"author":8,"featured_media":0,"comment_status":"close","ping_status":"closed","sticky":false,"template":"","format":"standard","meta":{"_monsterinsights_skip_tracking":false,"_monsterinsights_sitenote_active":false,"_monsterinsights_sitenote_note":"","_monsterinsights_sitenote_category":0,"footnotes":""},"categories":[101],"tags":[],"yoast_head":"<!-- This site is optimized with the Yoast SEO plugin v23.2 - https:\/\/yoast.com\/wordpress\/plugins\/seo\/ -->\n<title>Toyota et Tesla signent un accord pour la norme de recharge NACS - CanadaMotorJobs.com<\/title>\n<meta name=\"description\" content=\"Toyota et Tesla signent un accord pour la norme de recharge NACS - Benoit Charette - Annuel automobile - CanadaMotorJobs.com.\" \/>\n<meta name=\"robots\" content=\"index, follow, max-snippet:-1, max-image-preview:large, max-video-preview:-1\" \/>\n<meta property=\"og:locale\" content=\"fr_CA\" \/>\n<meta property=\"og:type\" content=\"article\" \/>\n<meta property=\"og:title\" content=\"Toyota et Tesla signent un accord pour la norme de recharge NACS - CanadaMotorJobs.com\" \/>\n<meta property=\"og:description\" content=\"Toyota et Tesla signent un accord pour la norme de recharge NACS - Benoit Charette - Annuel automobile - CanadaMotorJobs.com.\" \/>\n<meta property=\"og:url\" content=\"https:\/\/news.canadamotorjobs.com\/fr\/toyota-et-tesla-signent-un-accord-pour-la-norme-de-recharge-nacs\/\" \/>\n<meta property=\"og:site_name\" content=\"CanadaMotorJobs.com\" \/>\n<meta property=\"article:publisher\" content=\"https:\/\/www.facebook.com\/canadamotorjobs\/\" \/>\n<meta property=\"article:published_time\" content=\"2023-10-20T18:34:45+00:00\" \/>\n<meta property=\"article:modified_time\" content=\"2023-10-20T18:44:12+00:00\" \/>\n<meta property=\"og:image\" content=\"https:\/\/annuelauto.ca\/wp-content\/uploads\/2023\/10\/2023_bZ4X_Limited_AWD_SupersonicRed_008-1-1024x683-1.jpg\" \/>\n<meta name=\"author\" content=\"Benoit Charette\" \/>\n<meta name=\"twitter:card\" content=\"summary_large_image\" \/>\n<meta name=\"twitter:creator\" content=\"@canadamotorjobs\" \/>\n<meta name=\"twitter:site\" content=\"@canadamotorjobs\" \/>\n<meta name=\"twitter:label1\" content=\"\u00c9crit par\" \/>\n\t<meta name=\"twitter:data1\" content=\"Benoit Charette\" \/>\n\t<meta name=\"twitter:label2\" content=\"Estimation du temps de lecture\" \/>\n\t<meta name=\"twitter:data2\" content=\"2 minutes\" \/>\n<!-- \/ Yoast SEO plugin. -->","yoast_head_json":{"title":"Toyota et Tesla signent un accord pour la norme de recharge NACS - CanadaMotorJobs.com","description":"Toyota et Tesla signent un accord pour la norme de recharge NACS - Benoit Charette - Annuel automobile - CanadaMotorJobs.com.","robots":{"index":"index","follow":"follow","max-snippet":"max-snippet:-1","max-image-preview":"max-image-preview:large","max-video-preview":"max-video-preview:-1"},"og_locale":"fr_CA","og_type":"article","og_title":"Toyota et Tesla signent un accord pour la norme de recharge NACS - CanadaMotorJobs.com","og_description":"Toyota et Tesla signent un accord pour la norme de recharge NACS - Benoit Charette - Annuel automobile - CanadaMotorJobs.com.","og_url":"https:\/\/news.canadamotorjobs.com\/fr\/toyota-et-tesla-signent-un-accord-pour-la-norme-de-recharge-nacs\/","og_site_name":"CanadaMotorJobs.com","article_publisher":"https:\/\/www.facebook.com\/canadamotorjobs\/","article_published_time":"2023-10-20T18:34:45+00:00","article_modified_time":"2023-10-20T18:44:12+00:00","og_image":[{"url":"https:\/\/annuelauto.ca\/wp-content\/uploads\/2023\/10\/2023_bZ4X_Limited_AWD_SupersonicRed_008-1-1024x683-1.jpg"}],"author":"Benoit Charette","twitter_card":"summary_large_image","twitter_creator":"@canadamotorjobs","twitter_site":"@canadamotorjobs","twitter_misc":{"\u00c9crit par":"Benoit Charette","Estimation du temps de lecture":"2 minutes"},"schema":{"@context":"https:\/\/schema.org","@graph":[{"@type":"Article","@id":"https:\/\/news.canadamotorjobs.com\/fr\/toyota-et-tesla-signent-un-accord-pour-la-norme-de-recharge-nacs\/#article","isPartOf":{"@id":"https:\/\/news.canadamotorjobs.com\/fr\/toyota-et-tesla-signent-un-accord-pour-la-norme-de-recharge-nacs\/"},"author":{"name":"Benoit Charette","@id":"https:\/\/news.canadamotorjobs.com\/#\/schema\/person\/51793d1f87d44011d7bcc2ed99269a90"},"headline":"Toyota et Tesla signent un accord pour la norme de recharge NACS","datePublished":"2023-10-20T18:34:45+00:00","dateModified":"2023-10-20T18:44:12+00:00","mainEntityOfPage":{"@id":"https:\/\/news.canadamotorjobs.com\/fr\/toyota-et-tesla-signent-un-accord-pour-la-norme-de-recharge-nacs\/"},"wordCount":494,"publisher":{"@id":"https:\/\/news.canadamotorjobs.com\/#organization"},"image":{"@id":"https:\/\/news.canadamotorjobs.com\/fr\/toyota-et-tesla-signent-un-accord-pour-la-norme-de-recharge-nacs\/#primaryimage"},"thumbnailUrl":"https:\/\/annuelauto.ca\/wp-content\/uploads\/2023\/10\/2023_bZ4X_Limited_AWD_SupersonicRed_008-1-1024x683-1.jpg","articleSection":["Annuel automobile"],"inLanguage":"fr-CA"},{"@type":"WebPage","@id":"https:\/\/news.canadamotorjobs.com\/fr\/toyota-et-tesla-signent-un-accord-pour-la-norme-de-recharge-nacs\/","url":"https:\/\/news.canadamotorjobs.com\/fr\/toyota-et-tesla-signent-un-accord-pour-la-norme-de-recharge-nacs\/","name":"Toyota et Tesla signent un accord pour la norme de recharge NACS - CanadaMotorJobs.com","isPartOf":{"@id":"https:\/\/news.canadamotorjobs.com\/#website"},"primaryImageOfPage":{"@id":"https:\/\/news.canadamotorjobs.com\/fr\/toyota-et-tesla-signent-un-accord-pour-la-norme-de-recharge-nacs\/#primaryimage"},"image":{"@id":"https:\/\/news.canadamotorjobs.com\/fr\/toyota-et-tesla-signent-un-accord-pour-la-norme-de-recharge-nacs\/#primaryimage"},"thumbnailUrl":"https:\/\/annuelauto.ca\/wp-content\/uploads\/2023\/10\/2023_bZ4X_Limited_AWD_SupersonicRed_008-1-1024x683-1.jpg","datePublished":"2023-10-20T18:34:45+00:00","dateModified":"2023-10-20T18:44:12+00:00","description":"Toyota et Tesla signent un accord pour la norme de recharge NACS - Benoit Charette - Annuel automobile - CanadaMotorJobs.com.","breadcrumb":{"@id":"https:\/\/news.canadamotorjobs.com\/fr\/toyota-et-tesla-signent-un-accord-pour-la-norme-de-recharge-nacs\/#breadcrumb"},"inLanguage":"fr-CA","potentialAction":[{"@type":"ReadAction","target":["https:\/\/news.canadamotorjobs.com\/fr\/toyota-et-tesla-signent-un-accord-pour-la-norme-de-recharge-nacs\/"]}]},{"@type":"ImageObject","inLanguage":"fr-CA","@id":"https:\/\/news.canadamotorjobs.com\/fr\/toyota-et-tesla-signent-un-accord-pour-la-norme-de-recharge-nacs\/#primaryimage","url":"https:\/\/annuelauto.ca\/wp-content\/uploads\/2023\/10\/2023_bZ4X_Limited_AWD_SupersonicRed_008-1-1024x683-1.jpg","contentUrl":"https:\/\/annuelauto.ca\/wp-content\/uploads\/2023\/10\/2023_bZ4X_Limited_AWD_SupersonicRed_008-1-1024x683-1.jpg"},{"@type":"BreadcrumbList","@id":"https:\/\/news.canadamotorjobs.com\/fr\/toyota-et-tesla-signent-un-accord-pour-la-norme-de-recharge-nacs\/#breadcrumb","itemListElement":[{"@type":"ListItem","position":1,"name":"Home","item":"https:\/\/news.canadamotorjobs.com\/fr\/blog\/"},{"@type":"ListItem","position":2,"name":"Toyota et Tesla signent un accord pour la norme de recharge NACS"}]},{"@type":"WebSite","@id":"https:\/\/news.canadamotorjobs.com\/#website","url":"https:\/\/news.canadamotorjobs.com\/","name":"CanadaMotorJobs.com","description":"Automotive Jobs","publisher":{"@id":"https:\/\/news.canadamotorjobs.com\/#organization"},"potentialAction":[{"@type":"SearchAction","target":{"@type":"EntryPoint","urlTemplate":"https:\/\/news.canadamotorjobs.com\/?s={search_term_string}"},"query-input":"required name=search_term_string"}],"inLanguage":"fr-CA"},{"@type":"Organization","@id":"https:\/\/news.canadamotorjobs.com\/#organization","name":"Canada Motor Jobs","url":"https:\/\/news.canadamotorjobs.com\/","logo":{"@type":"ImageObject","inLanguage":"fr-CA","@id":"https:\/\/news.canadamotorjobs.com\/#\/schema\/logo\/image\/","url":"https:\/\/news.canadamotorjobs.com\/wp-content\/uploads\/2022\/10\/logo-canada-motor-jobs-1.png","contentUrl":"https:\/\/news.canadamotorjobs.com\/wp-content\/uploads\/2022\/10\/logo-canada-motor-jobs-1.png","width":800,"height":400,"caption":"Canada Motor Jobs"},"image":{"@id":"https:\/\/news.canadamotorjobs.com\/#\/schema\/logo\/image\/"},"sameAs":["https:\/\/www.facebook.com\/canadamotorjobs\/","https:\/\/x.com\/canadamotorjobs","https:\/\/www.instagram.com\/canadamotorjobs\/","https:\/\/www.linkedin.com\/company\/canadamotorjobs"]},{"@type":"Person","@id":"https:\/\/news.canadamotorjobs.com\/#\/schema\/person\/51793d1f87d44011d7bcc2ed99269a90","name":"Benoit Charette","image":{"@type":"ImageObject","inLanguage":"fr-CA","@id":"https:\/\/news.canadamotorjobs.com\/#\/schema\/person\/image\/","url":"https:\/\/secure.gravatar.com\/avatar\/45f3d2eebcccd909668d7ce7ea7267b6?s=96&d=mm&r=g","contentUrl":"https:\/\/secure.gravatar.com\/avatar\/45f3d2eebcccd909668d7ce7ea7267b6?s=96&d=mm&r=g","caption":"Benoit Charette"},"description":"Benoit Charette \/ Propri\u00e9taire et r\u00e9dacteur en chef Benoit Charette pratique le journalisme automobile depuis bient\u00f4t 30 ans. Il a fait ses classes au c\u00f4t\u00e9 de Daniel H\u00e9raud et au Carnet de route de 1992 \u00e0 2001. Il est fondateur, copropri\u00e9taire et r\u00e9dacteur en chef de L\u2019Annuel de l\u2019automobile, qu\u2019il publie depuis 2001. Il a anim\u00e9 les \u00e9missions RPM et RPM+ sur V et les L\u00e9gendes de la route sur Historia. \u00c0 la radio depuis 1986, il reprend l\u2019antenne cette ann\u00e9e sur les ondes de Cogeco et participe pour la deuxi\u00e8me ann\u00e9e \u00e0 l\u2019\u00e9mission Passion Auto sur RDS en plus de mettre en ligne le site Web officiel de L\u2019Annuel de l\u2019automobile sur annuelauto.ca.","sameAs":["https:\/\/annuelauto.ca\/"],"url":"https:\/\/news.canadamotorjobs.com\/fr\/author\/benoit-charette\/"}]}},"_links":{"self":[{"href":"https:\/\/news.canadamotorjobs.com\/fr\/wp-json\/wp\/v2\/posts\/152449"}],"collection":[{"href":"https:\/\/news.canadamotorjobs.com\/fr\/wp-json\/wp\/v2\/posts"}],"about":[{"href":"https:\/\/news.canadamotorjobs.com\/fr\/wp-json\/wp\/v2\/types\/post"}],"author":[{"embeddable":true,"href":"https:\/\/news.canadamotorjobs.com\/fr\/wp-json\/wp\/v2\/users\/8"}],"replies":[{"embeddable":true,"href":"https:\/\/news.canadamotorjobs.com\/fr\/wp-json\/wp\/v2\/comments?post=152449"}],"version-history":[{"count":1,"href":"https:\/\/news.canadamotorjobs.com\/fr\/wp-json\/wp\/v2\/posts\/152449\/revisions"}],"predecessor-version":[{"id":152450,"href":"https:\/\/news.canadamotorjobs.com\/fr\/wp-json\/wp\/v2\/posts\/152449\/revisions\/152450"}],"wp:attachment":[{"href":"https:\/\/news.canadamotorjobs.com\/fr\/wp-json\/wp\/v2\/media?parent=152449"}],"wp:term":[{"taxonomy":"category","embeddable":true,"href":"https:\/\/news.canadamotorjobs.com\/fr\/wp-json\/wp\/v2\/categories?post=152449"},{"taxonomy":"post_tag","embeddable":true,"href":"https:\/\/news.canadamotorjobs.com\/fr\/wp-json\/wp\/v2\/tags?post=152449"}],"curies":[{"name":"wp","href":"https:\/\/api.w.org\/{rel}","templated":true}]}}