{"id":152445,"date":"2023-10-20T08:19:42","date_gmt":"2023-10-20T12:19:42","guid":{"rendered":"https:\/\/news.canadamotorjobs.com\/?p=152445"},"modified":"2023-10-20T08:30:44","modified_gmt":"2023-10-20T12:30:44","slug":"laudi-a4-passe-en-mode-electrique-en-2025","status":"publish","type":"post","link":"https:\/\/news.canadamotorjobs.com\/fr\/laudi-a4-passe-en-mode-electrique-en-2025\/","title":{"rendered":"L\u2019Audi A4 passe en mode \u00e9lectrique en 2025"},"content":{"rendered":"<p><img loading=\"lazy\" decoding=\"async\" width=\"1280\" height=\"720\" src=\"https:\/\/annuelauto.ca\/wp-content\/uploads\/2023\/10\/B6FtNKtgSqRqbnNsbL9tN43z1P7JRpG64gimO52s2ZKYZwylSpeTvYys86ooBgUohzqnf.jpg\" class=\"attachment-post-thumbnail size-post-thumbnail wp-post-image\" alt=\"\" \/><\/p>\n<p>L&#8217;Audi A4 passera \u00e0 une motorisation enti\u00e8rement \u00e9lectrique, trois d\u00e9cennies apr\u00e8s son introduction. Commercialis\u00e9e vers la fin de l&#8217;ann\u00e9e 2025, l&#8217;A4 \u00e9lectrique sera vendue aux c\u00f4t\u00e9s d&#8217;une nouvelle g\u00e9n\u00e9ration de voitures \u00e0 combustion \u00e9quivalente &#8211; d\u00e9velopp\u00e9e \u00e0 partir de la voiture actuelle, mais portant le nom A5, conform\u00e9ment \u00e0 la nouvelle strat\u00e9gie de d\u00e9nomination d&#8217;Audi, qui attribue des nombres pairs aux v\u00e9hicules \u00e9lectriques. Son style va s\u2019inspirer de celui des A6 et Q6 E-tron EV avec lesquelles elle partage la nouvelle architecture PPE co-d\u00e9velopp\u00e9e par Audi et Porsche.<\/p>\n<h3>Quelques avanc\u00e9es technologiques<\/h3>\n<p>\nDans le sillage du Q6, qui arrivera d\u00e9but 2024 en tant que fer de lance de la nouvelle gamme de VE sur mesure d&#8217;Audi, elle apportera des avanc\u00e9es techniques significatives par rapport aux voitures \u00e9lectriques actuelles de la marque. La plus notable d&#8217;entre elles sera une batterie de nouvelle g\u00e9n\u00e9ration plac\u00e9e entre les essieux, avec une capacit\u00e9 utilisable d&#8217;environ 100kWh. Compte tenu du fait que l&#8217;A4 sera intrins\u00e8quement plus basse, plus \u00e9l\u00e9gante et plus l\u00e9g\u00e8re que le Q6,\u00a0 elle devrait avoir une autonomie maximale de pr\u00e8s de 600 km. \u00c9quip\u00e9e de s\u00e9rie d&#8217;un syst\u00e8me de recharge de 800 V, l&#8217;A4 E-tron pourra \u00eatre recharg\u00e9e \u00e0 une puissance maximale de 270 kW, soit le double de la vitesse de l&#8217;actuelle Q4 E-tron bas\u00e9e sur la plateforme MEB du Volks ID.4. Cela permettra de recharger pr\u00e8s de 250 km en seulement 10 minutes.<\/p>\n<h3>Batterie NMC<\/h3>\n<p>\nLa nouvelle batterie nickel-mangan\u00e8se-cobalt comprend 15 cellules prismatiques individuelles, dispos\u00e9es de mani\u00e8re \u00e0 maximiser l&#8217;utilisation de l&#8217;espace dans le plancher et \u00e0 augmenter l&#8217;espace int\u00e9rieur tout en optimisant la densit\u00e9 \u00e9nerg\u00e9tique. Des semi-conducteurs en carbure de silicium sont utilis\u00e9s dans toute la structure de c\u00e2blage des voitures bas\u00e9es sur le PPE, choisis pour leurs faibles \u00e9missions de chaleur et donc pour la r\u00e9duction du gaspillage d&#8217;\u00e9nergie.<\/p>\n<h3>Il y aura aussi une version S4 \u00e9lectrique<\/h3>\n<p>\nL&#8217;A4 \u00e9lectrique devrait \u00eatre lanc\u00e9e avec un \u00e9ventail familier de variantes, allant d&#8217;une A4 45 E-tron d&#8217;entr\u00e9e de gamme \u00e0 propulsion \u00e0 une A4 55 E-tron \u00e0 quatre roues motrices et deux moteurs, qui devrait \u00e9galer le Q6 \u00e9quivalent avec une puissance de 396 chevaux et un temps de 0 \u00e0 100 km\/h inf\u00e9rieur \u00e0 6,0 secondes.\u00a0 En outre, une S4 E-tron devrait atteindre une puissance totale de 510 ch dans sa configuration la plus puissante afin de r\u00e9duire le temps de parcours de 0 \u00e0 100 km\/h \u00e0 pr\u00e8s de 4,0 secondes.<\/p>\n<h3>Habitacle inspir\u00e9 du Q6<\/h3>\n<p>\n\u00c0 l&#8217;int\u00e9rieur, l&#8217;A4 s&#8217;inspirera du VUS Q6 E-tron, avec un agencement &#8220;centr\u00e9 sur l&#8217;humain&#8221; autour d&#8217;un trio d&#8217;\u00e9crans haute d\u00e9finition, dont un \u00e9cran tactile autonome plac\u00e9 devant le passager, qui lui permet de saisir des itin\u00e9raires et de s\u00e9lectionner de la musique, par exemple.\u00a0 Il est probable qu&#8217;il soit propos\u00e9 avec le m\u00eame affichage t\u00eate haute \u00e0 r\u00e9alit\u00e9 augment\u00e9e que le Q6 et un syst\u00e8me d&#8217;\u00e9clairage DEL transversal qui accueille les occupants et indique l&#8217;\u00e9tat de charge lorsque la voiture est branch\u00e9e. Au chapitre des prix, il faut s\u2019attendre \u00e0 des prix semblables \u00e0 des mod\u00e8les comme la BMW i4 donc un prix de d\u00e9part \u00e0 un peu plus de 60\u00a0000$ et une S4 qui va d\u00e9passer les 90\u00a0000 $.<\/p>\n<p>\u00a0<\/p>\n<p>Avec des renseignements d\u2019Autocar<\/p>\n<p>Le texte <a rel=\"nofollow\" href=\"https:\/\/annuelauto.ca\/laudi-a4-passe-en-mode-electrique-en-2025\/\">L\u2019Audi A4 passe en mode \u00e9lectrique en 2025<\/a> provient de <a rel=\"nofollow\" href=\"https:\/\/annuelauto.ca\">L&#8217;annuel de l&#8217;automobile &#8211; Actualit\u00e9 automobile<\/a><\/p>\n<p><\/p>\n","protected":false},"excerpt":{"rendered":"<p>L&#8217;Audi A4 passera \u00e0 une motorisation enti\u00e8rement \u00e9lectrique, trois d\u00e9cennies apr\u00e8s son introduction. Commercialis\u00e9e vers la fin de l&#8217;ann\u00e9e 2025, l&#8217;A4 \u00e9lectrique sera vendue aux c\u00f4t\u00e9s d&#8217;une nouvelle g\u00e9n\u00e9ration de voitures \u00e0 combustion \u00e9quivalente &#8211; d\u00e9velopp\u00e9e \u00e0 partir de la voiture actuelle, mais portant le nom A5, conform\u00e9ment \u00e0 la nouvelle strat\u00e9gie de d\u00e9nomination d&#8217;Audi, [&hellip;]<\/p>\n","protected":false},"author":8,"featured_media":0,"comment_status":"close","ping_status":"closed","sticky":false,"template":"","format":"standard","meta":{"_monsterinsights_skip_tracking":false,"_monsterinsights_sitenote_active":false,"_monsterinsights_sitenote_note":"","_monsterinsights_sitenote_category":0,"footnotes":""},"categories":[101],"tags":[],"yoast_head":"<!-- This site is optimized with the Yoast SEO plugin v23.2 - https:\/\/yoast.com\/wordpress\/plugins\/seo\/ -->\n<title>L\u2019Audi A4 passe en mode \u00e9lectrique en 2025 - CanadaMotorJobs.com<\/title>\n<meta name=\"description\" content=\"L\u2019Audi A4 passe en mode \u00e9lectrique en 2025 - Benoit Charette - Annuel automobile - CanadaMotorJobs.com.\" \/>\n<meta name=\"robots\" content=\"index, follow, max-snippet:-1, max-image-preview:large, max-video-preview:-1\" \/>\n<meta property=\"og:locale\" content=\"fr_CA\" \/>\n<meta property=\"og:type\" content=\"article\" \/>\n<meta property=\"og:title\" content=\"L\u2019Audi A4 passe en mode \u00e9lectrique en 2025 - CanadaMotorJobs.com\" \/>\n<meta property=\"og:description\" content=\"L\u2019Audi A4 passe en mode \u00e9lectrique en 2025 - Benoit Charette - Annuel automobile - CanadaMotorJobs.com.\" \/>\n<meta property=\"og:url\" content=\"https:\/\/news.canadamotorjobs.com\/fr\/laudi-a4-passe-en-mode-electrique-en-2025\/\" \/>\n<meta property=\"og:site_name\" content=\"CanadaMotorJobs.com\" \/>\n<meta property=\"article:publisher\" content=\"https:\/\/www.facebook.com\/canadamotorjobs\/\" \/>\n<meta property=\"article:published_time\" content=\"2023-10-20T12:19:42+00:00\" \/>\n<meta property=\"article:modified_time\" content=\"2023-10-20T12:30:44+00:00\" \/>\n<meta property=\"og:image\" content=\"https:\/\/annuelauto.ca\/wp-content\/uploads\/2023\/10\/B6FtNKtgSqRqbnNsbL9tN43z1P7JRpG64gimO52s2ZKYZwylSpeTvYys86ooBgUohzqnf.jpg\" \/>\n<meta name=\"author\" content=\"Benoit Charette\" \/>\n<meta name=\"twitter:card\" content=\"summary_large_image\" \/>\n<meta name=\"twitter:creator\" content=\"@canadamotorjobs\" \/>\n<meta name=\"twitter:site\" content=\"@canadamotorjobs\" \/>\n<meta name=\"twitter:label1\" content=\"\u00c9crit par\" \/>\n\t<meta name=\"twitter:data1\" content=\"Benoit Charette\" \/>\n\t<meta name=\"twitter:label2\" content=\"Estimation du temps de lecture\" \/>\n\t<meta name=\"twitter:data2\" content=\"3 minutes\" \/>\n<!-- \/ Yoast SEO plugin. -->","yoast_head_json":{"title":"L\u2019Audi A4 passe en mode \u00e9lectrique en 2025 - CanadaMotorJobs.com","description":"L\u2019Audi A4 passe en mode \u00e9lectrique en 2025 - Benoit Charette - Annuel automobile - CanadaMotorJobs.com.","robots":{"index":"index","follow":"follow","max-snippet":"max-snippet:-1","max-image-preview":"max-image-preview:large","max-video-preview":"max-video-preview:-1"},"og_locale":"fr_CA","og_type":"article","og_title":"L\u2019Audi A4 passe en mode \u00e9lectrique en 2025 - CanadaMotorJobs.com","og_description":"L\u2019Audi A4 passe en mode \u00e9lectrique en 2025 - Benoit Charette - Annuel automobile - CanadaMotorJobs.com.","og_url":"https:\/\/news.canadamotorjobs.com\/fr\/laudi-a4-passe-en-mode-electrique-en-2025\/","og_site_name":"CanadaMotorJobs.com","article_publisher":"https:\/\/www.facebook.com\/canadamotorjobs\/","article_published_time":"2023-10-20T12:19:42+00:00","article_modified_time":"2023-10-20T12:30:44+00:00","og_image":[{"url":"https:\/\/annuelauto.ca\/wp-content\/uploads\/2023\/10\/B6FtNKtgSqRqbnNsbL9tN43z1P7JRpG64gimO52s2ZKYZwylSpeTvYys86ooBgUohzqnf.jpg"}],"author":"Benoit Charette","twitter_card":"summary_large_image","twitter_creator":"@canadamotorjobs","twitter_site":"@canadamotorjobs","twitter_misc":{"\u00c9crit par":"Benoit Charette","Estimation du temps de lecture":"3 minutes"},"schema":{"@context":"https:\/\/schema.org","@graph":[{"@type":"Article","@id":"https:\/\/news.canadamotorjobs.com\/fr\/laudi-a4-passe-en-mode-electrique-en-2025\/#article","isPartOf":{"@id":"https:\/\/news.canadamotorjobs.com\/fr\/laudi-a4-passe-en-mode-electrique-en-2025\/"},"author":{"name":"Benoit Charette","@id":"https:\/\/news.canadamotorjobs.com\/#\/schema\/person\/51793d1f87d44011d7bcc2ed99269a90"},"headline":"L\u2019Audi A4 passe en mode \u00e9lectrique en 2025","datePublished":"2023-10-20T12:19:42+00:00","dateModified":"2023-10-20T12:30:44+00:00","mainEntityOfPage":{"@id":"https:\/\/news.canadamotorjobs.com\/fr\/laudi-a4-passe-en-mode-electrique-en-2025\/"},"wordCount":610,"publisher":{"@id":"https:\/\/news.canadamotorjobs.com\/#organization"},"image":{"@id":"https:\/\/news.canadamotorjobs.com\/fr\/laudi-a4-passe-en-mode-electrique-en-2025\/#primaryimage"},"thumbnailUrl":"https:\/\/annuelauto.ca\/wp-content\/uploads\/2023\/10\/B6FtNKtgSqRqbnNsbL9tN43z1P7JRpG64gimO52s2ZKYZwylSpeTvYys86ooBgUohzqnf.jpg","articleSection":["Annuel automobile"],"inLanguage":"fr-CA"},{"@type":"WebPage","@id":"https:\/\/news.canadamotorjobs.com\/fr\/laudi-a4-passe-en-mode-electrique-en-2025\/","url":"https:\/\/news.canadamotorjobs.com\/fr\/laudi-a4-passe-en-mode-electrique-en-2025\/","name":"L\u2019Audi A4 passe en mode \u00e9lectrique en 2025 - CanadaMotorJobs.com","isPartOf":{"@id":"https:\/\/news.canadamotorjobs.com\/#website"},"primaryImageOfPage":{"@id":"https:\/\/news.canadamotorjobs.com\/fr\/laudi-a4-passe-en-mode-electrique-en-2025\/#primaryimage"},"image":{"@id":"https:\/\/news.canadamotorjobs.com\/fr\/laudi-a4-passe-en-mode-electrique-en-2025\/#primaryimage"},"thumbnailUrl":"https:\/\/annuelauto.ca\/wp-content\/uploads\/2023\/10\/B6FtNKtgSqRqbnNsbL9tN43z1P7JRpG64gimO52s2ZKYZwylSpeTvYys86ooBgUohzqnf.jpg","datePublished":"2023-10-20T12:19:42+00:00","dateModified":"2023-10-20T12:30:44+00:00","description":"L\u2019Audi A4 passe en mode \u00e9lectrique en 2025 - Benoit Charette - Annuel automobile - CanadaMotorJobs.com.","breadcrumb":{"@id":"https:\/\/news.canadamotorjobs.com\/fr\/laudi-a4-passe-en-mode-electrique-en-2025\/#breadcrumb"},"inLanguage":"fr-CA","potentialAction":[{"@type":"ReadAction","target":["https:\/\/news.canadamotorjobs.com\/fr\/laudi-a4-passe-en-mode-electrique-en-2025\/"]}]},{"@type":"ImageObject","inLanguage":"fr-CA","@id":"https:\/\/news.canadamotorjobs.com\/fr\/laudi-a4-passe-en-mode-electrique-en-2025\/#primaryimage","url":"https:\/\/annuelauto.ca\/wp-content\/uploads\/2023\/10\/B6FtNKtgSqRqbnNsbL9tN43z1P7JRpG64gimO52s2ZKYZwylSpeTvYys86ooBgUohzqnf.jpg","contentUrl":"https:\/\/annuelauto.ca\/wp-content\/uploads\/2023\/10\/B6FtNKtgSqRqbnNsbL9tN43z1P7JRpG64gimO52s2ZKYZwylSpeTvYys86ooBgUohzqnf.jpg"},{"@type":"BreadcrumbList","@id":"https:\/\/news.canadamotorjobs.com\/fr\/laudi-a4-passe-en-mode-electrique-en-2025\/#breadcrumb","itemListElement":[{"@type":"ListItem","position":1,"name":"Home","item":"https:\/\/news.canadamotorjobs.com\/fr\/blog\/"},{"@type":"ListItem","position":2,"name":"L\u2019Audi A4 passe en mode \u00e9lectrique en 2025"}]},{"@type":"WebSite","@id":"https:\/\/news.canadamotorjobs.com\/#website","url":"https:\/\/news.canadamotorjobs.com\/","name":"CanadaMotorJobs.com","description":"Automotive Jobs","publisher":{"@id":"https:\/\/news.canadamotorjobs.com\/#organization"},"potentialAction":[{"@type":"SearchAction","target":{"@type":"EntryPoint","urlTemplate":"https:\/\/news.canadamotorjobs.com\/?s={search_term_string}"},"query-input":"required name=search_term_string"}],"inLanguage":"fr-CA"},{"@type":"Organization","@id":"https:\/\/news.canadamotorjobs.com\/#organization","name":"Canada Motor Jobs","url":"https:\/\/news.canadamotorjobs.com\/","logo":{"@type":"ImageObject","inLanguage":"fr-CA","@id":"https:\/\/news.canadamotorjobs.com\/#\/schema\/logo\/image\/","url":"https:\/\/news.canadamotorjobs.com\/wp-content\/uploads\/2022\/10\/logo-canada-motor-jobs-1.png","contentUrl":"https:\/\/news.canadamotorjobs.com\/wp-content\/uploads\/2022\/10\/logo-canada-motor-jobs-1.png","width":800,"height":400,"caption":"Canada Motor Jobs"},"image":{"@id":"https:\/\/news.canadamotorjobs.com\/#\/schema\/logo\/image\/"},"sameAs":["https:\/\/www.facebook.com\/canadamotorjobs\/","https:\/\/x.com\/canadamotorjobs","https:\/\/www.instagram.com\/canadamotorjobs\/","https:\/\/www.linkedin.com\/company\/canadamotorjobs"]},{"@type":"Person","@id":"https:\/\/news.canadamotorjobs.com\/#\/schema\/person\/51793d1f87d44011d7bcc2ed99269a90","name":"Benoit Charette","image":{"@type":"ImageObject","inLanguage":"fr-CA","@id":"https:\/\/news.canadamotorjobs.com\/#\/schema\/person\/image\/","url":"https:\/\/secure.gravatar.com\/avatar\/45f3d2eebcccd909668d7ce7ea7267b6?s=96&d=mm&r=g","contentUrl":"https:\/\/secure.gravatar.com\/avatar\/45f3d2eebcccd909668d7ce7ea7267b6?s=96&d=mm&r=g","caption":"Benoit Charette"},"description":"Benoit Charette \/ Propri\u00e9taire et r\u00e9dacteur en chef Benoit Charette pratique le journalisme automobile depuis bient\u00f4t 30 ans. Il a fait ses classes au c\u00f4t\u00e9 de Daniel H\u00e9raud et au Carnet de route de 1992 \u00e0 2001. Il est fondateur, copropri\u00e9taire et r\u00e9dacteur en chef de L\u2019Annuel de l\u2019automobile, qu\u2019il publie depuis 2001. Il a anim\u00e9 les \u00e9missions RPM et RPM+ sur V et les L\u00e9gendes de la route sur Historia. \u00c0 la radio depuis 1986, il reprend l\u2019antenne cette ann\u00e9e sur les ondes de Cogeco et participe pour la deuxi\u00e8me ann\u00e9e \u00e0 l\u2019\u00e9mission Passion Auto sur RDS en plus de mettre en ligne le site Web officiel de L\u2019Annuel de l\u2019automobile sur annuelauto.ca.","sameAs":["https:\/\/annuelauto.ca\/"],"url":"https:\/\/news.canadamotorjobs.com\/fr\/author\/benoit-charette\/"}]}},"_links":{"self":[{"href":"https:\/\/news.canadamotorjobs.com\/fr\/wp-json\/wp\/v2\/posts\/152445"}],"collection":[{"href":"https:\/\/news.canadamotorjobs.com\/fr\/wp-json\/wp\/v2\/posts"}],"about":[{"href":"https:\/\/news.canadamotorjobs.com\/fr\/wp-json\/wp\/v2\/types\/post"}],"author":[{"embeddable":true,"href":"https:\/\/news.canadamotorjobs.com\/fr\/wp-json\/wp\/v2\/users\/8"}],"replies":[{"embeddable":true,"href":"https:\/\/news.canadamotorjobs.com\/fr\/wp-json\/wp\/v2\/comments?post=152445"}],"version-history":[{"count":1,"href":"https:\/\/news.canadamotorjobs.com\/fr\/wp-json\/wp\/v2\/posts\/152445\/revisions"}],"predecessor-version":[{"id":152446,"href":"https:\/\/news.canadamotorjobs.com\/fr\/wp-json\/wp\/v2\/posts\/152445\/revisions\/152446"}],"wp:attachment":[{"href":"https:\/\/news.canadamotorjobs.com\/fr\/wp-json\/wp\/v2\/media?parent=152445"}],"wp:term":[{"taxonomy":"category","embeddable":true,"href":"https:\/\/news.canadamotorjobs.com\/fr\/wp-json\/wp\/v2\/categories?post=152445"},{"taxonomy":"post_tag","embeddable":true,"href":"https:\/\/news.canadamotorjobs.com\/fr\/wp-json\/wp\/v2\/tags?post=152445"}],"curies":[{"name":"wp","href":"https:\/\/api.w.org\/{rel}","templated":true}]}}