{"id":152438,"date":"2023-10-19T08:33:01","date_gmt":"2023-10-19T12:33:01","guid":{"rendered":"https:\/\/news.canadamotorjobs.com\/?p=152438"},"modified":"2023-10-19T08:44:36","modified_gmt":"2023-10-19T12:44:36","slug":"une-supra-electrique-pour-toyota-a-tokyo","status":"publish","type":"post","link":"https:\/\/news.canadamotorjobs.com\/fr\/une-supra-electrique-pour-toyota-a-tokyo\/","title":{"rendered":"Une Supra \u00e9lectrique pour Toyota \u00e0 Tokyo?"},"content":{"rendered":"<p><img loading=\"lazy\" decoding=\"async\" width=\"1440\" height=\"810\" src=\"https:\/\/annuelauto.ca\/wp-content\/uploads\/2023\/10\/Toyota-Supra-EV-23-Carscoops-1.jpg\" class=\"attachment-post-thumbnail size-post-thumbnail wp-post-image\" alt=\"\" \/><\/p>\n<p>Toyota a peut-\u00eatre du retard dans ses plans d\u2019\u00e9lectrification, mais le groupe japonais est tr\u00e8s \u00e0 jour sur ce qui fait battre le c\u0153ur de ses plus fid\u00e8les acheteurs. Certains vont se rappeler que Toyota avait pr\u00e9sent\u00e9 en 2021 un v\u00e9hicule concept tout \u00e9lectrique qui avait les apparences du coup\u00e9 et cabriolet MR2. Et voil\u00e0 que cette ann\u00e9e, dans le cadre du salon de l\u2019auto de Tokyo, on pr\u00e9sente le v\u00e9hicule concept d\u2019une sportive tout \u00e9lectrique qui a dr\u00f4lement l\u2019air d\u2019une Supra de prochaine g\u00e9n\u00e9ration.<\/p>\n<p>Ce concept, appel\u00e9 FT-Se, sera d\u00e9voil\u00e9 aux c\u00f4t\u00e9s d\u2019un autre concept, le FT-3<sup>e<\/sup>, qui lui prend la forme d\u2019un VUS tout \u00e9lectrique. Notez que dans les deux noms, \u00abFT\u00bb signifie \u00abFuture Toyota\u00bb, ce qui fera miroiter dans l\u2019esprit de plus d\u2019un amateur de voitures japonaises que ces v\u00e9hicules pourraient inspirer des mod\u00e8les qui seront un jour mis en vente. Ne retenez pas votre souffle, Toyota pourrait aussi bien tout laisser tomber, on le sait, les concepts ne sont souvent qu\u2019un coup de marketing pour attirer l\u2019attention du public.<\/p>\n<p>Cela dit, il y a quelques innovations int\u00e9ressantes \u00e0 bord de ces deux v\u00e9hicules. Toyota dit vouloir miser sur des \u00e9l\u00e9ments de conduite uniques \u00e0 la motorisation \u00e9lectrique pour rendre leur conduite plus pr\u00e9cise et plus dynamique. Par exemple, en utilisant plusieurs moteurs \u00e9lectriques, on peut cr\u00e9er un syst\u00e8me \u00e9lectrique de contr\u00f4le vectoriel du couple qui permet de pousser aux bonnes roues et au bon moment le couple g\u00e9n\u00e9r\u00e9 par un ou l\u2019autre de ces moteurs, pour faciliter la conduite sur des routes sinueuses.<\/p>\n<p>Dans le cas du concept de sportive, le FT-Se, Toyota indique que la silhouette tr\u00e8s basse et tr\u00e8s arrondie a \u00e9t\u00e9 con\u00e7ue de mani\u00e8re \u00e0 r\u00e9duire le plus possible la friction a\u00e9rodynamique, pour que le v\u00e9hicule puisse mieux exploiter la puissance de ses moteurs.<\/p>\n<p>Autre d\u00e9tail qui fera sourciller\u00a0: si la FT-Se voit le jour, elle pourrait avoir droit \u00e0\u2026 une bo\u00eete de transmission manuelle. C\u2019est en tout cas ce qu\u2019on disait plus t\u00f4t cette ann\u00e9e chez Toyota, quand le pdg \u00e0 ce moment, Akio Toyoda, \u00e9tait impliqu\u00e9 dans le d\u00e9veloppement de voitures sportives \u00e9lectriques futures. On n\u2019a aucune id\u00e9e comment une sportive \u00e9lectrique \u00e0 six rapports pourrait fonctionner, mais elle viendrait aussi avec un simulateur des bruits d\u2019une voiture \u00e0 essence, et tout ce qu\u2019il faut pour susciter la nostalgie des sportives qui ont fait la renomm\u00e9e de Toyota dans le pass\u00e9.<\/p>\n<p>On a bien h\u00e2te de voir si tout \u00e7a va finir par \u00eatre vendu pour vrai. Outre Toyota, Honda a aussi r\u00e9cemment brevet\u00e9 sa propre bo\u00eete manuelle pour v\u00e9hicules \u00e9lectriques.<\/p>\n<p>Le texte <a rel=\"nofollow\" href=\"https:\/\/annuelauto.ca\/une-supra-electrique-pour-toyota-a-tokyo\/\">Une Supra \u00e9lectrique pour Toyota \u00e0 Tokyo?<\/a> provient de <a rel=\"nofollow\" href=\"https:\/\/annuelauto.ca\">L&#8217;annuel de l&#8217;automobile &#8211; Actualit\u00e9 automobile<\/a><\/p>\n<p><\/p>\n","protected":false},"excerpt":{"rendered":"<p>Toyota a peut-\u00eatre du retard dans ses plans d\u2019\u00e9lectrification, mais le groupe japonais est tr\u00e8s \u00e0 jour sur ce qui fait battre le c\u0153ur de ses plus fid\u00e8les acheteurs. Certains vont se rappeler que Toyota avait pr\u00e9sent\u00e9 en 2021 un v\u00e9hicule concept tout \u00e9lectrique qui avait les apparences du coup\u00e9 et cabriolet MR2. Et voil\u00e0 [&hellip;]<\/p>\n","protected":false},"author":8,"featured_media":0,"comment_status":"close","ping_status":"closed","sticky":false,"template":"","format":"standard","meta":{"_monsterinsights_skip_tracking":false,"_monsterinsights_sitenote_active":false,"_monsterinsights_sitenote_note":"","_monsterinsights_sitenote_category":0,"footnotes":""},"categories":[101],"tags":[],"yoast_head":"<!-- This site is optimized with the Yoast SEO plugin v23.2 - https:\/\/yoast.com\/wordpress\/plugins\/seo\/ -->\n<title>Une Supra \u00e9lectrique pour Toyota \u00e0 Tokyo? - CanadaMotorJobs.com<\/title>\n<meta name=\"description\" content=\"Une Supra \u00e9lectrique pour Toyota \u00e0 Tokyo? - Benoit Charette - Annuel automobile - CanadaMotorJobs.com.\" \/>\n<meta name=\"robots\" content=\"index, follow, max-snippet:-1, max-image-preview:large, max-video-preview:-1\" \/>\n<meta property=\"og:locale\" content=\"fr_CA\" \/>\n<meta property=\"og:type\" content=\"article\" \/>\n<meta property=\"og:title\" content=\"Une Supra \u00e9lectrique pour Toyota \u00e0 Tokyo? - CanadaMotorJobs.com\" \/>\n<meta property=\"og:description\" content=\"Une Supra \u00e9lectrique pour Toyota \u00e0 Tokyo? - Benoit Charette - Annuel automobile - CanadaMotorJobs.com.\" \/>\n<meta property=\"og:url\" content=\"https:\/\/news.canadamotorjobs.com\/fr\/une-supra-electrique-pour-toyota-a-tokyo\/\" \/>\n<meta property=\"og:site_name\" content=\"CanadaMotorJobs.com\" \/>\n<meta property=\"article:publisher\" content=\"https:\/\/www.facebook.com\/canadamotorjobs\/\" \/>\n<meta property=\"article:published_time\" content=\"2023-10-19T12:33:01+00:00\" \/>\n<meta property=\"article:modified_time\" content=\"2023-10-19T12:44:36+00:00\" \/>\n<meta property=\"og:image\" content=\"https:\/\/annuelauto.ca\/wp-content\/uploads\/2023\/10\/Toyota-Supra-EV-23-Carscoops-1.jpg\" \/>\n<meta name=\"author\" content=\"Benoit Charette\" \/>\n<meta name=\"twitter:card\" content=\"summary_large_image\" \/>\n<meta name=\"twitter:creator\" content=\"@canadamotorjobs\" \/>\n<meta name=\"twitter:site\" content=\"@canadamotorjobs\" \/>\n<meta name=\"twitter:label1\" content=\"\u00c9crit par\" \/>\n\t<meta name=\"twitter:data1\" content=\"Benoit Charette\" \/>\n\t<meta name=\"twitter:label2\" content=\"Estimation du temps de lecture\" \/>\n\t<meta name=\"twitter:data2\" content=\"2 minutes\" \/>\n<!-- \/ Yoast SEO plugin. -->","yoast_head_json":{"title":"Une Supra \u00e9lectrique pour Toyota \u00e0 Tokyo? - CanadaMotorJobs.com","description":"Une Supra \u00e9lectrique pour Toyota \u00e0 Tokyo? - Benoit Charette - Annuel automobile - CanadaMotorJobs.com.","robots":{"index":"index","follow":"follow","max-snippet":"max-snippet:-1","max-image-preview":"max-image-preview:large","max-video-preview":"max-video-preview:-1"},"og_locale":"fr_CA","og_type":"article","og_title":"Une Supra \u00e9lectrique pour Toyota \u00e0 Tokyo? - CanadaMotorJobs.com","og_description":"Une Supra \u00e9lectrique pour Toyota \u00e0 Tokyo? - Benoit Charette - Annuel automobile - CanadaMotorJobs.com.","og_url":"https:\/\/news.canadamotorjobs.com\/fr\/une-supra-electrique-pour-toyota-a-tokyo\/","og_site_name":"CanadaMotorJobs.com","article_publisher":"https:\/\/www.facebook.com\/canadamotorjobs\/","article_published_time":"2023-10-19T12:33:01+00:00","article_modified_time":"2023-10-19T12:44:36+00:00","og_image":[{"url":"https:\/\/annuelauto.ca\/wp-content\/uploads\/2023\/10\/Toyota-Supra-EV-23-Carscoops-1.jpg"}],"author":"Benoit Charette","twitter_card":"summary_large_image","twitter_creator":"@canadamotorjobs","twitter_site":"@canadamotorjobs","twitter_misc":{"\u00c9crit par":"Benoit Charette","Estimation du temps de lecture":"2 minutes"},"schema":{"@context":"https:\/\/schema.org","@graph":[{"@type":"Article","@id":"https:\/\/news.canadamotorjobs.com\/fr\/une-supra-electrique-pour-toyota-a-tokyo\/#article","isPartOf":{"@id":"https:\/\/news.canadamotorjobs.com\/fr\/une-supra-electrique-pour-toyota-a-tokyo\/"},"author":{"name":"Benoit Charette","@id":"https:\/\/news.canadamotorjobs.com\/#\/schema\/person\/51793d1f87d44011d7bcc2ed99269a90"},"headline":"Une Supra \u00e9lectrique pour Toyota \u00e0 Tokyo?","datePublished":"2023-10-19T12:33:01+00:00","dateModified":"2023-10-19T12:44:36+00:00","mainEntityOfPage":{"@id":"https:\/\/news.canadamotorjobs.com\/fr\/une-supra-electrique-pour-toyota-a-tokyo\/"},"wordCount":507,"publisher":{"@id":"https:\/\/news.canadamotorjobs.com\/#organization"},"image":{"@id":"https:\/\/news.canadamotorjobs.com\/fr\/une-supra-electrique-pour-toyota-a-tokyo\/#primaryimage"},"thumbnailUrl":"https:\/\/annuelauto.ca\/wp-content\/uploads\/2023\/10\/Toyota-Supra-EV-23-Carscoops-1.jpg","articleSection":["Annuel automobile"],"inLanguage":"fr-CA"},{"@type":"WebPage","@id":"https:\/\/news.canadamotorjobs.com\/fr\/une-supra-electrique-pour-toyota-a-tokyo\/","url":"https:\/\/news.canadamotorjobs.com\/fr\/une-supra-electrique-pour-toyota-a-tokyo\/","name":"Une Supra \u00e9lectrique pour Toyota \u00e0 Tokyo? - CanadaMotorJobs.com","isPartOf":{"@id":"https:\/\/news.canadamotorjobs.com\/#website"},"primaryImageOfPage":{"@id":"https:\/\/news.canadamotorjobs.com\/fr\/une-supra-electrique-pour-toyota-a-tokyo\/#primaryimage"},"image":{"@id":"https:\/\/news.canadamotorjobs.com\/fr\/une-supra-electrique-pour-toyota-a-tokyo\/#primaryimage"},"thumbnailUrl":"https:\/\/annuelauto.ca\/wp-content\/uploads\/2023\/10\/Toyota-Supra-EV-23-Carscoops-1.jpg","datePublished":"2023-10-19T12:33:01+00:00","dateModified":"2023-10-19T12:44:36+00:00","description":"Une Supra \u00e9lectrique pour Toyota \u00e0 Tokyo? - Benoit Charette - Annuel automobile - CanadaMotorJobs.com.","breadcrumb":{"@id":"https:\/\/news.canadamotorjobs.com\/fr\/une-supra-electrique-pour-toyota-a-tokyo\/#breadcrumb"},"inLanguage":"fr-CA","potentialAction":[{"@type":"ReadAction","target":["https:\/\/news.canadamotorjobs.com\/fr\/une-supra-electrique-pour-toyota-a-tokyo\/"]}]},{"@type":"ImageObject","inLanguage":"fr-CA","@id":"https:\/\/news.canadamotorjobs.com\/fr\/une-supra-electrique-pour-toyota-a-tokyo\/#primaryimage","url":"https:\/\/annuelauto.ca\/wp-content\/uploads\/2023\/10\/Toyota-Supra-EV-23-Carscoops-1.jpg","contentUrl":"https:\/\/annuelauto.ca\/wp-content\/uploads\/2023\/10\/Toyota-Supra-EV-23-Carscoops-1.jpg"},{"@type":"BreadcrumbList","@id":"https:\/\/news.canadamotorjobs.com\/fr\/une-supra-electrique-pour-toyota-a-tokyo\/#breadcrumb","itemListElement":[{"@type":"ListItem","position":1,"name":"Home","item":"https:\/\/news.canadamotorjobs.com\/fr\/blog\/"},{"@type":"ListItem","position":2,"name":"Une Supra \u00e9lectrique pour Toyota \u00e0 Tokyo?"}]},{"@type":"WebSite","@id":"https:\/\/news.canadamotorjobs.com\/#website","url":"https:\/\/news.canadamotorjobs.com\/","name":"CanadaMotorJobs.com","description":"Automotive Jobs","publisher":{"@id":"https:\/\/news.canadamotorjobs.com\/#organization"},"potentialAction":[{"@type":"SearchAction","target":{"@type":"EntryPoint","urlTemplate":"https:\/\/news.canadamotorjobs.com\/?s={search_term_string}"},"query-input":"required name=search_term_string"}],"inLanguage":"fr-CA"},{"@type":"Organization","@id":"https:\/\/news.canadamotorjobs.com\/#organization","name":"Canada Motor Jobs","url":"https:\/\/news.canadamotorjobs.com\/","logo":{"@type":"ImageObject","inLanguage":"fr-CA","@id":"https:\/\/news.canadamotorjobs.com\/#\/schema\/logo\/image\/","url":"https:\/\/news.canadamotorjobs.com\/wp-content\/uploads\/2022\/10\/logo-canada-motor-jobs-1.png","contentUrl":"https:\/\/news.canadamotorjobs.com\/wp-content\/uploads\/2022\/10\/logo-canada-motor-jobs-1.png","width":800,"height":400,"caption":"Canada Motor Jobs"},"image":{"@id":"https:\/\/news.canadamotorjobs.com\/#\/schema\/logo\/image\/"},"sameAs":["https:\/\/www.facebook.com\/canadamotorjobs\/","https:\/\/x.com\/canadamotorjobs","https:\/\/www.instagram.com\/canadamotorjobs\/","https:\/\/www.linkedin.com\/company\/canadamotorjobs"]},{"@type":"Person","@id":"https:\/\/news.canadamotorjobs.com\/#\/schema\/person\/51793d1f87d44011d7bcc2ed99269a90","name":"Benoit Charette","image":{"@type":"ImageObject","inLanguage":"fr-CA","@id":"https:\/\/news.canadamotorjobs.com\/#\/schema\/person\/image\/","url":"https:\/\/secure.gravatar.com\/avatar\/45f3d2eebcccd909668d7ce7ea7267b6?s=96&d=mm&r=g","contentUrl":"https:\/\/secure.gravatar.com\/avatar\/45f3d2eebcccd909668d7ce7ea7267b6?s=96&d=mm&r=g","caption":"Benoit Charette"},"description":"Benoit Charette \/ Propri\u00e9taire et r\u00e9dacteur en chef Benoit Charette pratique le journalisme automobile depuis bient\u00f4t 30 ans. Il a fait ses classes au c\u00f4t\u00e9 de Daniel H\u00e9raud et au Carnet de route de 1992 \u00e0 2001. Il est fondateur, copropri\u00e9taire et r\u00e9dacteur en chef de L\u2019Annuel de l\u2019automobile, qu\u2019il publie depuis 2001. Il a anim\u00e9 les \u00e9missions RPM et RPM+ sur V et les L\u00e9gendes de la route sur Historia. \u00c0 la radio depuis 1986, il reprend l\u2019antenne cette ann\u00e9e sur les ondes de Cogeco et participe pour la deuxi\u00e8me ann\u00e9e \u00e0 l\u2019\u00e9mission Passion Auto sur RDS en plus de mettre en ligne le site Web officiel de L\u2019Annuel de l\u2019automobile sur annuelauto.ca.","sameAs":["https:\/\/annuelauto.ca\/"],"url":"https:\/\/news.canadamotorjobs.com\/fr\/author\/benoit-charette\/"}]}},"_links":{"self":[{"href":"https:\/\/news.canadamotorjobs.com\/fr\/wp-json\/wp\/v2\/posts\/152438"}],"collection":[{"href":"https:\/\/news.canadamotorjobs.com\/fr\/wp-json\/wp\/v2\/posts"}],"about":[{"href":"https:\/\/news.canadamotorjobs.com\/fr\/wp-json\/wp\/v2\/types\/post"}],"author":[{"embeddable":true,"href":"https:\/\/news.canadamotorjobs.com\/fr\/wp-json\/wp\/v2\/users\/8"}],"replies":[{"embeddable":true,"href":"https:\/\/news.canadamotorjobs.com\/fr\/wp-json\/wp\/v2\/comments?post=152438"}],"version-history":[{"count":1,"href":"https:\/\/news.canadamotorjobs.com\/fr\/wp-json\/wp\/v2\/posts\/152438\/revisions"}],"predecessor-version":[{"id":152439,"href":"https:\/\/news.canadamotorjobs.com\/fr\/wp-json\/wp\/v2\/posts\/152438\/revisions\/152439"}],"wp:attachment":[{"href":"https:\/\/news.canadamotorjobs.com\/fr\/wp-json\/wp\/v2\/media?parent=152438"}],"wp:term":[{"taxonomy":"category","embeddable":true,"href":"https:\/\/news.canadamotorjobs.com\/fr\/wp-json\/wp\/v2\/categories?post=152438"},{"taxonomy":"post_tag","embeddable":true,"href":"https:\/\/news.canadamotorjobs.com\/fr\/wp-json\/wp\/v2\/tags?post=152438"}],"curies":[{"name":"wp","href":"https:\/\/api.w.org\/{rel}","templated":true}]}}