{"id":152436,"date":"2023-10-19T08:03:02","date_gmt":"2023-10-19T12:03:02","guid":{"rendered":"https:\/\/news.canadamotorjobs.com\/?p=152436"},"modified":"2023-10-19T08:14:13","modified_gmt":"2023-10-19T12:14:13","slug":"les-ventes-de-la-ford-f-150-lightning-en-baisse","status":"publish","type":"post","link":"https:\/\/news.canadamotorjobs.com\/fr\/les-ventes-de-la-ford-f-150-lightning-en-baisse\/","title":{"rendered":"Les ventes de la Ford F-150 Lightning en baisse"},"content":{"rendered":"<p><img loading=\"lazy\" decoding=\"async\" width=\"1800\" height=\"1200\" src=\"https:\/\/annuelauto.ca\/wp-content\/uploads\/2023\/10\/2022-Ford-F-150-Lightning-Hands-On-Preview-01.jpg\" class=\"attachment-post-thumbnail size-post-thumbnail wp-post-image\" alt=\"\" \/><\/p>\n<p>Populaire \u00e0 ses d\u00e9buts, l\u2019\u00e9toile du F-150 Lightning commence \u00e0 p\u00e2lir.150. Les derniers chiffres de ventes aux \u00c9tats-Unis au troisi\u00e8me trimestre r\u00e9v\u00e8lent une chute significative des ventes, avec seulement 3 503 unit\u00e9s vendues entre juillet et septembre, soit une diminution de 45,8 % par rapport \u00e0 la m\u00eame p\u00e9riode l&#8217;ann\u00e9e pr\u00e9c\u00e9dente.<\/p>\n<h3><strong>Probl\u00e8mes de cha\u00eene d&#8217;approvisionnement<\/strong><\/h3>\n<p>\nSelon Ford, cette r\u00e9duction soudaine des ventes est en partie due \u00e0 des probl\u00e8mes de cha\u00eene d&#8217;approvisionnement, une situation que le constructeur partage avec d&#8217;autres fabricants tels que GM et Stellantis. Des gr\u00e8ves prolong\u00e9es des United Automobile Workers (UAW) ont \u00e9galement contribu\u00e9 \u00e0 ces difficult\u00e9s.<\/p>\n<h3><strong>R\u00e9duction temporaire de l&#8217;\u00e9quipe de production<\/strong><\/h3>\n<p>\nUne lettre divulgu\u00e9e de l&#8217;UAW laissait entendre que Ford r\u00e9duirait la production de la F-150 Lightning en raison de la chute des ventes. Cette r\u00e9duction temporaire de l&#8217;\u00e9quipe de production touchera environ 700 travailleurs.<\/p>\n<h3><strong>Nouveaux contr\u00f4les de qualit\u00e9<\/strong><\/h3>\n<p>\nOutre les probl\u00e8mes de cha\u00eene d&#8217;approvisionnement, de nouveaux contr\u00f4les de qualit\u00e9 ont entrav\u00e9 la production. Ford a renforc\u00e9 les contr\u00f4les de qualit\u00e9 pour ses derniers camions F-Series Super Duty, afin de garantir que les v\u00e9hicules soient livr\u00e9s avec le moins de d\u00e9fauts possible.<\/p>\n<h3><strong>L&#8217;impact du prix<\/strong><\/h3>\n<p>\nLe prix de la F-150 Lightning a \u00e9galement jou\u00e9 un r\u00f4le essentiel. Lors de son lancement en 2021, les clients pouvaient acheter un mod\u00e8le neuf pour moins de 40 000 dollars. Cependant, en mars 2023, le prix de la version Pro de base avait grimp\u00e9 \u00e0 plus de 60 000 dollars. En juillet, Ford a r\u00e9duit le prix de d\u00e9part \u00e0 49 995 $. Malgr\u00e9 cette r\u00e9duction, la Lightning reste hors de port\u00e9e pour de nombreux Am\u00e9ricains.<\/p>\n<h3><strong>Les d\u00e9fis concurrentiels<\/strong><\/h3>\n<p>\nCertains sugg\u00e8rent que l&#8217;arriv\u00e9e du Tesla Cybertruck pourrait influencer les choix des acheteurs de camions \u00e9lectriques. Cependant, cette th\u00e9orie est sujette \u00e0 d\u00e9bat, car Tesla et Ford ciblent des publics diff\u00e9rents. Sans compter que Rivian est entr\u00e9 dans l\u2019ar\u00e8ne avec Chevrolet, GMC et Ram qui arrivent l\u2019an prochain.<\/p>\n<p>\u00a0<\/p>\n<p>Avec des renseignements de Carbuzz<\/p>\n<p>\u00a0<\/p>\n<p>Le texte <a rel=\"nofollow\" href=\"https:\/\/annuelauto.ca\/690914\/\">Les ventes de la Ford F-150 Lightning en baisse<\/a> provient de <a rel=\"nofollow\" href=\"https:\/\/annuelauto.ca\">L&#8217;annuel de l&#8217;automobile &#8211; Actualit\u00e9 automobile<\/a><\/p>\n<p><\/p>\n","protected":false},"excerpt":{"rendered":"<p>Populaire \u00e0 ses d\u00e9buts, l\u2019\u00e9toile du F-150 Lightning commence \u00e0 p\u00e2lir.150. Les derniers chiffres de ventes aux \u00c9tats-Unis au troisi\u00e8me trimestre r\u00e9v\u00e8lent une chute significative des ventes, avec seulement 3 503 unit\u00e9s vendues entre juillet et septembre, soit une diminution de 45,8 % par rapport \u00e0 la m\u00eame p\u00e9riode l&#8217;ann\u00e9e pr\u00e9c\u00e9dente. Probl\u00e8mes de cha\u00eene d&#8217;approvisionnement [&hellip;]<\/p>\n","protected":false},"author":8,"featured_media":0,"comment_status":"close","ping_status":"closed","sticky":false,"template":"","format":"standard","meta":{"_monsterinsights_skip_tracking":false,"_monsterinsights_sitenote_active":false,"_monsterinsights_sitenote_note":"","_monsterinsights_sitenote_category":0,"footnotes":""},"categories":[101],"tags":[],"yoast_head":"<!-- This site is optimized with the Yoast SEO plugin v23.2 - https:\/\/yoast.com\/wordpress\/plugins\/seo\/ -->\n<title>Les ventes de la Ford F-150 Lightning en baisse - CanadaMotorJobs.com<\/title>\n<meta name=\"description\" content=\"Les ventes de la Ford F-150 Lightning en baisse - Benoit Charette - Annuel automobile - CanadaMotorJobs.com.\" \/>\n<meta name=\"robots\" content=\"index, follow, max-snippet:-1, max-image-preview:large, max-video-preview:-1\" \/>\n<meta property=\"og:locale\" content=\"fr_CA\" \/>\n<meta property=\"og:type\" content=\"article\" \/>\n<meta property=\"og:title\" content=\"Les ventes de la Ford F-150 Lightning en baisse - CanadaMotorJobs.com\" \/>\n<meta property=\"og:description\" content=\"Les ventes de la Ford F-150 Lightning en baisse - Benoit Charette - Annuel automobile - CanadaMotorJobs.com.\" \/>\n<meta property=\"og:url\" content=\"https:\/\/news.canadamotorjobs.com\/fr\/les-ventes-de-la-ford-f-150-lightning-en-baisse\/\" \/>\n<meta property=\"og:site_name\" content=\"CanadaMotorJobs.com\" \/>\n<meta property=\"article:publisher\" content=\"https:\/\/www.facebook.com\/canadamotorjobs\/\" \/>\n<meta property=\"article:published_time\" content=\"2023-10-19T12:03:02+00:00\" \/>\n<meta property=\"article:modified_time\" content=\"2023-10-19T12:14:13+00:00\" \/>\n<meta property=\"og:image\" content=\"https:\/\/annuelauto.ca\/wp-content\/uploads\/2023\/10\/2022-Ford-F-150-Lightning-Hands-On-Preview-01.jpg\" \/>\n<meta name=\"author\" content=\"Benoit Charette\" \/>\n<meta name=\"twitter:card\" content=\"summary_large_image\" \/>\n<meta name=\"twitter:creator\" content=\"@canadamotorjobs\" \/>\n<meta name=\"twitter:site\" content=\"@canadamotorjobs\" \/>\n<meta name=\"twitter:label1\" content=\"\u00c9crit par\" \/>\n\t<meta name=\"twitter:data1\" content=\"Benoit Charette\" \/>\n\t<meta name=\"twitter:label2\" content=\"Estimation du temps de lecture\" \/>\n\t<meta name=\"twitter:data2\" content=\"2 minutes\" \/>\n<!-- \/ Yoast SEO plugin. -->","yoast_head_json":{"title":"Les ventes de la Ford F-150 Lightning en baisse - CanadaMotorJobs.com","description":"Les ventes de la Ford F-150 Lightning en baisse - Benoit Charette - Annuel automobile - CanadaMotorJobs.com.","robots":{"index":"index","follow":"follow","max-snippet":"max-snippet:-1","max-image-preview":"max-image-preview:large","max-video-preview":"max-video-preview:-1"},"og_locale":"fr_CA","og_type":"article","og_title":"Les ventes de la Ford F-150 Lightning en baisse - CanadaMotorJobs.com","og_description":"Les ventes de la Ford F-150 Lightning en baisse - Benoit Charette - Annuel automobile - CanadaMotorJobs.com.","og_url":"https:\/\/news.canadamotorjobs.com\/fr\/les-ventes-de-la-ford-f-150-lightning-en-baisse\/","og_site_name":"CanadaMotorJobs.com","article_publisher":"https:\/\/www.facebook.com\/canadamotorjobs\/","article_published_time":"2023-10-19T12:03:02+00:00","article_modified_time":"2023-10-19T12:14:13+00:00","og_image":[{"url":"https:\/\/annuelauto.ca\/wp-content\/uploads\/2023\/10\/2022-Ford-F-150-Lightning-Hands-On-Preview-01.jpg"}],"author":"Benoit Charette","twitter_card":"summary_large_image","twitter_creator":"@canadamotorjobs","twitter_site":"@canadamotorjobs","twitter_misc":{"\u00c9crit par":"Benoit Charette","Estimation du temps de lecture":"2 minutes"},"schema":{"@context":"https:\/\/schema.org","@graph":[{"@type":"Article","@id":"https:\/\/news.canadamotorjobs.com\/fr\/les-ventes-de-la-ford-f-150-lightning-en-baisse\/#article","isPartOf":{"@id":"https:\/\/news.canadamotorjobs.com\/fr\/les-ventes-de-la-ford-f-150-lightning-en-baisse\/"},"author":{"name":"Benoit Charette","@id":"https:\/\/news.canadamotorjobs.com\/#\/schema\/person\/51793d1f87d44011d7bcc2ed99269a90"},"headline":"Les ventes de la Ford F-150 Lightning en baisse","datePublished":"2023-10-19T12:03:02+00:00","dateModified":"2023-10-19T12:14:13+00:00","mainEntityOfPage":{"@id":"https:\/\/news.canadamotorjobs.com\/fr\/les-ventes-de-la-ford-f-150-lightning-en-baisse\/"},"wordCount":389,"publisher":{"@id":"https:\/\/news.canadamotorjobs.com\/#organization"},"image":{"@id":"https:\/\/news.canadamotorjobs.com\/fr\/les-ventes-de-la-ford-f-150-lightning-en-baisse\/#primaryimage"},"thumbnailUrl":"https:\/\/annuelauto.ca\/wp-content\/uploads\/2023\/10\/2022-Ford-F-150-Lightning-Hands-On-Preview-01.jpg","articleSection":["Annuel automobile"],"inLanguage":"fr-CA"},{"@type":"WebPage","@id":"https:\/\/news.canadamotorjobs.com\/fr\/les-ventes-de-la-ford-f-150-lightning-en-baisse\/","url":"https:\/\/news.canadamotorjobs.com\/fr\/les-ventes-de-la-ford-f-150-lightning-en-baisse\/","name":"Les ventes de la Ford F-150 Lightning en baisse - CanadaMotorJobs.com","isPartOf":{"@id":"https:\/\/news.canadamotorjobs.com\/#website"},"primaryImageOfPage":{"@id":"https:\/\/news.canadamotorjobs.com\/fr\/les-ventes-de-la-ford-f-150-lightning-en-baisse\/#primaryimage"},"image":{"@id":"https:\/\/news.canadamotorjobs.com\/fr\/les-ventes-de-la-ford-f-150-lightning-en-baisse\/#primaryimage"},"thumbnailUrl":"https:\/\/annuelauto.ca\/wp-content\/uploads\/2023\/10\/2022-Ford-F-150-Lightning-Hands-On-Preview-01.jpg","datePublished":"2023-10-19T12:03:02+00:00","dateModified":"2023-10-19T12:14:13+00:00","description":"Les ventes de la Ford F-150 Lightning en baisse - Benoit Charette - Annuel automobile - CanadaMotorJobs.com.","breadcrumb":{"@id":"https:\/\/news.canadamotorjobs.com\/fr\/les-ventes-de-la-ford-f-150-lightning-en-baisse\/#breadcrumb"},"inLanguage":"fr-CA","potentialAction":[{"@type":"ReadAction","target":["https:\/\/news.canadamotorjobs.com\/fr\/les-ventes-de-la-ford-f-150-lightning-en-baisse\/"]}]},{"@type":"ImageObject","inLanguage":"fr-CA","@id":"https:\/\/news.canadamotorjobs.com\/fr\/les-ventes-de-la-ford-f-150-lightning-en-baisse\/#primaryimage","url":"https:\/\/annuelauto.ca\/wp-content\/uploads\/2023\/10\/2022-Ford-F-150-Lightning-Hands-On-Preview-01.jpg","contentUrl":"https:\/\/annuelauto.ca\/wp-content\/uploads\/2023\/10\/2022-Ford-F-150-Lightning-Hands-On-Preview-01.jpg"},{"@type":"BreadcrumbList","@id":"https:\/\/news.canadamotorjobs.com\/fr\/les-ventes-de-la-ford-f-150-lightning-en-baisse\/#breadcrumb","itemListElement":[{"@type":"ListItem","position":1,"name":"Home","item":"https:\/\/news.canadamotorjobs.com\/fr\/blog\/"},{"@type":"ListItem","position":2,"name":"Les ventes de la Ford F-150 Lightning en baisse"}]},{"@type":"WebSite","@id":"https:\/\/news.canadamotorjobs.com\/#website","url":"https:\/\/news.canadamotorjobs.com\/","name":"CanadaMotorJobs.com","description":"Automotive Jobs","publisher":{"@id":"https:\/\/news.canadamotorjobs.com\/#organization"},"potentialAction":[{"@type":"SearchAction","target":{"@type":"EntryPoint","urlTemplate":"https:\/\/news.canadamotorjobs.com\/?s={search_term_string}"},"query-input":"required name=search_term_string"}],"inLanguage":"fr-CA"},{"@type":"Organization","@id":"https:\/\/news.canadamotorjobs.com\/#organization","name":"Canada Motor Jobs","url":"https:\/\/news.canadamotorjobs.com\/","logo":{"@type":"ImageObject","inLanguage":"fr-CA","@id":"https:\/\/news.canadamotorjobs.com\/#\/schema\/logo\/image\/","url":"https:\/\/news.canadamotorjobs.com\/wp-content\/uploads\/2022\/10\/logo-canada-motor-jobs-1.png","contentUrl":"https:\/\/news.canadamotorjobs.com\/wp-content\/uploads\/2022\/10\/logo-canada-motor-jobs-1.png","width":800,"height":400,"caption":"Canada Motor Jobs"},"image":{"@id":"https:\/\/news.canadamotorjobs.com\/#\/schema\/logo\/image\/"},"sameAs":["https:\/\/www.facebook.com\/canadamotorjobs\/","https:\/\/x.com\/canadamotorjobs","https:\/\/www.instagram.com\/canadamotorjobs\/","https:\/\/www.linkedin.com\/company\/canadamotorjobs"]},{"@type":"Person","@id":"https:\/\/news.canadamotorjobs.com\/#\/schema\/person\/51793d1f87d44011d7bcc2ed99269a90","name":"Benoit Charette","image":{"@type":"ImageObject","inLanguage":"fr-CA","@id":"https:\/\/news.canadamotorjobs.com\/#\/schema\/person\/image\/","url":"https:\/\/secure.gravatar.com\/avatar\/45f3d2eebcccd909668d7ce7ea7267b6?s=96&d=mm&r=g","contentUrl":"https:\/\/secure.gravatar.com\/avatar\/45f3d2eebcccd909668d7ce7ea7267b6?s=96&d=mm&r=g","caption":"Benoit Charette"},"description":"Benoit Charette \/ Propri\u00e9taire et r\u00e9dacteur en chef Benoit Charette pratique le journalisme automobile depuis bient\u00f4t 30 ans. Il a fait ses classes au c\u00f4t\u00e9 de Daniel H\u00e9raud et au Carnet de route de 1992 \u00e0 2001. Il est fondateur, copropri\u00e9taire et r\u00e9dacteur en chef de L\u2019Annuel de l\u2019automobile, qu\u2019il publie depuis 2001. Il a anim\u00e9 les \u00e9missions RPM et RPM+ sur V et les L\u00e9gendes de la route sur Historia. \u00c0 la radio depuis 1986, il reprend l\u2019antenne cette ann\u00e9e sur les ondes de Cogeco et participe pour la deuxi\u00e8me ann\u00e9e \u00e0 l\u2019\u00e9mission Passion Auto sur RDS en plus de mettre en ligne le site Web officiel de L\u2019Annuel de l\u2019automobile sur annuelauto.ca.","sameAs":["https:\/\/annuelauto.ca\/"],"url":"https:\/\/news.canadamotorjobs.com\/fr\/author\/benoit-charette\/"}]}},"_links":{"self":[{"href":"https:\/\/news.canadamotorjobs.com\/fr\/wp-json\/wp\/v2\/posts\/152436"}],"collection":[{"href":"https:\/\/news.canadamotorjobs.com\/fr\/wp-json\/wp\/v2\/posts"}],"about":[{"href":"https:\/\/news.canadamotorjobs.com\/fr\/wp-json\/wp\/v2\/types\/post"}],"author":[{"embeddable":true,"href":"https:\/\/news.canadamotorjobs.com\/fr\/wp-json\/wp\/v2\/users\/8"}],"replies":[{"embeddable":true,"href":"https:\/\/news.canadamotorjobs.com\/fr\/wp-json\/wp\/v2\/comments?post=152436"}],"version-history":[{"count":1,"href":"https:\/\/news.canadamotorjobs.com\/fr\/wp-json\/wp\/v2\/posts\/152436\/revisions"}],"predecessor-version":[{"id":152437,"href":"https:\/\/news.canadamotorjobs.com\/fr\/wp-json\/wp\/v2\/posts\/152436\/revisions\/152437"}],"wp:attachment":[{"href":"https:\/\/news.canadamotorjobs.com\/fr\/wp-json\/wp\/v2\/media?parent=152436"}],"wp:term":[{"taxonomy":"category","embeddable":true,"href":"https:\/\/news.canadamotorjobs.com\/fr\/wp-json\/wp\/v2\/categories?post=152436"},{"taxonomy":"post_tag","embeddable":true,"href":"https:\/\/news.canadamotorjobs.com\/fr\/wp-json\/wp\/v2\/tags?post=152436"}],"curies":[{"name":"wp","href":"https:\/\/api.w.org\/{rel}","templated":true}]}}