{"id":152434,"date":"2023-10-18T03:35:32","date_gmt":"2023-10-18T07:35:32","guid":{"rendered":"https:\/\/news.canadamotorjobs.com\/?p=152434"},"modified":"2023-10-18T03:43:52","modified_gmt":"2023-10-18T07:43:52","slug":"mini-countryman-se","status":"publish","type":"post","link":"https:\/\/news.canadamotorjobs.com\/fr\/mini-countryman-se\/","title":{"rendered":"Mini Countryman SE"},"content":{"rendered":"<p><img loading=\"lazy\" decoding=\"async\" width=\"1200\" height=\"800\" src=\"https:\/\/annuelauto.ca\/wp-content\/uploads\/2023\/10\/P90484780_highRes_mini-cooper-se-count.jpg\" class=\"attachment-post-thumbnail size-post-thumbnail wp-post-image\" alt=\"\" \/><\/p>\n<p>L\u2019expression en anglais va comme suit\u00a0: est-ce que deux n\u00e9gatifs peuvent produire un positif? En math\u00e9matiques, on le sait, c\u2019est tout \u00e0 fait normal. En automobile? La question m\u00e9rite d\u2019\u00eatre pos\u00e9e, surtout dans le cas du Countryman SE de Mini, auquel on a greff\u00e9 une motorisation \u00e9lectrique pour en faire un petit VUS semi-luxueux et au design toujours aussi original et qui, en th\u00e9orie puisque c\u2019est un v\u00e9hicule hybride branchable, devrait consommer pas mal moins d\u2019essence.<\/p>\n<p>Sauf que pour en profiter, il faut faire quelques sacrifices. Et un de ceux-l\u00e0 se passe dans le portefeuille, puisque le Countryman SE co\u00fbte pas moins de 57\u00a0732$. Il faut ajouter 3200$ \u00e0 ce montant pour ajouter un groupe d\u2019options appel\u00e9 Untamed, qui, heureusement, n\u2019est pas n\u00e9cessaire pour profiter pleinement de ce que ce v\u00e9hicule l\u00e0 a \u00e0 offrir.<\/p>\n<p>Sous le capot se trouve un moteur turbo \u00e0 3 cylindres qui g\u00e9n\u00e8re une puissance de 134 chevaux, ce qui n\u2019est pas \u00e9norme, et surtout, un couple de 162 livres-pied, ce qui est pas mal mieux. Le tout est transmis aux quatre roues via le syst\u00e8me ALL4 de Mini et par une bo\u00eete automatique \u00e0 six rapports quand m\u00eame assez nerveuse, peut-\u00eatre m\u00eame un peu rude par moment.<\/p>\n<p>\u00c0 cette cylindr\u00e9e s\u2019ajoute un groupe \u00e9lectrique aliment\u00e9 par une pile aux dimensions plut\u00f4t modestes de 7,6 kilowatts-heure. Le moteur \u00e9lectrique ajoute 87 chevaux et 122 livres-pied \u00e0 l\u2019effort produit par le moteur \u00e0 essence. La puissance totale maximale est de 221 chevaux.<\/p>\n<p>Surtout, et c\u2019est l\u00e0 o\u00f9 on en aurait voulu un peu plus, le Countryman SE promet jusqu\u2019\u00e0 29 kilom\u00e8tres d\u2019autonomie \u00e9lectrique, ce qui est tr\u00e8s peu, et ce qui donne, en r\u00e9alit\u00e9, entre 20 et 25 kilom\u00e8tres d\u2019autonomie r\u00e9elle entre deux charges.<\/p>\n<p>C\u2019est juste trop peu. Et c\u2019est aussi mal int\u00e9gr\u00e9 \u00e0 l\u2019exp\u00e9rience de conduite de ce v\u00e9hicule. On aurait pu, par exemple, offrir au conducteur une gestion plus personnalis\u00e9e de l\u2019\u00e9nergie en r\u00e9serve dans la pile, pour l\u2019utiliser au moment et \u00e0 l\u2019endroit de son choix. Par exemple, ailleurs que sur l\u2019autoroute, o\u00f9 les moteurs hybrides performent moins bien.<\/p>\n<p>Il faut dire que les Mini \u00e9lectriques sont loin de repousser les limites. Pour \u00e7a, on verra bien en 2025, puisque la prochaine g\u00e9n\u00e9ration du Countryman devrait \u00eatre \u00e9lectrifi\u00e9e de fa\u00e7on plus s\u00e9rieuse. Elle s\u2019inspirera de ce que BMW fait de son c\u00f4t\u00e9 avec ses propres VUS tout \u00e9lectriques.<\/p>\n<p>En attendant, c\u2019est plut\u00f4t dommage que le Countryman SE ne fasse pas mieux, car pour tout ce qui ne concerne pas sa m\u00e9canique hybride, Mini r\u00e9ussit \u00e0 conserver l\u2019identit\u00e9 de sa marque. \u00c9videmment, avec le groupe \u00e9lectrique, le v\u00e9hicule semble un peu plus lourd, mais le couple additionnel suffit \u00e0 d\u00e9placer le v\u00e9hicule \u00e0 une bonne allure. On a un chrono au 0-100 km\/h qui se situe \u00e0 6,8 secondes, ce qui n\u2019est pas rien.<\/p>\n<p>On a un petit VUS qui se comporte de fa\u00e7on assez nerveuse, et on a un peu plus d\u2019espace utile qu\u2019\u00e0 bord d\u2019une Cooper tout court. Cela dit, on ne peut pas parler d\u2019une familiale, sauf si vos enfants sont dans des si\u00e8ges d\u2019appoint. Le d\u00e9gagement pour les jambes et la t\u00eate de personnes de taille adulte, \u00e0 l\u2019arri\u00e8re, est extr\u00eamement limit\u00e9.<\/p>\n<p>\u00c0 l\u2019avant, le design est toujours aussi original, mais avec le temps, \u00e7a commence \u00e0 fatiguer. L\u2019\u00e9cran rectangulaire en plein c\u0153ur de la calandre ronde, \u00e7a sent le bricolage mal ficel\u00e9. En tout cas, pour presque 60\u00a0000 $, on se serait attendu \u00e0 mieux.<\/p>\n<p>On a h\u00e2te \u00e0 2025.<\/p>\n<p>\u00a0<\/p>\n<p>Le texte <a rel=\"nofollow\" href=\"https:\/\/annuelauto.ca\/mini-countryman-se\/\">Mini Countryman SE<\/a> provient de <a rel=\"nofollow\" href=\"https:\/\/annuelauto.ca\">L&#8217;annuel de l&#8217;automobile &#8211; Actualit\u00e9 automobile<\/a><\/p>\n<p><\/p>\n","protected":false},"excerpt":{"rendered":"<p>L\u2019expression en anglais va comme suit\u00a0: est-ce que deux n\u00e9gatifs peuvent produire un positif? En math\u00e9matiques, on le sait, c\u2019est tout \u00e0 fait normal. En automobile? La question m\u00e9rite d\u2019\u00eatre pos\u00e9e, surtout dans le cas du Countryman SE de Mini, auquel on a greff\u00e9 une motorisation \u00e9lectrique pour en faire un petit VUS semi-luxueux et [&hellip;]<\/p>\n","protected":false},"author":8,"featured_media":0,"comment_status":"close","ping_status":"closed","sticky":false,"template":"","format":"standard","meta":{"_monsterinsights_skip_tracking":false,"_monsterinsights_sitenote_active":false,"_monsterinsights_sitenote_note":"","_monsterinsights_sitenote_category":0,"footnotes":""},"categories":[101],"tags":[],"yoast_head":"<!-- This site is optimized with the Yoast SEO plugin v23.2 - https:\/\/yoast.com\/wordpress\/plugins\/seo\/ -->\n<title>Mini Countryman SE - CanadaMotorJobs.com<\/title>\n<meta name=\"description\" content=\"Mini Countryman SE - Benoit Charette - Annuel automobile - CanadaMotorJobs.com.\" \/>\n<meta name=\"robots\" content=\"index, follow, max-snippet:-1, max-image-preview:large, max-video-preview:-1\" \/>\n<meta property=\"og:locale\" content=\"fr_CA\" \/>\n<meta property=\"og:type\" content=\"article\" \/>\n<meta property=\"og:title\" content=\"Mini Countryman SE - CanadaMotorJobs.com\" \/>\n<meta property=\"og:description\" content=\"Mini Countryman SE - Benoit Charette - Annuel automobile - CanadaMotorJobs.com.\" \/>\n<meta property=\"og:url\" content=\"https:\/\/news.canadamotorjobs.com\/fr\/mini-countryman-se\/\" \/>\n<meta property=\"og:site_name\" content=\"CanadaMotorJobs.com\" \/>\n<meta property=\"article:publisher\" content=\"https:\/\/www.facebook.com\/canadamotorjobs\/\" \/>\n<meta property=\"article:published_time\" content=\"2023-10-18T07:35:32+00:00\" \/>\n<meta property=\"article:modified_time\" content=\"2023-10-18T07:43:52+00:00\" \/>\n<meta property=\"og:image\" content=\"https:\/\/annuelauto.ca\/wp-content\/uploads\/2023\/10\/P90484780_highRes_mini-cooper-se-count.jpg\" \/>\n<meta name=\"author\" content=\"Benoit Charette\" \/>\n<meta name=\"twitter:card\" content=\"summary_large_image\" \/>\n<meta name=\"twitter:creator\" content=\"@canadamotorjobs\" \/>\n<meta name=\"twitter:site\" content=\"@canadamotorjobs\" \/>\n<meta name=\"twitter:label1\" content=\"\u00c9crit par\" \/>\n\t<meta name=\"twitter:data1\" content=\"Benoit Charette\" \/>\n\t<meta name=\"twitter:label2\" content=\"Estimation du temps de lecture\" \/>\n\t<meta name=\"twitter:data2\" content=\"3 minutes\" \/>\n<!-- \/ Yoast SEO plugin. -->","yoast_head_json":{"title":"Mini Countryman SE - CanadaMotorJobs.com","description":"Mini Countryman SE - Benoit Charette - Annuel automobile - CanadaMotorJobs.com.","robots":{"index":"index","follow":"follow","max-snippet":"max-snippet:-1","max-image-preview":"max-image-preview:large","max-video-preview":"max-video-preview:-1"},"og_locale":"fr_CA","og_type":"article","og_title":"Mini Countryman SE - CanadaMotorJobs.com","og_description":"Mini Countryman SE - Benoit Charette - Annuel automobile - CanadaMotorJobs.com.","og_url":"https:\/\/news.canadamotorjobs.com\/fr\/mini-countryman-se\/","og_site_name":"CanadaMotorJobs.com","article_publisher":"https:\/\/www.facebook.com\/canadamotorjobs\/","article_published_time":"2023-10-18T07:35:32+00:00","article_modified_time":"2023-10-18T07:43:52+00:00","og_image":[{"url":"https:\/\/annuelauto.ca\/wp-content\/uploads\/2023\/10\/P90484780_highRes_mini-cooper-se-count.jpg"}],"author":"Benoit Charette","twitter_card":"summary_large_image","twitter_creator":"@canadamotorjobs","twitter_site":"@canadamotorjobs","twitter_misc":{"\u00c9crit par":"Benoit Charette","Estimation du temps de lecture":"3 minutes"},"schema":{"@context":"https:\/\/schema.org","@graph":[{"@type":"Article","@id":"https:\/\/news.canadamotorjobs.com\/fr\/mini-countryman-se\/#article","isPartOf":{"@id":"https:\/\/news.canadamotorjobs.com\/fr\/mini-countryman-se\/"},"author":{"name":"Benoit Charette","@id":"https:\/\/news.canadamotorjobs.com\/#\/schema\/person\/51793d1f87d44011d7bcc2ed99269a90"},"headline":"Mini Countryman SE","datePublished":"2023-10-18T07:35:32+00:00","dateModified":"2023-10-18T07:43:52+00:00","mainEntityOfPage":{"@id":"https:\/\/news.canadamotorjobs.com\/fr\/mini-countryman-se\/"},"wordCount":643,"publisher":{"@id":"https:\/\/news.canadamotorjobs.com\/#organization"},"image":{"@id":"https:\/\/news.canadamotorjobs.com\/fr\/mini-countryman-se\/#primaryimage"},"thumbnailUrl":"https:\/\/annuelauto.ca\/wp-content\/uploads\/2023\/10\/P90484780_highRes_mini-cooper-se-count.jpg","articleSection":["Annuel automobile"],"inLanguage":"fr-CA"},{"@type":"WebPage","@id":"https:\/\/news.canadamotorjobs.com\/fr\/mini-countryman-se\/","url":"https:\/\/news.canadamotorjobs.com\/fr\/mini-countryman-se\/","name":"Mini Countryman SE - CanadaMotorJobs.com","isPartOf":{"@id":"https:\/\/news.canadamotorjobs.com\/#website"},"primaryImageOfPage":{"@id":"https:\/\/news.canadamotorjobs.com\/fr\/mini-countryman-se\/#primaryimage"},"image":{"@id":"https:\/\/news.canadamotorjobs.com\/fr\/mini-countryman-se\/#primaryimage"},"thumbnailUrl":"https:\/\/annuelauto.ca\/wp-content\/uploads\/2023\/10\/P90484780_highRes_mini-cooper-se-count.jpg","datePublished":"2023-10-18T07:35:32+00:00","dateModified":"2023-10-18T07:43:52+00:00","description":"Mini Countryman SE - Benoit Charette - Annuel automobile - CanadaMotorJobs.com.","breadcrumb":{"@id":"https:\/\/news.canadamotorjobs.com\/fr\/mini-countryman-se\/#breadcrumb"},"inLanguage":"fr-CA","potentialAction":[{"@type":"ReadAction","target":["https:\/\/news.canadamotorjobs.com\/fr\/mini-countryman-se\/"]}]},{"@type":"ImageObject","inLanguage":"fr-CA","@id":"https:\/\/news.canadamotorjobs.com\/fr\/mini-countryman-se\/#primaryimage","url":"https:\/\/annuelauto.ca\/wp-content\/uploads\/2023\/10\/P90484780_highRes_mini-cooper-se-count.jpg","contentUrl":"https:\/\/annuelauto.ca\/wp-content\/uploads\/2023\/10\/P90484780_highRes_mini-cooper-se-count.jpg"},{"@type":"BreadcrumbList","@id":"https:\/\/news.canadamotorjobs.com\/fr\/mini-countryman-se\/#breadcrumb","itemListElement":[{"@type":"ListItem","position":1,"name":"Home","item":"https:\/\/news.canadamotorjobs.com\/fr\/blog\/"},{"@type":"ListItem","position":2,"name":"Mini Countryman SE"}]},{"@type":"WebSite","@id":"https:\/\/news.canadamotorjobs.com\/#website","url":"https:\/\/news.canadamotorjobs.com\/","name":"CanadaMotorJobs.com","description":"Automotive Jobs","publisher":{"@id":"https:\/\/news.canadamotorjobs.com\/#organization"},"potentialAction":[{"@type":"SearchAction","target":{"@type":"EntryPoint","urlTemplate":"https:\/\/news.canadamotorjobs.com\/?s={search_term_string}"},"query-input":"required name=search_term_string"}],"inLanguage":"fr-CA"},{"@type":"Organization","@id":"https:\/\/news.canadamotorjobs.com\/#organization","name":"Canada Motor Jobs","url":"https:\/\/news.canadamotorjobs.com\/","logo":{"@type":"ImageObject","inLanguage":"fr-CA","@id":"https:\/\/news.canadamotorjobs.com\/#\/schema\/logo\/image\/","url":"https:\/\/news.canadamotorjobs.com\/wp-content\/uploads\/2022\/10\/logo-canada-motor-jobs-1.png","contentUrl":"https:\/\/news.canadamotorjobs.com\/wp-content\/uploads\/2022\/10\/logo-canada-motor-jobs-1.png","width":800,"height":400,"caption":"Canada Motor Jobs"},"image":{"@id":"https:\/\/news.canadamotorjobs.com\/#\/schema\/logo\/image\/"},"sameAs":["https:\/\/www.facebook.com\/canadamotorjobs\/","https:\/\/x.com\/canadamotorjobs","https:\/\/www.instagram.com\/canadamotorjobs\/","https:\/\/www.linkedin.com\/company\/canadamotorjobs"]},{"@type":"Person","@id":"https:\/\/news.canadamotorjobs.com\/#\/schema\/person\/51793d1f87d44011d7bcc2ed99269a90","name":"Benoit Charette","image":{"@type":"ImageObject","inLanguage":"fr-CA","@id":"https:\/\/news.canadamotorjobs.com\/#\/schema\/person\/image\/","url":"https:\/\/secure.gravatar.com\/avatar\/45f3d2eebcccd909668d7ce7ea7267b6?s=96&d=mm&r=g","contentUrl":"https:\/\/secure.gravatar.com\/avatar\/45f3d2eebcccd909668d7ce7ea7267b6?s=96&d=mm&r=g","caption":"Benoit Charette"},"description":"Benoit Charette \/ Propri\u00e9taire et r\u00e9dacteur en chef Benoit Charette pratique le journalisme automobile depuis bient\u00f4t 30 ans. Il a fait ses classes au c\u00f4t\u00e9 de Daniel H\u00e9raud et au Carnet de route de 1992 \u00e0 2001. Il est fondateur, copropri\u00e9taire et r\u00e9dacteur en chef de L\u2019Annuel de l\u2019automobile, qu\u2019il publie depuis 2001. Il a anim\u00e9 les \u00e9missions RPM et RPM+ sur V et les L\u00e9gendes de la route sur Historia. \u00c0 la radio depuis 1986, il reprend l\u2019antenne cette ann\u00e9e sur les ondes de Cogeco et participe pour la deuxi\u00e8me ann\u00e9e \u00e0 l\u2019\u00e9mission Passion Auto sur RDS en plus de mettre en ligne le site Web officiel de L\u2019Annuel de l\u2019automobile sur annuelauto.ca.","sameAs":["https:\/\/annuelauto.ca\/"],"url":"https:\/\/news.canadamotorjobs.com\/fr\/author\/benoit-charette\/"}]}},"_links":{"self":[{"href":"https:\/\/news.canadamotorjobs.com\/fr\/wp-json\/wp\/v2\/posts\/152434"}],"collection":[{"href":"https:\/\/news.canadamotorjobs.com\/fr\/wp-json\/wp\/v2\/posts"}],"about":[{"href":"https:\/\/news.canadamotorjobs.com\/fr\/wp-json\/wp\/v2\/types\/post"}],"author":[{"embeddable":true,"href":"https:\/\/news.canadamotorjobs.com\/fr\/wp-json\/wp\/v2\/users\/8"}],"replies":[{"embeddable":true,"href":"https:\/\/news.canadamotorjobs.com\/fr\/wp-json\/wp\/v2\/comments?post=152434"}],"version-history":[{"count":1,"href":"https:\/\/news.canadamotorjobs.com\/fr\/wp-json\/wp\/v2\/posts\/152434\/revisions"}],"predecessor-version":[{"id":152435,"href":"https:\/\/news.canadamotorjobs.com\/fr\/wp-json\/wp\/v2\/posts\/152434\/revisions\/152435"}],"wp:attachment":[{"href":"https:\/\/news.canadamotorjobs.com\/fr\/wp-json\/wp\/v2\/media?parent=152434"}],"wp:term":[{"taxonomy":"category","embeddable":true,"href":"https:\/\/news.canadamotorjobs.com\/fr\/wp-json\/wp\/v2\/categories?post=152434"},{"taxonomy":"post_tag","embeddable":true,"href":"https:\/\/news.canadamotorjobs.com\/fr\/wp-json\/wp\/v2\/tags?post=152434"}],"curies":[{"name":"wp","href":"https:\/\/api.w.org\/{rel}","templated":true}]}}