{"id":152430,"date":"2023-10-18T03:23:21","date_gmt":"2023-10-18T07:23:21","guid":{"rendered":"https:\/\/news.canadamotorjobs.com\/?p=152430"},"modified":"2023-10-18T03:29:22","modified_gmt":"2023-10-18T07:29:22","slug":"490-km-dautonomie-pour-le-kia-ev9-2024","status":"publish","type":"post","link":"https:\/\/news.canadamotorjobs.com\/fr\/490-km-dautonomie-pour-le-kia-ev9-2024\/","title":{"rendered":"490 km d\u2019autonomie pour le Kia EV9 2024"},"content":{"rendered":"<p><img loading=\"lazy\" decoding=\"async\" width=\"1170\" height=\"640\" src=\"https:\/\/annuelauto.ca\/wp-content\/uploads\/2023\/10\/Sin-titulo-1_585.jpg\" class=\"attachment-post-thumbnail size-post-thumbnail wp-post-image\" alt=\"\" \/><\/p>\n<p>On a h\u00e2te de le voir en personne, le Kia EV9. Le gros VUS tout \u00e9lectrique a des formes tr\u00e8s carr\u00e9es, peu subtiles et surtout, peu a\u00e9rodynamiques. \u00c7a ne l\u2019emp\u00eachera pas d\u2019offrir une autonomie par charge qui devrait faire l\u2019affaire de ses futurs acheteurs. Si on se fie \u00e0 ce que l\u2019EPA, l\u2019organisme f\u00e9d\u00e9ral am\u00e9ricain qui calcule officiellement ces choses-l\u00e0, vient de publier, on parle de 304 miles d\u2019autonomie environ, soit l\u2019\u00e9quivalent de 490 kilom\u00e8tres.<\/p>\n<p>On a bien h\u00e2te de voir, en fait, comment sera la r\u00e9action des acheteurs quand ils vont apprendre le prix de d\u00e9tail final de ce v\u00e9hicule. On peut pr\u00e9commander un EV9 au Canada moyennant un d\u00e9p\u00f4t remboursable de 1000 $ depuis le d\u00e9but de l\u2019\u00e9t\u00e9, et il devrait \u00eatre officiellement mis en vente au plus tard d\u2019ici No\u00ebl.<\/p>\n<p>Kia Canada n\u2019a pas encore officiellement annonc\u00e9 le prix de d\u00e9tail sugg\u00e9r\u00e9 au pays, mais aux \u00c9tats-Unis, il sera de 56\u00a0395\u00a0$US, soit environ 77\u00a0000 $. La version \u00e0 autonomie prolong\u00e9e co\u00fbtera un peu plus cher, puisqu\u2019elle aura un peu plus de pile sous le capot. Son prix de d\u00e9tail aux \u00c9tats-Unis est de 60\u00a0695$, soit un peu plus de 82\u00a0000 $.<\/p>\n<p>La capacit\u00e9 de la batterie de base est de 76,1 kilowatts-heure. La batterie qui \u00e9quipe toutes les versions de l\u2019EV9 except\u00e9 son mod\u00e8le d\u2019entr\u00e9e de gamme a plut\u00f4t une capacit\u00e9 de 99,8 kilowatts-heure. La version dont l\u2019autonomie est la plus longue est celle \u00e0 un seul moteur \u00e9lectrique, qui anime les roues arri\u00e8re du VUS.<\/p>\n<p>On a donc h\u00e2te de voir \u00e0 quel point les acheteurs vont privil\u00e9gier l\u2019autonomie prolong\u00e9e. De base, le mod\u00e8le d\u2019entr\u00e9e de gamme \u00e0 roues motrices \u00e0 l\u2019arri\u00e8re aurait une autonomie de 370 kilom\u00e8tres par charge, toujours selon l\u2019EPA. La diff\u00e9rence est quand m\u00eame substantielle, par rapport \u00e0 la version \u00e0 490 km d\u2019autonomie.<\/p>\n<p>Les versions \u00e0 quatre roues motrices ont eux aussi une autonomie \u00e9court\u00e9e, \u00e9tant donn\u00e9 qu\u2019ils utilisent davantage de puissance pour d\u00e9placer le v\u00e9hicule.<\/p>\n<p>Rappelons que l\u2019EV9 est un VUS \u00e0 six places, qui a la forme d\u2019un VUS mais qui pourrait aussi bien \u00eatre l\u2019\u00e9quivalent moderne d\u2019une fourgonnette. Il s\u2019ajoute \u00e0 l\u2019EV6 d\u00e9j\u00e0 en march\u00e9, et devrait bient\u00f4t \u00eatre accompagn\u00e9 par un VUS plus petit, appel\u00e9 EV5, par une familiale plus compacte appel\u00e9e EV4, et par une \u00e9ventuelle camionnette elle aussi tout \u00e9lectrique.<\/p>\n<p>\u00a0<\/p>\n<p>Le texte <a rel=\"nofollow\" href=\"https:\/\/annuelauto.ca\/490-km-dautonomie-pour-le-kia-ev9-2024\/\">490 km d\u2019autonomie pour le Kia EV9 2024<\/a> provient de <a rel=\"nofollow\" href=\"https:\/\/annuelauto.ca\">L&#8217;annuel de l&#8217;automobile &#8211; Actualit\u00e9 automobile<\/a><\/p>\n<p><\/p>\n","protected":false},"excerpt":{"rendered":"<p>On a h\u00e2te de le voir en personne, le Kia EV9. Le gros VUS tout \u00e9lectrique a des formes tr\u00e8s carr\u00e9es, peu subtiles et surtout, peu a\u00e9rodynamiques. \u00c7a ne l\u2019emp\u00eachera pas d\u2019offrir une autonomie par charge qui devrait faire l\u2019affaire de ses futurs acheteurs. Si on se fie \u00e0 ce que l\u2019EPA, l\u2019organisme f\u00e9d\u00e9ral am\u00e9ricain [&hellip;]<\/p>\n","protected":false},"author":8,"featured_media":0,"comment_status":"close","ping_status":"closed","sticky":false,"template":"","format":"standard","meta":{"_monsterinsights_skip_tracking":false,"_monsterinsights_sitenote_active":false,"_monsterinsights_sitenote_note":"","_monsterinsights_sitenote_category":0,"footnotes":""},"categories":[101],"tags":[],"yoast_head":"<!-- This site is optimized with the Yoast SEO plugin v23.2 - https:\/\/yoast.com\/wordpress\/plugins\/seo\/ -->\n<title>490 km d\u2019autonomie pour le Kia EV9 2024 - CanadaMotorJobs.com<\/title>\n<meta name=\"description\" content=\"490 km d\u2019autonomie pour le Kia EV9 2024 - Benoit Charette - Annuel automobile - CanadaMotorJobs.com.\" \/>\n<meta name=\"robots\" content=\"index, follow, max-snippet:-1, max-image-preview:large, max-video-preview:-1\" \/>\n<meta property=\"og:locale\" content=\"fr_CA\" \/>\n<meta property=\"og:type\" content=\"article\" \/>\n<meta property=\"og:title\" content=\"490 km d\u2019autonomie pour le Kia EV9 2024 - CanadaMotorJobs.com\" \/>\n<meta property=\"og:description\" content=\"490 km d\u2019autonomie pour le Kia EV9 2024 - Benoit Charette - Annuel automobile - CanadaMotorJobs.com.\" \/>\n<meta property=\"og:url\" content=\"https:\/\/news.canadamotorjobs.com\/fr\/490-km-dautonomie-pour-le-kia-ev9-2024\/\" \/>\n<meta property=\"og:site_name\" content=\"CanadaMotorJobs.com\" \/>\n<meta property=\"article:publisher\" content=\"https:\/\/www.facebook.com\/canadamotorjobs\/\" \/>\n<meta property=\"article:published_time\" content=\"2023-10-18T07:23:21+00:00\" \/>\n<meta property=\"article:modified_time\" content=\"2023-10-18T07:29:22+00:00\" \/>\n<meta property=\"og:image\" content=\"https:\/\/annuelauto.ca\/wp-content\/uploads\/2023\/10\/Sin-titulo-1_585.jpg\" \/>\n<meta name=\"author\" content=\"Benoit Charette\" \/>\n<meta name=\"twitter:card\" content=\"summary_large_image\" \/>\n<meta name=\"twitter:creator\" content=\"@canadamotorjobs\" \/>\n<meta name=\"twitter:site\" content=\"@canadamotorjobs\" \/>\n<meta name=\"twitter:label1\" content=\"\u00c9crit par\" \/>\n\t<meta name=\"twitter:data1\" content=\"Benoit Charette\" \/>\n\t<meta name=\"twitter:label2\" content=\"Estimation du temps de lecture\" \/>\n\t<meta name=\"twitter:data2\" content=\"2 minutes\" \/>\n<!-- \/ Yoast SEO plugin. -->","yoast_head_json":{"title":"490 km d\u2019autonomie pour le Kia EV9 2024 - CanadaMotorJobs.com","description":"490 km d\u2019autonomie pour le Kia EV9 2024 - Benoit Charette - Annuel automobile - CanadaMotorJobs.com.","robots":{"index":"index","follow":"follow","max-snippet":"max-snippet:-1","max-image-preview":"max-image-preview:large","max-video-preview":"max-video-preview:-1"},"og_locale":"fr_CA","og_type":"article","og_title":"490 km d\u2019autonomie pour le Kia EV9 2024 - CanadaMotorJobs.com","og_description":"490 km d\u2019autonomie pour le Kia EV9 2024 - Benoit Charette - Annuel automobile - CanadaMotorJobs.com.","og_url":"https:\/\/news.canadamotorjobs.com\/fr\/490-km-dautonomie-pour-le-kia-ev9-2024\/","og_site_name":"CanadaMotorJobs.com","article_publisher":"https:\/\/www.facebook.com\/canadamotorjobs\/","article_published_time":"2023-10-18T07:23:21+00:00","article_modified_time":"2023-10-18T07:29:22+00:00","og_image":[{"url":"https:\/\/annuelauto.ca\/wp-content\/uploads\/2023\/10\/Sin-titulo-1_585.jpg"}],"author":"Benoit Charette","twitter_card":"summary_large_image","twitter_creator":"@canadamotorjobs","twitter_site":"@canadamotorjobs","twitter_misc":{"\u00c9crit par":"Benoit Charette","Estimation du temps de lecture":"2 minutes"},"schema":{"@context":"https:\/\/schema.org","@graph":[{"@type":"Article","@id":"https:\/\/news.canadamotorjobs.com\/fr\/490-km-dautonomie-pour-le-kia-ev9-2024\/#article","isPartOf":{"@id":"https:\/\/news.canadamotorjobs.com\/fr\/490-km-dautonomie-pour-le-kia-ev9-2024\/"},"author":{"name":"Benoit Charette","@id":"https:\/\/news.canadamotorjobs.com\/#\/schema\/person\/51793d1f87d44011d7bcc2ed99269a90"},"headline":"490 km d\u2019autonomie pour le Kia EV9 2024","datePublished":"2023-10-18T07:23:21+00:00","dateModified":"2023-10-18T07:29:22+00:00","mainEntityOfPage":{"@id":"https:\/\/news.canadamotorjobs.com\/fr\/490-km-dautonomie-pour-le-kia-ev9-2024\/"},"wordCount":455,"publisher":{"@id":"https:\/\/news.canadamotorjobs.com\/#organization"},"image":{"@id":"https:\/\/news.canadamotorjobs.com\/fr\/490-km-dautonomie-pour-le-kia-ev9-2024\/#primaryimage"},"thumbnailUrl":"https:\/\/annuelauto.ca\/wp-content\/uploads\/2023\/10\/Sin-titulo-1_585.jpg","articleSection":["Annuel automobile"],"inLanguage":"fr-CA"},{"@type":"WebPage","@id":"https:\/\/news.canadamotorjobs.com\/fr\/490-km-dautonomie-pour-le-kia-ev9-2024\/","url":"https:\/\/news.canadamotorjobs.com\/fr\/490-km-dautonomie-pour-le-kia-ev9-2024\/","name":"490 km d\u2019autonomie pour le Kia EV9 2024 - CanadaMotorJobs.com","isPartOf":{"@id":"https:\/\/news.canadamotorjobs.com\/#website"},"primaryImageOfPage":{"@id":"https:\/\/news.canadamotorjobs.com\/fr\/490-km-dautonomie-pour-le-kia-ev9-2024\/#primaryimage"},"image":{"@id":"https:\/\/news.canadamotorjobs.com\/fr\/490-km-dautonomie-pour-le-kia-ev9-2024\/#primaryimage"},"thumbnailUrl":"https:\/\/annuelauto.ca\/wp-content\/uploads\/2023\/10\/Sin-titulo-1_585.jpg","datePublished":"2023-10-18T07:23:21+00:00","dateModified":"2023-10-18T07:29:22+00:00","description":"490 km d\u2019autonomie pour le Kia EV9 2024 - Benoit Charette - Annuel automobile - CanadaMotorJobs.com.","breadcrumb":{"@id":"https:\/\/news.canadamotorjobs.com\/fr\/490-km-dautonomie-pour-le-kia-ev9-2024\/#breadcrumb"},"inLanguage":"fr-CA","potentialAction":[{"@type":"ReadAction","target":["https:\/\/news.canadamotorjobs.com\/fr\/490-km-dautonomie-pour-le-kia-ev9-2024\/"]}]},{"@type":"ImageObject","inLanguage":"fr-CA","@id":"https:\/\/news.canadamotorjobs.com\/fr\/490-km-dautonomie-pour-le-kia-ev9-2024\/#primaryimage","url":"https:\/\/annuelauto.ca\/wp-content\/uploads\/2023\/10\/Sin-titulo-1_585.jpg","contentUrl":"https:\/\/annuelauto.ca\/wp-content\/uploads\/2023\/10\/Sin-titulo-1_585.jpg"},{"@type":"BreadcrumbList","@id":"https:\/\/news.canadamotorjobs.com\/fr\/490-km-dautonomie-pour-le-kia-ev9-2024\/#breadcrumb","itemListElement":[{"@type":"ListItem","position":1,"name":"Home","item":"https:\/\/news.canadamotorjobs.com\/fr\/blog\/"},{"@type":"ListItem","position":2,"name":"490 km d\u2019autonomie pour le Kia EV9 2024"}]},{"@type":"WebSite","@id":"https:\/\/news.canadamotorjobs.com\/#website","url":"https:\/\/news.canadamotorjobs.com\/","name":"CanadaMotorJobs.com","description":"Automotive Jobs","publisher":{"@id":"https:\/\/news.canadamotorjobs.com\/#organization"},"potentialAction":[{"@type":"SearchAction","target":{"@type":"EntryPoint","urlTemplate":"https:\/\/news.canadamotorjobs.com\/?s={search_term_string}"},"query-input":"required name=search_term_string"}],"inLanguage":"fr-CA"},{"@type":"Organization","@id":"https:\/\/news.canadamotorjobs.com\/#organization","name":"Canada Motor Jobs","url":"https:\/\/news.canadamotorjobs.com\/","logo":{"@type":"ImageObject","inLanguage":"fr-CA","@id":"https:\/\/news.canadamotorjobs.com\/#\/schema\/logo\/image\/","url":"https:\/\/news.canadamotorjobs.com\/wp-content\/uploads\/2022\/10\/logo-canada-motor-jobs-1.png","contentUrl":"https:\/\/news.canadamotorjobs.com\/wp-content\/uploads\/2022\/10\/logo-canada-motor-jobs-1.png","width":800,"height":400,"caption":"Canada Motor Jobs"},"image":{"@id":"https:\/\/news.canadamotorjobs.com\/#\/schema\/logo\/image\/"},"sameAs":["https:\/\/www.facebook.com\/canadamotorjobs\/","https:\/\/x.com\/canadamotorjobs","https:\/\/www.instagram.com\/canadamotorjobs\/","https:\/\/www.linkedin.com\/company\/canadamotorjobs"]},{"@type":"Person","@id":"https:\/\/news.canadamotorjobs.com\/#\/schema\/person\/51793d1f87d44011d7bcc2ed99269a90","name":"Benoit Charette","image":{"@type":"ImageObject","inLanguage":"fr-CA","@id":"https:\/\/news.canadamotorjobs.com\/#\/schema\/person\/image\/","url":"https:\/\/secure.gravatar.com\/avatar\/45f3d2eebcccd909668d7ce7ea7267b6?s=96&d=mm&r=g","contentUrl":"https:\/\/secure.gravatar.com\/avatar\/45f3d2eebcccd909668d7ce7ea7267b6?s=96&d=mm&r=g","caption":"Benoit Charette"},"description":"Benoit Charette \/ Propri\u00e9taire et r\u00e9dacteur en chef Benoit Charette pratique le journalisme automobile depuis bient\u00f4t 30 ans. Il a fait ses classes au c\u00f4t\u00e9 de Daniel H\u00e9raud et au Carnet de route de 1992 \u00e0 2001. Il est fondateur, copropri\u00e9taire et r\u00e9dacteur en chef de L\u2019Annuel de l\u2019automobile, qu\u2019il publie depuis 2001. Il a anim\u00e9 les \u00e9missions RPM et RPM+ sur V et les L\u00e9gendes de la route sur Historia. \u00c0 la radio depuis 1986, il reprend l\u2019antenne cette ann\u00e9e sur les ondes de Cogeco et participe pour la deuxi\u00e8me ann\u00e9e \u00e0 l\u2019\u00e9mission Passion Auto sur RDS en plus de mettre en ligne le site Web officiel de L\u2019Annuel de l\u2019automobile sur annuelauto.ca.","sameAs":["https:\/\/annuelauto.ca\/"],"url":"https:\/\/news.canadamotorjobs.com\/fr\/author\/benoit-charette\/"}]}},"_links":{"self":[{"href":"https:\/\/news.canadamotorjobs.com\/fr\/wp-json\/wp\/v2\/posts\/152430"}],"collection":[{"href":"https:\/\/news.canadamotorjobs.com\/fr\/wp-json\/wp\/v2\/posts"}],"about":[{"href":"https:\/\/news.canadamotorjobs.com\/fr\/wp-json\/wp\/v2\/types\/post"}],"author":[{"embeddable":true,"href":"https:\/\/news.canadamotorjobs.com\/fr\/wp-json\/wp\/v2\/users\/8"}],"replies":[{"embeddable":true,"href":"https:\/\/news.canadamotorjobs.com\/fr\/wp-json\/wp\/v2\/comments?post=152430"}],"version-history":[{"count":1,"href":"https:\/\/news.canadamotorjobs.com\/fr\/wp-json\/wp\/v2\/posts\/152430\/revisions"}],"predecessor-version":[{"id":152431,"href":"https:\/\/news.canadamotorjobs.com\/fr\/wp-json\/wp\/v2\/posts\/152430\/revisions\/152431"}],"wp:attachment":[{"href":"https:\/\/news.canadamotorjobs.com\/fr\/wp-json\/wp\/v2\/media?parent=152430"}],"wp:term":[{"taxonomy":"category","embeddable":true,"href":"https:\/\/news.canadamotorjobs.com\/fr\/wp-json\/wp\/v2\/categories?post=152430"},{"taxonomy":"post_tag","embeddable":true,"href":"https:\/\/news.canadamotorjobs.com\/fr\/wp-json\/wp\/v2\/tags?post=152430"}],"curies":[{"name":"wp","href":"https:\/\/api.w.org\/{rel}","templated":true}]}}