{"id":152428,"date":"2023-10-17T19:41:29","date_gmt":"2023-10-17T23:41:29","guid":{"rendered":"https:\/\/news.canadamotorjobs.com\/?p=152428"},"modified":"2023-10-17T20:14:38","modified_gmt":"2023-10-18T00:14:38","slug":"un-honda-sans-conducteur-fait-une-apparition-a-laeroport-pearson-de-toronto","status":"publish","type":"post","link":"https:\/\/news.canadamotorjobs.com\/fr\/un-honda-sans-conducteur-fait-une-apparition-a-laeroport-pearson-de-toronto\/","title":{"rendered":"Un Honda sans conducteur fait une apparition \u00e0 l\u2019a\u00e9roport Pearson de Toronto"},"content":{"rendered":"<p><img loading=\"lazy\" decoding=\"async\" width=\"1024\" height=\"683\" src=\"https:\/\/annuelauto.ca\/wp-content\/uploads\/2023\/10\/Honda-AWV-a\u0300-Toronto-2023-10_4.jpg\" class=\"attachment-post-thumbnail size-post-thumbnail wp-post-image\" alt=\"\" \/><\/p>\n<p>Ce petit utilitaire \u00e0 quatre roues de <a href=\"https:\/\/annuelauto.ca\/honda-prepare-t-il-un-successeur-a-la-s-2000-pour-son-75e-anniversaire\/\" target=\"_blank\" rel=\"noopener noreferrer\">Honda<\/a> qui n\u2019a pas de conducteur a sillonn\u00e9 le territoire de l\u2019a\u00e9roport international Toronto Pearson dans la m\u00e9tropole ontarienne aujourd\u2019hui. D\u00e9sign\u00e9 par l\u2019acronyme AWV (pour <em>Autonomous Working Vehicle<\/em>), ce v\u00e9hicule autonome exp\u00e9rimental \u00e0 motorisation \u00e9lectrique a \u00e9t\u00e9 mis \u00e0 l\u2019essai par l\u2019Autorit\u00e9 a\u00e9roportuaire du Grand Toronto (AAGT) afin de l\u2019\u00e9valuer, tout en aidant le constructeur nippon \u00e0 le peaufiner en vue d\u2019une commercialisation prochaine.<\/p>\n<p>L\u2019AWV est un v\u00e9hicule autonome (VA) tout terrain con\u00e7u pour fonctionner de mani\u00e8re autonome ou manuelle avec une t\u00e9l\u00e9commande. Son op\u00e9rateur peut configurer des routes \u00e0 parcourir dans l\u2019environnement o\u00f9 il doit \u00e9voluer en \u00e9tablissant des sites de d\u00e9part et d\u2019arr\u00eat, ou en cr\u00e9ant une carte du lieu, tout cela \u00e0 l&#8217;aide d\u2019un logiciel de Honda ayant une interface pour tablette.<\/p>\n<p>Ce VA est dot\u00e9 d\u2019une cam\u00e9ra pour la surveillance en temps r\u00e9el et d\u2019un ensemble de capteurs lui permettant de fonctionner de mani\u00e8re autonome, incluant un syst\u00e8me de guidage par satellite (GPS), un radar et un <a href=\"https:\/\/annuelauto.ca\/elon-musk-affirme-quune-tesla-entierement-autonome-sera-disponible-cette-annee\/\" target=\"_blank\" rel=\"noopener noreferrer\">LiDAR<\/a> pour la d\u00e9tection d&#8217;obstacles.<\/p>\n<h3><strong>Une premi\u00e8re \u00e0 l\u2019a\u00e9roport Pearson<\/strong><\/h3>\n<p>\nAujourd\u2019hui, ce petit v\u00e9hicule a r\u00e9alis\u00e9 avec succ\u00e8s \u00e0 un exercice de v\u00e9rification de la barri\u00e8re qui borde le p\u00e9rim\u00e8tre des installations de l\u2019<a href=\"https:\/\/annuelauto.ca\/laeroport-de-bologne-recoit-une-nouvelle-lamborghini-huracan\/\" target=\"_blank\" rel=\"noopener noreferrer\">a\u00e9roport<\/a> Pearson, une premi\u00e8re en son genre affirme Honda.<\/p>\n<p>En outre, il a effectu\u00e9 des t\u00e2ches de transport des fournitures \u00e0 des destinations pr\u00e9\u00e9tablies et en suivant une route pr\u00e9d\u00e9termin\u00e9e. Il a \u00e9galement d\u00e9montr\u00e9 sa capacit\u00e9 \u00e0 s\u2019immobiliser \u00e0 quelques centim\u00e8tres pr\u00e8s de lieux d\u00e9termin\u00e9s. Il a aussi r\u00e9ussi \u00e0 d\u00e9tecter des obstacles et d&#8217;autres v\u00e9hicules se trouvant sur son chemin, tout en assurant une interaction s\u00e9curitaire avec les travailleurs qu\u2019il a crois\u00e9s, explique le constructeur.<\/p>\n<p>Dans un communiqu\u00e9, l\u2019AAGT explique que cet exercice, r\u00e9alis\u00e9 conjointement par Honda, Illuminex\u00a0AI, Genwave Technologies, Cisco et Eagle Aerospace a d\u00e9montr\u00e9 qu\u2019un v\u00e9hicule de ce genre serait en mesure d\u2019alerter les autorit\u00e9s de l\u2019a\u00e9roport si des probl\u00e8mes potentiels de s\u00fbret\u00e9 ou de s\u00e9curit\u00e9 survenaient. Ce v\u00e9hicule autonome \u00ab\u00a0offre aux employ\u00e9s une excellente occasion de travailler avec des solutions technologiques novatrices pour am\u00e9liorer l&#8217;efficacit\u00e9 et la pr\u00e9cision des activit\u00e9s de l\u2019a\u00e9rodrome\u00a0\u00bb, ajoute l\u2019AAGT<\/p>\n<h3><strong>Partenaires recherch\u00e9s<\/strong><\/h3>\n<p>\nDans un communiqu\u00e9 distinct, Honda, qui pr\u00e9pare la commercialisation de l\u2019AWV, d\u00e9clare ouvertement \u00eatre \u00e0 la recherche de partenaires, comme l\u2019AAGT, pour comprendre les besoins des gestionnaires de terrains d&#8217;aviation et des autorit\u00e9s a\u00e9roportuaires tout en r\u00e9alisant des essais dynamiques. Le constructeur souhaite le mettre \u00e0 l\u2019essai dans des t\u00e2ches communes comme, par exemple, parcourir les voies d&#8217;inspection du p\u00e9rim\u00e8tre, transporter de l&#8217;\u00e9quipement ou encore remorquer un chariot \u00e0 bagages jusqu\u2019aux a\u00e9ronefs.<\/p>\n<p>Ce VA pourrait aussi transporter des pi\u00e8ces et de l&#8217;\u00e9quipement d\u2019avion. On peut y fixer une tondeuse pour couper le gazon ou un outil servant \u00e0 r\u00e9cup\u00e9rer des d\u00e9bris sur les pistes et le tarmac.<\/p>\n<p>Le constructeur nippon fait valoir que des VA comme celui-la permettraient d\u2019augmenter la productivit\u00e9 du personnel, de contrer la p\u00e9nurie de main-d\u2019\u0153uvre, tout en contribuant \u00e0 rehausser la s\u00e9curit\u00e9 des lieux.<\/p>\n<p>De son c\u00f4t\u00e9, l\u2019AAGT estime que \u00ab\u00a0ce v\u00e9hicule s&#8217;inscrit dans l&#8217;engagement in\u00e9branlable de l&#8217;a\u00e9roport Pearson de Toronto \u00e0 investir dans une technologie qui am\u00e9liore la s\u00fbret\u00e9, la s\u00e9curit\u00e9 et la durabilit\u00e9 de l\u2019a\u00e9roport.\u00a0\u00bb<\/p>\n<p>Naturellement, ni le constructeur ni l\u2019organisation a\u00e9roportuaire torontoise n\u2019ont \u00e9voqu\u00e9 le fait qu\u2019un v\u00e9hicule robotis\u00e9 remplacerait n\u00e9cessairement des employ\u00e9s qui effectuent les t\u00e2ches qui lui seraient attribu\u00e9es\u2026<\/p>\n<p>Rappelons que ce v\u00e9hicule autonome a \u00e9t\u00e9 d\u00e9voil\u00e9 par Honda initialement au salon CES 2018, \u00e0 Las Vegas, sous la forme d\u2019un v\u00e9hicule-concept baptis\u00e9 3E-D18; un nom qui n\u2019est pas sans rappeler celui du robot R2D2 de <em>Star Wars<\/em>\u00a0!<\/p>\n<p><em>Photos : Honda et AAGT<\/em><\/p>\n<p>Le texte <a rel=\"nofollow\" href=\"https:\/\/annuelauto.ca\/un-honda-sans-conducteur-fait-une-apparition-a-laeroport-pearson-de-toronto\/\">Un Honda sans conducteur fait une apparition \u00e0 l\u2019a\u00e9roport Pearson de Toronto<\/a> provient de <a rel=\"nofollow\" href=\"https:\/\/annuelauto.ca\">L&#8217;annuel de l&#8217;automobile &#8211; Actualit\u00e9 automobile<\/a><\/p>\n<p><\/p>\n","protected":false},"excerpt":{"rendered":"<p>Ce petit utilitaire \u00e0 quatre roues de Honda qui n\u2019a pas de conducteur a sillonn\u00e9 le territoire de l\u2019a\u00e9roport international Toronto Pearson dans la m\u00e9tropole ontarienne aujourd\u2019hui. D\u00e9sign\u00e9 par l\u2019acronyme AWV (pour Autonomous Working Vehicle), ce v\u00e9hicule autonome exp\u00e9rimental \u00e0 motorisation \u00e9lectrique a \u00e9t\u00e9 mis \u00e0 l\u2019essai par l\u2019Autorit\u00e9 a\u00e9roportuaire du Grand Toronto (AAGT) afin [&hellip;]<\/p>\n","protected":false},"author":8,"featured_media":0,"comment_status":"close","ping_status":"closed","sticky":false,"template":"","format":"standard","meta":{"_monsterinsights_skip_tracking":false,"_monsterinsights_sitenote_active":false,"_monsterinsights_sitenote_note":"","_monsterinsights_sitenote_category":0,"footnotes":""},"categories":[101],"tags":[],"yoast_head":"<!-- This site is optimized with the Yoast SEO plugin v23.2 - https:\/\/yoast.com\/wordpress\/plugins\/seo\/ -->\n<title>Un Honda sans conducteur fait une apparition \u00e0 l\u2019a\u00e9roport Pearson de Toronto - CanadaMotorJobs.com<\/title>\n<meta name=\"description\" content=\"Un Honda sans conducteur fait une apparition \u00e0 l\u2019a\u00e9roport Pearson de Toronto - Benoit Charette - Annuel automobile - CanadaMotorJobs.com.\" \/>\n<meta name=\"robots\" content=\"index, follow, max-snippet:-1, max-image-preview:large, max-video-preview:-1\" \/>\n<meta property=\"og:locale\" content=\"fr_CA\" \/>\n<meta property=\"og:type\" content=\"article\" \/>\n<meta property=\"og:title\" content=\"Un Honda sans conducteur fait une apparition \u00e0 l\u2019a\u00e9roport Pearson de Toronto - CanadaMotorJobs.com\" \/>\n<meta property=\"og:description\" content=\"Un Honda sans conducteur fait une apparition \u00e0 l\u2019a\u00e9roport Pearson de Toronto - Benoit Charette - Annuel automobile - CanadaMotorJobs.com.\" \/>\n<meta property=\"og:url\" content=\"https:\/\/news.canadamotorjobs.com\/fr\/un-honda-sans-conducteur-fait-une-apparition-a-laeroport-pearson-de-toronto\/\" \/>\n<meta property=\"og:site_name\" content=\"CanadaMotorJobs.com\" \/>\n<meta property=\"article:publisher\" content=\"https:\/\/www.facebook.com\/canadamotorjobs\/\" \/>\n<meta property=\"article:published_time\" content=\"2023-10-17T23:41:29+00:00\" \/>\n<meta property=\"article:modified_time\" content=\"2023-10-18T00:14:38+00:00\" \/>\n<meta name=\"author\" content=\"Benoit Charette\" \/>\n<meta name=\"twitter:card\" content=\"summary_large_image\" \/>\n<meta name=\"twitter:creator\" content=\"@canadamotorjobs\" \/>\n<meta name=\"twitter:site\" content=\"@canadamotorjobs\" \/>\n<meta name=\"twitter:label1\" content=\"\u00c9crit par\" \/>\n\t<meta name=\"twitter:data1\" content=\"Benoit Charette\" \/>\n\t<meta name=\"twitter:label2\" content=\"Estimation du temps de lecture\" \/>\n\t<meta name=\"twitter:data2\" content=\"4 minutes\" \/>\n<!-- \/ Yoast SEO plugin. -->","yoast_head_json":{"title":"Un Honda sans conducteur fait une apparition \u00e0 l\u2019a\u00e9roport Pearson de Toronto - CanadaMotorJobs.com","description":"Un Honda sans conducteur fait une apparition \u00e0 l\u2019a\u00e9roport Pearson de Toronto - Benoit Charette - Annuel automobile - CanadaMotorJobs.com.","robots":{"index":"index","follow":"follow","max-snippet":"max-snippet:-1","max-image-preview":"max-image-preview:large","max-video-preview":"max-video-preview:-1"},"og_locale":"fr_CA","og_type":"article","og_title":"Un Honda sans conducteur fait une apparition \u00e0 l\u2019a\u00e9roport Pearson de Toronto - CanadaMotorJobs.com","og_description":"Un Honda sans conducteur fait une apparition \u00e0 l\u2019a\u00e9roport Pearson de Toronto - Benoit Charette - Annuel automobile - CanadaMotorJobs.com.","og_url":"https:\/\/news.canadamotorjobs.com\/fr\/un-honda-sans-conducteur-fait-une-apparition-a-laeroport-pearson-de-toronto\/","og_site_name":"CanadaMotorJobs.com","article_publisher":"https:\/\/www.facebook.com\/canadamotorjobs\/","article_published_time":"2023-10-17T23:41:29+00:00","article_modified_time":"2023-10-18T00:14:38+00:00","author":"Benoit Charette","twitter_card":"summary_large_image","twitter_creator":"@canadamotorjobs","twitter_site":"@canadamotorjobs","twitter_misc":{"\u00c9crit par":"Benoit Charette","Estimation du temps de lecture":"4 minutes"},"schema":{"@context":"https:\/\/schema.org","@graph":[{"@type":"Article","@id":"https:\/\/news.canadamotorjobs.com\/fr\/un-honda-sans-conducteur-fait-une-apparition-a-laeroport-pearson-de-toronto\/#article","isPartOf":{"@id":"https:\/\/news.canadamotorjobs.com\/fr\/un-honda-sans-conducteur-fait-une-apparition-a-laeroport-pearson-de-toronto\/"},"author":{"name":"Benoit Charette","@id":"https:\/\/news.canadamotorjobs.com\/#\/schema\/person\/51793d1f87d44011d7bcc2ed99269a90"},"headline":"Un Honda sans conducteur fait une apparition \u00e0 l\u2019a\u00e9roport Pearson de Toronto","datePublished":"2023-10-17T23:41:29+00:00","dateModified":"2023-10-18T00:14:38+00:00","mainEntityOfPage":{"@id":"https:\/\/news.canadamotorjobs.com\/fr\/un-honda-sans-conducteur-fait-une-apparition-a-laeroport-pearson-de-toronto\/"},"wordCount":755,"publisher":{"@id":"https:\/\/news.canadamotorjobs.com\/#organization"},"articleSection":["Annuel automobile"],"inLanguage":"fr-CA"},{"@type":"WebPage","@id":"https:\/\/news.canadamotorjobs.com\/fr\/un-honda-sans-conducteur-fait-une-apparition-a-laeroport-pearson-de-toronto\/","url":"https:\/\/news.canadamotorjobs.com\/fr\/un-honda-sans-conducteur-fait-une-apparition-a-laeroport-pearson-de-toronto\/","name":"Un Honda sans conducteur fait une apparition \u00e0 l\u2019a\u00e9roport Pearson de Toronto - CanadaMotorJobs.com","isPartOf":{"@id":"https:\/\/news.canadamotorjobs.com\/#website"},"datePublished":"2023-10-17T23:41:29+00:00","dateModified":"2023-10-18T00:14:38+00:00","description":"Un Honda sans conducteur fait une apparition \u00e0 l\u2019a\u00e9roport Pearson de Toronto - Benoit Charette - Annuel automobile - CanadaMotorJobs.com.","breadcrumb":{"@id":"https:\/\/news.canadamotorjobs.com\/fr\/un-honda-sans-conducteur-fait-une-apparition-a-laeroport-pearson-de-toronto\/#breadcrumb"},"inLanguage":"fr-CA","potentialAction":[{"@type":"ReadAction","target":["https:\/\/news.canadamotorjobs.com\/fr\/un-honda-sans-conducteur-fait-une-apparition-a-laeroport-pearson-de-toronto\/"]}]},{"@type":"BreadcrumbList","@id":"https:\/\/news.canadamotorjobs.com\/fr\/un-honda-sans-conducteur-fait-une-apparition-a-laeroport-pearson-de-toronto\/#breadcrumb","itemListElement":[{"@type":"ListItem","position":1,"name":"Home","item":"https:\/\/news.canadamotorjobs.com\/fr\/blog\/"},{"@type":"ListItem","position":2,"name":"Un Honda sans conducteur fait une apparition \u00e0 l\u2019a\u00e9roport Pearson de Toronto"}]},{"@type":"WebSite","@id":"https:\/\/news.canadamotorjobs.com\/#website","url":"https:\/\/news.canadamotorjobs.com\/","name":"CanadaMotorJobs.com","description":"Automotive Jobs","publisher":{"@id":"https:\/\/news.canadamotorjobs.com\/#organization"},"potentialAction":[{"@type":"SearchAction","target":{"@type":"EntryPoint","urlTemplate":"https:\/\/news.canadamotorjobs.com\/?s={search_term_string}"},"query-input":"required name=search_term_string"}],"inLanguage":"fr-CA"},{"@type":"Organization","@id":"https:\/\/news.canadamotorjobs.com\/#organization","name":"Canada Motor Jobs","url":"https:\/\/news.canadamotorjobs.com\/","logo":{"@type":"ImageObject","inLanguage":"fr-CA","@id":"https:\/\/news.canadamotorjobs.com\/#\/schema\/logo\/image\/","url":"https:\/\/news.canadamotorjobs.com\/wp-content\/uploads\/2022\/10\/logo-canada-motor-jobs-1.png","contentUrl":"https:\/\/news.canadamotorjobs.com\/wp-content\/uploads\/2022\/10\/logo-canada-motor-jobs-1.png","width":800,"height":400,"caption":"Canada Motor Jobs"},"image":{"@id":"https:\/\/news.canadamotorjobs.com\/#\/schema\/logo\/image\/"},"sameAs":["https:\/\/www.facebook.com\/canadamotorjobs\/","https:\/\/x.com\/canadamotorjobs","https:\/\/www.instagram.com\/canadamotorjobs\/","https:\/\/www.linkedin.com\/company\/canadamotorjobs"]},{"@type":"Person","@id":"https:\/\/news.canadamotorjobs.com\/#\/schema\/person\/51793d1f87d44011d7bcc2ed99269a90","name":"Benoit Charette","image":{"@type":"ImageObject","inLanguage":"fr-CA","@id":"https:\/\/news.canadamotorjobs.com\/#\/schema\/person\/image\/","url":"https:\/\/secure.gravatar.com\/avatar\/45f3d2eebcccd909668d7ce7ea7267b6?s=96&d=mm&r=g","contentUrl":"https:\/\/secure.gravatar.com\/avatar\/45f3d2eebcccd909668d7ce7ea7267b6?s=96&d=mm&r=g","caption":"Benoit Charette"},"description":"Benoit Charette \/ Propri\u00e9taire et r\u00e9dacteur en chef Benoit Charette pratique le journalisme automobile depuis bient\u00f4t 30 ans. Il a fait ses classes au c\u00f4t\u00e9 de Daniel H\u00e9raud et au Carnet de route de 1992 \u00e0 2001. Il est fondateur, copropri\u00e9taire et r\u00e9dacteur en chef de L\u2019Annuel de l\u2019automobile, qu\u2019il publie depuis 2001. Il a anim\u00e9 les \u00e9missions RPM et RPM+ sur V et les L\u00e9gendes de la route sur Historia. \u00c0 la radio depuis 1986, il reprend l\u2019antenne cette ann\u00e9e sur les ondes de Cogeco et participe pour la deuxi\u00e8me ann\u00e9e \u00e0 l\u2019\u00e9mission Passion Auto sur RDS en plus de mettre en ligne le site Web officiel de L\u2019Annuel de l\u2019automobile sur annuelauto.ca.","sameAs":["https:\/\/annuelauto.ca\/"],"url":"https:\/\/news.canadamotorjobs.com\/fr\/author\/benoit-charette\/"}]}},"_links":{"self":[{"href":"https:\/\/news.canadamotorjobs.com\/fr\/wp-json\/wp\/v2\/posts\/152428"}],"collection":[{"href":"https:\/\/news.canadamotorjobs.com\/fr\/wp-json\/wp\/v2\/posts"}],"about":[{"href":"https:\/\/news.canadamotorjobs.com\/fr\/wp-json\/wp\/v2\/types\/post"}],"author":[{"embeddable":true,"href":"https:\/\/news.canadamotorjobs.com\/fr\/wp-json\/wp\/v2\/users\/8"}],"replies":[{"embeddable":true,"href":"https:\/\/news.canadamotorjobs.com\/fr\/wp-json\/wp\/v2\/comments?post=152428"}],"version-history":[{"count":1,"href":"https:\/\/news.canadamotorjobs.com\/fr\/wp-json\/wp\/v2\/posts\/152428\/revisions"}],"predecessor-version":[{"id":152429,"href":"https:\/\/news.canadamotorjobs.com\/fr\/wp-json\/wp\/v2\/posts\/152428\/revisions\/152429"}],"wp:attachment":[{"href":"https:\/\/news.canadamotorjobs.com\/fr\/wp-json\/wp\/v2\/media?parent=152428"}],"wp:term":[{"taxonomy":"category","embeddable":true,"href":"https:\/\/news.canadamotorjobs.com\/fr\/wp-json\/wp\/v2\/categories?post=152428"},{"taxonomy":"post_tag","embeddable":true,"href":"https:\/\/news.canadamotorjobs.com\/fr\/wp-json\/wp\/v2\/tags?post=152428"}],"curies":[{"name":"wp","href":"https:\/\/api.w.org\/{rel}","templated":true}]}}