{"id":152426,"date":"2023-10-17T16:25:55","date_gmt":"2023-10-17T20:25:55","guid":{"rendered":"https:\/\/news.canadamotorjobs.com\/?p=152426"},"modified":"2023-10-17T16:32:13","modified_gmt":"2023-10-17T20:32:13","slug":"la-production-du-chevrolet-silverado-ev-est-repousse-dun-an","status":"publish","type":"post","link":"https:\/\/news.canadamotorjobs.com\/fr\/la-production-du-chevrolet-silverado-ev-est-repousse-dun-an\/","title":{"rendered":"La production du Chevrolet Silverado EV est repouss\u00e9 d\u2019un an"},"content":{"rendered":"<p><img loading=\"lazy\" decoding=\"async\" width=\"1900\" height=\"1267\" src=\"https:\/\/annuelauto.ca\/wp-content\/uploads\/2023\/10\/Chevrolet-Silverado-mountainside.jpg\" class=\"attachment-post-thumbnail size-post-thumbnail wp-post-image\" alt=\"\" \/><\/p>\n<p>General Motors a r\u00e9cemment ace mardi un report du lancement de la production de pick-up \u00e9lectriques dans une usine de D\u00e9troit.<\/p>\n<h3><strong>Raisons du report<\/strong><\/h3>\n<p>\nLa d\u00e9cision de repousser le lancement est due \u00e0 la demande changeante de v\u00e9hicules \u00e9lectriques et aux besoins d&#8217;am\u00e9liorations techniques. GM tient \u00e0 pr\u00e9ciser que ce report n&#8217;a aucun lien avec la gr\u00e8ve en cours de l&#8217;UAW.<\/p>\n<h3><strong>Optimisation des investissements en capital<\/strong><\/h3>\n<p>\nGM souhaite mieux g\u00e9rer ses investissements en capital en alignant sa production sur la demande de v\u00e9hicules \u00e9lectriques. Des am\u00e9liorations techniques seront mises en place pour am\u00e9liorer la rentabilit\u00e9 des produits.<\/p>\n<h3><strong>R\u00e9affectation des employ\u00e9s<\/strong><\/h3>\n<p>\nEnviron 1 000 employ\u00e9s d&#8217;de l\u2019usine d\u2019Orion seront transf\u00e9r\u00e9s vers d&#8217;autres usines dans le Michigan, offrant flexibilit\u00e9 et opportunit\u00e9s. L&#8217;usine z\u00e9ro de GM \u00e0 Detroit va s&#8217;agrandir et produire \u00e9galement la Sierra EV, ajoutant une deuxi\u00e8me \u00e9quipe en 2024. Les employ\u00e9s auront la possibilit\u00e9 de revenir \u00e0 l&#8217;usine d&#8217;Orion apr\u00e8s la r\u00e9novation. L&#8217;usine d&#8217;Orion sera r\u00e9am\u00e9nag\u00e9e pour la production de camions \u00e9lectriques apr\u00e8s la fin de la production de la Chevy Bolt EV et de l&#8217;EUV.<\/p>\n<h3><strong>Retard de deux ans<\/strong><\/h3>\n<p>\nLe report signifie que l&#8217;usine pourrait \u00eatre \u00e0 l&#8217;arr\u00eat pendant pr\u00e8s de deux ans, impactant la production. GM avait pr\u00e9vu d&#8217;investir 4 milliards de dollars pour pr\u00e9parer l&#8217;usine \u00e0 la production de Silverado et Sierra EV. Le r\u00e9ouverture de l&#8217;usine devrait tripler le nombre d&#8217;emplois \u00e0 Orion Assembly, selon GM. GM pr\u00e9voit de faire \u00e9voluer la Chevy Bolt en un v\u00e9hicule bas\u00e9 sur la plateforme Ultium, mais les d\u00e9tails restent \u00e0 venir.<\/p>\n<p>Avec des renseignements d\u2019Automotive News<\/p>\n<p>Le texte <a rel=\"nofollow\" href=\"https:\/\/annuelauto.ca\/la-production-du-chevrolet-silverado-ev-est-repousse-dun-an\/\">La production du Chevrolet Silverado EV est repouss\u00e9 d\u2019un an<\/a> provient de <a rel=\"nofollow\" href=\"https:\/\/annuelauto.ca\">L&#8217;annuel de l&#8217;automobile &#8211; Actualit\u00e9 automobile<\/a><\/p>\n<p><\/p>\n","protected":false},"excerpt":{"rendered":"<p>General Motors a r\u00e9cemment ace mardi un report du lancement de la production de pick-up \u00e9lectriques dans une usine de D\u00e9troit. Raisons du report La d\u00e9cision de repousser le lancement est due \u00e0 la demande changeante de v\u00e9hicules \u00e9lectriques et aux besoins d&#8217;am\u00e9liorations techniques. GM tient \u00e0 pr\u00e9ciser que ce report n&#8217;a aucun lien avec [&hellip;]<\/p>\n","protected":false},"author":8,"featured_media":0,"comment_status":"close","ping_status":"closed","sticky":false,"template":"","format":"standard","meta":{"_monsterinsights_skip_tracking":false,"_monsterinsights_sitenote_active":false,"_monsterinsights_sitenote_note":"","_monsterinsights_sitenote_category":0,"footnotes":""},"categories":[101],"tags":[],"yoast_head":"<!-- This site is optimized with the Yoast SEO plugin v23.2 - https:\/\/yoast.com\/wordpress\/plugins\/seo\/ -->\n<title>La production du Chevrolet Silverado EV est repouss\u00e9 d\u2019un an - CanadaMotorJobs.com<\/title>\n<meta name=\"description\" content=\"La production du Chevrolet Silverado EV est repouss\u00e9 d\u2019un an - Benoit Charette - Annuel automobile - CanadaMotorJobs.com.\" \/>\n<meta name=\"robots\" content=\"index, follow, max-snippet:-1, max-image-preview:large, max-video-preview:-1\" \/>\n<meta property=\"og:locale\" content=\"fr_CA\" \/>\n<meta property=\"og:type\" content=\"article\" \/>\n<meta property=\"og:title\" content=\"La production du Chevrolet Silverado EV est repouss\u00e9 d\u2019un an - CanadaMotorJobs.com\" \/>\n<meta property=\"og:description\" content=\"La production du Chevrolet Silverado EV est repouss\u00e9 d\u2019un an - Benoit Charette - Annuel automobile - CanadaMotorJobs.com.\" \/>\n<meta property=\"og:url\" content=\"https:\/\/news.canadamotorjobs.com\/fr\/la-production-du-chevrolet-silverado-ev-est-repousse-dun-an\/\" \/>\n<meta property=\"og:site_name\" content=\"CanadaMotorJobs.com\" \/>\n<meta property=\"article:publisher\" content=\"https:\/\/www.facebook.com\/canadamotorjobs\/\" \/>\n<meta property=\"article:published_time\" content=\"2023-10-17T20:25:55+00:00\" \/>\n<meta property=\"article:modified_time\" content=\"2023-10-17T20:32:13+00:00\" \/>\n<meta property=\"og:image\" content=\"https:\/\/annuelauto.ca\/wp-content\/uploads\/2023\/10\/Chevrolet-Silverado-mountainside.jpg\" \/>\n<meta name=\"author\" content=\"Benoit Charette\" \/>\n<meta name=\"twitter:card\" content=\"summary_large_image\" \/>\n<meta name=\"twitter:creator\" content=\"@canadamotorjobs\" \/>\n<meta name=\"twitter:site\" content=\"@canadamotorjobs\" \/>\n<meta name=\"twitter:label1\" content=\"\u00c9crit par\" \/>\n\t<meta name=\"twitter:data1\" content=\"Benoit Charette\" \/>\n\t<meta name=\"twitter:label2\" content=\"Estimation du temps de lecture\" \/>\n\t<meta name=\"twitter:data2\" content=\"2 minutes\" \/>\n<!-- \/ Yoast SEO plugin. -->","yoast_head_json":{"title":"La production du Chevrolet Silverado EV est repouss\u00e9 d\u2019un an - CanadaMotorJobs.com","description":"La production du Chevrolet Silverado EV est repouss\u00e9 d\u2019un an - Benoit Charette - Annuel automobile - CanadaMotorJobs.com.","robots":{"index":"index","follow":"follow","max-snippet":"max-snippet:-1","max-image-preview":"max-image-preview:large","max-video-preview":"max-video-preview:-1"},"og_locale":"fr_CA","og_type":"article","og_title":"La production du Chevrolet Silverado EV est repouss\u00e9 d\u2019un an - CanadaMotorJobs.com","og_description":"La production du Chevrolet Silverado EV est repouss\u00e9 d\u2019un an - Benoit Charette - Annuel automobile - CanadaMotorJobs.com.","og_url":"https:\/\/news.canadamotorjobs.com\/fr\/la-production-du-chevrolet-silverado-ev-est-repousse-dun-an\/","og_site_name":"CanadaMotorJobs.com","article_publisher":"https:\/\/www.facebook.com\/canadamotorjobs\/","article_published_time":"2023-10-17T20:25:55+00:00","article_modified_time":"2023-10-17T20:32:13+00:00","og_image":[{"url":"https:\/\/annuelauto.ca\/wp-content\/uploads\/2023\/10\/Chevrolet-Silverado-mountainside.jpg"}],"author":"Benoit Charette","twitter_card":"summary_large_image","twitter_creator":"@canadamotorjobs","twitter_site":"@canadamotorjobs","twitter_misc":{"\u00c9crit par":"Benoit Charette","Estimation du temps de lecture":"2 minutes"},"schema":{"@context":"https:\/\/schema.org","@graph":[{"@type":"Article","@id":"https:\/\/news.canadamotorjobs.com\/fr\/la-production-du-chevrolet-silverado-ev-est-repousse-dun-an\/#article","isPartOf":{"@id":"https:\/\/news.canadamotorjobs.com\/fr\/la-production-du-chevrolet-silverado-ev-est-repousse-dun-an\/"},"author":{"name":"Benoit Charette","@id":"https:\/\/news.canadamotorjobs.com\/#\/schema\/person\/51793d1f87d44011d7bcc2ed99269a90"},"headline":"La production du Chevrolet Silverado EV est repouss\u00e9 d\u2019un an","datePublished":"2023-10-17T20:25:55+00:00","dateModified":"2023-10-17T20:32:13+00:00","mainEntityOfPage":{"@id":"https:\/\/news.canadamotorjobs.com\/fr\/la-production-du-chevrolet-silverado-ev-est-repousse-dun-an\/"},"wordCount":333,"publisher":{"@id":"https:\/\/news.canadamotorjobs.com\/#organization"},"image":{"@id":"https:\/\/news.canadamotorjobs.com\/fr\/la-production-du-chevrolet-silverado-ev-est-repousse-dun-an\/#primaryimage"},"thumbnailUrl":"https:\/\/annuelauto.ca\/wp-content\/uploads\/2023\/10\/Chevrolet-Silverado-mountainside.jpg","articleSection":["Annuel automobile"],"inLanguage":"fr-CA"},{"@type":"WebPage","@id":"https:\/\/news.canadamotorjobs.com\/fr\/la-production-du-chevrolet-silverado-ev-est-repousse-dun-an\/","url":"https:\/\/news.canadamotorjobs.com\/fr\/la-production-du-chevrolet-silverado-ev-est-repousse-dun-an\/","name":"La production du Chevrolet Silverado EV est repouss\u00e9 d\u2019un an - CanadaMotorJobs.com","isPartOf":{"@id":"https:\/\/news.canadamotorjobs.com\/#website"},"primaryImageOfPage":{"@id":"https:\/\/news.canadamotorjobs.com\/fr\/la-production-du-chevrolet-silverado-ev-est-repousse-dun-an\/#primaryimage"},"image":{"@id":"https:\/\/news.canadamotorjobs.com\/fr\/la-production-du-chevrolet-silverado-ev-est-repousse-dun-an\/#primaryimage"},"thumbnailUrl":"https:\/\/annuelauto.ca\/wp-content\/uploads\/2023\/10\/Chevrolet-Silverado-mountainside.jpg","datePublished":"2023-10-17T20:25:55+00:00","dateModified":"2023-10-17T20:32:13+00:00","description":"La production du Chevrolet Silverado EV est repouss\u00e9 d\u2019un an - Benoit Charette - Annuel automobile - CanadaMotorJobs.com.","breadcrumb":{"@id":"https:\/\/news.canadamotorjobs.com\/fr\/la-production-du-chevrolet-silverado-ev-est-repousse-dun-an\/#breadcrumb"},"inLanguage":"fr-CA","potentialAction":[{"@type":"ReadAction","target":["https:\/\/news.canadamotorjobs.com\/fr\/la-production-du-chevrolet-silverado-ev-est-repousse-dun-an\/"]}]},{"@type":"ImageObject","inLanguage":"fr-CA","@id":"https:\/\/news.canadamotorjobs.com\/fr\/la-production-du-chevrolet-silverado-ev-est-repousse-dun-an\/#primaryimage","url":"https:\/\/annuelauto.ca\/wp-content\/uploads\/2023\/10\/Chevrolet-Silverado-mountainside.jpg","contentUrl":"https:\/\/annuelauto.ca\/wp-content\/uploads\/2023\/10\/Chevrolet-Silverado-mountainside.jpg"},{"@type":"BreadcrumbList","@id":"https:\/\/news.canadamotorjobs.com\/fr\/la-production-du-chevrolet-silverado-ev-est-repousse-dun-an\/#breadcrumb","itemListElement":[{"@type":"ListItem","position":1,"name":"Home","item":"https:\/\/news.canadamotorjobs.com\/fr\/blog\/"},{"@type":"ListItem","position":2,"name":"La production du Chevrolet Silverado EV est repouss\u00e9 d\u2019un an"}]},{"@type":"WebSite","@id":"https:\/\/news.canadamotorjobs.com\/#website","url":"https:\/\/news.canadamotorjobs.com\/","name":"CanadaMotorJobs.com","description":"Automotive Jobs","publisher":{"@id":"https:\/\/news.canadamotorjobs.com\/#organization"},"potentialAction":[{"@type":"SearchAction","target":{"@type":"EntryPoint","urlTemplate":"https:\/\/news.canadamotorjobs.com\/?s={search_term_string}"},"query-input":"required name=search_term_string"}],"inLanguage":"fr-CA"},{"@type":"Organization","@id":"https:\/\/news.canadamotorjobs.com\/#organization","name":"Canada Motor Jobs","url":"https:\/\/news.canadamotorjobs.com\/","logo":{"@type":"ImageObject","inLanguage":"fr-CA","@id":"https:\/\/news.canadamotorjobs.com\/#\/schema\/logo\/image\/","url":"https:\/\/news.canadamotorjobs.com\/wp-content\/uploads\/2022\/10\/logo-canada-motor-jobs-1.png","contentUrl":"https:\/\/news.canadamotorjobs.com\/wp-content\/uploads\/2022\/10\/logo-canada-motor-jobs-1.png","width":800,"height":400,"caption":"Canada Motor Jobs"},"image":{"@id":"https:\/\/news.canadamotorjobs.com\/#\/schema\/logo\/image\/"},"sameAs":["https:\/\/www.facebook.com\/canadamotorjobs\/","https:\/\/x.com\/canadamotorjobs","https:\/\/www.instagram.com\/canadamotorjobs\/","https:\/\/www.linkedin.com\/company\/canadamotorjobs"]},{"@type":"Person","@id":"https:\/\/news.canadamotorjobs.com\/#\/schema\/person\/51793d1f87d44011d7bcc2ed99269a90","name":"Benoit Charette","image":{"@type":"ImageObject","inLanguage":"fr-CA","@id":"https:\/\/news.canadamotorjobs.com\/#\/schema\/person\/image\/","url":"https:\/\/secure.gravatar.com\/avatar\/45f3d2eebcccd909668d7ce7ea7267b6?s=96&d=mm&r=g","contentUrl":"https:\/\/secure.gravatar.com\/avatar\/45f3d2eebcccd909668d7ce7ea7267b6?s=96&d=mm&r=g","caption":"Benoit Charette"},"description":"Benoit Charette \/ Propri\u00e9taire et r\u00e9dacteur en chef Benoit Charette pratique le journalisme automobile depuis bient\u00f4t 30 ans. Il a fait ses classes au c\u00f4t\u00e9 de Daniel H\u00e9raud et au Carnet de route de 1992 \u00e0 2001. Il est fondateur, copropri\u00e9taire et r\u00e9dacteur en chef de L\u2019Annuel de l\u2019automobile, qu\u2019il publie depuis 2001. Il a anim\u00e9 les \u00e9missions RPM et RPM+ sur V et les L\u00e9gendes de la route sur Historia. \u00c0 la radio depuis 1986, il reprend l\u2019antenne cette ann\u00e9e sur les ondes de Cogeco et participe pour la deuxi\u00e8me ann\u00e9e \u00e0 l\u2019\u00e9mission Passion Auto sur RDS en plus de mettre en ligne le site Web officiel de L\u2019Annuel de l\u2019automobile sur annuelauto.ca.","sameAs":["https:\/\/annuelauto.ca\/"],"url":"https:\/\/news.canadamotorjobs.com\/fr\/author\/benoit-charette\/"}]}},"_links":{"self":[{"href":"https:\/\/news.canadamotorjobs.com\/fr\/wp-json\/wp\/v2\/posts\/152426"}],"collection":[{"href":"https:\/\/news.canadamotorjobs.com\/fr\/wp-json\/wp\/v2\/posts"}],"about":[{"href":"https:\/\/news.canadamotorjobs.com\/fr\/wp-json\/wp\/v2\/types\/post"}],"author":[{"embeddable":true,"href":"https:\/\/news.canadamotorjobs.com\/fr\/wp-json\/wp\/v2\/users\/8"}],"replies":[{"embeddable":true,"href":"https:\/\/news.canadamotorjobs.com\/fr\/wp-json\/wp\/v2\/comments?post=152426"}],"version-history":[{"count":1,"href":"https:\/\/news.canadamotorjobs.com\/fr\/wp-json\/wp\/v2\/posts\/152426\/revisions"}],"predecessor-version":[{"id":152427,"href":"https:\/\/news.canadamotorjobs.com\/fr\/wp-json\/wp\/v2\/posts\/152426\/revisions\/152427"}],"wp:attachment":[{"href":"https:\/\/news.canadamotorjobs.com\/fr\/wp-json\/wp\/v2\/media?parent=152426"}],"wp:term":[{"taxonomy":"category","embeddable":true,"href":"https:\/\/news.canadamotorjobs.com\/fr\/wp-json\/wp\/v2\/categories?post=152426"},{"taxonomy":"post_tag","embeddable":true,"href":"https:\/\/news.canadamotorjobs.com\/fr\/wp-json\/wp\/v2\/tags?post=152426"}],"curies":[{"name":"wp","href":"https:\/\/api.w.org\/{rel}","templated":true}]}}