{"id":152424,"date":"2023-10-17T05:44:22","date_gmt":"2023-10-17T09:44:22","guid":{"rendered":"https:\/\/news.canadamotorjobs.com\/?p=152424"},"modified":"2023-10-17T05:59:00","modified_gmt":"2023-10-17T09:59:00","slug":"un-parcours-de-1000-kilometres-seulement-avec-des-piles-solaires","status":"publish","type":"post","link":"https:\/\/news.canadamotorjobs.com\/fr\/un-parcours-de-1000-kilometres-seulement-avec-des-piles-solaires\/","title":{"rendered":"Un parcours de 1000 kilom\u00e8tres, seulement avec des piles solaires"},"content":{"rendered":"<p><img loading=\"lazy\" decoding=\"async\" width=\"1200\" height=\"800\" src=\"https:\/\/annuelauto.ca\/wp-content\/uploads\/2023\/10\/231016095934-stella-terra-roof.jpg\" class=\"attachment-post-thumbnail size-post-thumbnail wp-post-image\" alt=\"\" \/><\/p>\n<p>L&#8217;engouement pour les v\u00e9hicules \u00e9lectriques avec une forte autonomie ne cesse de cro\u00eetre, mais de nombreuses r\u00e9gions souffrent d&#8217;une infrastructure de recharge inad\u00e9quate, un d\u00e9fi majeur pour les propri\u00e9taires et les constructeurs. Cependant, une solution innovante \u00e9merge pour surmonter cette limitation.<\/p>\n<h3><em>Un VUS tout-terrain \u00e0 \u00e9nergie solaire<\/em><\/h3>\n<p>\nStella Terra, le premier v\u00e9hicule \u00e9lectrique tout-terrain aliment\u00e9 par l&#8217;\u00e9nergie solaire au monde, est sur le point de r\u00e9volutionner l&#8217;industrie automobile. Ce prototype homologu\u00e9 pour la route a accompli un exploit impressionnant en parcourant 1 000 km \u00e0 travers des terrains difficiles en Afrique du Nord sans avoir besoin de se recharger, gr\u00e2ce \u00e0 la puissance du soleil.<\/p>\n<h3><em>Une id\u00e9e qui vient des Pays-Bas<\/em><\/h3>\n<p>\nD\u00e9velopp\u00e9e par des \u00e9tudiants de l&#8217;Universit\u00e9 de technologie d&#8217;Eindhoven aux Pays-Bas, Stella Terra illustre comment des batteries plus petites et plus l\u00e9g\u00e8res, combin\u00e9es \u00e0 la technologie solaire, peuvent augmenter l&#8217;autonomie et les capacit\u00e9s des v\u00e9hicules \u00e9lectriques, m\u00eame dans des conditions tout-terrain difficiles.<\/p>\n<h3><em>Technologie qui devance son \u00e9poque<\/em><\/h3>\n<p>\nSelon Wisse Bos, directeur de l&#8217;\u00e9quipe Solar Team Eindhoven, la technologie de Stella Terra, qui associe une structure l\u00e9g\u00e8re \u00e0 des panneaux solaires incroyablement efficaces, est en avance d&#8217;une d\u00e9cennie sur tout ce que l&#8217;on peut trouver sur le march\u00e9 actuel.<\/p>\n<h3><em>Une \u00e9preuve difficile<\/em><\/h3>\n<p>\nStella Terra a fait ses preuves lors d&#8217;un voyage \u00e9pique en Afrique. Partant du nord du Maroc, l&#8217;\u00e9quipe a conduit ce VUS \u00e0 travers les montagnes et le d\u00e9sert du Sahara, prouvant sa fiabilit\u00e9. Malgr\u00e9 un syst\u00e8me de direction cass\u00e9 en cours de route, il a pu \u00eatre r\u00e9par\u00e9 localement.<\/p>\n<h3><em>L\u00e9ger et performant<\/em><\/h3>\n<p>\nCe VUS homologu\u00e9 pour la circulation routi\u00e8re atteint une vitesse de pointe de 145 km\/h et ne p\u00e8se que 1 200 kg, ce qui le rend plus l\u00e9ger qu&#8217;une Subaru BRZ. Il a \u00e9galement d\u00e9pass\u00e9 les attentes en mati\u00e8re d&#8217;efficacit\u00e9 \u00e9nerg\u00e9tique.<\/p>\n<h3><em>Autonomie impressionnante<\/em><\/h3>\n<p>\nLa Stella Terra a d\u00e9montr\u00e9 une autonomie exceptionnelle. Par temps ensoleill\u00e9, elle peut parcourir jusqu&#8217;\u00e0 710 km sur route et 550 km hors route, d\u00e9passant de loin les pr\u00e9visions. M\u00eame par temps moins ensoleill\u00e9, elle reste performante avec une autonomie d&#8217;environ 670 km.<\/p>\n<h3><em>Un avenir prometteur<\/em><\/h3>\n<p>\nGr\u00e2ce \u00e0 son autonomie impressionnante et \u00e0 son autonomie solaire, la Stella Terra est id\u00e9ale pour les r\u00e9gions isol\u00e9es avec un d\u00e9veloppement routier limit\u00e9 et des r\u00e9seaux d&#8217;\u00e9nergie peu fiables. Les cr\u00e9ateurs de ce concept esp\u00e8rent que cela inspirera d&#8217;autres constructeurs automobiles \u00e0 adopter des solutions durables.<\/p>\n<h3><em>L&#8217;Espoir d&#8217;une r\u00e9volution automobile<\/em><\/h3>\n<p>\nWisse Bosman esp\u00e8re que ce concept inspirera des constructeurs renomm\u00e9s tels que Land Rover et BMW \u00e0 rendre leur industrie plus durable. &#8220;La voiture \u00e9tait en fait tr\u00e8s \u00e0 l&#8217;aise en tout-terrain, car elle est tr\u00e8s l\u00e9g\u00e8re et ne s&#8217;enlise pas,&#8221; a-t-il d\u00e9clar\u00e9 au m\u00e9dia britannique. Stella Terra ouvre la voie vers un avenir de mobilit\u00e9 plus propre et plus efficace.<\/p>\n<p>\u00a0<\/p>\n<p>Le texte <a rel=\"nofollow\" href=\"https:\/\/annuelauto.ca\/un-parcours-de-1000-kilometres-seulement-avec-des-piles-solaires\/\">Un parcours de 1000 kilom\u00e8tres, seulement avec des piles solaires<\/a> provient de <a rel=\"nofollow\" href=\"https:\/\/annuelauto.ca\">L&#8217;annuel de l&#8217;automobile &#8211; Actualit\u00e9 automobile<\/a><\/p>\n<p><\/p>\n","protected":false},"excerpt":{"rendered":"<p>L&#8217;engouement pour les v\u00e9hicules \u00e9lectriques avec une forte autonomie ne cesse de cro\u00eetre, mais de nombreuses r\u00e9gions souffrent d&#8217;une infrastructure de recharge inad\u00e9quate, un d\u00e9fi majeur pour les propri\u00e9taires et les constructeurs. Cependant, une solution innovante \u00e9merge pour surmonter cette limitation. Un VUS tout-terrain \u00e0 \u00e9nergie solaire Stella Terra, le premier v\u00e9hicule \u00e9lectrique tout-terrain aliment\u00e9 [&hellip;]<\/p>\n","protected":false},"author":8,"featured_media":0,"comment_status":"close","ping_status":"closed","sticky":false,"template":"","format":"standard","meta":{"_monsterinsights_skip_tracking":false,"_monsterinsights_sitenote_active":false,"_monsterinsights_sitenote_note":"","_monsterinsights_sitenote_category":0,"footnotes":""},"categories":[101],"tags":[],"yoast_head":"<!-- This site is optimized with the Yoast SEO plugin v23.2 - https:\/\/yoast.com\/wordpress\/plugins\/seo\/ -->\n<title>Un parcours de 1000 kilom\u00e8tres, seulement avec des piles solaires - CanadaMotorJobs.com<\/title>\n<meta name=\"description\" content=\"Un parcours de 1000 kilom\u00e8tres, seulement avec des piles solaires - Benoit Charette - Annuel automobile - CanadaMotorJobs.com.\" \/>\n<meta name=\"robots\" content=\"index, follow, max-snippet:-1, max-image-preview:large, max-video-preview:-1\" \/>\n<meta property=\"og:locale\" content=\"fr_CA\" \/>\n<meta property=\"og:type\" content=\"article\" \/>\n<meta property=\"og:title\" content=\"Un parcours de 1000 kilom\u00e8tres, seulement avec des piles solaires - CanadaMotorJobs.com\" \/>\n<meta property=\"og:description\" content=\"Un parcours de 1000 kilom\u00e8tres, seulement avec des piles solaires - Benoit Charette - Annuel automobile - CanadaMotorJobs.com.\" \/>\n<meta property=\"og:url\" content=\"https:\/\/news.canadamotorjobs.com\/fr\/un-parcours-de-1000-kilometres-seulement-avec-des-piles-solaires\/\" \/>\n<meta property=\"og:site_name\" content=\"CanadaMotorJobs.com\" \/>\n<meta property=\"article:publisher\" content=\"https:\/\/www.facebook.com\/canadamotorjobs\/\" \/>\n<meta property=\"article:published_time\" content=\"2023-10-17T09:44:22+00:00\" \/>\n<meta property=\"article:modified_time\" content=\"2023-10-17T09:59:00+00:00\" \/>\n<meta property=\"og:image\" content=\"https:\/\/annuelauto.ca\/wp-content\/uploads\/2023\/10\/231016095934-stella-terra-roof.jpg\" \/>\n<meta name=\"author\" content=\"Benoit Charette\" \/>\n<meta name=\"twitter:card\" content=\"summary_large_image\" \/>\n<meta name=\"twitter:creator\" content=\"@canadamotorjobs\" \/>\n<meta name=\"twitter:site\" content=\"@canadamotorjobs\" \/>\n<meta name=\"twitter:label1\" content=\"\u00c9crit par\" \/>\n\t<meta name=\"twitter:data1\" content=\"Benoit Charette\" \/>\n\t<meta name=\"twitter:label2\" content=\"Estimation du temps de lecture\" \/>\n\t<meta name=\"twitter:data2\" content=\"3 minutes\" \/>\n<!-- \/ Yoast SEO plugin. -->","yoast_head_json":{"title":"Un parcours de 1000 kilom\u00e8tres, seulement avec des piles solaires - CanadaMotorJobs.com","description":"Un parcours de 1000 kilom\u00e8tres, seulement avec des piles solaires - Benoit Charette - Annuel automobile - CanadaMotorJobs.com.","robots":{"index":"index","follow":"follow","max-snippet":"max-snippet:-1","max-image-preview":"max-image-preview:large","max-video-preview":"max-video-preview:-1"},"og_locale":"fr_CA","og_type":"article","og_title":"Un parcours de 1000 kilom\u00e8tres, seulement avec des piles solaires - CanadaMotorJobs.com","og_description":"Un parcours de 1000 kilom\u00e8tres, seulement avec des piles solaires - Benoit Charette - Annuel automobile - CanadaMotorJobs.com.","og_url":"https:\/\/news.canadamotorjobs.com\/fr\/un-parcours-de-1000-kilometres-seulement-avec-des-piles-solaires\/","og_site_name":"CanadaMotorJobs.com","article_publisher":"https:\/\/www.facebook.com\/canadamotorjobs\/","article_published_time":"2023-10-17T09:44:22+00:00","article_modified_time":"2023-10-17T09:59:00+00:00","og_image":[{"url":"https:\/\/annuelauto.ca\/wp-content\/uploads\/2023\/10\/231016095934-stella-terra-roof.jpg"}],"author":"Benoit Charette","twitter_card":"summary_large_image","twitter_creator":"@canadamotorjobs","twitter_site":"@canadamotorjobs","twitter_misc":{"\u00c9crit par":"Benoit Charette","Estimation du temps de lecture":"3 minutes"},"schema":{"@context":"https:\/\/schema.org","@graph":[{"@type":"Article","@id":"https:\/\/news.canadamotorjobs.com\/fr\/un-parcours-de-1000-kilometres-seulement-avec-des-piles-solaires\/#article","isPartOf":{"@id":"https:\/\/news.canadamotorjobs.com\/fr\/un-parcours-de-1000-kilometres-seulement-avec-des-piles-solaires\/"},"author":{"name":"Benoit Charette","@id":"https:\/\/news.canadamotorjobs.com\/#\/schema\/person\/51793d1f87d44011d7bcc2ed99269a90"},"headline":"Un parcours de 1000 kilom\u00e8tres, seulement avec des piles solaires","datePublished":"2023-10-17T09:44:22+00:00","dateModified":"2023-10-17T09:59:00+00:00","mainEntityOfPage":{"@id":"https:\/\/news.canadamotorjobs.com\/fr\/un-parcours-de-1000-kilometres-seulement-avec-des-piles-solaires\/"},"wordCount":543,"publisher":{"@id":"https:\/\/news.canadamotorjobs.com\/#organization"},"image":{"@id":"https:\/\/news.canadamotorjobs.com\/fr\/un-parcours-de-1000-kilometres-seulement-avec-des-piles-solaires\/#primaryimage"},"thumbnailUrl":"https:\/\/annuelauto.ca\/wp-content\/uploads\/2023\/10\/231016095934-stella-terra-roof.jpg","articleSection":["Annuel automobile"],"inLanguage":"fr-CA"},{"@type":"WebPage","@id":"https:\/\/news.canadamotorjobs.com\/fr\/un-parcours-de-1000-kilometres-seulement-avec-des-piles-solaires\/","url":"https:\/\/news.canadamotorjobs.com\/fr\/un-parcours-de-1000-kilometres-seulement-avec-des-piles-solaires\/","name":"Un parcours de 1000 kilom\u00e8tres, seulement avec des piles solaires - CanadaMotorJobs.com","isPartOf":{"@id":"https:\/\/news.canadamotorjobs.com\/#website"},"primaryImageOfPage":{"@id":"https:\/\/news.canadamotorjobs.com\/fr\/un-parcours-de-1000-kilometres-seulement-avec-des-piles-solaires\/#primaryimage"},"image":{"@id":"https:\/\/news.canadamotorjobs.com\/fr\/un-parcours-de-1000-kilometres-seulement-avec-des-piles-solaires\/#primaryimage"},"thumbnailUrl":"https:\/\/annuelauto.ca\/wp-content\/uploads\/2023\/10\/231016095934-stella-terra-roof.jpg","datePublished":"2023-10-17T09:44:22+00:00","dateModified":"2023-10-17T09:59:00+00:00","description":"Un parcours de 1000 kilom\u00e8tres, seulement avec des piles solaires - Benoit Charette - Annuel automobile - CanadaMotorJobs.com.","breadcrumb":{"@id":"https:\/\/news.canadamotorjobs.com\/fr\/un-parcours-de-1000-kilometres-seulement-avec-des-piles-solaires\/#breadcrumb"},"inLanguage":"fr-CA","potentialAction":[{"@type":"ReadAction","target":["https:\/\/news.canadamotorjobs.com\/fr\/un-parcours-de-1000-kilometres-seulement-avec-des-piles-solaires\/"]}]},{"@type":"ImageObject","inLanguage":"fr-CA","@id":"https:\/\/news.canadamotorjobs.com\/fr\/un-parcours-de-1000-kilometres-seulement-avec-des-piles-solaires\/#primaryimage","url":"https:\/\/annuelauto.ca\/wp-content\/uploads\/2023\/10\/231016095934-stella-terra-roof.jpg","contentUrl":"https:\/\/annuelauto.ca\/wp-content\/uploads\/2023\/10\/231016095934-stella-terra-roof.jpg"},{"@type":"BreadcrumbList","@id":"https:\/\/news.canadamotorjobs.com\/fr\/un-parcours-de-1000-kilometres-seulement-avec-des-piles-solaires\/#breadcrumb","itemListElement":[{"@type":"ListItem","position":1,"name":"Home","item":"https:\/\/news.canadamotorjobs.com\/fr\/blog\/"},{"@type":"ListItem","position":2,"name":"Un parcours de 1000 kilom\u00e8tres, seulement avec des piles solaires"}]},{"@type":"WebSite","@id":"https:\/\/news.canadamotorjobs.com\/#website","url":"https:\/\/news.canadamotorjobs.com\/","name":"CanadaMotorJobs.com","description":"Automotive Jobs","publisher":{"@id":"https:\/\/news.canadamotorjobs.com\/#organization"},"potentialAction":[{"@type":"SearchAction","target":{"@type":"EntryPoint","urlTemplate":"https:\/\/news.canadamotorjobs.com\/?s={search_term_string}"},"query-input":"required name=search_term_string"}],"inLanguage":"fr-CA"},{"@type":"Organization","@id":"https:\/\/news.canadamotorjobs.com\/#organization","name":"Canada Motor Jobs","url":"https:\/\/news.canadamotorjobs.com\/","logo":{"@type":"ImageObject","inLanguage":"fr-CA","@id":"https:\/\/news.canadamotorjobs.com\/#\/schema\/logo\/image\/","url":"https:\/\/news.canadamotorjobs.com\/wp-content\/uploads\/2022\/10\/logo-canada-motor-jobs-1.png","contentUrl":"https:\/\/news.canadamotorjobs.com\/wp-content\/uploads\/2022\/10\/logo-canada-motor-jobs-1.png","width":800,"height":400,"caption":"Canada Motor Jobs"},"image":{"@id":"https:\/\/news.canadamotorjobs.com\/#\/schema\/logo\/image\/"},"sameAs":["https:\/\/www.facebook.com\/canadamotorjobs\/","https:\/\/x.com\/canadamotorjobs","https:\/\/www.instagram.com\/canadamotorjobs\/","https:\/\/www.linkedin.com\/company\/canadamotorjobs"]},{"@type":"Person","@id":"https:\/\/news.canadamotorjobs.com\/#\/schema\/person\/51793d1f87d44011d7bcc2ed99269a90","name":"Benoit Charette","image":{"@type":"ImageObject","inLanguage":"fr-CA","@id":"https:\/\/news.canadamotorjobs.com\/#\/schema\/person\/image\/","url":"https:\/\/secure.gravatar.com\/avatar\/45f3d2eebcccd909668d7ce7ea7267b6?s=96&d=mm&r=g","contentUrl":"https:\/\/secure.gravatar.com\/avatar\/45f3d2eebcccd909668d7ce7ea7267b6?s=96&d=mm&r=g","caption":"Benoit Charette"},"description":"Benoit Charette \/ Propri\u00e9taire et r\u00e9dacteur en chef Benoit Charette pratique le journalisme automobile depuis bient\u00f4t 30 ans. Il a fait ses classes au c\u00f4t\u00e9 de Daniel H\u00e9raud et au Carnet de route de 1992 \u00e0 2001. Il est fondateur, copropri\u00e9taire et r\u00e9dacteur en chef de L\u2019Annuel de l\u2019automobile, qu\u2019il publie depuis 2001. Il a anim\u00e9 les \u00e9missions RPM et RPM+ sur V et les L\u00e9gendes de la route sur Historia. \u00c0 la radio depuis 1986, il reprend l\u2019antenne cette ann\u00e9e sur les ondes de Cogeco et participe pour la deuxi\u00e8me ann\u00e9e \u00e0 l\u2019\u00e9mission Passion Auto sur RDS en plus de mettre en ligne le site Web officiel de L\u2019Annuel de l\u2019automobile sur annuelauto.ca.","sameAs":["https:\/\/annuelauto.ca\/"],"url":"https:\/\/news.canadamotorjobs.com\/fr\/author\/benoit-charette\/"}]}},"_links":{"self":[{"href":"https:\/\/news.canadamotorjobs.com\/fr\/wp-json\/wp\/v2\/posts\/152424"}],"collection":[{"href":"https:\/\/news.canadamotorjobs.com\/fr\/wp-json\/wp\/v2\/posts"}],"about":[{"href":"https:\/\/news.canadamotorjobs.com\/fr\/wp-json\/wp\/v2\/types\/post"}],"author":[{"embeddable":true,"href":"https:\/\/news.canadamotorjobs.com\/fr\/wp-json\/wp\/v2\/users\/8"}],"replies":[{"embeddable":true,"href":"https:\/\/news.canadamotorjobs.com\/fr\/wp-json\/wp\/v2\/comments?post=152424"}],"version-history":[{"count":1,"href":"https:\/\/news.canadamotorjobs.com\/fr\/wp-json\/wp\/v2\/posts\/152424\/revisions"}],"predecessor-version":[{"id":152425,"href":"https:\/\/news.canadamotorjobs.com\/fr\/wp-json\/wp\/v2\/posts\/152424\/revisions\/152425"}],"wp:attachment":[{"href":"https:\/\/news.canadamotorjobs.com\/fr\/wp-json\/wp\/v2\/media?parent=152424"}],"wp:term":[{"taxonomy":"category","embeddable":true,"href":"https:\/\/news.canadamotorjobs.com\/fr\/wp-json\/wp\/v2\/categories?post=152424"},{"taxonomy":"post_tag","embeddable":true,"href":"https:\/\/news.canadamotorjobs.com\/fr\/wp-json\/wp\/v2\/tags?post=152424"}],"curies":[{"name":"wp","href":"https:\/\/api.w.org\/{rel}","templated":true}]}}