{"id":152422,"date":"2023-10-17T05:20:17","date_gmt":"2023-10-17T09:20:17","guid":{"rendered":"https:\/\/news.canadamotorjobs.com\/?p=152422"},"modified":"2023-10-17T05:29:39","modified_gmt":"2023-10-17T09:29:39","slug":"le-semi-de-tesla-semble-tenir-ses-promesses","status":"publish","type":"post","link":"https:\/\/news.canadamotorjobs.com\/fr\/le-semi-de-tesla-semble-tenir-ses-promesses\/","title":{"rendered":"Le Semi de Tesla semble tenir ses promesses"},"content":{"rendered":"<p><img loading=\"lazy\" decoding=\"async\" width=\"1200\" height=\"675\" src=\"https:\/\/annuelauto.ca\/wp-content\/uploads\/2023\/10\/pepsi-co-tesla-semi.jpg\" class=\"attachment-post-thumbnail size-post-thumbnail wp-post-image\" alt=\"\" \/><\/p>\n<p>Le camion remorque tout \u00e9lectrique de Tesla commence \u00e0 prendre la route, et d\u00e9j\u00e0, les premiers commentaires semblent assez positifs. En tout cas, la soci\u00e9t\u00e9 Pepsi, qui a re\u00e7u 36 des 100 Semi qu\u2019elle a command\u00e9s \u00e0 Tesla, est pour le moment tr\u00e8s satisfaite des performances de ses v\u00e9hicules z\u00e9ro \u00e9mission.<\/p>\n<p>Pepsi a pass\u00e9 sa commande de 100 camions en 2017. \u00c7a fait donc quelques ann\u00e9es d\u00e9j\u00e0, et \u00e7a t\u00e9moigne du d\u00e9faut peut-\u00eatre le plus irritant \u00e0 propos de Tesla\u00a0: son retard \u00e0 produire ses nouveaux mod\u00e8les. Et dans le cas du Semi, c\u2019est un retard qui commence \u00e0 peine \u00e0 \u00eatre rattrap\u00e9. Mais au moins, il y a des Semi sur la route, et dans le cas de Pepsi, il y en a 36 au total, r\u00e9partis sur deux itin\u00e9raires, tous deux en Californie. Il y en a un \u00e0 Modesto et un autre \u00e0 Sacramento.<\/p>\n<p>\u00c0 Sacramento, justement, 18 des 21 camions utilis\u00e9s parcourent environ 160 kilom\u00e8tres par jour, et chaque journ\u00e9e de travail dure 12 heures. Ce n\u2019est pas suffisant pour menacer l\u2019autonomie des camions, qui est d\u2019un peu plus de 600 kilom\u00e8tres par charge. Les trois camions, eux, ont une distance un peu plus substantielle \u00e0 accomplir, et ils le font dans les collines environnantes. Ils font entre 400 et 720 kilom\u00e8tres par jour.<\/p>\n<p>Sur les trajets les plus longs, Pepsi a install\u00e9 des superchargeurs de 750 watts-heure qui redonnent \u00e0 ses Semi jusqu\u2019\u00e0 95% de leur autonomie en 30 minutes. Ce n\u2019est pas une si longue attente. Et \u00e7a semble tenir\u00a0: comme il y a beaucoup de descentes sur leur chemin, ces camions parviennent \u00e0 certains moments \u00e0 se d\u00e9placer sans entamer leur r\u00e9serve d\u2019\u00e9nergie, tant le freinage reg\u00e9n\u00e9ratif est efficace. Il doit aussi \u00eatre pas mal moins bruyant que le frein-moteur des camions \u00e0 moteur diesel\u2026<\/p>\n<p>Enfin, pour ceux qui se demandent quelle quantit\u00e9 d\u2019\u00e9lectricit\u00e9 \u00e7a consomme, un semi-remorque \u00e9lectrique, chez Pepsi on dit que les camions utilis\u00e9s ont besoin d\u2019un peu plus de 1 kilowatt-heure d\u2019\u00e9nergie pour parcourir un kilom\u00e8tre avec une remorque pleinement charg\u00e9e. La bonne nouvelle, c\u2019est que \u00e7a correspond aux estimations faites par Tesla au moment d\u2019annoncer la production du Semi.<\/p>\n<p>Sinon, c\u2019est quand m\u00eame beaucoup d\u2019\u00e9nergie n\u00e9cessaire pour faire bouger le camion. \u00c0 titre comparatif, un VUS \u00e9lectrique comme ceux qu\u2019on peut acheter ces jours-ci consomme g\u00e9n\u00e9ralement entre 15 et 20 kilowatts-heure par 100 kilom\u00e8tres, soit jusqu\u2019\u00e0 5 fois moins.<\/p>\n<p>Mais on peut aussi dire \u00e7a de la consommation des moteurs thermiques des camions au diesel\u2026 Au moins, l\u00e0, c\u2019est \u00e9lectrique.<\/p>\n<p>Le texte <a rel=\"nofollow\" href=\"https:\/\/annuelauto.ca\/le-semi-de-tesla-semble-tenir-ses-promesses\/\">Le Semi de Tesla semble tenir ses promesses<\/a> provient de <a rel=\"nofollow\" href=\"https:\/\/annuelauto.ca\">L&#8217;annuel de l&#8217;automobile &#8211; Actualit\u00e9 automobile<\/a><\/p>\n<p><\/p>\n","protected":false},"excerpt":{"rendered":"<p>Le camion remorque tout \u00e9lectrique de Tesla commence \u00e0 prendre la route, et d\u00e9j\u00e0, les premiers commentaires semblent assez positifs. En tout cas, la soci\u00e9t\u00e9 Pepsi, qui a re\u00e7u 36 des 100 Semi qu\u2019elle a command\u00e9s \u00e0 Tesla, est pour le moment tr\u00e8s satisfaite des performances de ses v\u00e9hicules z\u00e9ro \u00e9mission. Pepsi a pass\u00e9 sa [&hellip;]<\/p>\n","protected":false},"author":8,"featured_media":0,"comment_status":"close","ping_status":"closed","sticky":false,"template":"","format":"standard","meta":{"_monsterinsights_skip_tracking":false,"_monsterinsights_sitenote_active":false,"_monsterinsights_sitenote_note":"","_monsterinsights_sitenote_category":0,"footnotes":""},"categories":[101],"tags":[],"yoast_head":"<!-- This site is optimized with the Yoast SEO plugin v23.2 - https:\/\/yoast.com\/wordpress\/plugins\/seo\/ -->\n<title>Le Semi de Tesla semble tenir ses promesses - CanadaMotorJobs.com<\/title>\n<meta name=\"description\" content=\"Le Semi de Tesla semble tenir ses promesses - Benoit Charette - Annuel automobile - CanadaMotorJobs.com.\" \/>\n<meta name=\"robots\" content=\"index, follow, max-snippet:-1, max-image-preview:large, max-video-preview:-1\" \/>\n<meta property=\"og:locale\" content=\"fr_CA\" \/>\n<meta property=\"og:type\" content=\"article\" \/>\n<meta property=\"og:title\" content=\"Le Semi de Tesla semble tenir ses promesses - CanadaMotorJobs.com\" \/>\n<meta property=\"og:description\" content=\"Le Semi de Tesla semble tenir ses promesses - Benoit Charette - Annuel automobile - CanadaMotorJobs.com.\" \/>\n<meta property=\"og:url\" content=\"https:\/\/news.canadamotorjobs.com\/fr\/le-semi-de-tesla-semble-tenir-ses-promesses\/\" \/>\n<meta property=\"og:site_name\" content=\"CanadaMotorJobs.com\" \/>\n<meta property=\"article:publisher\" content=\"https:\/\/www.facebook.com\/canadamotorjobs\/\" \/>\n<meta property=\"article:published_time\" content=\"2023-10-17T09:20:17+00:00\" \/>\n<meta property=\"article:modified_time\" content=\"2023-10-17T09:29:39+00:00\" \/>\n<meta property=\"og:image\" content=\"https:\/\/annuelauto.ca\/wp-content\/uploads\/2023\/10\/pepsi-co-tesla-semi.jpg\" \/>\n<meta name=\"author\" content=\"Benoit Charette\" \/>\n<meta name=\"twitter:card\" content=\"summary_large_image\" \/>\n<meta name=\"twitter:creator\" content=\"@canadamotorjobs\" \/>\n<meta name=\"twitter:site\" content=\"@canadamotorjobs\" \/>\n<meta name=\"twitter:label1\" content=\"\u00c9crit par\" \/>\n\t<meta name=\"twitter:data1\" content=\"Benoit Charette\" \/>\n\t<meta name=\"twitter:label2\" content=\"Estimation du temps de lecture\" \/>\n\t<meta name=\"twitter:data2\" content=\"2 minutes\" \/>\n<!-- \/ Yoast SEO plugin. -->","yoast_head_json":{"title":"Le Semi de Tesla semble tenir ses promesses - CanadaMotorJobs.com","description":"Le Semi de Tesla semble tenir ses promesses - Benoit Charette - Annuel automobile - CanadaMotorJobs.com.","robots":{"index":"index","follow":"follow","max-snippet":"max-snippet:-1","max-image-preview":"max-image-preview:large","max-video-preview":"max-video-preview:-1"},"og_locale":"fr_CA","og_type":"article","og_title":"Le Semi de Tesla semble tenir ses promesses - CanadaMotorJobs.com","og_description":"Le Semi de Tesla semble tenir ses promesses - Benoit Charette - Annuel automobile - CanadaMotorJobs.com.","og_url":"https:\/\/news.canadamotorjobs.com\/fr\/le-semi-de-tesla-semble-tenir-ses-promesses\/","og_site_name":"CanadaMotorJobs.com","article_publisher":"https:\/\/www.facebook.com\/canadamotorjobs\/","article_published_time":"2023-10-17T09:20:17+00:00","article_modified_time":"2023-10-17T09:29:39+00:00","og_image":[{"url":"https:\/\/annuelauto.ca\/wp-content\/uploads\/2023\/10\/pepsi-co-tesla-semi.jpg"}],"author":"Benoit Charette","twitter_card":"summary_large_image","twitter_creator":"@canadamotorjobs","twitter_site":"@canadamotorjobs","twitter_misc":{"\u00c9crit par":"Benoit Charette","Estimation du temps de lecture":"2 minutes"},"schema":{"@context":"https:\/\/schema.org","@graph":[{"@type":"Article","@id":"https:\/\/news.canadamotorjobs.com\/fr\/le-semi-de-tesla-semble-tenir-ses-promesses\/#article","isPartOf":{"@id":"https:\/\/news.canadamotorjobs.com\/fr\/le-semi-de-tesla-semble-tenir-ses-promesses\/"},"author":{"name":"Benoit Charette","@id":"https:\/\/news.canadamotorjobs.com\/#\/schema\/person\/51793d1f87d44011d7bcc2ed99269a90"},"headline":"Le Semi de Tesla semble tenir ses promesses","datePublished":"2023-10-17T09:20:17+00:00","dateModified":"2023-10-17T09:29:39+00:00","mainEntityOfPage":{"@id":"https:\/\/news.canadamotorjobs.com\/fr\/le-semi-de-tesla-semble-tenir-ses-promesses\/"},"wordCount":463,"publisher":{"@id":"https:\/\/news.canadamotorjobs.com\/#organization"},"image":{"@id":"https:\/\/news.canadamotorjobs.com\/fr\/le-semi-de-tesla-semble-tenir-ses-promesses\/#primaryimage"},"thumbnailUrl":"https:\/\/annuelauto.ca\/wp-content\/uploads\/2023\/10\/pepsi-co-tesla-semi.jpg","articleSection":["Annuel automobile"],"inLanguage":"fr-CA"},{"@type":"WebPage","@id":"https:\/\/news.canadamotorjobs.com\/fr\/le-semi-de-tesla-semble-tenir-ses-promesses\/","url":"https:\/\/news.canadamotorjobs.com\/fr\/le-semi-de-tesla-semble-tenir-ses-promesses\/","name":"Le Semi de Tesla semble tenir ses promesses - CanadaMotorJobs.com","isPartOf":{"@id":"https:\/\/news.canadamotorjobs.com\/#website"},"primaryImageOfPage":{"@id":"https:\/\/news.canadamotorjobs.com\/fr\/le-semi-de-tesla-semble-tenir-ses-promesses\/#primaryimage"},"image":{"@id":"https:\/\/news.canadamotorjobs.com\/fr\/le-semi-de-tesla-semble-tenir-ses-promesses\/#primaryimage"},"thumbnailUrl":"https:\/\/annuelauto.ca\/wp-content\/uploads\/2023\/10\/pepsi-co-tesla-semi.jpg","datePublished":"2023-10-17T09:20:17+00:00","dateModified":"2023-10-17T09:29:39+00:00","description":"Le Semi de Tesla semble tenir ses promesses - Benoit Charette - Annuel automobile - CanadaMotorJobs.com.","breadcrumb":{"@id":"https:\/\/news.canadamotorjobs.com\/fr\/le-semi-de-tesla-semble-tenir-ses-promesses\/#breadcrumb"},"inLanguage":"fr-CA","potentialAction":[{"@type":"ReadAction","target":["https:\/\/news.canadamotorjobs.com\/fr\/le-semi-de-tesla-semble-tenir-ses-promesses\/"]}]},{"@type":"ImageObject","inLanguage":"fr-CA","@id":"https:\/\/news.canadamotorjobs.com\/fr\/le-semi-de-tesla-semble-tenir-ses-promesses\/#primaryimage","url":"https:\/\/annuelauto.ca\/wp-content\/uploads\/2023\/10\/pepsi-co-tesla-semi.jpg","contentUrl":"https:\/\/annuelauto.ca\/wp-content\/uploads\/2023\/10\/pepsi-co-tesla-semi.jpg"},{"@type":"BreadcrumbList","@id":"https:\/\/news.canadamotorjobs.com\/fr\/le-semi-de-tesla-semble-tenir-ses-promesses\/#breadcrumb","itemListElement":[{"@type":"ListItem","position":1,"name":"Home","item":"https:\/\/news.canadamotorjobs.com\/fr\/blog\/"},{"@type":"ListItem","position":2,"name":"Le Semi de Tesla semble tenir ses promesses"}]},{"@type":"WebSite","@id":"https:\/\/news.canadamotorjobs.com\/#website","url":"https:\/\/news.canadamotorjobs.com\/","name":"CanadaMotorJobs.com","description":"Automotive Jobs","publisher":{"@id":"https:\/\/news.canadamotorjobs.com\/#organization"},"potentialAction":[{"@type":"SearchAction","target":{"@type":"EntryPoint","urlTemplate":"https:\/\/news.canadamotorjobs.com\/?s={search_term_string}"},"query-input":"required name=search_term_string"}],"inLanguage":"fr-CA"},{"@type":"Organization","@id":"https:\/\/news.canadamotorjobs.com\/#organization","name":"Canada Motor Jobs","url":"https:\/\/news.canadamotorjobs.com\/","logo":{"@type":"ImageObject","inLanguage":"fr-CA","@id":"https:\/\/news.canadamotorjobs.com\/#\/schema\/logo\/image\/","url":"https:\/\/news.canadamotorjobs.com\/wp-content\/uploads\/2022\/10\/logo-canada-motor-jobs-1.png","contentUrl":"https:\/\/news.canadamotorjobs.com\/wp-content\/uploads\/2022\/10\/logo-canada-motor-jobs-1.png","width":800,"height":400,"caption":"Canada Motor Jobs"},"image":{"@id":"https:\/\/news.canadamotorjobs.com\/#\/schema\/logo\/image\/"},"sameAs":["https:\/\/www.facebook.com\/canadamotorjobs\/","https:\/\/x.com\/canadamotorjobs","https:\/\/www.instagram.com\/canadamotorjobs\/","https:\/\/www.linkedin.com\/company\/canadamotorjobs"]},{"@type":"Person","@id":"https:\/\/news.canadamotorjobs.com\/#\/schema\/person\/51793d1f87d44011d7bcc2ed99269a90","name":"Benoit Charette","image":{"@type":"ImageObject","inLanguage":"fr-CA","@id":"https:\/\/news.canadamotorjobs.com\/#\/schema\/person\/image\/","url":"https:\/\/secure.gravatar.com\/avatar\/45f3d2eebcccd909668d7ce7ea7267b6?s=96&d=mm&r=g","contentUrl":"https:\/\/secure.gravatar.com\/avatar\/45f3d2eebcccd909668d7ce7ea7267b6?s=96&d=mm&r=g","caption":"Benoit Charette"},"description":"Benoit Charette \/ Propri\u00e9taire et r\u00e9dacteur en chef Benoit Charette pratique le journalisme automobile depuis bient\u00f4t 30 ans. Il a fait ses classes au c\u00f4t\u00e9 de Daniel H\u00e9raud et au Carnet de route de 1992 \u00e0 2001. Il est fondateur, copropri\u00e9taire et r\u00e9dacteur en chef de L\u2019Annuel de l\u2019automobile, qu\u2019il publie depuis 2001. Il a anim\u00e9 les \u00e9missions RPM et RPM+ sur V et les L\u00e9gendes de la route sur Historia. \u00c0 la radio depuis 1986, il reprend l\u2019antenne cette ann\u00e9e sur les ondes de Cogeco et participe pour la deuxi\u00e8me ann\u00e9e \u00e0 l\u2019\u00e9mission Passion Auto sur RDS en plus de mettre en ligne le site Web officiel de L\u2019Annuel de l\u2019automobile sur annuelauto.ca.","sameAs":["https:\/\/annuelauto.ca\/"],"url":"https:\/\/news.canadamotorjobs.com\/fr\/author\/benoit-charette\/"}]}},"_links":{"self":[{"href":"https:\/\/news.canadamotorjobs.com\/fr\/wp-json\/wp\/v2\/posts\/152422"}],"collection":[{"href":"https:\/\/news.canadamotorjobs.com\/fr\/wp-json\/wp\/v2\/posts"}],"about":[{"href":"https:\/\/news.canadamotorjobs.com\/fr\/wp-json\/wp\/v2\/types\/post"}],"author":[{"embeddable":true,"href":"https:\/\/news.canadamotorjobs.com\/fr\/wp-json\/wp\/v2\/users\/8"}],"replies":[{"embeddable":true,"href":"https:\/\/news.canadamotorjobs.com\/fr\/wp-json\/wp\/v2\/comments?post=152422"}],"version-history":[{"count":1,"href":"https:\/\/news.canadamotorjobs.com\/fr\/wp-json\/wp\/v2\/posts\/152422\/revisions"}],"predecessor-version":[{"id":152423,"href":"https:\/\/news.canadamotorjobs.com\/fr\/wp-json\/wp\/v2\/posts\/152422\/revisions\/152423"}],"wp:attachment":[{"href":"https:\/\/news.canadamotorjobs.com\/fr\/wp-json\/wp\/v2\/media?parent=152422"}],"wp:term":[{"taxonomy":"category","embeddable":true,"href":"https:\/\/news.canadamotorjobs.com\/fr\/wp-json\/wp\/v2\/categories?post=152422"},{"taxonomy":"post_tag","embeddable":true,"href":"https:\/\/news.canadamotorjobs.com\/fr\/wp-json\/wp\/v2\/tags?post=152422"}],"curies":[{"name":"wp","href":"https:\/\/api.w.org\/{rel}","templated":true}]}}