{"id":152418,"date":"2023-10-16T08:35:34","date_gmt":"2023-10-16T12:35:34","guid":{"rendered":"https:\/\/news.canadamotorjobs.com\/?p=152418"},"modified":"2023-10-16T08:44:46","modified_gmt":"2023-10-16T12:44:46","slug":"comment-allons-nous-recharger-les-vehicules-electriques-de-la-planete","status":"publish","type":"post","link":"https:\/\/news.canadamotorjobs.com\/fr\/comment-allons-nous-recharger-les-vehicules-electriques-de-la-planete\/","title":{"rendered":"Comment allons-nous recharger les v\u00e9hicules \u00e9lectriques de la plan\u00e8te ?"},"content":{"rendered":"<p><img loading=\"lazy\" decoding=\"async\" width=\"1024\" height=\"683\" src=\"https:\/\/annuelauto.ca\/wp-content\/uploads\/2023\/10\/nuclear-power-plant_GettyImages-526258524-1024x683-1.jpg\" class=\"attachment-post-thumbnail size-post-thumbnail wp-post-image\" alt=\"\" \/><\/p>\n<p>D&#8217;un point de vue de la production d&#8217;\u00e9nergie, l&#8217;humanit\u00e9 se tient actuellement au bord du pr\u00e9cipice. L&#8217;humanit\u00e9 est parvenue \u00e0 un point o\u00f9 elle doit prendre des d\u00e9cisions concr\u00e8tes sur la mani\u00e8re de fournir de l&#8217;\u00e9lectricit\u00e9 \u00e0 environ huit milliards de personnes sur tous les continents. De plus, l&#8217;engouement effr\u00e9n\u00e9 pour un r\u00e9seau automobile enti\u00e8rement \u00e9lectrique signifie que la demande mondiale d&#8217;\u00e9lectricit\u00e9 ne fera qu&#8217;augmenter de mani\u00e8re exponentielle.<\/p>\n<h3>\nDes barrages ou de l\u2019\u00e9nergie nucl\u00e9aire<\/h3>\n<p>\nL\u2019opinion publique est fortement divis\u00e9e entre les partisans et les opposants de l&#8217;\u00e9nergie nucl\u00e9aire, ce qui rend la transition globale vers l&#8217;\u00e9nergie nucl\u00e9aire difficile \u00e0 r\u00e9aliser \u00e0 tous \u00e9gards. M\u00eame si la mani\u00e8re de produire de l\u2019\u00e9nergie nucl\u00e9aire a \u00e9volu\u00e9 le probl\u00e8me des d\u00e9chets est encore entier. Enfouir des d\u00e9chets hautement radioactifs en toute s\u00e9curit\u00e9 pour 10\u00a0000 ans demeure un probl\u00e8me non r\u00e9solu.<\/p>\n<h3>\nDes besoins immenses en \u00e9lectricit\u00e9<\/h3>\n<p>\nNos voisins am\u00e9ricains ont consomm\u00e9 en 2019 142,8 milliards de gallons d&#8217;essence. En supposant que chaque gallon d&#8217;essence \u00e9quivaut \u00e0 33,7 kWh, comme l&#8217;indique l&#8217;EPA, cela signifierait que les quelque 300 millions de voitures et de camions actuellement sur les routes am\u00e9ricaines auraient besoin d&#8217;environ 4 800 milliards de kWh d&#8217;\u00e9nergie pour rester aliment\u00e9s au cours de la m\u00eame ann\u00e9e. On admet en ce moment au Qu\u00e9bec que nous allons avoir besoin de nouvelles sources pour produire de l\u2019\u00e9lectricit\u00e9. Devons nous harnacher d\u2019autres rivi\u00e8res et d\u00e9figurer la nature qu\u00e9b\u00e9coise ou installer des centrales nucl\u00e9aires et avoir des r\u00e9sidus radioactifs entre les mains\u2009? La production d&#8217;\u00e9nergie n\u00e9cessaire pour maintenir un r\u00e9seau automobile enti\u00e8rement \u00e9lectrique sera astronomique. Il est difficile pour le moment de pr\u00e9dire combien d&#8217;\u00e9nergie suppl\u00e9mentaire serait n\u00e9cessaire pour alimenter un tel r\u00e9seau \u00e9nerg\u00e9tique. Les estimations actuellement vacillent entre 20 et 50 % de plus qu&#8217;aujourd&#8217;hui. Un tel niveau d&#8217;augmentation de la production d&#8217;\u00e9nergie ne peut pas \u00eatre r\u00e9solu avec des fermes solaires et des \u00e9oliennes seules.<\/p>\n<h3>\nL\u2019exemple am\u00e9ricain<\/h3>\n<p>\nAux \u00c9tats-Unis seulement, il y a actuellement 93 r\u00e9acteurs nucl\u00e9aires en activit\u00e9 dans 23 \u00c9tats. Il faut dire que ces pr\u00e8s de 100 r\u00e9acteurs nucl\u00e9aires repr\u00e9sentent un peu moins de 20 % de la production d&#8217;\u00e9nergie totale des \u00c9tats-Unis. Mais de meilleurs r\u00e9acteurs nucl\u00e9aires, plus s\u00fbrs et plus puissants, pourraient-ils changer cela \u00e0 l&#8217;avenir ? Pourtant 12 \u00e9tats am\u00e9ricains ont abandonn\u00e9 le nucl\u00e9aire et plusieurs pays d\u2019Europe vont aussi dans ce sens.<\/p>\n<h3>\nPrendre un autre chemin<\/h3>\n<p>\nAu lieu d\u2019une pouss\u00e9e effr\u00e9n\u00e9e vers une consommation exponentielle de la consommation, ne faudrait-il pas remettre en question cette consommation qui ne cesse d\u2019augmenter. Il faudrait limiter le format et le poids des v\u00e9hicules sur la route. Il faut aussi nos habitudes de consommation. Nous consommons trop et notre soci\u00e9t\u00e9 tourne autour du conducteur seul dans sa voiture. Il faudrait id\u00e9alement changer cette attitude. Ramener les gens en ville, densifier la population, organiser un v\u00e9ritable transport en commun efficace, rendre les logements abordables en ville. Vous r\u00e9alisez tout le travail qui est \u00e0 faire. Mais, nous devons y penser pour mettre fin \u00e0 cette spirale de consommation qui va mener \u00e0 une ruine \u00e9nerg\u00e9tique.<\/p>\n<p>Le texte <a rel=\"nofollow\" href=\"https:\/\/annuelauto.ca\/comment-allons-nous-recharger-les-vehicules-electriques-de-la-planete\/\">Comment allons-nous recharger les v\u00e9hicules \u00e9lectriques de la plan\u00e8te ?<\/a> provient de <a rel=\"nofollow\" href=\"https:\/\/annuelauto.ca\">L&#8217;annuel de l&#8217;automobile &#8211; Actualit\u00e9 automobile<\/a><\/p>\n<p><\/p>\n","protected":false},"excerpt":{"rendered":"<p>D&#8217;un point de vue de la production d&#8217;\u00e9nergie, l&#8217;humanit\u00e9 se tient actuellement au bord du pr\u00e9cipice. L&#8217;humanit\u00e9 est parvenue \u00e0 un point o\u00f9 elle doit prendre des d\u00e9cisions concr\u00e8tes sur la mani\u00e8re de fournir de l&#8217;\u00e9lectricit\u00e9 \u00e0 environ huit milliards de personnes sur tous les continents. De plus, l&#8217;engouement effr\u00e9n\u00e9 pour un r\u00e9seau automobile enti\u00e8rement [&hellip;]<\/p>\n","protected":false},"author":8,"featured_media":0,"comment_status":"close","ping_status":"closed","sticky":false,"template":"","format":"standard","meta":{"_monsterinsights_skip_tracking":false,"_monsterinsights_sitenote_active":false,"_monsterinsights_sitenote_note":"","_monsterinsights_sitenote_category":0,"footnotes":""},"categories":[101],"tags":[],"yoast_head":"<!-- This site is optimized with the Yoast SEO plugin v23.2 - https:\/\/yoast.com\/wordpress\/plugins\/seo\/ -->\n<title>Comment allons-nous recharger les v\u00e9hicules \u00e9lectriques de la plan\u00e8te ? - CanadaMotorJobs.com<\/title>\n<meta name=\"description\" content=\"Comment allons-nous recharger les v\u00e9hicules \u00e9lectriques de la plan\u00e8te ? - Benoit Charette - Annuel automobile - CanadaMotorJobs.com.\" \/>\n<meta name=\"robots\" content=\"index, follow, max-snippet:-1, max-image-preview:large, max-video-preview:-1\" \/>\n<meta property=\"og:locale\" content=\"fr_CA\" \/>\n<meta property=\"og:type\" content=\"article\" \/>\n<meta property=\"og:title\" content=\"Comment allons-nous recharger les v\u00e9hicules \u00e9lectriques de la plan\u00e8te ? - CanadaMotorJobs.com\" \/>\n<meta property=\"og:description\" content=\"Comment allons-nous recharger les v\u00e9hicules \u00e9lectriques de la plan\u00e8te ? - Benoit Charette - Annuel automobile - CanadaMotorJobs.com.\" \/>\n<meta property=\"og:url\" content=\"https:\/\/news.canadamotorjobs.com\/fr\/comment-allons-nous-recharger-les-vehicules-electriques-de-la-planete\/\" \/>\n<meta property=\"og:site_name\" content=\"CanadaMotorJobs.com\" \/>\n<meta property=\"article:publisher\" content=\"https:\/\/www.facebook.com\/canadamotorjobs\/\" \/>\n<meta property=\"article:published_time\" content=\"2023-10-16T12:35:34+00:00\" \/>\n<meta property=\"article:modified_time\" content=\"2023-10-16T12:44:46+00:00\" \/>\n<meta property=\"og:image\" content=\"https:\/\/annuelauto.ca\/wp-content\/uploads\/2023\/10\/nuclear-power-plant_GettyImages-526258524-1024x683-1.jpg\" \/>\n<meta name=\"author\" content=\"Benoit Charette\" \/>\n<meta name=\"twitter:card\" content=\"summary_large_image\" \/>\n<meta name=\"twitter:creator\" content=\"@canadamotorjobs\" \/>\n<meta name=\"twitter:site\" content=\"@canadamotorjobs\" \/>\n<meta name=\"twitter:label1\" content=\"\u00c9crit par\" \/>\n\t<meta name=\"twitter:data1\" content=\"Benoit Charette\" \/>\n\t<meta name=\"twitter:label2\" content=\"Estimation du temps de lecture\" \/>\n\t<meta name=\"twitter:data2\" content=\"3 minutes\" \/>\n<!-- \/ Yoast SEO plugin. -->","yoast_head_json":{"title":"Comment allons-nous recharger les v\u00e9hicules \u00e9lectriques de la plan\u00e8te ? - CanadaMotorJobs.com","description":"Comment allons-nous recharger les v\u00e9hicules \u00e9lectriques de la plan\u00e8te ? - Benoit Charette - Annuel automobile - CanadaMotorJobs.com.","robots":{"index":"index","follow":"follow","max-snippet":"max-snippet:-1","max-image-preview":"max-image-preview:large","max-video-preview":"max-video-preview:-1"},"og_locale":"fr_CA","og_type":"article","og_title":"Comment allons-nous recharger les v\u00e9hicules \u00e9lectriques de la plan\u00e8te ? - CanadaMotorJobs.com","og_description":"Comment allons-nous recharger les v\u00e9hicules \u00e9lectriques de la plan\u00e8te ? - Benoit Charette - Annuel automobile - CanadaMotorJobs.com.","og_url":"https:\/\/news.canadamotorjobs.com\/fr\/comment-allons-nous-recharger-les-vehicules-electriques-de-la-planete\/","og_site_name":"CanadaMotorJobs.com","article_publisher":"https:\/\/www.facebook.com\/canadamotorjobs\/","article_published_time":"2023-10-16T12:35:34+00:00","article_modified_time":"2023-10-16T12:44:46+00:00","og_image":[{"url":"https:\/\/annuelauto.ca\/wp-content\/uploads\/2023\/10\/nuclear-power-plant_GettyImages-526258524-1024x683-1.jpg"}],"author":"Benoit Charette","twitter_card":"summary_large_image","twitter_creator":"@canadamotorjobs","twitter_site":"@canadamotorjobs","twitter_misc":{"\u00c9crit par":"Benoit Charette","Estimation du temps de lecture":"3 minutes"},"schema":{"@context":"https:\/\/schema.org","@graph":[{"@type":"Article","@id":"https:\/\/news.canadamotorjobs.com\/fr\/comment-allons-nous-recharger-les-vehicules-electriques-de-la-planete\/#article","isPartOf":{"@id":"https:\/\/news.canadamotorjobs.com\/fr\/comment-allons-nous-recharger-les-vehicules-electriques-de-la-planete\/"},"author":{"name":"Benoit Charette","@id":"https:\/\/news.canadamotorjobs.com\/#\/schema\/person\/51793d1f87d44011d7bcc2ed99269a90"},"headline":"Comment allons-nous recharger les v\u00e9hicules \u00e9lectriques de la plan\u00e8te ?","datePublished":"2023-10-16T12:35:34+00:00","dateModified":"2023-10-16T12:44:46+00:00","mainEntityOfPage":{"@id":"https:\/\/news.canadamotorjobs.com\/fr\/comment-allons-nous-recharger-les-vehicules-electriques-de-la-planete\/"},"wordCount":606,"publisher":{"@id":"https:\/\/news.canadamotorjobs.com\/#organization"},"image":{"@id":"https:\/\/news.canadamotorjobs.com\/fr\/comment-allons-nous-recharger-les-vehicules-electriques-de-la-planete\/#primaryimage"},"thumbnailUrl":"https:\/\/annuelauto.ca\/wp-content\/uploads\/2023\/10\/nuclear-power-plant_GettyImages-526258524-1024x683-1.jpg","articleSection":["Annuel automobile"],"inLanguage":"fr-CA"},{"@type":"WebPage","@id":"https:\/\/news.canadamotorjobs.com\/fr\/comment-allons-nous-recharger-les-vehicules-electriques-de-la-planete\/","url":"https:\/\/news.canadamotorjobs.com\/fr\/comment-allons-nous-recharger-les-vehicules-electriques-de-la-planete\/","name":"Comment allons-nous recharger les v\u00e9hicules \u00e9lectriques de la plan\u00e8te ? - CanadaMotorJobs.com","isPartOf":{"@id":"https:\/\/news.canadamotorjobs.com\/#website"},"primaryImageOfPage":{"@id":"https:\/\/news.canadamotorjobs.com\/fr\/comment-allons-nous-recharger-les-vehicules-electriques-de-la-planete\/#primaryimage"},"image":{"@id":"https:\/\/news.canadamotorjobs.com\/fr\/comment-allons-nous-recharger-les-vehicules-electriques-de-la-planete\/#primaryimage"},"thumbnailUrl":"https:\/\/annuelauto.ca\/wp-content\/uploads\/2023\/10\/nuclear-power-plant_GettyImages-526258524-1024x683-1.jpg","datePublished":"2023-10-16T12:35:34+00:00","dateModified":"2023-10-16T12:44:46+00:00","description":"Comment allons-nous recharger les v\u00e9hicules \u00e9lectriques de la plan\u00e8te ? - Benoit Charette - Annuel automobile - CanadaMotorJobs.com.","breadcrumb":{"@id":"https:\/\/news.canadamotorjobs.com\/fr\/comment-allons-nous-recharger-les-vehicules-electriques-de-la-planete\/#breadcrumb"},"inLanguage":"fr-CA","potentialAction":[{"@type":"ReadAction","target":["https:\/\/news.canadamotorjobs.com\/fr\/comment-allons-nous-recharger-les-vehicules-electriques-de-la-planete\/"]}]},{"@type":"ImageObject","inLanguage":"fr-CA","@id":"https:\/\/news.canadamotorjobs.com\/fr\/comment-allons-nous-recharger-les-vehicules-electriques-de-la-planete\/#primaryimage","url":"https:\/\/annuelauto.ca\/wp-content\/uploads\/2023\/10\/nuclear-power-plant_GettyImages-526258524-1024x683-1.jpg","contentUrl":"https:\/\/annuelauto.ca\/wp-content\/uploads\/2023\/10\/nuclear-power-plant_GettyImages-526258524-1024x683-1.jpg"},{"@type":"BreadcrumbList","@id":"https:\/\/news.canadamotorjobs.com\/fr\/comment-allons-nous-recharger-les-vehicules-electriques-de-la-planete\/#breadcrumb","itemListElement":[{"@type":"ListItem","position":1,"name":"Home","item":"https:\/\/news.canadamotorjobs.com\/fr\/blog\/"},{"@type":"ListItem","position":2,"name":"Comment allons-nous recharger les v\u00e9hicules \u00e9lectriques de la plan\u00e8te ?"}]},{"@type":"WebSite","@id":"https:\/\/news.canadamotorjobs.com\/#website","url":"https:\/\/news.canadamotorjobs.com\/","name":"CanadaMotorJobs.com","description":"Automotive Jobs","publisher":{"@id":"https:\/\/news.canadamotorjobs.com\/#organization"},"potentialAction":[{"@type":"SearchAction","target":{"@type":"EntryPoint","urlTemplate":"https:\/\/news.canadamotorjobs.com\/?s={search_term_string}"},"query-input":"required name=search_term_string"}],"inLanguage":"fr-CA"},{"@type":"Organization","@id":"https:\/\/news.canadamotorjobs.com\/#organization","name":"Canada Motor Jobs","url":"https:\/\/news.canadamotorjobs.com\/","logo":{"@type":"ImageObject","inLanguage":"fr-CA","@id":"https:\/\/news.canadamotorjobs.com\/#\/schema\/logo\/image\/","url":"https:\/\/news.canadamotorjobs.com\/wp-content\/uploads\/2022\/10\/logo-canada-motor-jobs-1.png","contentUrl":"https:\/\/news.canadamotorjobs.com\/wp-content\/uploads\/2022\/10\/logo-canada-motor-jobs-1.png","width":800,"height":400,"caption":"Canada Motor Jobs"},"image":{"@id":"https:\/\/news.canadamotorjobs.com\/#\/schema\/logo\/image\/"},"sameAs":["https:\/\/www.facebook.com\/canadamotorjobs\/","https:\/\/x.com\/canadamotorjobs","https:\/\/www.instagram.com\/canadamotorjobs\/","https:\/\/www.linkedin.com\/company\/canadamotorjobs"]},{"@type":"Person","@id":"https:\/\/news.canadamotorjobs.com\/#\/schema\/person\/51793d1f87d44011d7bcc2ed99269a90","name":"Benoit Charette","image":{"@type":"ImageObject","inLanguage":"fr-CA","@id":"https:\/\/news.canadamotorjobs.com\/#\/schema\/person\/image\/","url":"https:\/\/secure.gravatar.com\/avatar\/45f3d2eebcccd909668d7ce7ea7267b6?s=96&d=mm&r=g","contentUrl":"https:\/\/secure.gravatar.com\/avatar\/45f3d2eebcccd909668d7ce7ea7267b6?s=96&d=mm&r=g","caption":"Benoit Charette"},"description":"Benoit Charette \/ Propri\u00e9taire et r\u00e9dacteur en chef Benoit Charette pratique le journalisme automobile depuis bient\u00f4t 30 ans. Il a fait ses classes au c\u00f4t\u00e9 de Daniel H\u00e9raud et au Carnet de route de 1992 \u00e0 2001. Il est fondateur, copropri\u00e9taire et r\u00e9dacteur en chef de L\u2019Annuel de l\u2019automobile, qu\u2019il publie depuis 2001. Il a anim\u00e9 les \u00e9missions RPM et RPM+ sur V et les L\u00e9gendes de la route sur Historia. \u00c0 la radio depuis 1986, il reprend l\u2019antenne cette ann\u00e9e sur les ondes de Cogeco et participe pour la deuxi\u00e8me ann\u00e9e \u00e0 l\u2019\u00e9mission Passion Auto sur RDS en plus de mettre en ligne le site Web officiel de L\u2019Annuel de l\u2019automobile sur annuelauto.ca.","sameAs":["https:\/\/annuelauto.ca\/"],"url":"https:\/\/news.canadamotorjobs.com\/fr\/author\/benoit-charette\/"}]}},"_links":{"self":[{"href":"https:\/\/news.canadamotorjobs.com\/fr\/wp-json\/wp\/v2\/posts\/152418"}],"collection":[{"href":"https:\/\/news.canadamotorjobs.com\/fr\/wp-json\/wp\/v2\/posts"}],"about":[{"href":"https:\/\/news.canadamotorjobs.com\/fr\/wp-json\/wp\/v2\/types\/post"}],"author":[{"embeddable":true,"href":"https:\/\/news.canadamotorjobs.com\/fr\/wp-json\/wp\/v2\/users\/8"}],"replies":[{"embeddable":true,"href":"https:\/\/news.canadamotorjobs.com\/fr\/wp-json\/wp\/v2\/comments?post=152418"}],"version-history":[{"count":1,"href":"https:\/\/news.canadamotorjobs.com\/fr\/wp-json\/wp\/v2\/posts\/152418\/revisions"}],"predecessor-version":[{"id":152419,"href":"https:\/\/news.canadamotorjobs.com\/fr\/wp-json\/wp\/v2\/posts\/152418\/revisions\/152419"}],"wp:attachment":[{"href":"https:\/\/news.canadamotorjobs.com\/fr\/wp-json\/wp\/v2\/media?parent=152418"}],"wp:term":[{"taxonomy":"category","embeddable":true,"href":"https:\/\/news.canadamotorjobs.com\/fr\/wp-json\/wp\/v2\/categories?post=152418"},{"taxonomy":"post_tag","embeddable":true,"href":"https:\/\/news.canadamotorjobs.com\/fr\/wp-json\/wp\/v2\/tags?post=152418"}],"curies":[{"name":"wp","href":"https:\/\/api.w.org\/{rel}","templated":true}]}}