{"id":152416,"date":"2023-10-16T07:47:49","date_gmt":"2023-10-16T11:47:49","guid":{"rendered":"https:\/\/news.canadamotorjobs.com\/?p=152416"},"modified":"2023-10-16T07:58:38","modified_gmt":"2023-10-16T11:58:38","slug":"ratification-dun-accord-entre-gm-et-unifor-au-canada","status":"publish","type":"post","link":"https:\/\/news.canadamotorjobs.com\/fr\/ratification-dun-accord-entre-gm-et-unifor-au-canada\/","title":{"rendered":"Ratification d\u2019un accord entre GM et Unifor au Canada"},"content":{"rendered":"<p><img loading=\"lazy\" decoding=\"async\" width=\"1200\" height=\"600\" src=\"https:\/\/annuelauto.ca\/wp-content\/uploads\/2023\/10\/oshawacopy-1200x600-1.jpg\" class=\"attachment-post-thumbnail size-post-thumbnail wp-post-image\" alt=\"\" \/><\/p>\n<p>Les membres d&#8217;Unifor chez General Motors Canada ont vot\u00e9 ce week-end pour ratifier un accord de principe. Cet accord a \u00e9t\u00e9 conclu la semaine derni\u00e8re apr\u00e8s une br\u00e8ve gr\u00e8ve. \u00c0 Catharines et Woodstock, en Ontario, 80,5 % de membres ont vot\u00e9 en faveur de l&#8217;accord. Les avantages de cet accord incluent des augmentations de salaire d&#8217;environ 20 % pour les travailleurs de longue date sur une p\u00e9riode de trois ans, une r\u00e9duction de la grille des salaires et des primes de 10 000 $ pour les travailleurs \u00e0 temps plein. La pr\u00e9sidente du syndicat, Lana Payne, a qualifi\u00e9 cet accord d&#8217;offrant des &#8220;am\u00e9liorations de vie&#8221; pour les membres. Elle a soulign\u00e9 que cet accord r\u00e9sulte d&#8217;une n\u00e9gociation collective authentique visant \u00e0 apporter plus de justice et d&#8217;\u00e9quit\u00e9 sur les lieux de travail automobiles.<\/p>\n<h3>Seulement 12 heures de pourparlers<\/h3>\n<p>\nLe comit\u00e9 de n\u00e9gociation d&#8217;Unifor et les n\u00e9gociateurs de GM ont finalis\u00e9 cet accord de principe le 10 octobre, \u00e0 peine 12 heures apr\u00e8s que les travailleurs de l&#8217;usine d&#8217;assemblage d&#8217;Oshawa, de l&#8217;usine de propulsion de St. Catharines et du centre de distribution de pi\u00e8ces de Woodstock ont d\u00e9clench\u00e9 une br\u00e8ve gr\u00e8ve. C&#8217;\u00e9tait la premi\u00e8re gr\u00e8ve depuis 1996 impliquant les travailleurs de GM Canada r\u00e9gis par l&#8217;accord-cadre entre le syndicat et le constructeur automobile.<\/p>\n<h3>Les travailleurs sp\u00e9cialis\u00e9s heureux aussi<\/h3>\n<p>\nAvant le vote des membres, le comit\u00e9 de n\u00e9gociation d&#8217;Unifor a obtenu l&#8217;appui unanime des dirigeants de la production et des m\u00e9tiers sp\u00e9cialis\u00e9s des sections locales 222, 199 et 636. Le vote a eu lieu en ligne ou lors de r\u00e9unions de ratification en personne les 14 et 15 octobre, selon la pr\u00e9f\u00e9rence de la section locale.<\/p>\n<h3>GM Canada soulag\u00e9<\/h3>\n<p>\nLa pr\u00e9sidente de GM Canada, Marissa West, a qualifi\u00e9 la ratification de la nouvelle convention collective d&#8217;importante nouvelle pour les employ\u00e9s de l&#8217;Ontario et pour les communaut\u00e9s o\u00f9 ils travaillent. Elle a exprim\u00e9 sa gratitude envers M. Payne et le reste de l&#8217;\u00e9quipe de n\u00e9gociation du syndicat pour ce r\u00e9sultat positif. Elle a ajout\u00e9 que l&#8217;accord reconna\u00eet les contributions des 4 200 membres d&#8217;\u00e9quipe en offrant des augmentations significatives des salaires, des avantages sociaux et de la s\u00e9curit\u00e9 de l&#8217;emploi, tout en assurant la comp\u00e9titivit\u00e9 future de GM Canada.<\/p>\n<h3>Reste maintenant Stellantis<\/h3>\n<p>\nCet accord d&#8217;Unifor avec GM suit de pr\u00e8s les gains obtenus dans l&#8217;accord avec Ford Motor Co. du Canada le mois pr\u00e9c\u00e9dent. Unifor a commenc\u00e9 ce cycle de n\u00e9gociations avec les trois constructeurs de Detroit le 10 ao\u00fbt, avant de cibler Ford le 29 ao\u00fbt. Apr\u00e8s avoir conclu des accords de trois ans avec Ford et GM, le syndicat pr\u00e9voit des n\u00e9gociations \u00e0 venir avec Stellantis. Stellantis est la plus importante des trois entreprises au Canada, employant environ 8 200 travailleurs horaires sur neuf sites syndiqu\u00e9s. L&#8217;entreprise construit \u00e9galement une usine de cellules de batteries en coentreprise \u00e0 Windsor, une d\u00e9cision que le syndicat Unifor a pris pour la syndiquer. Cette s\u00e9rie d&#8217;accords s&#8217;inscrit dans la strat\u00e9gie de n\u00e9gociation typique d&#8217;Unifor visant \u00e0 obtenir des avantages significatifs pour ses membres.<\/p>\n<p>Avec des renseignementsa d&#8217;Automotive News Canada<\/p>\n<p>\u00a0<\/p>\n<p>Le texte <a rel=\"nofollow\" href=\"https:\/\/annuelauto.ca\/ratification-dun-accord-entre-gm-et-unifor-au-canada\/\">Ratification d\u2019un accord entre GM et Unifor au Canada<\/a> provient de <a rel=\"nofollow\" href=\"https:\/\/annuelauto.ca\">L&#8217;annuel de l&#8217;automobile &#8211; Actualit\u00e9 automobile<\/a><\/p>\n<p><\/p>\n","protected":false},"excerpt":{"rendered":"<p>Les membres d&#8217;Unifor chez General Motors Canada ont vot\u00e9 ce week-end pour ratifier un accord de principe. Cet accord a \u00e9t\u00e9 conclu la semaine derni\u00e8re apr\u00e8s une br\u00e8ve gr\u00e8ve. \u00c0 Catharines et Woodstock, en Ontario, 80,5 % de membres ont vot\u00e9 en faveur de l&#8217;accord. Les avantages de cet accord incluent des augmentations de salaire [&hellip;]<\/p>\n","protected":false},"author":8,"featured_media":0,"comment_status":"close","ping_status":"closed","sticky":false,"template":"","format":"standard","meta":{"_monsterinsights_skip_tracking":false,"_monsterinsights_sitenote_active":false,"_monsterinsights_sitenote_note":"","_monsterinsights_sitenote_category":0,"footnotes":""},"categories":[101],"tags":[],"yoast_head":"<!-- This site is optimized with the Yoast SEO plugin v23.2 - https:\/\/yoast.com\/wordpress\/plugins\/seo\/ -->\n<title>Ratification d\u2019un accord entre GM et Unifor au Canada - CanadaMotorJobs.com<\/title>\n<meta name=\"description\" content=\"Ratification d\u2019un accord entre GM et Unifor au Canada - Benoit Charette - Annuel automobile - CanadaMotorJobs.com.\" \/>\n<meta name=\"robots\" content=\"index, follow, max-snippet:-1, max-image-preview:large, max-video-preview:-1\" \/>\n<meta property=\"og:locale\" content=\"fr_CA\" \/>\n<meta property=\"og:type\" content=\"article\" \/>\n<meta property=\"og:title\" content=\"Ratification d\u2019un accord entre GM et Unifor au Canada - CanadaMotorJobs.com\" \/>\n<meta property=\"og:description\" content=\"Ratification d\u2019un accord entre GM et Unifor au Canada - Benoit Charette - Annuel automobile - CanadaMotorJobs.com.\" \/>\n<meta property=\"og:url\" content=\"https:\/\/news.canadamotorjobs.com\/fr\/ratification-dun-accord-entre-gm-et-unifor-au-canada\/\" \/>\n<meta property=\"og:site_name\" content=\"CanadaMotorJobs.com\" \/>\n<meta property=\"article:publisher\" content=\"https:\/\/www.facebook.com\/canadamotorjobs\/\" \/>\n<meta property=\"article:published_time\" content=\"2023-10-16T11:47:49+00:00\" \/>\n<meta property=\"article:modified_time\" content=\"2023-10-16T11:58:38+00:00\" \/>\n<meta property=\"og:image\" content=\"https:\/\/annuelauto.ca\/wp-content\/uploads\/2023\/10\/oshawacopy-1200x600-1.jpg\" \/>\n<meta name=\"author\" content=\"Benoit Charette\" \/>\n<meta name=\"twitter:card\" content=\"summary_large_image\" \/>\n<meta name=\"twitter:creator\" content=\"@canadamotorjobs\" \/>\n<meta name=\"twitter:site\" content=\"@canadamotorjobs\" \/>\n<meta name=\"twitter:label1\" content=\"\u00c9crit par\" \/>\n\t<meta name=\"twitter:data1\" content=\"Benoit Charette\" \/>\n\t<meta name=\"twitter:label2\" content=\"Estimation du temps de lecture\" \/>\n\t<meta name=\"twitter:data2\" content=\"3 minutes\" \/>\n<!-- \/ Yoast SEO plugin. -->","yoast_head_json":{"title":"Ratification d\u2019un accord entre GM et Unifor au Canada - CanadaMotorJobs.com","description":"Ratification d\u2019un accord entre GM et Unifor au Canada - Benoit Charette - Annuel automobile - CanadaMotorJobs.com.","robots":{"index":"index","follow":"follow","max-snippet":"max-snippet:-1","max-image-preview":"max-image-preview:large","max-video-preview":"max-video-preview:-1"},"og_locale":"fr_CA","og_type":"article","og_title":"Ratification d\u2019un accord entre GM et Unifor au Canada - CanadaMotorJobs.com","og_description":"Ratification d\u2019un accord entre GM et Unifor au Canada - Benoit Charette - Annuel automobile - CanadaMotorJobs.com.","og_url":"https:\/\/news.canadamotorjobs.com\/fr\/ratification-dun-accord-entre-gm-et-unifor-au-canada\/","og_site_name":"CanadaMotorJobs.com","article_publisher":"https:\/\/www.facebook.com\/canadamotorjobs\/","article_published_time":"2023-10-16T11:47:49+00:00","article_modified_time":"2023-10-16T11:58:38+00:00","og_image":[{"url":"https:\/\/annuelauto.ca\/wp-content\/uploads\/2023\/10\/oshawacopy-1200x600-1.jpg"}],"author":"Benoit Charette","twitter_card":"summary_large_image","twitter_creator":"@canadamotorjobs","twitter_site":"@canadamotorjobs","twitter_misc":{"\u00c9crit par":"Benoit Charette","Estimation du temps de lecture":"3 minutes"},"schema":{"@context":"https:\/\/schema.org","@graph":[{"@type":"Article","@id":"https:\/\/news.canadamotorjobs.com\/fr\/ratification-dun-accord-entre-gm-et-unifor-au-canada\/#article","isPartOf":{"@id":"https:\/\/news.canadamotorjobs.com\/fr\/ratification-dun-accord-entre-gm-et-unifor-au-canada\/"},"author":{"name":"Benoit Charette","@id":"https:\/\/news.canadamotorjobs.com\/#\/schema\/person\/51793d1f87d44011d7bcc2ed99269a90"},"headline":"Ratification d\u2019un accord entre GM et Unifor au Canada","datePublished":"2023-10-16T11:47:49+00:00","dateModified":"2023-10-16T11:58:38+00:00","mainEntityOfPage":{"@id":"https:\/\/news.canadamotorjobs.com\/fr\/ratification-dun-accord-entre-gm-et-unifor-au-canada\/"},"wordCount":587,"publisher":{"@id":"https:\/\/news.canadamotorjobs.com\/#organization"},"image":{"@id":"https:\/\/news.canadamotorjobs.com\/fr\/ratification-dun-accord-entre-gm-et-unifor-au-canada\/#primaryimage"},"thumbnailUrl":"https:\/\/annuelauto.ca\/wp-content\/uploads\/2023\/10\/oshawacopy-1200x600-1.jpg","articleSection":["Annuel automobile"],"inLanguage":"fr-CA"},{"@type":"WebPage","@id":"https:\/\/news.canadamotorjobs.com\/fr\/ratification-dun-accord-entre-gm-et-unifor-au-canada\/","url":"https:\/\/news.canadamotorjobs.com\/fr\/ratification-dun-accord-entre-gm-et-unifor-au-canada\/","name":"Ratification d\u2019un accord entre GM et Unifor au Canada - CanadaMotorJobs.com","isPartOf":{"@id":"https:\/\/news.canadamotorjobs.com\/#website"},"primaryImageOfPage":{"@id":"https:\/\/news.canadamotorjobs.com\/fr\/ratification-dun-accord-entre-gm-et-unifor-au-canada\/#primaryimage"},"image":{"@id":"https:\/\/news.canadamotorjobs.com\/fr\/ratification-dun-accord-entre-gm-et-unifor-au-canada\/#primaryimage"},"thumbnailUrl":"https:\/\/annuelauto.ca\/wp-content\/uploads\/2023\/10\/oshawacopy-1200x600-1.jpg","datePublished":"2023-10-16T11:47:49+00:00","dateModified":"2023-10-16T11:58:38+00:00","description":"Ratification d\u2019un accord entre GM et Unifor au Canada - Benoit Charette - Annuel automobile - CanadaMotorJobs.com.","breadcrumb":{"@id":"https:\/\/news.canadamotorjobs.com\/fr\/ratification-dun-accord-entre-gm-et-unifor-au-canada\/#breadcrumb"},"inLanguage":"fr-CA","potentialAction":[{"@type":"ReadAction","target":["https:\/\/news.canadamotorjobs.com\/fr\/ratification-dun-accord-entre-gm-et-unifor-au-canada\/"]}]},{"@type":"ImageObject","inLanguage":"fr-CA","@id":"https:\/\/news.canadamotorjobs.com\/fr\/ratification-dun-accord-entre-gm-et-unifor-au-canada\/#primaryimage","url":"https:\/\/annuelauto.ca\/wp-content\/uploads\/2023\/10\/oshawacopy-1200x600-1.jpg","contentUrl":"https:\/\/annuelauto.ca\/wp-content\/uploads\/2023\/10\/oshawacopy-1200x600-1.jpg"},{"@type":"BreadcrumbList","@id":"https:\/\/news.canadamotorjobs.com\/fr\/ratification-dun-accord-entre-gm-et-unifor-au-canada\/#breadcrumb","itemListElement":[{"@type":"ListItem","position":1,"name":"Home","item":"https:\/\/news.canadamotorjobs.com\/fr\/blog\/"},{"@type":"ListItem","position":2,"name":"Ratification d\u2019un accord entre GM et Unifor au Canada"}]},{"@type":"WebSite","@id":"https:\/\/news.canadamotorjobs.com\/#website","url":"https:\/\/news.canadamotorjobs.com\/","name":"CanadaMotorJobs.com","description":"Automotive Jobs","publisher":{"@id":"https:\/\/news.canadamotorjobs.com\/#organization"},"potentialAction":[{"@type":"SearchAction","target":{"@type":"EntryPoint","urlTemplate":"https:\/\/news.canadamotorjobs.com\/?s={search_term_string}"},"query-input":"required name=search_term_string"}],"inLanguage":"fr-CA"},{"@type":"Organization","@id":"https:\/\/news.canadamotorjobs.com\/#organization","name":"Canada Motor Jobs","url":"https:\/\/news.canadamotorjobs.com\/","logo":{"@type":"ImageObject","inLanguage":"fr-CA","@id":"https:\/\/news.canadamotorjobs.com\/#\/schema\/logo\/image\/","url":"https:\/\/news.canadamotorjobs.com\/wp-content\/uploads\/2022\/10\/logo-canada-motor-jobs-1.png","contentUrl":"https:\/\/news.canadamotorjobs.com\/wp-content\/uploads\/2022\/10\/logo-canada-motor-jobs-1.png","width":800,"height":400,"caption":"Canada Motor Jobs"},"image":{"@id":"https:\/\/news.canadamotorjobs.com\/#\/schema\/logo\/image\/"},"sameAs":["https:\/\/www.facebook.com\/canadamotorjobs\/","https:\/\/x.com\/canadamotorjobs","https:\/\/www.instagram.com\/canadamotorjobs\/","https:\/\/www.linkedin.com\/company\/canadamotorjobs"]},{"@type":"Person","@id":"https:\/\/news.canadamotorjobs.com\/#\/schema\/person\/51793d1f87d44011d7bcc2ed99269a90","name":"Benoit Charette","image":{"@type":"ImageObject","inLanguage":"fr-CA","@id":"https:\/\/news.canadamotorjobs.com\/#\/schema\/person\/image\/","url":"https:\/\/secure.gravatar.com\/avatar\/45f3d2eebcccd909668d7ce7ea7267b6?s=96&d=mm&r=g","contentUrl":"https:\/\/secure.gravatar.com\/avatar\/45f3d2eebcccd909668d7ce7ea7267b6?s=96&d=mm&r=g","caption":"Benoit Charette"},"description":"Benoit Charette \/ Propri\u00e9taire et r\u00e9dacteur en chef Benoit Charette pratique le journalisme automobile depuis bient\u00f4t 30 ans. Il a fait ses classes au c\u00f4t\u00e9 de Daniel H\u00e9raud et au Carnet de route de 1992 \u00e0 2001. Il est fondateur, copropri\u00e9taire et r\u00e9dacteur en chef de L\u2019Annuel de l\u2019automobile, qu\u2019il publie depuis 2001. Il a anim\u00e9 les \u00e9missions RPM et RPM+ sur V et les L\u00e9gendes de la route sur Historia. \u00c0 la radio depuis 1986, il reprend l\u2019antenne cette ann\u00e9e sur les ondes de Cogeco et participe pour la deuxi\u00e8me ann\u00e9e \u00e0 l\u2019\u00e9mission Passion Auto sur RDS en plus de mettre en ligne le site Web officiel de L\u2019Annuel de l\u2019automobile sur annuelauto.ca.","sameAs":["https:\/\/annuelauto.ca\/"],"url":"https:\/\/news.canadamotorjobs.com\/fr\/author\/benoit-charette\/"}]}},"_links":{"self":[{"href":"https:\/\/news.canadamotorjobs.com\/fr\/wp-json\/wp\/v2\/posts\/152416"}],"collection":[{"href":"https:\/\/news.canadamotorjobs.com\/fr\/wp-json\/wp\/v2\/posts"}],"about":[{"href":"https:\/\/news.canadamotorjobs.com\/fr\/wp-json\/wp\/v2\/types\/post"}],"author":[{"embeddable":true,"href":"https:\/\/news.canadamotorjobs.com\/fr\/wp-json\/wp\/v2\/users\/8"}],"replies":[{"embeddable":true,"href":"https:\/\/news.canadamotorjobs.com\/fr\/wp-json\/wp\/v2\/comments?post=152416"}],"version-history":[{"count":1,"href":"https:\/\/news.canadamotorjobs.com\/fr\/wp-json\/wp\/v2\/posts\/152416\/revisions"}],"predecessor-version":[{"id":152417,"href":"https:\/\/news.canadamotorjobs.com\/fr\/wp-json\/wp\/v2\/posts\/152416\/revisions\/152417"}],"wp:attachment":[{"href":"https:\/\/news.canadamotorjobs.com\/fr\/wp-json\/wp\/v2\/media?parent=152416"}],"wp:term":[{"taxonomy":"category","embeddable":true,"href":"https:\/\/news.canadamotorjobs.com\/fr\/wp-json\/wp\/v2\/categories?post=152416"},{"taxonomy":"post_tag","embeddable":true,"href":"https:\/\/news.canadamotorjobs.com\/fr\/wp-json\/wp\/v2\/tags?post=152416"}],"curies":[{"name":"wp","href":"https:\/\/api.w.org\/{rel}","templated":true}]}}