{"id":152412,"date":"2023-10-15T11:41:44","date_gmt":"2023-10-15T15:41:44","guid":{"rendered":"https:\/\/news.canadamotorjobs.com\/?p=152412"},"modified":"2023-10-15T11:44:16","modified_gmt":"2023-10-15T15:44:16","slug":"un-garantie-prolongee-pour-mon-chevrolet-bolt-bonne-ou-mauvaise-idee","status":"publish","type":"post","link":"https:\/\/news.canadamotorjobs.com\/fr\/un-garantie-prolongee-pour-mon-chevrolet-bolt-bonne-ou-mauvaise-idee\/","title":{"rendered":"Un garantie prolong\u00e9e pour mon Chevrolet Bolt: bonne ou mauvaise id\u00e9e ?"},"content":{"rendered":"<p><img loading=\"lazy\" decoding=\"async\" width=\"1024\" height=\"682\" src=\"https:\/\/annuelauto.ca\/wp-content\/uploads\/2023\/10\/che-bol-01.jpg\" class=\"attachment-post-thumbnail size-post-thumbnail wp-post-image\" alt=\"\" \/><\/p>\n<p>Je suis en train de faire l\u2019achat d\u2019une Bolt LT 2019 (\u00e9lectrique), la batterie a \u00e9t\u00e9 chang\u00e9 et est garantie jusqu\u2019en juin 2030. Par contre, on m\u2019offre l\u2019achat d\u2019une garantie m\u00e9canique 4 ans ou 48k km pour 2800$ + tx. Est-ce vraiment n\u00e9cessaire pour les autres composantes que la batterie?<br \/>\nEn esp\u00e9rant que vous pourrez me r\u00e9pondre.<\/p>\n<p>Merci<\/p>\n<p>Richard<\/p>\n<p>Comme vous avez d\u00e9j\u00e0 une garantie sur la batterie jusqu&#8217;en 2030, il reste peu de choses \u00e0 couvrir. Cette garantie ne sera pas tr\u00e8s utile sauf pour retirer 2 800 $ de vos poches. La petite Bolt est fiable et le seul r\u00e9el probl\u00e8me est la batterie pour laquelle vous \u00eates couvert. Conserver votre argent et ne prenez pas cette garantie suppl\u00e9mentaire.<\/p>\n<p>Le texte <a rel=\"nofollow\" href=\"https:\/\/annuelauto.ca\/un-garantir-prolongee-pour-mon-bolt-bonne-ou-mauvaise-idee\/\">Un garantie prolong\u00e9e pour mon Chevrolet Bolt: bonne ou mauvaise id\u00e9e ?<\/a> provient de <a rel=\"nofollow\" href=\"https:\/\/annuelauto.ca\">L&#8217;annuel de l&#8217;automobile &#8211; Actualit\u00e9 automobile<\/a><\/p>\n<p><\/p>\n","protected":false},"excerpt":{"rendered":"<p>Je suis en train de faire l\u2019achat d\u2019une Bolt LT 2019 (\u00e9lectrique), la batterie a \u00e9t\u00e9 chang\u00e9 et est garantie jusqu\u2019en juin 2030. Par contre, on m\u2019offre l\u2019achat d\u2019une garantie m\u00e9canique 4 ans ou 48k km pour 2800$ + tx. Est-ce vraiment n\u00e9cessaire pour les autres composantes que la batterie? En esp\u00e9rant que vous pourrez [&hellip;]<\/p>\n","protected":false},"author":8,"featured_media":0,"comment_status":"close","ping_status":"closed","sticky":false,"template":"","format":"standard","meta":{"_monsterinsights_skip_tracking":false,"_monsterinsights_sitenote_active":false,"_monsterinsights_sitenote_note":"","_monsterinsights_sitenote_category":0,"footnotes":""},"categories":[101],"tags":[],"yoast_head":"<!-- This site is optimized with the Yoast SEO plugin v23.2 - https:\/\/yoast.com\/wordpress\/plugins\/seo\/ -->\n<title>Un garantie prolong\u00e9e pour mon Chevrolet Bolt: bonne ou mauvaise id\u00e9e ? - CanadaMotorJobs.com<\/title>\n<meta name=\"description\" content=\"Un garantie prolong\u00e9e pour mon Chevrolet Bolt: bonne ou mauvaise id\u00e9e ? - Benoit Charette - Annuel automobile - CanadaMotorJobs.com.\" \/>\n<meta name=\"robots\" content=\"index, follow, max-snippet:-1, max-image-preview:large, max-video-preview:-1\" \/>\n<meta property=\"og:locale\" content=\"fr_CA\" \/>\n<meta property=\"og:type\" content=\"article\" \/>\n<meta property=\"og:title\" content=\"Un garantie prolong\u00e9e pour mon Chevrolet Bolt: bonne ou mauvaise id\u00e9e ? - CanadaMotorJobs.com\" \/>\n<meta property=\"og:description\" content=\"Un garantie prolong\u00e9e pour mon Chevrolet Bolt: bonne ou mauvaise id\u00e9e ? - Benoit Charette - Annuel automobile - CanadaMotorJobs.com.\" \/>\n<meta property=\"og:url\" content=\"https:\/\/news.canadamotorjobs.com\/fr\/un-garantie-prolongee-pour-mon-chevrolet-bolt-bonne-ou-mauvaise-idee\/\" \/>\n<meta property=\"og:site_name\" content=\"CanadaMotorJobs.com\" \/>\n<meta property=\"article:publisher\" content=\"https:\/\/www.facebook.com\/canadamotorjobs\/\" \/>\n<meta property=\"article:published_time\" content=\"2023-10-15T15:41:44+00:00\" \/>\n<meta property=\"article:modified_time\" content=\"2023-10-15T15:44:16+00:00\" \/>\n<meta property=\"og:image\" content=\"https:\/\/annuelauto.ca\/wp-content\/uploads\/2023\/10\/che-bol-01.jpg\" \/>\n<meta name=\"author\" content=\"Benoit Charette\" \/>\n<meta name=\"twitter:card\" content=\"summary_large_image\" \/>\n<meta name=\"twitter:creator\" content=\"@canadamotorjobs\" \/>\n<meta name=\"twitter:site\" content=\"@canadamotorjobs\" \/>\n<meta name=\"twitter:label1\" content=\"\u00c9crit par\" \/>\n\t<meta name=\"twitter:data1\" content=\"Benoit Charette\" \/>\n\t<meta name=\"twitter:label2\" content=\"Estimation du temps de lecture\" \/>\n\t<meta name=\"twitter:data2\" content=\"1 minute\" \/>\n<!-- \/ Yoast SEO plugin. -->","yoast_head_json":{"title":"Un garantie prolong\u00e9e pour mon Chevrolet Bolt: bonne ou mauvaise id\u00e9e ? - CanadaMotorJobs.com","description":"Un garantie prolong\u00e9e pour mon Chevrolet Bolt: bonne ou mauvaise id\u00e9e ? - Benoit Charette - Annuel automobile - CanadaMotorJobs.com.","robots":{"index":"index","follow":"follow","max-snippet":"max-snippet:-1","max-image-preview":"max-image-preview:large","max-video-preview":"max-video-preview:-1"},"og_locale":"fr_CA","og_type":"article","og_title":"Un garantie prolong\u00e9e pour mon Chevrolet Bolt: bonne ou mauvaise id\u00e9e ? - CanadaMotorJobs.com","og_description":"Un garantie prolong\u00e9e pour mon Chevrolet Bolt: bonne ou mauvaise id\u00e9e ? - Benoit Charette - Annuel automobile - CanadaMotorJobs.com.","og_url":"https:\/\/news.canadamotorjobs.com\/fr\/un-garantie-prolongee-pour-mon-chevrolet-bolt-bonne-ou-mauvaise-idee\/","og_site_name":"CanadaMotorJobs.com","article_publisher":"https:\/\/www.facebook.com\/canadamotorjobs\/","article_published_time":"2023-10-15T15:41:44+00:00","article_modified_time":"2023-10-15T15:44:16+00:00","og_image":[{"url":"https:\/\/annuelauto.ca\/wp-content\/uploads\/2023\/10\/che-bol-01.jpg"}],"author":"Benoit Charette","twitter_card":"summary_large_image","twitter_creator":"@canadamotorjobs","twitter_site":"@canadamotorjobs","twitter_misc":{"\u00c9crit par":"Benoit Charette","Estimation du temps de lecture":"1 minute"},"schema":{"@context":"https:\/\/schema.org","@graph":[{"@type":"Article","@id":"https:\/\/news.canadamotorjobs.com\/fr\/un-garantie-prolongee-pour-mon-chevrolet-bolt-bonne-ou-mauvaise-idee\/#article","isPartOf":{"@id":"https:\/\/news.canadamotorjobs.com\/fr\/un-garantie-prolongee-pour-mon-chevrolet-bolt-bonne-ou-mauvaise-idee\/"},"author":{"name":"Benoit Charette","@id":"https:\/\/news.canadamotorjobs.com\/#\/schema\/person\/51793d1f87d44011d7bcc2ed99269a90"},"headline":"Un garantie prolong\u00e9e pour mon Chevrolet Bolt: bonne ou mauvaise id\u00e9e ?","datePublished":"2023-10-15T15:41:44+00:00","dateModified":"2023-10-15T15:44:16+00:00","mainEntityOfPage":{"@id":"https:\/\/news.canadamotorjobs.com\/fr\/un-garantie-prolongee-pour-mon-chevrolet-bolt-bonne-ou-mauvaise-idee\/"},"wordCount":165,"publisher":{"@id":"https:\/\/news.canadamotorjobs.com\/#organization"},"image":{"@id":"https:\/\/news.canadamotorjobs.com\/fr\/un-garantie-prolongee-pour-mon-chevrolet-bolt-bonne-ou-mauvaise-idee\/#primaryimage"},"thumbnailUrl":"https:\/\/annuelauto.ca\/wp-content\/uploads\/2023\/10\/che-bol-01.jpg","articleSection":["Annuel automobile"],"inLanguage":"fr-CA"},{"@type":"WebPage","@id":"https:\/\/news.canadamotorjobs.com\/fr\/un-garantie-prolongee-pour-mon-chevrolet-bolt-bonne-ou-mauvaise-idee\/","url":"https:\/\/news.canadamotorjobs.com\/fr\/un-garantie-prolongee-pour-mon-chevrolet-bolt-bonne-ou-mauvaise-idee\/","name":"Un garantie prolong\u00e9e pour mon Chevrolet Bolt: bonne ou mauvaise id\u00e9e ? - CanadaMotorJobs.com","isPartOf":{"@id":"https:\/\/news.canadamotorjobs.com\/#website"},"primaryImageOfPage":{"@id":"https:\/\/news.canadamotorjobs.com\/fr\/un-garantie-prolongee-pour-mon-chevrolet-bolt-bonne-ou-mauvaise-idee\/#primaryimage"},"image":{"@id":"https:\/\/news.canadamotorjobs.com\/fr\/un-garantie-prolongee-pour-mon-chevrolet-bolt-bonne-ou-mauvaise-idee\/#primaryimage"},"thumbnailUrl":"https:\/\/annuelauto.ca\/wp-content\/uploads\/2023\/10\/che-bol-01.jpg","datePublished":"2023-10-15T15:41:44+00:00","dateModified":"2023-10-15T15:44:16+00:00","description":"Un garantie prolong\u00e9e pour mon Chevrolet Bolt: bonne ou mauvaise id\u00e9e ? - Benoit Charette - Annuel automobile - CanadaMotorJobs.com.","breadcrumb":{"@id":"https:\/\/news.canadamotorjobs.com\/fr\/un-garantie-prolongee-pour-mon-chevrolet-bolt-bonne-ou-mauvaise-idee\/#breadcrumb"},"inLanguage":"fr-CA","potentialAction":[{"@type":"ReadAction","target":["https:\/\/news.canadamotorjobs.com\/fr\/un-garantie-prolongee-pour-mon-chevrolet-bolt-bonne-ou-mauvaise-idee\/"]}]},{"@type":"ImageObject","inLanguage":"fr-CA","@id":"https:\/\/news.canadamotorjobs.com\/fr\/un-garantie-prolongee-pour-mon-chevrolet-bolt-bonne-ou-mauvaise-idee\/#primaryimage","url":"https:\/\/annuelauto.ca\/wp-content\/uploads\/2023\/10\/che-bol-01.jpg","contentUrl":"https:\/\/annuelauto.ca\/wp-content\/uploads\/2023\/10\/che-bol-01.jpg"},{"@type":"BreadcrumbList","@id":"https:\/\/news.canadamotorjobs.com\/fr\/un-garantie-prolongee-pour-mon-chevrolet-bolt-bonne-ou-mauvaise-idee\/#breadcrumb","itemListElement":[{"@type":"ListItem","position":1,"name":"Home","item":"https:\/\/news.canadamotorjobs.com\/fr\/blog\/"},{"@type":"ListItem","position":2,"name":"Un garantie prolong\u00e9e pour mon Chevrolet Bolt: bonne ou mauvaise id\u00e9e ?"}]},{"@type":"WebSite","@id":"https:\/\/news.canadamotorjobs.com\/#website","url":"https:\/\/news.canadamotorjobs.com\/","name":"CanadaMotorJobs.com","description":"Automotive Jobs","publisher":{"@id":"https:\/\/news.canadamotorjobs.com\/#organization"},"potentialAction":[{"@type":"SearchAction","target":{"@type":"EntryPoint","urlTemplate":"https:\/\/news.canadamotorjobs.com\/?s={search_term_string}"},"query-input":"required name=search_term_string"}],"inLanguage":"fr-CA"},{"@type":"Organization","@id":"https:\/\/news.canadamotorjobs.com\/#organization","name":"Canada Motor Jobs","url":"https:\/\/news.canadamotorjobs.com\/","logo":{"@type":"ImageObject","inLanguage":"fr-CA","@id":"https:\/\/news.canadamotorjobs.com\/#\/schema\/logo\/image\/","url":"https:\/\/news.canadamotorjobs.com\/wp-content\/uploads\/2022\/10\/logo-canada-motor-jobs-1.png","contentUrl":"https:\/\/news.canadamotorjobs.com\/wp-content\/uploads\/2022\/10\/logo-canada-motor-jobs-1.png","width":800,"height":400,"caption":"Canada Motor Jobs"},"image":{"@id":"https:\/\/news.canadamotorjobs.com\/#\/schema\/logo\/image\/"},"sameAs":["https:\/\/www.facebook.com\/canadamotorjobs\/","https:\/\/x.com\/canadamotorjobs","https:\/\/www.instagram.com\/canadamotorjobs\/","https:\/\/www.linkedin.com\/company\/canadamotorjobs"]},{"@type":"Person","@id":"https:\/\/news.canadamotorjobs.com\/#\/schema\/person\/51793d1f87d44011d7bcc2ed99269a90","name":"Benoit Charette","image":{"@type":"ImageObject","inLanguage":"fr-CA","@id":"https:\/\/news.canadamotorjobs.com\/#\/schema\/person\/image\/","url":"https:\/\/secure.gravatar.com\/avatar\/45f3d2eebcccd909668d7ce7ea7267b6?s=96&d=mm&r=g","contentUrl":"https:\/\/secure.gravatar.com\/avatar\/45f3d2eebcccd909668d7ce7ea7267b6?s=96&d=mm&r=g","caption":"Benoit Charette"},"description":"Benoit Charette \/ Propri\u00e9taire et r\u00e9dacteur en chef Benoit Charette pratique le journalisme automobile depuis bient\u00f4t 30 ans. Il a fait ses classes au c\u00f4t\u00e9 de Daniel H\u00e9raud et au Carnet de route de 1992 \u00e0 2001. Il est fondateur, copropri\u00e9taire et r\u00e9dacteur en chef de L\u2019Annuel de l\u2019automobile, qu\u2019il publie depuis 2001. Il a anim\u00e9 les \u00e9missions RPM et RPM+ sur V et les L\u00e9gendes de la route sur Historia. \u00c0 la radio depuis 1986, il reprend l\u2019antenne cette ann\u00e9e sur les ondes de Cogeco et participe pour la deuxi\u00e8me ann\u00e9e \u00e0 l\u2019\u00e9mission Passion Auto sur RDS en plus de mettre en ligne le site Web officiel de L\u2019Annuel de l\u2019automobile sur annuelauto.ca.","sameAs":["https:\/\/annuelauto.ca\/"],"url":"https:\/\/news.canadamotorjobs.com\/fr\/author\/benoit-charette\/"}]}},"_links":{"self":[{"href":"https:\/\/news.canadamotorjobs.com\/fr\/wp-json\/wp\/v2\/posts\/152412"}],"collection":[{"href":"https:\/\/news.canadamotorjobs.com\/fr\/wp-json\/wp\/v2\/posts"}],"about":[{"href":"https:\/\/news.canadamotorjobs.com\/fr\/wp-json\/wp\/v2\/types\/post"}],"author":[{"embeddable":true,"href":"https:\/\/news.canadamotorjobs.com\/fr\/wp-json\/wp\/v2\/users\/8"}],"replies":[{"embeddable":true,"href":"https:\/\/news.canadamotorjobs.com\/fr\/wp-json\/wp\/v2\/comments?post=152412"}],"version-history":[{"count":1,"href":"https:\/\/news.canadamotorjobs.com\/fr\/wp-json\/wp\/v2\/posts\/152412\/revisions"}],"predecessor-version":[{"id":152413,"href":"https:\/\/news.canadamotorjobs.com\/fr\/wp-json\/wp\/v2\/posts\/152412\/revisions\/152413"}],"wp:attachment":[{"href":"https:\/\/news.canadamotorjobs.com\/fr\/wp-json\/wp\/v2\/media?parent=152412"}],"wp:term":[{"taxonomy":"category","embeddable":true,"href":"https:\/\/news.canadamotorjobs.com\/fr\/wp-json\/wp\/v2\/categories?post=152412"},{"taxonomy":"post_tag","embeddable":true,"href":"https:\/\/news.canadamotorjobs.com\/fr\/wp-json\/wp\/v2\/tags?post=152412"}],"curies":[{"name":"wp","href":"https:\/\/api.w.org\/{rel}","templated":true}]}}