{"id":152408,"date":"2023-10-14T09:11:07","date_gmt":"2023-10-14T13:11:07","guid":{"rendered":"https:\/\/news.canadamotorjobs.com\/?p=152408"},"modified":"2023-10-14T09:16:58","modified_gmt":"2023-10-14T13:16:58","slug":"le-salon-de-lauto-de-geneve-annonce-son-retour-en-2024","status":"publish","type":"post","link":"https:\/\/news.canadamotorjobs.com\/fr\/le-salon-de-lauto-de-geneve-annonce-son-retour-en-2024\/","title":{"rendered":"Le Salon de l\u2019auto de Gen\u00e8ve annonce son retour en 2024"},"content":{"rendered":"<p><img loading=\"lazy\" decoding=\"async\" width=\"1300\" height=\"867\" src=\"https:\/\/annuelauto.ca\/wp-content\/uploads\/2023\/10\/apres-trois-annulations-successives-le-geneva-international-motor-show-se-tiendra-du-14-au-19-fevrier-2023-a-palexpo-archives-photo-le-dl-greg-yetchmeniza-1661004844.jpg\" class=\"attachment-post-thumbnail size-post-thumbnail wp-post-image\" alt=\"\" \/><\/p>\n<p>Le Salon de l&#8217;automobile de Gen\u00e8ve reviendra l&#8217;ann\u00e9e prochaine dans un format all\u00e9g\u00e9 et remani\u00e9 qui, selon les organisateurs, placera \u00ab\u00a0la voiture au centre\u00a0\u00bb. Contrairement \u00e0 la majorit\u00e9 des grands Salons qui sont maintenant des Salons de la mobilit\u00e9, les organisateurs du Salon de l\u2019auto de Gen\u00e8ve ont laiss\u00e9 entendre que la voiture demeure le centre d\u2019attraction.<\/p>\n<h3>Absence de 5 ans<\/h3>\n<p>\nL&#8217;\u00e9v\u00e9nement suisse de longue date n&#8217;a pas eu lieu au cours des quatre derni\u00e8res ann\u00e9es, apr\u00e8s que l&#8217;\u00e9dition\u00a02020 a \u00e9t\u00e9 annul\u00e9e en raison de la pand\u00e9mie et que les \u00ab\u00a0incertitudes de l&#8217;\u00e9conomie mondiale\u00a0\u00bb ont emp\u00each\u00e9 un retour en 2023. Le Salon international de l&#8217;automobile de Gen\u00e8ve (GIMS) a r\u00e9cemment organis\u00e9 son premier \u00e9v\u00e9nement depuis 2019, avec un nouveau salon d\u00e9riv\u00e9 de la marque Geneva au Qatar. Il s&#8217;agit d&#8217;un \u00e9v\u00e9nement biennal, alors que le salon principal de Gen\u00e8ve devrait avoir lieu chaque ann\u00e9e.<\/p>\n<h4>Rendez-vous en f\u00e9vrier prochain<\/h4>\n<p>\nL&#8217;\u00e9v\u00e9nement de 2024 devrait se d\u00e9rouler du 25 f\u00e9vrier au 3 mars. La seule question sera celle de la taille, car cela d\u00e9pendra du nombre de constructeurs qui auront confirm\u00e9 leur pr\u00e9sence. Les responsables ont reconnu que le salon serait plus petit que les ann\u00e9es pr\u00e9c\u00e9dentes en faisant allusion aux d\u00e9fis pos\u00e9s par la relance de l&#8217;\u00e9v\u00e9nement apr\u00e8s une interruption de cinq ans. L\u2019\u00e9v\u00e9nement aura toujours lieu au centre PalExpo tout juste \u00e0 c\u00f4t\u00e9 de l\u2019a\u00e9roport de Gen\u00e8ve<\/p>\n<p>Avec des renseignements d&#8217;autocar<\/p>\n<p>\u00a0<\/p>\n<p>\u00a0<\/p>\n<p>Le texte <a rel=\"nofollow\" href=\"https:\/\/annuelauto.ca\/le-salon-de-lauto-de-geneve-annonce-son-retour-en-2024\/\">Le Salon de l\u2019auto de Gen\u00e8ve annonce son retour en 2024<\/a> provient de <a rel=\"nofollow\" href=\"https:\/\/annuelauto.ca\">L&#8217;annuel de l&#8217;automobile &#8211; Actualit\u00e9 automobile<\/a><\/p>\n<p><\/p>\n","protected":false},"excerpt":{"rendered":"<p>Le Salon de l&#8217;automobile de Gen\u00e8ve reviendra l&#8217;ann\u00e9e prochaine dans un format all\u00e9g\u00e9 et remani\u00e9 qui, selon les organisateurs, placera \u00ab\u00a0la voiture au centre\u00a0\u00bb. Contrairement \u00e0 la majorit\u00e9 des grands Salons qui sont maintenant des Salons de la mobilit\u00e9, les organisateurs du Salon de l\u2019auto de Gen\u00e8ve ont laiss\u00e9 entendre que la voiture demeure le [&hellip;]<\/p>\n","protected":false},"author":8,"featured_media":0,"comment_status":"close","ping_status":"closed","sticky":false,"template":"","format":"standard","meta":{"_monsterinsights_skip_tracking":false,"_monsterinsights_sitenote_active":false,"_monsterinsights_sitenote_note":"","_monsterinsights_sitenote_category":0,"footnotes":""},"categories":[101],"tags":[],"yoast_head":"<!-- This site is optimized with the Yoast SEO plugin v23.2 - https:\/\/yoast.com\/wordpress\/plugins\/seo\/ -->\n<title>Le Salon de l\u2019auto de Gen\u00e8ve annonce son retour en 2024 - CanadaMotorJobs.com<\/title>\n<meta name=\"description\" content=\"Le Salon de l\u2019auto de Gen\u00e8ve annonce son retour en 2024 - Benoit Charette - Annuel automobile - CanadaMotorJobs.com.\" \/>\n<meta name=\"robots\" content=\"index, follow, max-snippet:-1, max-image-preview:large, max-video-preview:-1\" \/>\n<meta property=\"og:locale\" content=\"fr_CA\" \/>\n<meta property=\"og:type\" content=\"article\" \/>\n<meta property=\"og:title\" content=\"Le Salon de l\u2019auto de Gen\u00e8ve annonce son retour en 2024 - CanadaMotorJobs.com\" \/>\n<meta property=\"og:description\" content=\"Le Salon de l\u2019auto de Gen\u00e8ve annonce son retour en 2024 - Benoit Charette - Annuel automobile - CanadaMotorJobs.com.\" \/>\n<meta property=\"og:url\" content=\"https:\/\/news.canadamotorjobs.com\/fr\/le-salon-de-lauto-de-geneve-annonce-son-retour-en-2024\/\" \/>\n<meta property=\"og:site_name\" content=\"CanadaMotorJobs.com\" \/>\n<meta property=\"article:publisher\" content=\"https:\/\/www.facebook.com\/canadamotorjobs\/\" \/>\n<meta property=\"article:published_time\" content=\"2023-10-14T13:11:07+00:00\" \/>\n<meta property=\"article:modified_time\" content=\"2023-10-14T13:16:58+00:00\" \/>\n<meta property=\"og:image\" content=\"https:\/\/annuelauto.ca\/wp-content\/uploads\/2023\/10\/apres-trois-annulations-successives-le-geneva-international-motor-show-se-tiendra-du-14-au-19-fevrier-2023-a-palexpo-archives-photo-le-dl-greg-yetchmeniza-1661004844.jpg\" \/>\n<meta name=\"author\" content=\"Benoit Charette\" \/>\n<meta name=\"twitter:card\" content=\"summary_large_image\" \/>\n<meta name=\"twitter:creator\" content=\"@canadamotorjobs\" \/>\n<meta name=\"twitter:site\" content=\"@canadamotorjobs\" \/>\n<meta name=\"twitter:label1\" content=\"\u00c9crit par\" \/>\n\t<meta name=\"twitter:data1\" content=\"Benoit Charette\" \/>\n\t<meta name=\"twitter:label2\" content=\"Estimation du temps de lecture\" \/>\n\t<meta name=\"twitter:data2\" content=\"1 minute\" \/>\n<!-- \/ Yoast SEO plugin. -->","yoast_head_json":{"title":"Le Salon de l\u2019auto de Gen\u00e8ve annonce son retour en 2024 - CanadaMotorJobs.com","description":"Le Salon de l\u2019auto de Gen\u00e8ve annonce son retour en 2024 - Benoit Charette - Annuel automobile - CanadaMotorJobs.com.","robots":{"index":"index","follow":"follow","max-snippet":"max-snippet:-1","max-image-preview":"max-image-preview:large","max-video-preview":"max-video-preview:-1"},"og_locale":"fr_CA","og_type":"article","og_title":"Le Salon de l\u2019auto de Gen\u00e8ve annonce son retour en 2024 - CanadaMotorJobs.com","og_description":"Le Salon de l\u2019auto de Gen\u00e8ve annonce son retour en 2024 - Benoit Charette - Annuel automobile - CanadaMotorJobs.com.","og_url":"https:\/\/news.canadamotorjobs.com\/fr\/le-salon-de-lauto-de-geneve-annonce-son-retour-en-2024\/","og_site_name":"CanadaMotorJobs.com","article_publisher":"https:\/\/www.facebook.com\/canadamotorjobs\/","article_published_time":"2023-10-14T13:11:07+00:00","article_modified_time":"2023-10-14T13:16:58+00:00","og_image":[{"url":"https:\/\/annuelauto.ca\/wp-content\/uploads\/2023\/10\/apres-trois-annulations-successives-le-geneva-international-motor-show-se-tiendra-du-14-au-19-fevrier-2023-a-palexpo-archives-photo-le-dl-greg-yetchmeniza-1661004844.jpg"}],"author":"Benoit Charette","twitter_card":"summary_large_image","twitter_creator":"@canadamotorjobs","twitter_site":"@canadamotorjobs","twitter_misc":{"\u00c9crit par":"Benoit Charette","Estimation du temps de lecture":"1 minute"},"schema":{"@context":"https:\/\/schema.org","@graph":[{"@type":"Article","@id":"https:\/\/news.canadamotorjobs.com\/fr\/le-salon-de-lauto-de-geneve-annonce-son-retour-en-2024\/#article","isPartOf":{"@id":"https:\/\/news.canadamotorjobs.com\/fr\/le-salon-de-lauto-de-geneve-annonce-son-retour-en-2024\/"},"author":{"name":"Benoit Charette","@id":"https:\/\/news.canadamotorjobs.com\/#\/schema\/person\/51793d1f87d44011d7bcc2ed99269a90"},"headline":"Le Salon de l\u2019auto de Gen\u00e8ve annonce son retour en 2024","datePublished":"2023-10-14T13:11:07+00:00","dateModified":"2023-10-14T13:16:58+00:00","mainEntityOfPage":{"@id":"https:\/\/news.canadamotorjobs.com\/fr\/le-salon-de-lauto-de-geneve-annonce-son-retour-en-2024\/"},"wordCount":309,"publisher":{"@id":"https:\/\/news.canadamotorjobs.com\/#organization"},"image":{"@id":"https:\/\/news.canadamotorjobs.com\/fr\/le-salon-de-lauto-de-geneve-annonce-son-retour-en-2024\/#primaryimage"},"thumbnailUrl":"https:\/\/annuelauto.ca\/wp-content\/uploads\/2023\/10\/apres-trois-annulations-successives-le-geneva-international-motor-show-se-tiendra-du-14-au-19-fevrier-2023-a-palexpo-archives-photo-le-dl-greg-yetchmeniza-1661004844.jpg","articleSection":["Annuel automobile"],"inLanguage":"fr-CA"},{"@type":"WebPage","@id":"https:\/\/news.canadamotorjobs.com\/fr\/le-salon-de-lauto-de-geneve-annonce-son-retour-en-2024\/","url":"https:\/\/news.canadamotorjobs.com\/fr\/le-salon-de-lauto-de-geneve-annonce-son-retour-en-2024\/","name":"Le Salon de l\u2019auto de Gen\u00e8ve annonce son retour en 2024 - CanadaMotorJobs.com","isPartOf":{"@id":"https:\/\/news.canadamotorjobs.com\/#website"},"primaryImageOfPage":{"@id":"https:\/\/news.canadamotorjobs.com\/fr\/le-salon-de-lauto-de-geneve-annonce-son-retour-en-2024\/#primaryimage"},"image":{"@id":"https:\/\/news.canadamotorjobs.com\/fr\/le-salon-de-lauto-de-geneve-annonce-son-retour-en-2024\/#primaryimage"},"thumbnailUrl":"https:\/\/annuelauto.ca\/wp-content\/uploads\/2023\/10\/apres-trois-annulations-successives-le-geneva-international-motor-show-se-tiendra-du-14-au-19-fevrier-2023-a-palexpo-archives-photo-le-dl-greg-yetchmeniza-1661004844.jpg","datePublished":"2023-10-14T13:11:07+00:00","dateModified":"2023-10-14T13:16:58+00:00","description":"Le Salon de l\u2019auto de Gen\u00e8ve annonce son retour en 2024 - Benoit Charette - Annuel automobile - CanadaMotorJobs.com.","breadcrumb":{"@id":"https:\/\/news.canadamotorjobs.com\/fr\/le-salon-de-lauto-de-geneve-annonce-son-retour-en-2024\/#breadcrumb"},"inLanguage":"fr-CA","potentialAction":[{"@type":"ReadAction","target":["https:\/\/news.canadamotorjobs.com\/fr\/le-salon-de-lauto-de-geneve-annonce-son-retour-en-2024\/"]}]},{"@type":"ImageObject","inLanguage":"fr-CA","@id":"https:\/\/news.canadamotorjobs.com\/fr\/le-salon-de-lauto-de-geneve-annonce-son-retour-en-2024\/#primaryimage","url":"https:\/\/annuelauto.ca\/wp-content\/uploads\/2023\/10\/apres-trois-annulations-successives-le-geneva-international-motor-show-se-tiendra-du-14-au-19-fevrier-2023-a-palexpo-archives-photo-le-dl-greg-yetchmeniza-1661004844.jpg","contentUrl":"https:\/\/annuelauto.ca\/wp-content\/uploads\/2023\/10\/apres-trois-annulations-successives-le-geneva-international-motor-show-se-tiendra-du-14-au-19-fevrier-2023-a-palexpo-archives-photo-le-dl-greg-yetchmeniza-1661004844.jpg"},{"@type":"BreadcrumbList","@id":"https:\/\/news.canadamotorjobs.com\/fr\/le-salon-de-lauto-de-geneve-annonce-son-retour-en-2024\/#breadcrumb","itemListElement":[{"@type":"ListItem","position":1,"name":"Home","item":"https:\/\/news.canadamotorjobs.com\/fr\/blog\/"},{"@type":"ListItem","position":2,"name":"Le Salon de l\u2019auto de Gen\u00e8ve annonce son retour en 2024"}]},{"@type":"WebSite","@id":"https:\/\/news.canadamotorjobs.com\/#website","url":"https:\/\/news.canadamotorjobs.com\/","name":"CanadaMotorJobs.com","description":"Automotive Jobs","publisher":{"@id":"https:\/\/news.canadamotorjobs.com\/#organization"},"potentialAction":[{"@type":"SearchAction","target":{"@type":"EntryPoint","urlTemplate":"https:\/\/news.canadamotorjobs.com\/?s={search_term_string}"},"query-input":"required name=search_term_string"}],"inLanguage":"fr-CA"},{"@type":"Organization","@id":"https:\/\/news.canadamotorjobs.com\/#organization","name":"Canada Motor Jobs","url":"https:\/\/news.canadamotorjobs.com\/","logo":{"@type":"ImageObject","inLanguage":"fr-CA","@id":"https:\/\/news.canadamotorjobs.com\/#\/schema\/logo\/image\/","url":"https:\/\/news.canadamotorjobs.com\/wp-content\/uploads\/2022\/10\/logo-canada-motor-jobs-1.png","contentUrl":"https:\/\/news.canadamotorjobs.com\/wp-content\/uploads\/2022\/10\/logo-canada-motor-jobs-1.png","width":800,"height":400,"caption":"Canada Motor Jobs"},"image":{"@id":"https:\/\/news.canadamotorjobs.com\/#\/schema\/logo\/image\/"},"sameAs":["https:\/\/www.facebook.com\/canadamotorjobs\/","https:\/\/x.com\/canadamotorjobs","https:\/\/www.instagram.com\/canadamotorjobs\/","https:\/\/www.linkedin.com\/company\/canadamotorjobs"]},{"@type":"Person","@id":"https:\/\/news.canadamotorjobs.com\/#\/schema\/person\/51793d1f87d44011d7bcc2ed99269a90","name":"Benoit Charette","image":{"@type":"ImageObject","inLanguage":"fr-CA","@id":"https:\/\/news.canadamotorjobs.com\/#\/schema\/person\/image\/","url":"https:\/\/secure.gravatar.com\/avatar\/45f3d2eebcccd909668d7ce7ea7267b6?s=96&d=mm&r=g","contentUrl":"https:\/\/secure.gravatar.com\/avatar\/45f3d2eebcccd909668d7ce7ea7267b6?s=96&d=mm&r=g","caption":"Benoit Charette"},"description":"Benoit Charette \/ Propri\u00e9taire et r\u00e9dacteur en chef Benoit Charette pratique le journalisme automobile depuis bient\u00f4t 30 ans. Il a fait ses classes au c\u00f4t\u00e9 de Daniel H\u00e9raud et au Carnet de route de 1992 \u00e0 2001. Il est fondateur, copropri\u00e9taire et r\u00e9dacteur en chef de L\u2019Annuel de l\u2019automobile, qu\u2019il publie depuis 2001. Il a anim\u00e9 les \u00e9missions RPM et RPM+ sur V et les L\u00e9gendes de la route sur Historia. \u00c0 la radio depuis 1986, il reprend l\u2019antenne cette ann\u00e9e sur les ondes de Cogeco et participe pour la deuxi\u00e8me ann\u00e9e \u00e0 l\u2019\u00e9mission Passion Auto sur RDS en plus de mettre en ligne le site Web officiel de L\u2019Annuel de l\u2019automobile sur annuelauto.ca.","sameAs":["https:\/\/annuelauto.ca\/"],"url":"https:\/\/news.canadamotorjobs.com\/fr\/author\/benoit-charette\/"}]}},"_links":{"self":[{"href":"https:\/\/news.canadamotorjobs.com\/fr\/wp-json\/wp\/v2\/posts\/152408"}],"collection":[{"href":"https:\/\/news.canadamotorjobs.com\/fr\/wp-json\/wp\/v2\/posts"}],"about":[{"href":"https:\/\/news.canadamotorjobs.com\/fr\/wp-json\/wp\/v2\/types\/post"}],"author":[{"embeddable":true,"href":"https:\/\/news.canadamotorjobs.com\/fr\/wp-json\/wp\/v2\/users\/8"}],"replies":[{"embeddable":true,"href":"https:\/\/news.canadamotorjobs.com\/fr\/wp-json\/wp\/v2\/comments?post=152408"}],"version-history":[{"count":1,"href":"https:\/\/news.canadamotorjobs.com\/fr\/wp-json\/wp\/v2\/posts\/152408\/revisions"}],"predecessor-version":[{"id":152409,"href":"https:\/\/news.canadamotorjobs.com\/fr\/wp-json\/wp\/v2\/posts\/152408\/revisions\/152409"}],"wp:attachment":[{"href":"https:\/\/news.canadamotorjobs.com\/fr\/wp-json\/wp\/v2\/media?parent=152408"}],"wp:term":[{"taxonomy":"category","embeddable":true,"href":"https:\/\/news.canadamotorjobs.com\/fr\/wp-json\/wp\/v2\/categories?post=152408"},{"taxonomy":"post_tag","embeddable":true,"href":"https:\/\/news.canadamotorjobs.com\/fr\/wp-json\/wp\/v2\/tags?post=152408"}],"curies":[{"name":"wp","href":"https:\/\/api.w.org\/{rel}","templated":true}]}}