{"id":152396,"date":"2023-10-12T06:54:58","date_gmt":"2023-10-12T10:54:58","guid":{"rendered":"https:\/\/news.canadamotorjobs.com\/?p=152396"},"modified":"2023-10-12T06:58:58","modified_gmt":"2023-10-12T10:58:58","slug":"nissan-hyper-adventure-un-vus-electrique-pret-a-prendre-le-champ","status":"publish","type":"post","link":"https:\/\/news.canadamotorjobs.com\/fr\/nissan-hyper-adventure-un-vus-electrique-pret-a-prendre-le-champ\/","title":{"rendered":"Nissan Hyper Adventure\u00a0: un VUS \u00e9lectrique pr\u00eat \u00e0 prendre le champ"},"content":{"rendered":"<p><img loading=\"lazy\" decoding=\"async\" width=\"1200\" height=\"675\" src=\"https:\/\/annuelauto.ca\/wp-content\/uploads\/2023\/10\/230829_Nissan_Hyper_Adventure_Press_Photo_01-1200x675-1.jpg\" class=\"attachment-post-thumbnail size-post-thumbnail wp-post-image\" alt=\"\" \/><\/p>\n<p>C\u2019est le Salon de l\u2019auto de Tokyo qui s\u2019en vient \u00e0 la fin octobre et pour cr\u00e9er un peu de buzz autour de l\u2019\u00e9v\u00e9nement, Nissan a d\u00e9voil\u00e9 cette semaine le deuxi\u00e8me des quatre v\u00e9hicules concepts que le groupe japonais pr\u00e9voit exposer sur place, \u00e0 Tokyo, \u00e0 ce moment-l\u00e0.<\/p>\n<p>Son nom\u00a0: Hyper Adventure. Il s\u2019agit d\u2019un v\u00e9hicule utilitaire qui, comme son nom l\u2019indique, serait con\u00e7u pour les aventures en nature, de pr\u00e9f\u00e9rence dans le d\u00e9sert, ou m\u00eame dans la toundra. Les images publi\u00e9es par Nissan montrent le Hyper Adventure solidement plant\u00e9 au milieu d\u2019une nu\u00e9e d\u2019aurores bor\u00e9ales, sur un sol enneig\u00e9 avec tr\u00e8s peu de v\u00e9g\u00e9tation.<\/p>\n<p>\u00c0 titre comparatif, le Hyper Adventure suit le concept Hyper Urban, qui a \u00e9t\u00e9 dessin\u00e9 celui-l\u00e0 pour s\u2019adapter \u00e0 un style de vie plus urbain. Ses formes sont aussi un peu plus profil\u00e9es, \u00e0 la mani\u00e8re d\u2019une voiture coup\u00e9e, alors que le Hyper Adventure est plus carr\u00e9, en tout cas \u00e0 l\u2019arri\u00e8re, o\u00f9 son hayon tombe \u00e0 pic \u00e0 peu pr\u00e8s \u00e0 90 degr\u00e9s.<\/p>\n<p>Puisque c\u2019est un v\u00e9hicule concept, Nissan s\u2019est \u00e9clat\u00e9, en installant pour l\u2019acc\u00e8s \u00e0 la banquette des portes en go\u00e9lette. \u00c0 l\u2019arri\u00e8re, quand on rel\u00e8ve le hayon, on voit une esp\u00e8ce d\u2019escalier \u00e9merger pour descendre du coffre sans effort.<\/p>\n<p>Sous le capot, on sait que la motorisation est \u00e9lectrique, mais c\u2019est pas mal tout ce qu\u2019on sait. Nissan promet une batterie de grande capacit\u00e9 qui sera suffisante pour aller se perdre dans le bois, puis pour alimenter en \u00e9lectricit\u00e9 son campement, le temps d\u2019accomplir un peu de randonn\u00e9e, d\u2019atteindre son quota de poissons durant une sortie de p\u00eache, ou autre.<\/p>\n<p>Autrement dit\u00a0: l\u2019\u00e9l\u00e9ment int\u00e9ressant ici est la recharge bidirectionnelle du v\u00e9hicule, ce qui devrait devenir une norme pour l\u2019ensemble du march\u00e9 des v\u00e9hicules \u00e9lectriques au cours des prochaines ann\u00e9es. Nissan pense aussi que ses v\u00e9hicules pourront se brancher au r\u00e9seau \u00e9lectrique et se charger intelligemment quand c\u2019est le plus avantageux de le faire, soit durant les p\u00e9riodes hors-pointe, quand le r\u00e9seau est moins en demande et l\u2019\u00e9nergie co\u00fbte moins cher.<\/p>\n<p>On a h\u00e2te de voir comment les v\u00e9hicules concepts de Nissan deviendront des vrais v\u00e9hicules. Pour le moment, Nissan a pris beaucoup de retard dans ses plans d\u2019\u00e9lectrification, mais le groupe japonais promet pas moins de 19 nouveaux mod\u00e8les d\u2019ici 2030, r\u00e9partir entre la marque Nissan et la marque Infiniti.<\/p>\n<p>\u00c0 suivre!<\/p>\n<p>Le texte <a rel=\"nofollow\" href=\"https:\/\/annuelauto.ca\/nissan-hyper-adventure-un-vus-electrique-pret-a-prendre-le-champ\/\">Nissan Hyper Adventure\u00a0: un VUS \u00e9lectrique pr\u00eat \u00e0 prendre le champ<\/a> provient de <a rel=\"nofollow\" href=\"https:\/\/annuelauto.ca\">L&#8217;annuel de l&#8217;automobile &#8211; Actualit\u00e9 automobile<\/a><\/p>\n<p><\/p>\n","protected":false},"excerpt":{"rendered":"<p>C\u2019est le Salon de l\u2019auto de Tokyo qui s\u2019en vient \u00e0 la fin octobre et pour cr\u00e9er un peu de buzz autour de l\u2019\u00e9v\u00e9nement, Nissan a d\u00e9voil\u00e9 cette semaine le deuxi\u00e8me des quatre v\u00e9hicules concepts que le groupe japonais pr\u00e9voit exposer sur place, \u00e0 Tokyo, \u00e0 ce moment-l\u00e0. Son nom\u00a0: Hyper Adventure. Il s\u2019agit d\u2019un [&hellip;]<\/p>\n","protected":false},"author":8,"featured_media":0,"comment_status":"close","ping_status":"closed","sticky":false,"template":"","format":"standard","meta":{"_monsterinsights_skip_tracking":false,"_monsterinsights_sitenote_active":false,"_monsterinsights_sitenote_note":"","_monsterinsights_sitenote_category":0,"footnotes":""},"categories":[101],"tags":[],"yoast_head":"<!-- This site is optimized with the Yoast SEO plugin v23.2 - https:\/\/yoast.com\/wordpress\/plugins\/seo\/ -->\n<title>Nissan Hyper Adventure\u00a0: un VUS \u00e9lectrique pr\u00eat \u00e0 prendre le champ - CanadaMotorJobs.com<\/title>\n<meta name=\"description\" content=\"Nissan Hyper Adventure\u00a0: un VUS \u00e9lectrique pr\u00eat \u00e0 prendre le champ - Benoit Charette - Annuel automobile - CanadaMotorJobs.com.\" \/>\n<meta name=\"robots\" content=\"index, follow, max-snippet:-1, max-image-preview:large, max-video-preview:-1\" \/>\n<meta property=\"og:locale\" content=\"fr_CA\" \/>\n<meta property=\"og:type\" content=\"article\" \/>\n<meta property=\"og:title\" content=\"Nissan Hyper Adventure\u00a0: un VUS \u00e9lectrique pr\u00eat \u00e0 prendre le champ - CanadaMotorJobs.com\" \/>\n<meta property=\"og:description\" content=\"Nissan Hyper Adventure\u00a0: un VUS \u00e9lectrique pr\u00eat \u00e0 prendre le champ - Benoit Charette - Annuel automobile - CanadaMotorJobs.com.\" \/>\n<meta property=\"og:url\" content=\"https:\/\/news.canadamotorjobs.com\/fr\/nissan-hyper-adventure-un-vus-electrique-pret-a-prendre-le-champ\/\" \/>\n<meta property=\"og:site_name\" content=\"CanadaMotorJobs.com\" \/>\n<meta property=\"article:publisher\" content=\"https:\/\/www.facebook.com\/canadamotorjobs\/\" \/>\n<meta property=\"article:published_time\" content=\"2023-10-12T10:54:58+00:00\" \/>\n<meta property=\"article:modified_time\" content=\"2023-10-12T10:58:58+00:00\" \/>\n<meta property=\"og:image\" content=\"https:\/\/annuelauto.ca\/wp-content\/uploads\/2023\/10\/230829_Nissan_Hyper_Adventure_Press_Photo_01-1200x675-1.jpg\" \/>\n<meta name=\"author\" content=\"Benoit Charette\" \/>\n<meta name=\"twitter:card\" content=\"summary_large_image\" \/>\n<meta name=\"twitter:creator\" content=\"@canadamotorjobs\" \/>\n<meta name=\"twitter:site\" content=\"@canadamotorjobs\" \/>\n<meta name=\"twitter:label1\" content=\"\u00c9crit par\" \/>\n\t<meta name=\"twitter:data1\" content=\"Benoit Charette\" \/>\n\t<meta name=\"twitter:label2\" content=\"Estimation du temps de lecture\" \/>\n\t<meta name=\"twitter:data2\" content=\"2 minutes\" \/>\n<!-- \/ Yoast SEO plugin. -->","yoast_head_json":{"title":"Nissan Hyper Adventure\u00a0: un VUS \u00e9lectrique pr\u00eat \u00e0 prendre le champ - CanadaMotorJobs.com","description":"Nissan Hyper Adventure\u00a0: un VUS \u00e9lectrique pr\u00eat \u00e0 prendre le champ - Benoit Charette - Annuel automobile - CanadaMotorJobs.com.","robots":{"index":"index","follow":"follow","max-snippet":"max-snippet:-1","max-image-preview":"max-image-preview:large","max-video-preview":"max-video-preview:-1"},"og_locale":"fr_CA","og_type":"article","og_title":"Nissan Hyper Adventure\u00a0: un VUS \u00e9lectrique pr\u00eat \u00e0 prendre le champ - CanadaMotorJobs.com","og_description":"Nissan Hyper Adventure\u00a0: un VUS \u00e9lectrique pr\u00eat \u00e0 prendre le champ - Benoit Charette - Annuel automobile - CanadaMotorJobs.com.","og_url":"https:\/\/news.canadamotorjobs.com\/fr\/nissan-hyper-adventure-un-vus-electrique-pret-a-prendre-le-champ\/","og_site_name":"CanadaMotorJobs.com","article_publisher":"https:\/\/www.facebook.com\/canadamotorjobs\/","article_published_time":"2023-10-12T10:54:58+00:00","article_modified_time":"2023-10-12T10:58:58+00:00","og_image":[{"url":"https:\/\/annuelauto.ca\/wp-content\/uploads\/2023\/10\/230829_Nissan_Hyper_Adventure_Press_Photo_01-1200x675-1.jpg"}],"author":"Benoit Charette","twitter_card":"summary_large_image","twitter_creator":"@canadamotorjobs","twitter_site":"@canadamotorjobs","twitter_misc":{"\u00c9crit par":"Benoit Charette","Estimation du temps de lecture":"2 minutes"},"schema":{"@context":"https:\/\/schema.org","@graph":[{"@type":"Article","@id":"https:\/\/news.canadamotorjobs.com\/fr\/nissan-hyper-adventure-un-vus-electrique-pret-a-prendre-le-champ\/#article","isPartOf":{"@id":"https:\/\/news.canadamotorjobs.com\/fr\/nissan-hyper-adventure-un-vus-electrique-pret-a-prendre-le-champ\/"},"author":{"name":"Benoit Charette","@id":"https:\/\/news.canadamotorjobs.com\/#\/schema\/person\/51793d1f87d44011d7bcc2ed99269a90"},"headline":"Nissan Hyper Adventure\u00a0: un VUS \u00e9lectrique pr\u00eat \u00e0 prendre le champ","datePublished":"2023-10-12T10:54:58+00:00","dateModified":"2023-10-12T10:58:58+00:00","mainEntityOfPage":{"@id":"https:\/\/news.canadamotorjobs.com\/fr\/nissan-hyper-adventure-un-vus-electrique-pret-a-prendre-le-champ\/"},"wordCount":482,"publisher":{"@id":"https:\/\/news.canadamotorjobs.com\/#organization"},"image":{"@id":"https:\/\/news.canadamotorjobs.com\/fr\/nissan-hyper-adventure-un-vus-electrique-pret-a-prendre-le-champ\/#primaryimage"},"thumbnailUrl":"https:\/\/annuelauto.ca\/wp-content\/uploads\/2023\/10\/230829_Nissan_Hyper_Adventure_Press_Photo_01-1200x675-1.jpg","articleSection":["Annuel automobile"],"inLanguage":"fr-CA"},{"@type":"WebPage","@id":"https:\/\/news.canadamotorjobs.com\/fr\/nissan-hyper-adventure-un-vus-electrique-pret-a-prendre-le-champ\/","url":"https:\/\/news.canadamotorjobs.com\/fr\/nissan-hyper-adventure-un-vus-electrique-pret-a-prendre-le-champ\/","name":"Nissan Hyper Adventure\u00a0: un VUS \u00e9lectrique pr\u00eat \u00e0 prendre le champ - CanadaMotorJobs.com","isPartOf":{"@id":"https:\/\/news.canadamotorjobs.com\/#website"},"primaryImageOfPage":{"@id":"https:\/\/news.canadamotorjobs.com\/fr\/nissan-hyper-adventure-un-vus-electrique-pret-a-prendre-le-champ\/#primaryimage"},"image":{"@id":"https:\/\/news.canadamotorjobs.com\/fr\/nissan-hyper-adventure-un-vus-electrique-pret-a-prendre-le-champ\/#primaryimage"},"thumbnailUrl":"https:\/\/annuelauto.ca\/wp-content\/uploads\/2023\/10\/230829_Nissan_Hyper_Adventure_Press_Photo_01-1200x675-1.jpg","datePublished":"2023-10-12T10:54:58+00:00","dateModified":"2023-10-12T10:58:58+00:00","description":"Nissan Hyper Adventure\u00a0: un VUS \u00e9lectrique pr\u00eat \u00e0 prendre le champ - Benoit Charette - Annuel automobile - CanadaMotorJobs.com.","breadcrumb":{"@id":"https:\/\/news.canadamotorjobs.com\/fr\/nissan-hyper-adventure-un-vus-electrique-pret-a-prendre-le-champ\/#breadcrumb"},"inLanguage":"fr-CA","potentialAction":[{"@type":"ReadAction","target":["https:\/\/news.canadamotorjobs.com\/fr\/nissan-hyper-adventure-un-vus-electrique-pret-a-prendre-le-champ\/"]}]},{"@type":"ImageObject","inLanguage":"fr-CA","@id":"https:\/\/news.canadamotorjobs.com\/fr\/nissan-hyper-adventure-un-vus-electrique-pret-a-prendre-le-champ\/#primaryimage","url":"https:\/\/annuelauto.ca\/wp-content\/uploads\/2023\/10\/230829_Nissan_Hyper_Adventure_Press_Photo_01-1200x675-1.jpg","contentUrl":"https:\/\/annuelauto.ca\/wp-content\/uploads\/2023\/10\/230829_Nissan_Hyper_Adventure_Press_Photo_01-1200x675-1.jpg"},{"@type":"BreadcrumbList","@id":"https:\/\/news.canadamotorjobs.com\/fr\/nissan-hyper-adventure-un-vus-electrique-pret-a-prendre-le-champ\/#breadcrumb","itemListElement":[{"@type":"ListItem","position":1,"name":"Home","item":"https:\/\/news.canadamotorjobs.com\/fr\/blog\/"},{"@type":"ListItem","position":2,"name":"Nissan Hyper Adventure\u00a0: un VUS \u00e9lectrique pr\u00eat \u00e0 prendre le champ"}]},{"@type":"WebSite","@id":"https:\/\/news.canadamotorjobs.com\/#website","url":"https:\/\/news.canadamotorjobs.com\/","name":"CanadaMotorJobs.com","description":"Automotive Jobs","publisher":{"@id":"https:\/\/news.canadamotorjobs.com\/#organization"},"potentialAction":[{"@type":"SearchAction","target":{"@type":"EntryPoint","urlTemplate":"https:\/\/news.canadamotorjobs.com\/?s={search_term_string}"},"query-input":"required name=search_term_string"}],"inLanguage":"fr-CA"},{"@type":"Organization","@id":"https:\/\/news.canadamotorjobs.com\/#organization","name":"Canada Motor Jobs","url":"https:\/\/news.canadamotorjobs.com\/","logo":{"@type":"ImageObject","inLanguage":"fr-CA","@id":"https:\/\/news.canadamotorjobs.com\/#\/schema\/logo\/image\/","url":"https:\/\/news.canadamotorjobs.com\/wp-content\/uploads\/2022\/10\/logo-canada-motor-jobs-1.png","contentUrl":"https:\/\/news.canadamotorjobs.com\/wp-content\/uploads\/2022\/10\/logo-canada-motor-jobs-1.png","width":800,"height":400,"caption":"Canada Motor Jobs"},"image":{"@id":"https:\/\/news.canadamotorjobs.com\/#\/schema\/logo\/image\/"},"sameAs":["https:\/\/www.facebook.com\/canadamotorjobs\/","https:\/\/x.com\/canadamotorjobs","https:\/\/www.instagram.com\/canadamotorjobs\/","https:\/\/www.linkedin.com\/company\/canadamotorjobs"]},{"@type":"Person","@id":"https:\/\/news.canadamotorjobs.com\/#\/schema\/person\/51793d1f87d44011d7bcc2ed99269a90","name":"Benoit Charette","image":{"@type":"ImageObject","inLanguage":"fr-CA","@id":"https:\/\/news.canadamotorjobs.com\/#\/schema\/person\/image\/","url":"https:\/\/secure.gravatar.com\/avatar\/45f3d2eebcccd909668d7ce7ea7267b6?s=96&d=mm&r=g","contentUrl":"https:\/\/secure.gravatar.com\/avatar\/45f3d2eebcccd909668d7ce7ea7267b6?s=96&d=mm&r=g","caption":"Benoit Charette"},"description":"Benoit Charette \/ Propri\u00e9taire et r\u00e9dacteur en chef Benoit Charette pratique le journalisme automobile depuis bient\u00f4t 30 ans. Il a fait ses classes au c\u00f4t\u00e9 de Daniel H\u00e9raud et au Carnet de route de 1992 \u00e0 2001. Il est fondateur, copropri\u00e9taire et r\u00e9dacteur en chef de L\u2019Annuel de l\u2019automobile, qu\u2019il publie depuis 2001. Il a anim\u00e9 les \u00e9missions RPM et RPM+ sur V et les L\u00e9gendes de la route sur Historia. \u00c0 la radio depuis 1986, il reprend l\u2019antenne cette ann\u00e9e sur les ondes de Cogeco et participe pour la deuxi\u00e8me ann\u00e9e \u00e0 l\u2019\u00e9mission Passion Auto sur RDS en plus de mettre en ligne le site Web officiel de L\u2019Annuel de l\u2019automobile sur annuelauto.ca.","sameAs":["https:\/\/annuelauto.ca\/"],"url":"https:\/\/news.canadamotorjobs.com\/fr\/author\/benoit-charette\/"}]}},"_links":{"self":[{"href":"https:\/\/news.canadamotorjobs.com\/fr\/wp-json\/wp\/v2\/posts\/152396"}],"collection":[{"href":"https:\/\/news.canadamotorjobs.com\/fr\/wp-json\/wp\/v2\/posts"}],"about":[{"href":"https:\/\/news.canadamotorjobs.com\/fr\/wp-json\/wp\/v2\/types\/post"}],"author":[{"embeddable":true,"href":"https:\/\/news.canadamotorjobs.com\/fr\/wp-json\/wp\/v2\/users\/8"}],"replies":[{"embeddable":true,"href":"https:\/\/news.canadamotorjobs.com\/fr\/wp-json\/wp\/v2\/comments?post=152396"}],"version-history":[{"count":1,"href":"https:\/\/news.canadamotorjobs.com\/fr\/wp-json\/wp\/v2\/posts\/152396\/revisions"}],"predecessor-version":[{"id":152397,"href":"https:\/\/news.canadamotorjobs.com\/fr\/wp-json\/wp\/v2\/posts\/152396\/revisions\/152397"}],"wp:attachment":[{"href":"https:\/\/news.canadamotorjobs.com\/fr\/wp-json\/wp\/v2\/media?parent=152396"}],"wp:term":[{"taxonomy":"category","embeddable":true,"href":"https:\/\/news.canadamotorjobs.com\/fr\/wp-json\/wp\/v2\/categories?post=152396"},{"taxonomy":"post_tag","embeddable":true,"href":"https:\/\/news.canadamotorjobs.com\/fr\/wp-json\/wp\/v2\/tags?post=152396"}],"curies":[{"name":"wp","href":"https:\/\/api.w.org\/{rel}","templated":true}]}}