{"id":152393,"date":"2023-10-11T10:48:54","date_gmt":"2023-10-11T14:48:54","guid":{"rendered":"https:\/\/news.canadamotorjobs.com\/?p=152393"},"modified":"2023-10-11T11:01:16","modified_gmt":"2023-10-11T15:01:16","slug":"ford-demande-un-brevet-pour-les-sieges-pivotants-du-futur","status":"publish","type":"post","link":"https:\/\/news.canadamotorjobs.com\/fr\/ford-demande-un-brevet-pour-les-sieges-pivotants-du-futur\/","title":{"rendered":"Ford demande un brevet pour les si\u00e8ges pivotants du futur"},"content":{"rendered":"<p><img loading=\"lazy\" decoding=\"async\" width=\"1920\" height=\"1080\" src=\"https:\/\/annuelauto.ca\/wp-content\/uploads\/2023\/10\/ford-in-bed-seating-patent-image_100898539.jpg\" class=\"attachment-post-thumbnail size-post-thumbnail wp-post-image\" alt=\"\" \/><\/p>\n<p>Le bureau am\u00e9ricain des brevets (USPTO) vient de publier des demandes de brevets d\u00e9pos\u00e9es par Ford pour des si\u00e8ges pivotants qui pourraient se trouver un jour \u00e0 bord des VUS \u00e9lectriques de la marque.<\/p>\n<p>\u00c9videmment, il faut toujours prendre les demandes de brevets avec un grain de sel. \u00c7a ne se traduit pas toujours par des applications commerciales concr\u00e8tes. Mais on voit dans les documents d\u00e9pos\u00e9s par Ford aupr\u00e8s du bureau des brevets que l\u2019id\u00e9e d\u2019installer des si\u00e8ges pivotants dans un v\u00e9hicule monospace de type \u00abgros VUS\u00bb permettrait de profiter de l\u2019espace accru dont on h\u00e9rite \u00e0 bord quand on \u00e9change une motorisation \u00e0 essence pour une motorisation \u00e9lectrique.<\/p>\n<p>En gros, ce que Ford propose, c\u2019est de repenser la fa\u00e7on dont on Installe les si\u00e8ges dans un v\u00e9hicule \u00e0 sept passagers. Par exemple, plut\u00f4t que d\u2019avoir des rang\u00e9es de si\u00e8ges, Ford pense qu\u2019on pourrait installer le si\u00e8ge du conducteur et le si\u00e8ge derri\u00e8re lui sur un seul et m\u00eame rail, et qu\u2019on pourrait faire la m\u00eame chose avec le si\u00e8ge passager et le si\u00e8ge derri\u00e8re lui.<\/p>\n<p>Cela permettrait d\u2019avancer et de reculer les si\u00e8ges sur une bien plus grande distance que ce qu\u2019on peut faire en ce moment \u00e0 bord des v\u00e9hicules actuellement sur la route. En fait, on pourrait m\u00eame faire pivoter les si\u00e8ges \u00e0 180 degr\u00e9s pour que les occupants de l\u2019avant et de l\u2019arri\u00e8re du v\u00e9hicule puissent se faire faire.<\/p>\n<p>Les si\u00e8ges centraux du v\u00e9hicule pourraient aussi pivoter \u00e0 90 degr\u00e9s, soit vers l\u2019ext\u00e9rieur, pour faciliter l\u2019acc\u00e8s par une personne qui souffre d\u2019un handicap ou m\u00eame pour un jeune enfant. Ce serait aussi pas mal plus facile d\u2019installer un si\u00e8ge pour enfant sur une banquette qui se retourne pleinement face \u00e0 la porti\u00e8re arri\u00e8re.<\/p>\n<p>On pourrait aussi coller un peu plus les si\u00e8ges du c\u00f4t\u00e9 passager pour maximiser l\u2019espace pour les jambes d\u2019un seul occupant, qu\u2019il soit compl\u00e8tement \u00e0 l\u2019avant ou compl\u00e8tement \u00e0 l\u2019arri\u00e8re du v\u00e9hicule.<\/p>\n<p>Bref, l\u2019habitacle pourrait \u00eatre pas mal mieux pens\u00e9 si on pouvait bouger un peu les si\u00e8ges qui sont \u00e0 bord. Ou m\u00eame d\u2019autres accessoires\u00a0: Ford a aussi demand\u00e9 un brevet pour un volant et une colonne de direction amovibles, chose qu\u2019on verrait mal dans la vraie vie, mais qui sera envisageable un jour, si la voiture autonomie devient r\u00e9alit\u00e9.<\/p>\n<p>Entre temps, on verra bient\u00f4t si Ford compte s\u2019inspirer de tout \u00e7a\u00a0: son premier gros VUS tout \u00e9lectrique est attendu au plus tard en 2025\u2026<\/p>\n<p>\u00a0<\/p>\n<p>Le texte <a rel=\"nofollow\" href=\"https:\/\/annuelauto.ca\/ford-demande-un-brevet-pour-les-sieges-pivotants-du-futur\/\">Ford demande un brevet pour les si\u00e8ges pivotants du futur<\/a> provient de <a rel=\"nofollow\" href=\"https:\/\/annuelauto.ca\">L&#8217;annuel de l&#8217;automobile &#8211; Actualit\u00e9 automobile<\/a><\/p>\n<p><\/p>\n","protected":false},"excerpt":{"rendered":"<p>Le bureau am\u00e9ricain des brevets (USPTO) vient de publier des demandes de brevets d\u00e9pos\u00e9es par Ford pour des si\u00e8ges pivotants qui pourraient se trouver un jour \u00e0 bord des VUS \u00e9lectriques de la marque. \u00c9videmment, il faut toujours prendre les demandes de brevets avec un grain de sel. \u00c7a ne se traduit pas toujours par [&hellip;]<\/p>\n","protected":false},"author":8,"featured_media":0,"comment_status":"close","ping_status":"closed","sticky":false,"template":"","format":"standard","meta":{"_monsterinsights_skip_tracking":false,"_monsterinsights_sitenote_active":false,"_monsterinsights_sitenote_note":"","_monsterinsights_sitenote_category":0,"footnotes":""},"categories":[101],"tags":[],"yoast_head":"<!-- This site is optimized with the Yoast SEO plugin v23.2 - https:\/\/yoast.com\/wordpress\/plugins\/seo\/ -->\n<title>Ford demande un brevet pour les si\u00e8ges pivotants du futur - CanadaMotorJobs.com<\/title>\n<meta name=\"description\" content=\"Ford demande un brevet pour les si\u00e8ges pivotants du futur - Benoit Charette - Annuel automobile - CanadaMotorJobs.com.\" \/>\n<meta name=\"robots\" content=\"index, follow, max-snippet:-1, max-image-preview:large, max-video-preview:-1\" \/>\n<meta property=\"og:locale\" content=\"fr_CA\" \/>\n<meta property=\"og:type\" content=\"article\" \/>\n<meta property=\"og:title\" content=\"Ford demande un brevet pour les si\u00e8ges pivotants du futur - CanadaMotorJobs.com\" \/>\n<meta property=\"og:description\" content=\"Ford demande un brevet pour les si\u00e8ges pivotants du futur - Benoit Charette - Annuel automobile - CanadaMotorJobs.com.\" \/>\n<meta property=\"og:url\" content=\"https:\/\/news.canadamotorjobs.com\/fr\/ford-demande-un-brevet-pour-les-sieges-pivotants-du-futur\/\" \/>\n<meta property=\"og:site_name\" content=\"CanadaMotorJobs.com\" \/>\n<meta property=\"article:publisher\" content=\"https:\/\/www.facebook.com\/canadamotorjobs\/\" \/>\n<meta property=\"article:published_time\" content=\"2023-10-11T14:48:54+00:00\" \/>\n<meta property=\"article:modified_time\" content=\"2023-10-11T15:01:16+00:00\" \/>\n<meta property=\"og:image\" content=\"https:\/\/annuelauto.ca\/wp-content\/uploads\/2023\/10\/ford-in-bed-seating-patent-image_100898539.jpg\" \/>\n<meta name=\"author\" content=\"Benoit Charette\" \/>\n<meta name=\"twitter:card\" content=\"summary_large_image\" \/>\n<meta name=\"twitter:creator\" content=\"@canadamotorjobs\" \/>\n<meta name=\"twitter:site\" content=\"@canadamotorjobs\" \/>\n<meta name=\"twitter:label1\" content=\"\u00c9crit par\" \/>\n\t<meta name=\"twitter:data1\" content=\"Benoit Charette\" \/>\n\t<meta name=\"twitter:label2\" content=\"Estimation du temps de lecture\" \/>\n\t<meta name=\"twitter:data2\" content=\"2 minutes\" \/>\n<!-- \/ Yoast SEO plugin. -->","yoast_head_json":{"title":"Ford demande un brevet pour les si\u00e8ges pivotants du futur - CanadaMotorJobs.com","description":"Ford demande un brevet pour les si\u00e8ges pivotants du futur - Benoit Charette - Annuel automobile - CanadaMotorJobs.com.","robots":{"index":"index","follow":"follow","max-snippet":"max-snippet:-1","max-image-preview":"max-image-preview:large","max-video-preview":"max-video-preview:-1"},"og_locale":"fr_CA","og_type":"article","og_title":"Ford demande un brevet pour les si\u00e8ges pivotants du futur - CanadaMotorJobs.com","og_description":"Ford demande un brevet pour les si\u00e8ges pivotants du futur - Benoit Charette - Annuel automobile - CanadaMotorJobs.com.","og_url":"https:\/\/news.canadamotorjobs.com\/fr\/ford-demande-un-brevet-pour-les-sieges-pivotants-du-futur\/","og_site_name":"CanadaMotorJobs.com","article_publisher":"https:\/\/www.facebook.com\/canadamotorjobs\/","article_published_time":"2023-10-11T14:48:54+00:00","article_modified_time":"2023-10-11T15:01:16+00:00","og_image":[{"url":"https:\/\/annuelauto.ca\/wp-content\/uploads\/2023\/10\/ford-in-bed-seating-patent-image_100898539.jpg"}],"author":"Benoit Charette","twitter_card":"summary_large_image","twitter_creator":"@canadamotorjobs","twitter_site":"@canadamotorjobs","twitter_misc":{"\u00c9crit par":"Benoit Charette","Estimation du temps de lecture":"2 minutes"},"schema":{"@context":"https:\/\/schema.org","@graph":[{"@type":"Article","@id":"https:\/\/news.canadamotorjobs.com\/fr\/ford-demande-un-brevet-pour-les-sieges-pivotants-du-futur\/#article","isPartOf":{"@id":"https:\/\/news.canadamotorjobs.com\/fr\/ford-demande-un-brevet-pour-les-sieges-pivotants-du-futur\/"},"author":{"name":"Benoit Charette","@id":"https:\/\/news.canadamotorjobs.com\/#\/schema\/person\/51793d1f87d44011d7bcc2ed99269a90"},"headline":"Ford demande un brevet pour les si\u00e8ges pivotants du futur","datePublished":"2023-10-11T14:48:54+00:00","dateModified":"2023-10-11T15:01:16+00:00","mainEntityOfPage":{"@id":"https:\/\/news.canadamotorjobs.com\/fr\/ford-demande-un-brevet-pour-les-sieges-pivotants-du-futur\/"},"wordCount":499,"publisher":{"@id":"https:\/\/news.canadamotorjobs.com\/#organization"},"image":{"@id":"https:\/\/news.canadamotorjobs.com\/fr\/ford-demande-un-brevet-pour-les-sieges-pivotants-du-futur\/#primaryimage"},"thumbnailUrl":"https:\/\/annuelauto.ca\/wp-content\/uploads\/2023\/10\/ford-in-bed-seating-patent-image_100898539.jpg","articleSection":["Annuel automobile"],"inLanguage":"fr-CA"},{"@type":"WebPage","@id":"https:\/\/news.canadamotorjobs.com\/fr\/ford-demande-un-brevet-pour-les-sieges-pivotants-du-futur\/","url":"https:\/\/news.canadamotorjobs.com\/fr\/ford-demande-un-brevet-pour-les-sieges-pivotants-du-futur\/","name":"Ford demande un brevet pour les si\u00e8ges pivotants du futur - CanadaMotorJobs.com","isPartOf":{"@id":"https:\/\/news.canadamotorjobs.com\/#website"},"primaryImageOfPage":{"@id":"https:\/\/news.canadamotorjobs.com\/fr\/ford-demande-un-brevet-pour-les-sieges-pivotants-du-futur\/#primaryimage"},"image":{"@id":"https:\/\/news.canadamotorjobs.com\/fr\/ford-demande-un-brevet-pour-les-sieges-pivotants-du-futur\/#primaryimage"},"thumbnailUrl":"https:\/\/annuelauto.ca\/wp-content\/uploads\/2023\/10\/ford-in-bed-seating-patent-image_100898539.jpg","datePublished":"2023-10-11T14:48:54+00:00","dateModified":"2023-10-11T15:01:16+00:00","description":"Ford demande un brevet pour les si\u00e8ges pivotants du futur - Benoit Charette - Annuel automobile - CanadaMotorJobs.com.","breadcrumb":{"@id":"https:\/\/news.canadamotorjobs.com\/fr\/ford-demande-un-brevet-pour-les-sieges-pivotants-du-futur\/#breadcrumb"},"inLanguage":"fr-CA","potentialAction":[{"@type":"ReadAction","target":["https:\/\/news.canadamotorjobs.com\/fr\/ford-demande-un-brevet-pour-les-sieges-pivotants-du-futur\/"]}]},{"@type":"ImageObject","inLanguage":"fr-CA","@id":"https:\/\/news.canadamotorjobs.com\/fr\/ford-demande-un-brevet-pour-les-sieges-pivotants-du-futur\/#primaryimage","url":"https:\/\/annuelauto.ca\/wp-content\/uploads\/2023\/10\/ford-in-bed-seating-patent-image_100898539.jpg","contentUrl":"https:\/\/annuelauto.ca\/wp-content\/uploads\/2023\/10\/ford-in-bed-seating-patent-image_100898539.jpg"},{"@type":"BreadcrumbList","@id":"https:\/\/news.canadamotorjobs.com\/fr\/ford-demande-un-brevet-pour-les-sieges-pivotants-du-futur\/#breadcrumb","itemListElement":[{"@type":"ListItem","position":1,"name":"Home","item":"https:\/\/news.canadamotorjobs.com\/fr\/blog\/"},{"@type":"ListItem","position":2,"name":"Ford demande un brevet pour les si\u00e8ges pivotants du futur"}]},{"@type":"WebSite","@id":"https:\/\/news.canadamotorjobs.com\/#website","url":"https:\/\/news.canadamotorjobs.com\/","name":"CanadaMotorJobs.com","description":"Automotive Jobs","publisher":{"@id":"https:\/\/news.canadamotorjobs.com\/#organization"},"potentialAction":[{"@type":"SearchAction","target":{"@type":"EntryPoint","urlTemplate":"https:\/\/news.canadamotorjobs.com\/?s={search_term_string}"},"query-input":"required name=search_term_string"}],"inLanguage":"fr-CA"},{"@type":"Organization","@id":"https:\/\/news.canadamotorjobs.com\/#organization","name":"Canada Motor Jobs","url":"https:\/\/news.canadamotorjobs.com\/","logo":{"@type":"ImageObject","inLanguage":"fr-CA","@id":"https:\/\/news.canadamotorjobs.com\/#\/schema\/logo\/image\/","url":"https:\/\/news.canadamotorjobs.com\/wp-content\/uploads\/2022\/10\/logo-canada-motor-jobs-1.png","contentUrl":"https:\/\/news.canadamotorjobs.com\/wp-content\/uploads\/2022\/10\/logo-canada-motor-jobs-1.png","width":800,"height":400,"caption":"Canada Motor Jobs"},"image":{"@id":"https:\/\/news.canadamotorjobs.com\/#\/schema\/logo\/image\/"},"sameAs":["https:\/\/www.facebook.com\/canadamotorjobs\/","https:\/\/x.com\/canadamotorjobs","https:\/\/www.instagram.com\/canadamotorjobs\/","https:\/\/www.linkedin.com\/company\/canadamotorjobs"]},{"@type":"Person","@id":"https:\/\/news.canadamotorjobs.com\/#\/schema\/person\/51793d1f87d44011d7bcc2ed99269a90","name":"Benoit Charette","image":{"@type":"ImageObject","inLanguage":"fr-CA","@id":"https:\/\/news.canadamotorjobs.com\/#\/schema\/person\/image\/","url":"https:\/\/secure.gravatar.com\/avatar\/45f3d2eebcccd909668d7ce7ea7267b6?s=96&d=mm&r=g","contentUrl":"https:\/\/secure.gravatar.com\/avatar\/45f3d2eebcccd909668d7ce7ea7267b6?s=96&d=mm&r=g","caption":"Benoit Charette"},"description":"Benoit Charette \/ Propri\u00e9taire et r\u00e9dacteur en chef Benoit Charette pratique le journalisme automobile depuis bient\u00f4t 30 ans. Il a fait ses classes au c\u00f4t\u00e9 de Daniel H\u00e9raud et au Carnet de route de 1992 \u00e0 2001. Il est fondateur, copropri\u00e9taire et r\u00e9dacteur en chef de L\u2019Annuel de l\u2019automobile, qu\u2019il publie depuis 2001. Il a anim\u00e9 les \u00e9missions RPM et RPM+ sur V et les L\u00e9gendes de la route sur Historia. \u00c0 la radio depuis 1986, il reprend l\u2019antenne cette ann\u00e9e sur les ondes de Cogeco et participe pour la deuxi\u00e8me ann\u00e9e \u00e0 l\u2019\u00e9mission Passion Auto sur RDS en plus de mettre en ligne le site Web officiel de L\u2019Annuel de l\u2019automobile sur annuelauto.ca.","sameAs":["https:\/\/annuelauto.ca\/"],"url":"https:\/\/news.canadamotorjobs.com\/fr\/author\/benoit-charette\/"}]}},"_links":{"self":[{"href":"https:\/\/news.canadamotorjobs.com\/fr\/wp-json\/wp\/v2\/posts\/152393"}],"collection":[{"href":"https:\/\/news.canadamotorjobs.com\/fr\/wp-json\/wp\/v2\/posts"}],"about":[{"href":"https:\/\/news.canadamotorjobs.com\/fr\/wp-json\/wp\/v2\/types\/post"}],"author":[{"embeddable":true,"href":"https:\/\/news.canadamotorjobs.com\/fr\/wp-json\/wp\/v2\/users\/8"}],"replies":[{"embeddable":true,"href":"https:\/\/news.canadamotorjobs.com\/fr\/wp-json\/wp\/v2\/comments?post=152393"}],"version-history":[{"count":1,"href":"https:\/\/news.canadamotorjobs.com\/fr\/wp-json\/wp\/v2\/posts\/152393\/revisions"}],"predecessor-version":[{"id":152394,"href":"https:\/\/news.canadamotorjobs.com\/fr\/wp-json\/wp\/v2\/posts\/152393\/revisions\/152394"}],"wp:attachment":[{"href":"https:\/\/news.canadamotorjobs.com\/fr\/wp-json\/wp\/v2\/media?parent=152393"}],"wp:term":[{"taxonomy":"category","embeddable":true,"href":"https:\/\/news.canadamotorjobs.com\/fr\/wp-json\/wp\/v2\/categories?post=152393"},{"taxonomy":"post_tag","embeddable":true,"href":"https:\/\/news.canadamotorjobs.com\/fr\/wp-json\/wp\/v2\/tags?post=152393"}],"curies":[{"name":"wp","href":"https:\/\/api.w.org\/{rel}","templated":true}]}}