{"id":152389,"date":"2023-10-11T07:37:24","date_gmt":"2023-10-11T11:37:24","guid":{"rendered":"https:\/\/news.canadamotorjobs.com\/?p=152389"},"modified":"2023-10-11T07:47:32","modified_gmt":"2023-10-11T11:47:32","slug":"voici-le-nouveau-bmw-x2-2024","status":"publish","type":"post","link":"https:\/\/news.canadamotorjobs.com\/fr\/voici-le-nouveau-bmw-x2-2024\/","title":{"rendered":"Voici le nouveau BMW X2 2024"},"content":{"rendered":"<p><img loading=\"lazy\" decoding=\"async\" width=\"1199\" height=\"800\" src=\"https:\/\/annuelauto.ca\/wp-content\/uploads\/2023\/10\/P90525151_highRes_the-all-new-bmw-x2-m.jpg\" class=\"attachment-post-thumbnail size-post-thumbnail wp-post-image\" alt=\"\" \/><\/p>\n<p>Cette nouvelle venue offre un style de carrosserie de type coup\u00e9 qui pr\u00e9sente quelques indices sportifs appliqu\u00e9s \u00e0 une carrosserie qui a grandi dans toutes les directions par rapport au mod\u00e8le sortant. En revanche, la variante iX2, enti\u00e8rement \u00e9lectrique, ne sera pas commercialis\u00e9e chez nous.<\/p>\n<h3>On vise un plus large public<\/h3>\n<p>\nComme son pr\u00e9d\u00e9cesseur, le BMW X2 emprunte ses bases \u00e0 son fr\u00e8re X1. On jour toujours la carte du fr\u00e8re sportif. En l&#8217;absence d&#8217;une v\u00e9ritable variante M, il existe une version M35i qui apportera une certaine cr\u00e9dibilit\u00e9 au style plus sportif. La toute nouvelle BMW X2 2024 sera disponible en deux versions. Le X2 xDrive28i de s\u00e9rie est \u00e9quip\u00e9 du m\u00eame moteur quatre cylindres de 2,0 litres que celui du X1. Il d\u00e9veloppe 241 chevaux et 295 lb-pi de couple. La puissance est transmise aux quatre roues par l&#8217;interm\u00e9diaire d&#8217;une bo\u00eete de vitesses DCT \u00e0 7 rapports. C&#8217;est avec le X2 M35i xDrive que les choses se corsent. Le 4 cylindres turbo de 2 litres produit dans cette version 312 chevaux et 295 lb-pi de couple. C&#8217;est suffisant pour que le X2 M35i passe de l&#8217;arr\u00eat \u00e0 100 km\/h en 5,5 secondes.<\/p>\n<h3>Miser sur la tenue de route<\/h3>\n<p>\nLes deux variantes du X2, le xDrive28i et le M35i, sont dot\u00e9es d&#8217;un diff\u00e9rentiel m\u00e9canique \u00e0 glissement limit\u00e9 pour les roues avant &#8211; une caract\u00e9ristique que l&#8217;on ne trouve que sur la version M35i du X1. Ainsi, m\u00eame si vous vous contentez du mod\u00e8le de base, vous devriez, en th\u00e9orie, disposer d&#8217;une caract\u00e9ristique sportive qui surpasse le X1. Le X2 2024 mesure 455,4 cm de long, avec une largeur de 184,4 cm et une hauteur de 159 cm. L&#8217;empattement de 269,2 cm et la voie de 158,2 cm du X2 sont identiques \u00e0 ceux du X1. En revanche, en termes de masse, le &#8220;coup\u00e9 sport&#8221; est un peu plus lourd que le VUS, puisqu&#8217;il p\u00e8se 1 725 kg pour le xDrive28i (1 742 kg pour le X2 M35i), soit 40,8 kg de plus que le X1 xDrive28i.<\/p>\n<h3>C\u2019est le style qui tranche<\/h3>\n<p>\nVisuellement, il est impossible de confondre le X2 avec le X1. La carrosserie est plus petite, le pare-brise plus inclin\u00e9 et la ceinture de caisse plus haute. L&#8217;arri\u00e8re se termine \u00e0 la mani\u00e8re d&#8217;un X6 &#8211; plus proche d&#8217;un coup\u00e9 que l&#8217;approche \u00ab station-wagon\u00bb sur pilotis du mod\u00e8le pr\u00e9c\u00e9dent, qui \u00e9tait juste un peu floue dans son ex\u00e9cution. Ceux qui veulent se d\u00e9marquer encore plus peuvent opter pour des jantes en alliage l\u00e9ger de 21 pouces, pour la premi\u00e8re fois sur une compacte BMW. \u00a0Onze couleurs ext\u00e9rieures seront propos\u00e9es d\u00e8s le lancement, dont un nouveau rouge Vegas m\u00e9tallis\u00e9. Deux autres teintes &#8220;gel\u00e9es&#8221; sont \u00e9galement disponibles aupr\u00e8s de BMW Individual, et d&#8217;autres finitions sp\u00e9ciales sont promises<\/p>\n<h3>Int\u00e9rieur familier<\/h3>\n<p>\nL&#8217;int\u00e9rieur du X2 emprunte beaucoup au X1, ce qui n&#8217;est pas une mauvaise chose. Les deux sont presque identiques, avec un \u00e9cran incurv\u00e9 orient\u00e9 vers le conducteur et une console flottante qui comporte une s\u00e9lection de commandes pour le syst\u00e8me d&#8217;infodivertissement. Le X2 utilise le syst\u00e8me d&#8217;exploitation 9 de BMW, qui pr\u00e9sente une structure de menu semblable \u00e0 celle d&#8217;un t\u00e9l\u00e9phone et des raccourcis con\u00e7us pour faciliter l&#8217;interaction avec le syst\u00e8me. Le X2 est \u00e9galement compatible avec Apple CarPlay et Android Auto. \u00a0Les si\u00e8ges sont uniques au X2, avec une attention particuli\u00e8re port\u00e9e au confort sur les longs trajets. Le soutien lat\u00e9ral est am\u00e9lior\u00e9 de s\u00e9rie, tandis que les si\u00e8ges sport en option offrent un r\u00e9glage encore plus pr\u00e9cis et davantage de renforts. Une gamme de mat\u00e9riaux de si\u00e8ges exempts de substances animales est \u00e9galement propos\u00e9e de s\u00e9rie.<\/p>\n<h3>En vente en mars 2024<\/h3>\n<p>\nLes BMW X2 et iX2 de deuxi\u00e8me g\u00e9n\u00e9ration seront pr\u00e9sent\u00e9es au public lors du Japan Mobility Show \u00e0 Tokyo (anciennement Tokyo Motor Show) le 26 octobre 2023. Les livraisons dans les concessions d\u00e9buteront en mars 2024.<\/p>\n<p>Le texte <a rel=\"nofollow\" href=\"https:\/\/annuelauto.ca\/voici-la-nouvelle-bmw-x2-2024\/\">Voici le nouveau BMW X2 2024<\/a> provient de <a rel=\"nofollow\" href=\"https:\/\/annuelauto.ca\">L&#8217;annuel de l&#8217;automobile &#8211; Actualit\u00e9 automobile<\/a><\/p>\n<p><\/p>\n","protected":false},"excerpt":{"rendered":"<p>Cette nouvelle venue offre un style de carrosserie de type coup\u00e9 qui pr\u00e9sente quelques indices sportifs appliqu\u00e9s \u00e0 une carrosserie qui a grandi dans toutes les directions par rapport au mod\u00e8le sortant. En revanche, la variante iX2, enti\u00e8rement \u00e9lectrique, ne sera pas commercialis\u00e9e chez nous. On vise un plus large public Comme son pr\u00e9d\u00e9cesseur, le [&hellip;]<\/p>\n","protected":false},"author":8,"featured_media":0,"comment_status":"close","ping_status":"closed","sticky":false,"template":"","format":"standard","meta":{"_monsterinsights_skip_tracking":false,"_monsterinsights_sitenote_active":false,"_monsterinsights_sitenote_note":"","_monsterinsights_sitenote_category":0,"footnotes":""},"categories":[101],"tags":[],"yoast_head":"<!-- This site is optimized with the Yoast SEO plugin v23.2 - https:\/\/yoast.com\/wordpress\/plugins\/seo\/ -->\n<title>Voici le nouveau BMW X2 2024 - CanadaMotorJobs.com<\/title>\n<meta name=\"description\" content=\"Voici le nouveau BMW X2 2024 - Benoit Charette - Annuel automobile - CanadaMotorJobs.com.\" \/>\n<meta name=\"robots\" content=\"index, follow, max-snippet:-1, max-image-preview:large, max-video-preview:-1\" \/>\n<meta property=\"og:locale\" content=\"fr_CA\" \/>\n<meta property=\"og:type\" content=\"article\" \/>\n<meta property=\"og:title\" content=\"Voici le nouveau BMW X2 2024 - CanadaMotorJobs.com\" \/>\n<meta property=\"og:description\" content=\"Voici le nouveau BMW X2 2024 - Benoit Charette - Annuel automobile - CanadaMotorJobs.com.\" \/>\n<meta property=\"og:url\" content=\"https:\/\/news.canadamotorjobs.com\/fr\/voici-le-nouveau-bmw-x2-2024\/\" \/>\n<meta property=\"og:site_name\" content=\"CanadaMotorJobs.com\" \/>\n<meta property=\"article:publisher\" content=\"https:\/\/www.facebook.com\/canadamotorjobs\/\" \/>\n<meta property=\"article:published_time\" content=\"2023-10-11T11:37:24+00:00\" \/>\n<meta property=\"article:modified_time\" content=\"2023-10-11T11:47:32+00:00\" \/>\n<meta property=\"og:image\" content=\"https:\/\/annuelauto.ca\/wp-content\/uploads\/2023\/10\/P90525151_highRes_the-all-new-bmw-x2-m.jpg\" \/>\n<meta name=\"author\" content=\"Benoit Charette\" \/>\n<meta name=\"twitter:card\" content=\"summary_large_image\" \/>\n<meta name=\"twitter:creator\" content=\"@canadamotorjobs\" \/>\n<meta name=\"twitter:site\" content=\"@canadamotorjobs\" \/>\n<meta name=\"twitter:label1\" content=\"\u00c9crit par\" \/>\n\t<meta name=\"twitter:data1\" content=\"Benoit Charette\" \/>\n\t<meta name=\"twitter:label2\" content=\"Estimation du temps de lecture\" \/>\n\t<meta name=\"twitter:data2\" content=\"3 minutes\" \/>\n<!-- \/ Yoast SEO plugin. -->","yoast_head_json":{"title":"Voici le nouveau BMW X2 2024 - CanadaMotorJobs.com","description":"Voici le nouveau BMW X2 2024 - Benoit Charette - Annuel automobile - CanadaMotorJobs.com.","robots":{"index":"index","follow":"follow","max-snippet":"max-snippet:-1","max-image-preview":"max-image-preview:large","max-video-preview":"max-video-preview:-1"},"og_locale":"fr_CA","og_type":"article","og_title":"Voici le nouveau BMW X2 2024 - CanadaMotorJobs.com","og_description":"Voici le nouveau BMW X2 2024 - Benoit Charette - Annuel automobile - CanadaMotorJobs.com.","og_url":"https:\/\/news.canadamotorjobs.com\/fr\/voici-le-nouveau-bmw-x2-2024\/","og_site_name":"CanadaMotorJobs.com","article_publisher":"https:\/\/www.facebook.com\/canadamotorjobs\/","article_published_time":"2023-10-11T11:37:24+00:00","article_modified_time":"2023-10-11T11:47:32+00:00","og_image":[{"url":"https:\/\/annuelauto.ca\/wp-content\/uploads\/2023\/10\/P90525151_highRes_the-all-new-bmw-x2-m.jpg"}],"author":"Benoit Charette","twitter_card":"summary_large_image","twitter_creator":"@canadamotorjobs","twitter_site":"@canadamotorjobs","twitter_misc":{"\u00c9crit par":"Benoit Charette","Estimation du temps de lecture":"3 minutes"},"schema":{"@context":"https:\/\/schema.org","@graph":[{"@type":"Article","@id":"https:\/\/news.canadamotorjobs.com\/fr\/voici-le-nouveau-bmw-x2-2024\/#article","isPartOf":{"@id":"https:\/\/news.canadamotorjobs.com\/fr\/voici-le-nouveau-bmw-x2-2024\/"},"author":{"name":"Benoit Charette","@id":"https:\/\/news.canadamotorjobs.com\/#\/schema\/person\/51793d1f87d44011d7bcc2ed99269a90"},"headline":"Voici le nouveau BMW X2 2024","datePublished":"2023-10-11T11:37:24+00:00","dateModified":"2023-10-11T11:47:32+00:00","mainEntityOfPage":{"@id":"https:\/\/news.canadamotorjobs.com\/fr\/voici-le-nouveau-bmw-x2-2024\/"},"wordCount":727,"publisher":{"@id":"https:\/\/news.canadamotorjobs.com\/#organization"},"image":{"@id":"https:\/\/news.canadamotorjobs.com\/fr\/voici-le-nouveau-bmw-x2-2024\/#primaryimage"},"thumbnailUrl":"https:\/\/annuelauto.ca\/wp-content\/uploads\/2023\/10\/P90525151_highRes_the-all-new-bmw-x2-m.jpg","articleSection":["Annuel automobile"],"inLanguage":"fr-CA"},{"@type":"WebPage","@id":"https:\/\/news.canadamotorjobs.com\/fr\/voici-le-nouveau-bmw-x2-2024\/","url":"https:\/\/news.canadamotorjobs.com\/fr\/voici-le-nouveau-bmw-x2-2024\/","name":"Voici le nouveau BMW X2 2024 - CanadaMotorJobs.com","isPartOf":{"@id":"https:\/\/news.canadamotorjobs.com\/#website"},"primaryImageOfPage":{"@id":"https:\/\/news.canadamotorjobs.com\/fr\/voici-le-nouveau-bmw-x2-2024\/#primaryimage"},"image":{"@id":"https:\/\/news.canadamotorjobs.com\/fr\/voici-le-nouveau-bmw-x2-2024\/#primaryimage"},"thumbnailUrl":"https:\/\/annuelauto.ca\/wp-content\/uploads\/2023\/10\/P90525151_highRes_the-all-new-bmw-x2-m.jpg","datePublished":"2023-10-11T11:37:24+00:00","dateModified":"2023-10-11T11:47:32+00:00","description":"Voici le nouveau BMW X2 2024 - Benoit Charette - Annuel automobile - CanadaMotorJobs.com.","breadcrumb":{"@id":"https:\/\/news.canadamotorjobs.com\/fr\/voici-le-nouveau-bmw-x2-2024\/#breadcrumb"},"inLanguage":"fr-CA","potentialAction":[{"@type":"ReadAction","target":["https:\/\/news.canadamotorjobs.com\/fr\/voici-le-nouveau-bmw-x2-2024\/"]}]},{"@type":"ImageObject","inLanguage":"fr-CA","@id":"https:\/\/news.canadamotorjobs.com\/fr\/voici-le-nouveau-bmw-x2-2024\/#primaryimage","url":"https:\/\/annuelauto.ca\/wp-content\/uploads\/2023\/10\/P90525151_highRes_the-all-new-bmw-x2-m.jpg","contentUrl":"https:\/\/annuelauto.ca\/wp-content\/uploads\/2023\/10\/P90525151_highRes_the-all-new-bmw-x2-m.jpg"},{"@type":"BreadcrumbList","@id":"https:\/\/news.canadamotorjobs.com\/fr\/voici-le-nouveau-bmw-x2-2024\/#breadcrumb","itemListElement":[{"@type":"ListItem","position":1,"name":"Home","item":"https:\/\/news.canadamotorjobs.com\/fr\/blog\/"},{"@type":"ListItem","position":2,"name":"Voici le nouveau BMW X2 2024"}]},{"@type":"WebSite","@id":"https:\/\/news.canadamotorjobs.com\/#website","url":"https:\/\/news.canadamotorjobs.com\/","name":"CanadaMotorJobs.com","description":"Automotive Jobs","publisher":{"@id":"https:\/\/news.canadamotorjobs.com\/#organization"},"potentialAction":[{"@type":"SearchAction","target":{"@type":"EntryPoint","urlTemplate":"https:\/\/news.canadamotorjobs.com\/?s={search_term_string}"},"query-input":"required name=search_term_string"}],"inLanguage":"fr-CA"},{"@type":"Organization","@id":"https:\/\/news.canadamotorjobs.com\/#organization","name":"Canada Motor Jobs","url":"https:\/\/news.canadamotorjobs.com\/","logo":{"@type":"ImageObject","inLanguage":"fr-CA","@id":"https:\/\/news.canadamotorjobs.com\/#\/schema\/logo\/image\/","url":"https:\/\/news.canadamotorjobs.com\/wp-content\/uploads\/2022\/10\/logo-canada-motor-jobs-1.png","contentUrl":"https:\/\/news.canadamotorjobs.com\/wp-content\/uploads\/2022\/10\/logo-canada-motor-jobs-1.png","width":800,"height":400,"caption":"Canada Motor Jobs"},"image":{"@id":"https:\/\/news.canadamotorjobs.com\/#\/schema\/logo\/image\/"},"sameAs":["https:\/\/www.facebook.com\/canadamotorjobs\/","https:\/\/x.com\/canadamotorjobs","https:\/\/www.instagram.com\/canadamotorjobs\/","https:\/\/www.linkedin.com\/company\/canadamotorjobs"]},{"@type":"Person","@id":"https:\/\/news.canadamotorjobs.com\/#\/schema\/person\/51793d1f87d44011d7bcc2ed99269a90","name":"Benoit Charette","image":{"@type":"ImageObject","inLanguage":"fr-CA","@id":"https:\/\/news.canadamotorjobs.com\/#\/schema\/person\/image\/","url":"https:\/\/secure.gravatar.com\/avatar\/45f3d2eebcccd909668d7ce7ea7267b6?s=96&d=mm&r=g","contentUrl":"https:\/\/secure.gravatar.com\/avatar\/45f3d2eebcccd909668d7ce7ea7267b6?s=96&d=mm&r=g","caption":"Benoit Charette"},"description":"Benoit Charette \/ Propri\u00e9taire et r\u00e9dacteur en chef Benoit Charette pratique le journalisme automobile depuis bient\u00f4t 30 ans. Il a fait ses classes au c\u00f4t\u00e9 de Daniel H\u00e9raud et au Carnet de route de 1992 \u00e0 2001. Il est fondateur, copropri\u00e9taire et r\u00e9dacteur en chef de L\u2019Annuel de l\u2019automobile, qu\u2019il publie depuis 2001. Il a anim\u00e9 les \u00e9missions RPM et RPM+ sur V et les L\u00e9gendes de la route sur Historia. \u00c0 la radio depuis 1986, il reprend l\u2019antenne cette ann\u00e9e sur les ondes de Cogeco et participe pour la deuxi\u00e8me ann\u00e9e \u00e0 l\u2019\u00e9mission Passion Auto sur RDS en plus de mettre en ligne le site Web officiel de L\u2019Annuel de l\u2019automobile sur annuelauto.ca.","sameAs":["https:\/\/annuelauto.ca\/"],"url":"https:\/\/news.canadamotorjobs.com\/fr\/author\/benoit-charette\/"}]}},"_links":{"self":[{"href":"https:\/\/news.canadamotorjobs.com\/fr\/wp-json\/wp\/v2\/posts\/152389"}],"collection":[{"href":"https:\/\/news.canadamotorjobs.com\/fr\/wp-json\/wp\/v2\/posts"}],"about":[{"href":"https:\/\/news.canadamotorjobs.com\/fr\/wp-json\/wp\/v2\/types\/post"}],"author":[{"embeddable":true,"href":"https:\/\/news.canadamotorjobs.com\/fr\/wp-json\/wp\/v2\/users\/8"}],"replies":[{"embeddable":true,"href":"https:\/\/news.canadamotorjobs.com\/fr\/wp-json\/wp\/v2\/comments?post=152389"}],"version-history":[{"count":1,"href":"https:\/\/news.canadamotorjobs.com\/fr\/wp-json\/wp\/v2\/posts\/152389\/revisions"}],"predecessor-version":[{"id":152390,"href":"https:\/\/news.canadamotorjobs.com\/fr\/wp-json\/wp\/v2\/posts\/152389\/revisions\/152390"}],"wp:attachment":[{"href":"https:\/\/news.canadamotorjobs.com\/fr\/wp-json\/wp\/v2\/media?parent=152389"}],"wp:term":[{"taxonomy":"category","embeddable":true,"href":"https:\/\/news.canadamotorjobs.com\/fr\/wp-json\/wp\/v2\/categories?post=152389"},{"taxonomy":"post_tag","embeddable":true,"href":"https:\/\/news.canadamotorjobs.com\/fr\/wp-json\/wp\/v2\/tags?post=152389"}],"curies":[{"name":"wp","href":"https:\/\/api.w.org\/{rel}","templated":true}]}}