{"id":152387,"date":"2023-10-10T14:39:20","date_gmt":"2023-10-10T18:39:20","guid":{"rendered":"https:\/\/news.canadamotorjobs.com\/?p=152387"},"modified":"2023-10-10T15:02:33","modified_gmt":"2023-10-10T19:02:33","slug":"entente-de-principe-entre-unifor-et-gm-canada","status":"publish","type":"post","link":"https:\/\/news.canadamotorjobs.com\/fr\/entente-de-principe-entre-unifor-et-gm-canada\/","title":{"rendered":"Entente de principe entre Unifor et GM Canada"},"content":{"rendered":"<p><img loading=\"lazy\" decoding=\"async\" width=\"1200\" height=\"600\" src=\"https:\/\/annuelauto.ca\/wp-content\/uploads\/2023\/10\/oshawacopy-1200x600-1.jpg\" class=\"attachment-post-thumbnail size-post-thumbnail wp-post-image\" alt=\"\" \/><\/p>\n<p>Unifor a conclu un accord de principe avec General Motors Canada apr\u00e8s une gr\u00e8ve qui a dur\u00e9 un peu plus de 12 heures dans trois usines du constructeur automobile en Ontario.<\/p>\n<p>La pr\u00e9sidente du syndicat, Lana Payne, a d\u00e9clar\u00e9 que l&#8217;entreprise s&#8217;est conform\u00e9e \u00e0 l&#8217;accord type que le syndicat avait conclu le mois dernier avec Ford Motor Co. of Canada, apr\u00e8s avoir oppos\u00e9 une forte r\u00e9sistance pendant le long week-end de l&#8217;Action de gr\u00e2ces.<\/p>\n<p>&#8220;Face \u00e0 la fermeture de ces installations cl\u00e9s, General Motors n&#8217;a eu d&#8217;autre choix que de s&#8217;asseoir s\u00e9rieusement \u00e0 la table des n\u00e9gociations et d&#8217;accepter l&#8217;accord type&#8221;, a-t-elle d\u00e9clar\u00e9 dans un communiqu\u00e9.<\/p>\n<p>Le nouvel accord de principe couvre pr\u00e8s de 4 300 travailleurs horaires de l&#8217;usine d&#8217;assemblage d&#8217;Oshawa, de l&#8217;usine de groupes motopropulseurs de St. Catharines et de l&#8217;usine de distribution de pi\u00e8ces de Woodstock.<\/p>\n<p>Aucun d\u00e9tail sur le contenu de l&#8217;accord de principe ni sur le calendrier du vote de ratification n&#8217;\u00e9tait disponible dans l&#8217;imm\u00e9diat.<\/p>\n<p>\u00a0<\/p>\n<p>Avec des renseignements d&#8217;Automotive News Canada<\/p>\n<p>Le texte <a rel=\"nofollow\" href=\"https:\/\/annuelauto.ca\/entente-de-principa-entre-unifor-et-gm-canada\/\">Entente de principe entre Unifor et GM Canada<\/a> provient de <a rel=\"nofollow\" href=\"https:\/\/annuelauto.ca\">L&#8217;annuel de l&#8217;automobile &#8211; Actualit\u00e9 automobile<\/a><\/p>\n<p><\/p>\n","protected":false},"excerpt":{"rendered":"<p>Unifor a conclu un accord de principe avec General Motors Canada apr\u00e8s une gr\u00e8ve qui a dur\u00e9 un peu plus de 12 heures dans trois usines du constructeur automobile en Ontario. La pr\u00e9sidente du syndicat, Lana Payne, a d\u00e9clar\u00e9 que l&#8217;entreprise s&#8217;est conform\u00e9e \u00e0 l&#8217;accord type que le syndicat avait conclu le mois dernier avec [&hellip;]<\/p>\n","protected":false},"author":8,"featured_media":0,"comment_status":"close","ping_status":"closed","sticky":false,"template":"","format":"standard","meta":{"_monsterinsights_skip_tracking":false,"_monsterinsights_sitenote_active":false,"_monsterinsights_sitenote_note":"","_monsterinsights_sitenote_category":0,"footnotes":""},"categories":[101],"tags":[],"yoast_head":"<!-- This site is optimized with the Yoast SEO plugin v23.2 - https:\/\/yoast.com\/wordpress\/plugins\/seo\/ -->\n<title>Entente de principe entre Unifor et GM Canada - CanadaMotorJobs.com<\/title>\n<meta name=\"description\" content=\"Entente de principe entre Unifor et GM Canada - Benoit Charette - Annuel automobile - CanadaMotorJobs.com.\" \/>\n<meta name=\"robots\" content=\"index, follow, max-snippet:-1, max-image-preview:large, max-video-preview:-1\" \/>\n<meta property=\"og:locale\" content=\"fr_CA\" \/>\n<meta property=\"og:type\" content=\"article\" \/>\n<meta property=\"og:title\" content=\"Entente de principe entre Unifor et GM Canada - CanadaMotorJobs.com\" \/>\n<meta property=\"og:description\" content=\"Entente de principe entre Unifor et GM Canada - Benoit Charette - Annuel automobile - CanadaMotorJobs.com.\" \/>\n<meta property=\"og:url\" content=\"https:\/\/news.canadamotorjobs.com\/fr\/entente-de-principe-entre-unifor-et-gm-canada\/\" \/>\n<meta property=\"og:site_name\" content=\"CanadaMotorJobs.com\" \/>\n<meta property=\"article:publisher\" content=\"https:\/\/www.facebook.com\/canadamotorjobs\/\" \/>\n<meta property=\"article:published_time\" content=\"2023-10-10T18:39:20+00:00\" \/>\n<meta property=\"article:modified_time\" content=\"2023-10-10T19:02:33+00:00\" \/>\n<meta property=\"og:image\" content=\"https:\/\/annuelauto.ca\/wp-content\/uploads\/2023\/10\/oshawacopy-1200x600-1.jpg\" \/>\n<meta name=\"author\" content=\"Benoit Charette\" \/>\n<meta name=\"twitter:card\" content=\"summary_large_image\" \/>\n<meta name=\"twitter:creator\" content=\"@canadamotorjobs\" \/>\n<meta name=\"twitter:site\" content=\"@canadamotorjobs\" \/>\n<meta name=\"twitter:label1\" content=\"\u00c9crit par\" \/>\n\t<meta name=\"twitter:data1\" content=\"Benoit Charette\" \/>\n\t<meta name=\"twitter:label2\" content=\"Estimation du temps de lecture\" \/>\n\t<meta name=\"twitter:data2\" content=\"1 minute\" \/>\n<!-- \/ Yoast SEO plugin. -->","yoast_head_json":{"title":"Entente de principe entre Unifor et GM Canada - CanadaMotorJobs.com","description":"Entente de principe entre Unifor et GM Canada - Benoit Charette - Annuel automobile - CanadaMotorJobs.com.","robots":{"index":"index","follow":"follow","max-snippet":"max-snippet:-1","max-image-preview":"max-image-preview:large","max-video-preview":"max-video-preview:-1"},"og_locale":"fr_CA","og_type":"article","og_title":"Entente de principe entre Unifor et GM Canada - CanadaMotorJobs.com","og_description":"Entente de principe entre Unifor et GM Canada - Benoit Charette - Annuel automobile - CanadaMotorJobs.com.","og_url":"https:\/\/news.canadamotorjobs.com\/fr\/entente-de-principe-entre-unifor-et-gm-canada\/","og_site_name":"CanadaMotorJobs.com","article_publisher":"https:\/\/www.facebook.com\/canadamotorjobs\/","article_published_time":"2023-10-10T18:39:20+00:00","article_modified_time":"2023-10-10T19:02:33+00:00","og_image":[{"url":"https:\/\/annuelauto.ca\/wp-content\/uploads\/2023\/10\/oshawacopy-1200x600-1.jpg"}],"author":"Benoit Charette","twitter_card":"summary_large_image","twitter_creator":"@canadamotorjobs","twitter_site":"@canadamotorjobs","twitter_misc":{"\u00c9crit par":"Benoit Charette","Estimation du temps de lecture":"1 minute"},"schema":{"@context":"https:\/\/schema.org","@graph":[{"@type":"Article","@id":"https:\/\/news.canadamotorjobs.com\/fr\/entente-de-principe-entre-unifor-et-gm-canada\/#article","isPartOf":{"@id":"https:\/\/news.canadamotorjobs.com\/fr\/entente-de-principe-entre-unifor-et-gm-canada\/"},"author":{"name":"Benoit Charette","@id":"https:\/\/news.canadamotorjobs.com\/#\/schema\/person\/51793d1f87d44011d7bcc2ed99269a90"},"headline":"Entente de principe entre Unifor et GM Canada","datePublished":"2023-10-10T18:39:20+00:00","dateModified":"2023-10-10T19:02:33+00:00","mainEntityOfPage":{"@id":"https:\/\/news.canadamotorjobs.com\/fr\/entente-de-principe-entre-unifor-et-gm-canada\/"},"wordCount":221,"publisher":{"@id":"https:\/\/news.canadamotorjobs.com\/#organization"},"image":{"@id":"https:\/\/news.canadamotorjobs.com\/fr\/entente-de-principe-entre-unifor-et-gm-canada\/#primaryimage"},"thumbnailUrl":"https:\/\/annuelauto.ca\/wp-content\/uploads\/2023\/10\/oshawacopy-1200x600-1.jpg","articleSection":["Annuel automobile"],"inLanguage":"fr-CA"},{"@type":"WebPage","@id":"https:\/\/news.canadamotorjobs.com\/fr\/entente-de-principe-entre-unifor-et-gm-canada\/","url":"https:\/\/news.canadamotorjobs.com\/fr\/entente-de-principe-entre-unifor-et-gm-canada\/","name":"Entente de principe entre Unifor et GM Canada - CanadaMotorJobs.com","isPartOf":{"@id":"https:\/\/news.canadamotorjobs.com\/#website"},"primaryImageOfPage":{"@id":"https:\/\/news.canadamotorjobs.com\/fr\/entente-de-principe-entre-unifor-et-gm-canada\/#primaryimage"},"image":{"@id":"https:\/\/news.canadamotorjobs.com\/fr\/entente-de-principe-entre-unifor-et-gm-canada\/#primaryimage"},"thumbnailUrl":"https:\/\/annuelauto.ca\/wp-content\/uploads\/2023\/10\/oshawacopy-1200x600-1.jpg","datePublished":"2023-10-10T18:39:20+00:00","dateModified":"2023-10-10T19:02:33+00:00","description":"Entente de principe entre Unifor et GM Canada - Benoit Charette - Annuel automobile - CanadaMotorJobs.com.","breadcrumb":{"@id":"https:\/\/news.canadamotorjobs.com\/fr\/entente-de-principe-entre-unifor-et-gm-canada\/#breadcrumb"},"inLanguage":"fr-CA","potentialAction":[{"@type":"ReadAction","target":["https:\/\/news.canadamotorjobs.com\/fr\/entente-de-principe-entre-unifor-et-gm-canada\/"]}]},{"@type":"ImageObject","inLanguage":"fr-CA","@id":"https:\/\/news.canadamotorjobs.com\/fr\/entente-de-principe-entre-unifor-et-gm-canada\/#primaryimage","url":"https:\/\/annuelauto.ca\/wp-content\/uploads\/2023\/10\/oshawacopy-1200x600-1.jpg","contentUrl":"https:\/\/annuelauto.ca\/wp-content\/uploads\/2023\/10\/oshawacopy-1200x600-1.jpg"},{"@type":"BreadcrumbList","@id":"https:\/\/news.canadamotorjobs.com\/fr\/entente-de-principe-entre-unifor-et-gm-canada\/#breadcrumb","itemListElement":[{"@type":"ListItem","position":1,"name":"Home","item":"https:\/\/news.canadamotorjobs.com\/fr\/blog\/"},{"@type":"ListItem","position":2,"name":"Entente de principe entre Unifor et GM Canada"}]},{"@type":"WebSite","@id":"https:\/\/news.canadamotorjobs.com\/#website","url":"https:\/\/news.canadamotorjobs.com\/","name":"CanadaMotorJobs.com","description":"Automotive Jobs","publisher":{"@id":"https:\/\/news.canadamotorjobs.com\/#organization"},"potentialAction":[{"@type":"SearchAction","target":{"@type":"EntryPoint","urlTemplate":"https:\/\/news.canadamotorjobs.com\/?s={search_term_string}"},"query-input":"required name=search_term_string"}],"inLanguage":"fr-CA"},{"@type":"Organization","@id":"https:\/\/news.canadamotorjobs.com\/#organization","name":"Canada Motor Jobs","url":"https:\/\/news.canadamotorjobs.com\/","logo":{"@type":"ImageObject","inLanguage":"fr-CA","@id":"https:\/\/news.canadamotorjobs.com\/#\/schema\/logo\/image\/","url":"https:\/\/news.canadamotorjobs.com\/wp-content\/uploads\/2022\/10\/logo-canada-motor-jobs-1.png","contentUrl":"https:\/\/news.canadamotorjobs.com\/wp-content\/uploads\/2022\/10\/logo-canada-motor-jobs-1.png","width":800,"height":400,"caption":"Canada Motor Jobs"},"image":{"@id":"https:\/\/news.canadamotorjobs.com\/#\/schema\/logo\/image\/"},"sameAs":["https:\/\/www.facebook.com\/canadamotorjobs\/","https:\/\/x.com\/canadamotorjobs","https:\/\/www.instagram.com\/canadamotorjobs\/","https:\/\/www.linkedin.com\/company\/canadamotorjobs"]},{"@type":"Person","@id":"https:\/\/news.canadamotorjobs.com\/#\/schema\/person\/51793d1f87d44011d7bcc2ed99269a90","name":"Benoit Charette","image":{"@type":"ImageObject","inLanguage":"fr-CA","@id":"https:\/\/news.canadamotorjobs.com\/#\/schema\/person\/image\/","url":"https:\/\/secure.gravatar.com\/avatar\/45f3d2eebcccd909668d7ce7ea7267b6?s=96&d=mm&r=g","contentUrl":"https:\/\/secure.gravatar.com\/avatar\/45f3d2eebcccd909668d7ce7ea7267b6?s=96&d=mm&r=g","caption":"Benoit Charette"},"description":"Benoit Charette \/ Propri\u00e9taire et r\u00e9dacteur en chef Benoit Charette pratique le journalisme automobile depuis bient\u00f4t 30 ans. Il a fait ses classes au c\u00f4t\u00e9 de Daniel H\u00e9raud et au Carnet de route de 1992 \u00e0 2001. Il est fondateur, copropri\u00e9taire et r\u00e9dacteur en chef de L\u2019Annuel de l\u2019automobile, qu\u2019il publie depuis 2001. Il a anim\u00e9 les \u00e9missions RPM et RPM+ sur V et les L\u00e9gendes de la route sur Historia. \u00c0 la radio depuis 1986, il reprend l\u2019antenne cette ann\u00e9e sur les ondes de Cogeco et participe pour la deuxi\u00e8me ann\u00e9e \u00e0 l\u2019\u00e9mission Passion Auto sur RDS en plus de mettre en ligne le site Web officiel de L\u2019Annuel de l\u2019automobile sur annuelauto.ca.","sameAs":["https:\/\/annuelauto.ca\/"],"url":"https:\/\/news.canadamotorjobs.com\/fr\/author\/benoit-charette\/"}]}},"_links":{"self":[{"href":"https:\/\/news.canadamotorjobs.com\/fr\/wp-json\/wp\/v2\/posts\/152387"}],"collection":[{"href":"https:\/\/news.canadamotorjobs.com\/fr\/wp-json\/wp\/v2\/posts"}],"about":[{"href":"https:\/\/news.canadamotorjobs.com\/fr\/wp-json\/wp\/v2\/types\/post"}],"author":[{"embeddable":true,"href":"https:\/\/news.canadamotorjobs.com\/fr\/wp-json\/wp\/v2\/users\/8"}],"replies":[{"embeddable":true,"href":"https:\/\/news.canadamotorjobs.com\/fr\/wp-json\/wp\/v2\/comments?post=152387"}],"version-history":[{"count":1,"href":"https:\/\/news.canadamotorjobs.com\/fr\/wp-json\/wp\/v2\/posts\/152387\/revisions"}],"predecessor-version":[{"id":152388,"href":"https:\/\/news.canadamotorjobs.com\/fr\/wp-json\/wp\/v2\/posts\/152387\/revisions\/152388"}],"wp:attachment":[{"href":"https:\/\/news.canadamotorjobs.com\/fr\/wp-json\/wp\/v2\/media?parent=152387"}],"wp:term":[{"taxonomy":"category","embeddable":true,"href":"https:\/\/news.canadamotorjobs.com\/fr\/wp-json\/wp\/v2\/categories?post=152387"},{"taxonomy":"post_tag","embeddable":true,"href":"https:\/\/news.canadamotorjobs.com\/fr\/wp-json\/wp\/v2\/tags?post=152387"}],"curies":[{"name":"wp","href":"https:\/\/api.w.org\/{rel}","templated":true}]}}