{"id":152385,"date":"2023-10-10T06:50:22","date_gmt":"2023-10-10T10:50:22","guid":{"rendered":"https:\/\/news.canadamotorjobs.com\/?p=152385"},"modified":"2023-10-10T07:01:12","modified_gmt":"2023-10-10T11:01:12","slug":"les-4-200-employes-de-gm-canada-sont-en-greve","status":"publish","type":"post","link":"https:\/\/news.canadamotorjobs.com\/fr\/les-4-200-employes-de-gm-canada-sont-en-greve\/","title":{"rendered":"Les 4\u00a0200 employ\u00e9s de GM Canada sont en gr\u00e8ve"},"content":{"rendered":"<p><img loading=\"lazy\" decoding=\"async\" width=\"1200\" height=\"600\" src=\"https:\/\/annuelauto.ca\/wp-content\/uploads\/2023\/10\/oshawacopy-1200x600-1.jpg\" class=\"attachment-post-thumbnail size-post-thumbnail wp-post-image\" alt=\"\" \/><\/p>\n<p>Les membres d&#8217;Unifor chez General Motors Canada ont d\u00e9clench\u00e9 une gr\u00e8ve \u00e0 minuit apr\u00e8s que deux semaines de pourparlers intensifs entre les deux parties n&#8217;aient pas abouti \u00e0 un accord comparable \u00e0 l&#8217;accord type que le syndicat a conclu le mois dernier avec Ford Motor Co. of Canada.<\/p>\n<h3>Trois usines et 4\u00a0200 employ\u00e9s<\/h3>\n<p>\nLes travailleurs de GM en Ontario ont commenc\u00e9 \u00e0 dresser un piquet de gr\u00e8ve t\u00f4t mardi, quelques minutes apr\u00e8s l&#8217;expiration du contrat d&#8217;Unifor avec le constructeur automobile \u00e0 23h59 lundi.La gr\u00e8ve concerne plus de 4 200 travailleurs horaires de l&#8217;usine d&#8217;assemblage d&#8217;Oshawa, \u00e0 l&#8217;est de Toronto, de l&#8217;usine de groupes motopropulseurs de St. Catharines et du centre de distribution de pi\u00e8ces de Woodstock. Unifor repr\u00e9sente \u00e9galement environ 1 500 travailleurs \u00e0 l&#8217;usine d&#8217;assemblage CAMI de GM \u00e0 Ingersoll (Ontario), mais les membres de cette usine rel\u00e8vent d&#8217;un autre contrat.<\/p>\n<h3>Des progr\u00e8s insuffisants<\/h3>\n<p>\nDans un communiqu\u00e9 publi\u00e9 t\u00f4t mardi, GM a d\u00e9clar\u00e9 : &#8220;Bien que nous ayons r\u00e9alis\u00e9 des progr\u00e8s tr\u00e8s positifs sur plusieurs priorit\u00e9s cl\u00e9s au cours des derni\u00e8res semaines, nous sommes d\u00e9\u00e7us de ne pas avoir \u00e9t\u00e9 en mesure de conclure une nouvelle convention collective avec Unifor \u00e0 ce stade. Nous restons d\u00e9termin\u00e9s \u00e0 n\u00e9gocier avec Unifor pour parvenir \u00e0 un accord qui soit juste et flexible&#8221;.<\/p>\n<h3>Une tradition bris\u00e9e<\/h3>\n<p>\nLe 25 septembre, le syndicat a choisi GM comme deuxi\u00e8me cible pour les n\u00e9gociations de cette ann\u00e9e dans le secteur de l&#8217;automobile, un jour apr\u00e8s que les membres du syndicat chez Ford ont ratifi\u00e9 de justesse une convention collective de trois ans avec le constructeur automobile, qui promettait des augmentations de salaire de pr\u00e8s de 20 % pour les membres de longue date et une prime de 10 000 dollars canadiens (7 360 dollars am\u00e9ricains), parmi d&#8217;autres gains pour les travailleurs.<\/p>\n<p>Dans le cadre de sa strat\u00e9gie de n\u00e9gociation type, Unifor a cherch\u00e9 \u00e0 appliquer les m\u00eames \u00e9l\u00e9ments fondamentaux de la convention Ford \u00e0 un accord avec GM. Les deux parties ont n\u00e9goci\u00e9 pendant le long week-end l\u2019axction de gr\u00e2ce, mais n&#8217;ont pas r\u00e9ussi \u00e0 conclure un accord que le comit\u00e9 de n\u00e9gociation du syndicat a jug\u00e9 digne d&#8217;\u00eatre soumis \u00e0 l&#8217;approbation des membres. Unifor a d\u00e9clar\u00e9 que l&#8217;entreprise avait r\u00e9sist\u00e9 aux demandes du syndicat concernant les pensions et le soutien aux retrait\u00e9s, et qu&#8217;elle avait refus\u00e9 d&#8217;ouvrir une voie claire qui permettrait aux travailleurs temporaires \u00e0 temps partiel de devenir des travailleurs \u00e0 temps plein.<\/p>\n<p>La gr\u00e8ve accentue la pression sur GM dans toute l&#8217;Am\u00e9rique du Nord, puisque les travailleurs du Canada rejoignent l&#8217;UAW dans sa gr\u00e8ve contre les usines d&#8217;assemblage et de pi\u00e8ces d\u00e9tach\u00e9es de Detroit 3 aux \u00c9tats-Unis, qui sont sur le piquet de gr\u00e8ve depuis le 15 septembre.<\/p>\n<p>\u00a0<\/p>\n<p>Avec des renseignements d\u2019Automotive News<\/p>\n<p>Le texte <a rel=\"nofollow\" href=\"https:\/\/annuelauto.ca\/les-4-200-employes-de-gm-canada-sont-en-greve\/\">Les 4\u00a0200 employ\u00e9s de GM Canada sont en gr\u00e8ve<\/a> provient de <a rel=\"nofollow\" href=\"https:\/\/annuelauto.ca\">L&#8217;annuel de l&#8217;automobile &#8211; Actualit\u00e9 automobile<\/a><\/p>\n<p><\/p>\n","protected":false},"excerpt":{"rendered":"<p>Les membres d&#8217;Unifor chez General Motors Canada ont d\u00e9clench\u00e9 une gr\u00e8ve \u00e0 minuit apr\u00e8s que deux semaines de pourparlers intensifs entre les deux parties n&#8217;aient pas abouti \u00e0 un accord comparable \u00e0 l&#8217;accord type que le syndicat a conclu le mois dernier avec Ford Motor Co. of Canada. Trois usines et 4\u00a0200 employ\u00e9s Les travailleurs [&hellip;]<\/p>\n","protected":false},"author":8,"featured_media":0,"comment_status":"close","ping_status":"closed","sticky":false,"template":"","format":"standard","meta":{"_monsterinsights_skip_tracking":false,"_monsterinsights_sitenote_active":false,"_monsterinsights_sitenote_note":"","_monsterinsights_sitenote_category":0,"footnotes":""},"categories":[101],"tags":[],"yoast_head":"<!-- This site is optimized with the Yoast SEO plugin v23.2 - https:\/\/yoast.com\/wordpress\/plugins\/seo\/ -->\n<title>Les 4\u00a0200 employ\u00e9s de GM Canada sont en gr\u00e8ve - CanadaMotorJobs.com<\/title>\n<meta name=\"description\" content=\"Les 4\u00a0200 employ\u00e9s de GM Canada sont en gr\u00e8ve - Benoit Charette - Annuel automobile - CanadaMotorJobs.com.\" \/>\n<meta name=\"robots\" content=\"index, follow, max-snippet:-1, max-image-preview:large, max-video-preview:-1\" \/>\n<meta property=\"og:locale\" content=\"fr_CA\" \/>\n<meta property=\"og:type\" content=\"article\" \/>\n<meta property=\"og:title\" content=\"Les 4\u00a0200 employ\u00e9s de GM Canada sont en gr\u00e8ve - CanadaMotorJobs.com\" \/>\n<meta property=\"og:description\" content=\"Les 4\u00a0200 employ\u00e9s de GM Canada sont en gr\u00e8ve - Benoit Charette - Annuel automobile - CanadaMotorJobs.com.\" \/>\n<meta property=\"og:url\" content=\"https:\/\/news.canadamotorjobs.com\/fr\/les-4-200-employes-de-gm-canada-sont-en-greve\/\" \/>\n<meta property=\"og:site_name\" content=\"CanadaMotorJobs.com\" \/>\n<meta property=\"article:publisher\" content=\"https:\/\/www.facebook.com\/canadamotorjobs\/\" \/>\n<meta property=\"article:published_time\" content=\"2023-10-10T10:50:22+00:00\" \/>\n<meta property=\"article:modified_time\" content=\"2023-10-10T11:01:12+00:00\" \/>\n<meta property=\"og:image\" content=\"https:\/\/annuelauto.ca\/wp-content\/uploads\/2023\/10\/oshawacopy-1200x600-1.jpg\" \/>\n<meta name=\"author\" content=\"Benoit Charette\" \/>\n<meta name=\"twitter:card\" content=\"summary_large_image\" \/>\n<meta name=\"twitter:creator\" content=\"@canadamotorjobs\" \/>\n<meta name=\"twitter:site\" content=\"@canadamotorjobs\" \/>\n<meta name=\"twitter:label1\" content=\"\u00c9crit par\" \/>\n\t<meta name=\"twitter:data1\" content=\"Benoit Charette\" \/>\n\t<meta name=\"twitter:label2\" content=\"Estimation du temps de lecture\" \/>\n\t<meta name=\"twitter:data2\" content=\"2 minutes\" \/>\n<!-- \/ Yoast SEO plugin. -->","yoast_head_json":{"title":"Les 4\u00a0200 employ\u00e9s de GM Canada sont en gr\u00e8ve - CanadaMotorJobs.com","description":"Les 4\u00a0200 employ\u00e9s de GM Canada sont en gr\u00e8ve - Benoit Charette - Annuel automobile - CanadaMotorJobs.com.","robots":{"index":"index","follow":"follow","max-snippet":"max-snippet:-1","max-image-preview":"max-image-preview:large","max-video-preview":"max-video-preview:-1"},"og_locale":"fr_CA","og_type":"article","og_title":"Les 4\u00a0200 employ\u00e9s de GM Canada sont en gr\u00e8ve - CanadaMotorJobs.com","og_description":"Les 4\u00a0200 employ\u00e9s de GM Canada sont en gr\u00e8ve - Benoit Charette - Annuel automobile - CanadaMotorJobs.com.","og_url":"https:\/\/news.canadamotorjobs.com\/fr\/les-4-200-employes-de-gm-canada-sont-en-greve\/","og_site_name":"CanadaMotorJobs.com","article_publisher":"https:\/\/www.facebook.com\/canadamotorjobs\/","article_published_time":"2023-10-10T10:50:22+00:00","article_modified_time":"2023-10-10T11:01:12+00:00","og_image":[{"url":"https:\/\/annuelauto.ca\/wp-content\/uploads\/2023\/10\/oshawacopy-1200x600-1.jpg"}],"author":"Benoit Charette","twitter_card":"summary_large_image","twitter_creator":"@canadamotorjobs","twitter_site":"@canadamotorjobs","twitter_misc":{"\u00c9crit par":"Benoit Charette","Estimation du temps de lecture":"2 minutes"},"schema":{"@context":"https:\/\/schema.org","@graph":[{"@type":"Article","@id":"https:\/\/news.canadamotorjobs.com\/fr\/les-4-200-employes-de-gm-canada-sont-en-greve\/#article","isPartOf":{"@id":"https:\/\/news.canadamotorjobs.com\/fr\/les-4-200-employes-de-gm-canada-sont-en-greve\/"},"author":{"name":"Benoit Charette","@id":"https:\/\/news.canadamotorjobs.com\/#\/schema\/person\/51793d1f87d44011d7bcc2ed99269a90"},"headline":"Les 4\u00a0200 employ\u00e9s de GM Canada sont en gr\u00e8ve","datePublished":"2023-10-10T10:50:22+00:00","dateModified":"2023-10-10T11:01:12+00:00","mainEntityOfPage":{"@id":"https:\/\/news.canadamotorjobs.com\/fr\/les-4-200-employes-de-gm-canada-sont-en-greve\/"},"wordCount":526,"publisher":{"@id":"https:\/\/news.canadamotorjobs.com\/#organization"},"image":{"@id":"https:\/\/news.canadamotorjobs.com\/fr\/les-4-200-employes-de-gm-canada-sont-en-greve\/#primaryimage"},"thumbnailUrl":"https:\/\/annuelauto.ca\/wp-content\/uploads\/2023\/10\/oshawacopy-1200x600-1.jpg","articleSection":["Annuel automobile"],"inLanguage":"fr-CA"},{"@type":"WebPage","@id":"https:\/\/news.canadamotorjobs.com\/fr\/les-4-200-employes-de-gm-canada-sont-en-greve\/","url":"https:\/\/news.canadamotorjobs.com\/fr\/les-4-200-employes-de-gm-canada-sont-en-greve\/","name":"Les 4\u00a0200 employ\u00e9s de GM Canada sont en gr\u00e8ve - CanadaMotorJobs.com","isPartOf":{"@id":"https:\/\/news.canadamotorjobs.com\/#website"},"primaryImageOfPage":{"@id":"https:\/\/news.canadamotorjobs.com\/fr\/les-4-200-employes-de-gm-canada-sont-en-greve\/#primaryimage"},"image":{"@id":"https:\/\/news.canadamotorjobs.com\/fr\/les-4-200-employes-de-gm-canada-sont-en-greve\/#primaryimage"},"thumbnailUrl":"https:\/\/annuelauto.ca\/wp-content\/uploads\/2023\/10\/oshawacopy-1200x600-1.jpg","datePublished":"2023-10-10T10:50:22+00:00","dateModified":"2023-10-10T11:01:12+00:00","description":"Les 4\u00a0200 employ\u00e9s de GM Canada sont en gr\u00e8ve - Benoit Charette - Annuel automobile - CanadaMotorJobs.com.","breadcrumb":{"@id":"https:\/\/news.canadamotorjobs.com\/fr\/les-4-200-employes-de-gm-canada-sont-en-greve\/#breadcrumb"},"inLanguage":"fr-CA","potentialAction":[{"@type":"ReadAction","target":["https:\/\/news.canadamotorjobs.com\/fr\/les-4-200-employes-de-gm-canada-sont-en-greve\/"]}]},{"@type":"ImageObject","inLanguage":"fr-CA","@id":"https:\/\/news.canadamotorjobs.com\/fr\/les-4-200-employes-de-gm-canada-sont-en-greve\/#primaryimage","url":"https:\/\/annuelauto.ca\/wp-content\/uploads\/2023\/10\/oshawacopy-1200x600-1.jpg","contentUrl":"https:\/\/annuelauto.ca\/wp-content\/uploads\/2023\/10\/oshawacopy-1200x600-1.jpg"},{"@type":"BreadcrumbList","@id":"https:\/\/news.canadamotorjobs.com\/fr\/les-4-200-employes-de-gm-canada-sont-en-greve\/#breadcrumb","itemListElement":[{"@type":"ListItem","position":1,"name":"Home","item":"https:\/\/news.canadamotorjobs.com\/fr\/blog\/"},{"@type":"ListItem","position":2,"name":"Les 4\u00a0200 employ\u00e9s de GM Canada sont en gr\u00e8ve"}]},{"@type":"WebSite","@id":"https:\/\/news.canadamotorjobs.com\/#website","url":"https:\/\/news.canadamotorjobs.com\/","name":"CanadaMotorJobs.com","description":"Automotive Jobs","publisher":{"@id":"https:\/\/news.canadamotorjobs.com\/#organization"},"potentialAction":[{"@type":"SearchAction","target":{"@type":"EntryPoint","urlTemplate":"https:\/\/news.canadamotorjobs.com\/?s={search_term_string}"},"query-input":"required name=search_term_string"}],"inLanguage":"fr-CA"},{"@type":"Organization","@id":"https:\/\/news.canadamotorjobs.com\/#organization","name":"Canada Motor Jobs","url":"https:\/\/news.canadamotorjobs.com\/","logo":{"@type":"ImageObject","inLanguage":"fr-CA","@id":"https:\/\/news.canadamotorjobs.com\/#\/schema\/logo\/image\/","url":"https:\/\/news.canadamotorjobs.com\/wp-content\/uploads\/2022\/10\/logo-canada-motor-jobs-1.png","contentUrl":"https:\/\/news.canadamotorjobs.com\/wp-content\/uploads\/2022\/10\/logo-canada-motor-jobs-1.png","width":800,"height":400,"caption":"Canada Motor Jobs"},"image":{"@id":"https:\/\/news.canadamotorjobs.com\/#\/schema\/logo\/image\/"},"sameAs":["https:\/\/www.facebook.com\/canadamotorjobs\/","https:\/\/x.com\/canadamotorjobs","https:\/\/www.instagram.com\/canadamotorjobs\/","https:\/\/www.linkedin.com\/company\/canadamotorjobs"]},{"@type":"Person","@id":"https:\/\/news.canadamotorjobs.com\/#\/schema\/person\/51793d1f87d44011d7bcc2ed99269a90","name":"Benoit Charette","image":{"@type":"ImageObject","inLanguage":"fr-CA","@id":"https:\/\/news.canadamotorjobs.com\/#\/schema\/person\/image\/","url":"https:\/\/secure.gravatar.com\/avatar\/45f3d2eebcccd909668d7ce7ea7267b6?s=96&d=mm&r=g","contentUrl":"https:\/\/secure.gravatar.com\/avatar\/45f3d2eebcccd909668d7ce7ea7267b6?s=96&d=mm&r=g","caption":"Benoit Charette"},"description":"Benoit Charette \/ Propri\u00e9taire et r\u00e9dacteur en chef Benoit Charette pratique le journalisme automobile depuis bient\u00f4t 30 ans. Il a fait ses classes au c\u00f4t\u00e9 de Daniel H\u00e9raud et au Carnet de route de 1992 \u00e0 2001. Il est fondateur, copropri\u00e9taire et r\u00e9dacteur en chef de L\u2019Annuel de l\u2019automobile, qu\u2019il publie depuis 2001. Il a anim\u00e9 les \u00e9missions RPM et RPM+ sur V et les L\u00e9gendes de la route sur Historia. \u00c0 la radio depuis 1986, il reprend l\u2019antenne cette ann\u00e9e sur les ondes de Cogeco et participe pour la deuxi\u00e8me ann\u00e9e \u00e0 l\u2019\u00e9mission Passion Auto sur RDS en plus de mettre en ligne le site Web officiel de L\u2019Annuel de l\u2019automobile sur annuelauto.ca.","sameAs":["https:\/\/annuelauto.ca\/"],"url":"https:\/\/news.canadamotorjobs.com\/fr\/author\/benoit-charette\/"}]}},"_links":{"self":[{"href":"https:\/\/news.canadamotorjobs.com\/fr\/wp-json\/wp\/v2\/posts\/152385"}],"collection":[{"href":"https:\/\/news.canadamotorjobs.com\/fr\/wp-json\/wp\/v2\/posts"}],"about":[{"href":"https:\/\/news.canadamotorjobs.com\/fr\/wp-json\/wp\/v2\/types\/post"}],"author":[{"embeddable":true,"href":"https:\/\/news.canadamotorjobs.com\/fr\/wp-json\/wp\/v2\/users\/8"}],"replies":[{"embeddable":true,"href":"https:\/\/news.canadamotorjobs.com\/fr\/wp-json\/wp\/v2\/comments?post=152385"}],"version-history":[{"count":1,"href":"https:\/\/news.canadamotorjobs.com\/fr\/wp-json\/wp\/v2\/posts\/152385\/revisions"}],"predecessor-version":[{"id":152386,"href":"https:\/\/news.canadamotorjobs.com\/fr\/wp-json\/wp\/v2\/posts\/152385\/revisions\/152386"}],"wp:attachment":[{"href":"https:\/\/news.canadamotorjobs.com\/fr\/wp-json\/wp\/v2\/media?parent=152385"}],"wp:term":[{"taxonomy":"category","embeddable":true,"href":"https:\/\/news.canadamotorjobs.com\/fr\/wp-json\/wp\/v2\/categories?post=152385"},{"taxonomy":"post_tag","embeddable":true,"href":"https:\/\/news.canadamotorjobs.com\/fr\/wp-json\/wp\/v2\/tags?post=152385"}],"curies":[{"name":"wp","href":"https:\/\/api.w.org\/{rel}","templated":true}]}}