{"id":152381,"date":"2023-10-08T10:32:51","date_gmt":"2023-10-08T14:32:51","guid":{"rendered":"https:\/\/news.canadamotorjobs.com\/?p=152381"},"modified":"2023-10-08T10:44:30","modified_gmt":"2023-10-08T14:44:30","slug":"question-du-jour-peut-on-appliquer-un-antirouille-sur-les-vehicules-hybrides","status":"publish","type":"post","link":"https:\/\/news.canadamotorjobs.com\/fr\/question-du-jour-peut-on-appliquer-un-antirouille-sur-les-vehicules-hybrides\/","title":{"rendered":"Question du jour: Peut-on appliquer un antirouille sur les v\u00e9hicules hybrides ?"},"content":{"rendered":"<p><img loading=\"lazy\" decoding=\"async\" width=\"1200\" height=\"646\" src=\"https:\/\/annuelauto.ca\/wp-content\/uploads\/2023\/10\/01-2023-Honda-CR-V-Sport-Touring.jpg\" class=\"attachment-post-thumbnail size-post-thumbnail wp-post-image\" alt=\"\" \/><\/p>\n<p>Je me suis procurer un Honda CRV Hybride EXL 2024 et le concessionnaire m&#8217;a dit qu&#8217;il n&#8217;est pas recommand\u00e9 de faire le traitement antirouille sur les mod\u00e8les hybride et \u00e9lectrique. On m&#8217;a alors propos\u00e9 une garanti prolong\u00e9e de 10 ans contre la rouille. j&#8217;aimerais savoir qu&#8217;est-ce que vous pensez de \u00e7a de ne pas faire l&#8217;antirouille sur mon mod\u00e8le hybride ?<\/p>\n<p>Ren\u00e9<\/p>\n<p>\u00a0<\/p>\n<p>Il n&#8217;y a pas de contre-indication \u00e0 l&#8217;application d&#8217;un antirouille sur un v\u00e9hicule hybride. Toutefois, il faut faire affaire avec des techniciens qualifi\u00e9s qui savent comment s&#8217;y prendre. Nous ne conseillons pas non plus de faire une application sur un v\u00e9hicule neuf. Les voitures modernes sont trait\u00e9es en usine contre la rouille et pas besoin de rien faire pour les premi\u00e8re ann\u00e9es. Assurez-vous de bien laver le v\u00e9hicule r\u00e9guli\u00e8rement et c&#8217;est largement suffisant. Si vous conservez le v\u00e9hicule plus de 3 ans, une application annuelle \u00e0 l&#8217;huile est recommend\u00e9.<\/p>\n<p>Le texte <a rel=\"nofollow\" href=\"https:\/\/annuelauto.ca\/question-du-jour-peut-on-appliquer-un-antirouille-sur-les-vehicules-hybrides\/\">Question du jour: Peut-on appliquer un antirouille sur les v\u00e9hicules hybrides ?<\/a> provient de <a rel=\"nofollow\" href=\"https:\/\/annuelauto.ca\">L&#8217;annuel de l&#8217;automobile &#8211; Actualit\u00e9 automobile<\/a><\/p>\n<p><\/p>\n","protected":false},"excerpt":{"rendered":"<p>Je me suis procurer un Honda CRV Hybride EXL 2024 et le concessionnaire m&#8217;a dit qu&#8217;il n&#8217;est pas recommand\u00e9 de faire le traitement antirouille sur les mod\u00e8les hybride et \u00e9lectrique. On m&#8217;a alors propos\u00e9 une garanti prolong\u00e9e de 10 ans contre la rouille. j&#8217;aimerais savoir qu&#8217;est-ce que vous pensez de \u00e7a de ne pas faire [&hellip;]<\/p>\n","protected":false},"author":8,"featured_media":0,"comment_status":"close","ping_status":"closed","sticky":false,"template":"","format":"standard","meta":{"_monsterinsights_skip_tracking":false,"_monsterinsights_sitenote_active":false,"_monsterinsights_sitenote_note":"","_monsterinsights_sitenote_category":0,"footnotes":""},"categories":[101],"tags":[],"yoast_head":"<!-- This site is optimized with the Yoast SEO plugin v23.2 - https:\/\/yoast.com\/wordpress\/plugins\/seo\/ -->\n<title>Question du jour: Peut-on appliquer un antirouille sur les v\u00e9hicules hybrides ? - CanadaMotorJobs.com<\/title>\n<meta name=\"description\" content=\"Question du jour: Peut-on appliquer un antirouille sur les v\u00e9hicules hybrides ? - Benoit Charette - Annuel automobile - CanadaMotorJobs.com.\" \/>\n<meta name=\"robots\" content=\"index, follow, max-snippet:-1, max-image-preview:large, max-video-preview:-1\" \/>\n<meta property=\"og:locale\" content=\"fr_CA\" \/>\n<meta property=\"og:type\" content=\"article\" \/>\n<meta property=\"og:title\" content=\"Question du jour: Peut-on appliquer un antirouille sur les v\u00e9hicules hybrides ? - CanadaMotorJobs.com\" \/>\n<meta property=\"og:description\" content=\"Question du jour: Peut-on appliquer un antirouille sur les v\u00e9hicules hybrides ? - Benoit Charette - Annuel automobile - CanadaMotorJobs.com.\" \/>\n<meta property=\"og:url\" content=\"https:\/\/news.canadamotorjobs.com\/fr\/question-du-jour-peut-on-appliquer-un-antirouille-sur-les-vehicules-hybrides\/\" \/>\n<meta property=\"og:site_name\" content=\"CanadaMotorJobs.com\" \/>\n<meta property=\"article:publisher\" content=\"https:\/\/www.facebook.com\/canadamotorjobs\/\" \/>\n<meta property=\"article:published_time\" content=\"2023-10-08T14:32:51+00:00\" \/>\n<meta property=\"article:modified_time\" content=\"2023-10-08T14:44:30+00:00\" \/>\n<meta property=\"og:image\" content=\"https:\/\/annuelauto.ca\/wp-content\/uploads\/2023\/10\/01-2023-Honda-CR-V-Sport-Touring.jpg\" \/>\n<meta name=\"author\" content=\"Benoit Charette\" \/>\n<meta name=\"twitter:card\" content=\"summary_large_image\" \/>\n<meta name=\"twitter:creator\" content=\"@canadamotorjobs\" \/>\n<meta name=\"twitter:site\" content=\"@canadamotorjobs\" \/>\n<meta name=\"twitter:label1\" content=\"\u00c9crit par\" \/>\n\t<meta name=\"twitter:data1\" content=\"Benoit Charette\" \/>\n\t<meta name=\"twitter:label2\" content=\"Estimation du temps de lecture\" \/>\n\t<meta name=\"twitter:data2\" content=\"1 minute\" \/>\n<!-- \/ Yoast SEO plugin. -->","yoast_head_json":{"title":"Question du jour: Peut-on appliquer un antirouille sur les v\u00e9hicules hybrides ? - CanadaMotorJobs.com","description":"Question du jour: Peut-on appliquer un antirouille sur les v\u00e9hicules hybrides ? - Benoit Charette - Annuel automobile - CanadaMotorJobs.com.","robots":{"index":"index","follow":"follow","max-snippet":"max-snippet:-1","max-image-preview":"max-image-preview:large","max-video-preview":"max-video-preview:-1"},"og_locale":"fr_CA","og_type":"article","og_title":"Question du jour: Peut-on appliquer un antirouille sur les v\u00e9hicules hybrides ? - CanadaMotorJobs.com","og_description":"Question du jour: Peut-on appliquer un antirouille sur les v\u00e9hicules hybrides ? - Benoit Charette - Annuel automobile - CanadaMotorJobs.com.","og_url":"https:\/\/news.canadamotorjobs.com\/fr\/question-du-jour-peut-on-appliquer-un-antirouille-sur-les-vehicules-hybrides\/","og_site_name":"CanadaMotorJobs.com","article_publisher":"https:\/\/www.facebook.com\/canadamotorjobs\/","article_published_time":"2023-10-08T14:32:51+00:00","article_modified_time":"2023-10-08T14:44:30+00:00","og_image":[{"url":"https:\/\/annuelauto.ca\/wp-content\/uploads\/2023\/10\/01-2023-Honda-CR-V-Sport-Touring.jpg"}],"author":"Benoit Charette","twitter_card":"summary_large_image","twitter_creator":"@canadamotorjobs","twitter_site":"@canadamotorjobs","twitter_misc":{"\u00c9crit par":"Benoit Charette","Estimation du temps de lecture":"1 minute"},"schema":{"@context":"https:\/\/schema.org","@graph":[{"@type":"Article","@id":"https:\/\/news.canadamotorjobs.com\/fr\/question-du-jour-peut-on-appliquer-un-antirouille-sur-les-vehicules-hybrides\/#article","isPartOf":{"@id":"https:\/\/news.canadamotorjobs.com\/fr\/question-du-jour-peut-on-appliquer-un-antirouille-sur-les-vehicules-hybrides\/"},"author":{"name":"Benoit Charette","@id":"https:\/\/news.canadamotorjobs.com\/#\/schema\/person\/51793d1f87d44011d7bcc2ed99269a90"},"headline":"Question du jour: Peut-on appliquer un antirouille sur les v\u00e9hicules hybrides ?","datePublished":"2023-10-08T14:32:51+00:00","dateModified":"2023-10-08T14:44:30+00:00","mainEntityOfPage":{"@id":"https:\/\/news.canadamotorjobs.com\/fr\/question-du-jour-peut-on-appliquer-un-antirouille-sur-les-vehicules-hybrides\/"},"wordCount":207,"publisher":{"@id":"https:\/\/news.canadamotorjobs.com\/#organization"},"image":{"@id":"https:\/\/news.canadamotorjobs.com\/fr\/question-du-jour-peut-on-appliquer-un-antirouille-sur-les-vehicules-hybrides\/#primaryimage"},"thumbnailUrl":"https:\/\/annuelauto.ca\/wp-content\/uploads\/2023\/10\/01-2023-Honda-CR-V-Sport-Touring.jpg","articleSection":["Annuel automobile"],"inLanguage":"fr-CA"},{"@type":"WebPage","@id":"https:\/\/news.canadamotorjobs.com\/fr\/question-du-jour-peut-on-appliquer-un-antirouille-sur-les-vehicules-hybrides\/","url":"https:\/\/news.canadamotorjobs.com\/fr\/question-du-jour-peut-on-appliquer-un-antirouille-sur-les-vehicules-hybrides\/","name":"Question du jour: Peut-on appliquer un antirouille sur les v\u00e9hicules hybrides ? - CanadaMotorJobs.com","isPartOf":{"@id":"https:\/\/news.canadamotorjobs.com\/#website"},"primaryImageOfPage":{"@id":"https:\/\/news.canadamotorjobs.com\/fr\/question-du-jour-peut-on-appliquer-un-antirouille-sur-les-vehicules-hybrides\/#primaryimage"},"image":{"@id":"https:\/\/news.canadamotorjobs.com\/fr\/question-du-jour-peut-on-appliquer-un-antirouille-sur-les-vehicules-hybrides\/#primaryimage"},"thumbnailUrl":"https:\/\/annuelauto.ca\/wp-content\/uploads\/2023\/10\/01-2023-Honda-CR-V-Sport-Touring.jpg","datePublished":"2023-10-08T14:32:51+00:00","dateModified":"2023-10-08T14:44:30+00:00","description":"Question du jour: Peut-on appliquer un antirouille sur les v\u00e9hicules hybrides ? - Benoit Charette - Annuel automobile - CanadaMotorJobs.com.","breadcrumb":{"@id":"https:\/\/news.canadamotorjobs.com\/fr\/question-du-jour-peut-on-appliquer-un-antirouille-sur-les-vehicules-hybrides\/#breadcrumb"},"inLanguage":"fr-CA","potentialAction":[{"@type":"ReadAction","target":["https:\/\/news.canadamotorjobs.com\/fr\/question-du-jour-peut-on-appliquer-un-antirouille-sur-les-vehicules-hybrides\/"]}]},{"@type":"ImageObject","inLanguage":"fr-CA","@id":"https:\/\/news.canadamotorjobs.com\/fr\/question-du-jour-peut-on-appliquer-un-antirouille-sur-les-vehicules-hybrides\/#primaryimage","url":"https:\/\/annuelauto.ca\/wp-content\/uploads\/2023\/10\/01-2023-Honda-CR-V-Sport-Touring.jpg","contentUrl":"https:\/\/annuelauto.ca\/wp-content\/uploads\/2023\/10\/01-2023-Honda-CR-V-Sport-Touring.jpg"},{"@type":"BreadcrumbList","@id":"https:\/\/news.canadamotorjobs.com\/fr\/question-du-jour-peut-on-appliquer-un-antirouille-sur-les-vehicules-hybrides\/#breadcrumb","itemListElement":[{"@type":"ListItem","position":1,"name":"Home","item":"https:\/\/news.canadamotorjobs.com\/fr\/blog\/"},{"@type":"ListItem","position":2,"name":"Question du jour: Peut-on appliquer un antirouille sur les v\u00e9hicules hybrides ?"}]},{"@type":"WebSite","@id":"https:\/\/news.canadamotorjobs.com\/#website","url":"https:\/\/news.canadamotorjobs.com\/","name":"CanadaMotorJobs.com","description":"Automotive Jobs","publisher":{"@id":"https:\/\/news.canadamotorjobs.com\/#organization"},"potentialAction":[{"@type":"SearchAction","target":{"@type":"EntryPoint","urlTemplate":"https:\/\/news.canadamotorjobs.com\/?s={search_term_string}"},"query-input":"required name=search_term_string"}],"inLanguage":"fr-CA"},{"@type":"Organization","@id":"https:\/\/news.canadamotorjobs.com\/#organization","name":"Canada Motor Jobs","url":"https:\/\/news.canadamotorjobs.com\/","logo":{"@type":"ImageObject","inLanguage":"fr-CA","@id":"https:\/\/news.canadamotorjobs.com\/#\/schema\/logo\/image\/","url":"https:\/\/news.canadamotorjobs.com\/wp-content\/uploads\/2022\/10\/logo-canada-motor-jobs-1.png","contentUrl":"https:\/\/news.canadamotorjobs.com\/wp-content\/uploads\/2022\/10\/logo-canada-motor-jobs-1.png","width":800,"height":400,"caption":"Canada Motor Jobs"},"image":{"@id":"https:\/\/news.canadamotorjobs.com\/#\/schema\/logo\/image\/"},"sameAs":["https:\/\/www.facebook.com\/canadamotorjobs\/","https:\/\/x.com\/canadamotorjobs","https:\/\/www.instagram.com\/canadamotorjobs\/","https:\/\/www.linkedin.com\/company\/canadamotorjobs"]},{"@type":"Person","@id":"https:\/\/news.canadamotorjobs.com\/#\/schema\/person\/51793d1f87d44011d7bcc2ed99269a90","name":"Benoit Charette","image":{"@type":"ImageObject","inLanguage":"fr-CA","@id":"https:\/\/news.canadamotorjobs.com\/#\/schema\/person\/image\/","url":"https:\/\/secure.gravatar.com\/avatar\/45f3d2eebcccd909668d7ce7ea7267b6?s=96&d=mm&r=g","contentUrl":"https:\/\/secure.gravatar.com\/avatar\/45f3d2eebcccd909668d7ce7ea7267b6?s=96&d=mm&r=g","caption":"Benoit Charette"},"description":"Benoit Charette \/ Propri\u00e9taire et r\u00e9dacteur en chef Benoit Charette pratique le journalisme automobile depuis bient\u00f4t 30 ans. Il a fait ses classes au c\u00f4t\u00e9 de Daniel H\u00e9raud et au Carnet de route de 1992 \u00e0 2001. Il est fondateur, copropri\u00e9taire et r\u00e9dacteur en chef de L\u2019Annuel de l\u2019automobile, qu\u2019il publie depuis 2001. Il a anim\u00e9 les \u00e9missions RPM et RPM+ sur V et les L\u00e9gendes de la route sur Historia. \u00c0 la radio depuis 1986, il reprend l\u2019antenne cette ann\u00e9e sur les ondes de Cogeco et participe pour la deuxi\u00e8me ann\u00e9e \u00e0 l\u2019\u00e9mission Passion Auto sur RDS en plus de mettre en ligne le site Web officiel de L\u2019Annuel de l\u2019automobile sur annuelauto.ca.","sameAs":["https:\/\/annuelauto.ca\/"],"url":"https:\/\/news.canadamotorjobs.com\/fr\/author\/benoit-charette\/"}]}},"_links":{"self":[{"href":"https:\/\/news.canadamotorjobs.com\/fr\/wp-json\/wp\/v2\/posts\/152381"}],"collection":[{"href":"https:\/\/news.canadamotorjobs.com\/fr\/wp-json\/wp\/v2\/posts"}],"about":[{"href":"https:\/\/news.canadamotorjobs.com\/fr\/wp-json\/wp\/v2\/types\/post"}],"author":[{"embeddable":true,"href":"https:\/\/news.canadamotorjobs.com\/fr\/wp-json\/wp\/v2\/users\/8"}],"replies":[{"embeddable":true,"href":"https:\/\/news.canadamotorjobs.com\/fr\/wp-json\/wp\/v2\/comments?post=152381"}],"version-history":[{"count":1,"href":"https:\/\/news.canadamotorjobs.com\/fr\/wp-json\/wp\/v2\/posts\/152381\/revisions"}],"predecessor-version":[{"id":152382,"href":"https:\/\/news.canadamotorjobs.com\/fr\/wp-json\/wp\/v2\/posts\/152381\/revisions\/152382"}],"wp:attachment":[{"href":"https:\/\/news.canadamotorjobs.com\/fr\/wp-json\/wp\/v2\/media?parent=152381"}],"wp:term":[{"taxonomy":"category","embeddable":true,"href":"https:\/\/news.canadamotorjobs.com\/fr\/wp-json\/wp\/v2\/categories?post=152381"},{"taxonomy":"post_tag","embeddable":true,"href":"https:\/\/news.canadamotorjobs.com\/fr\/wp-json\/wp\/v2\/tags?post=152381"}],"curies":[{"name":"wp","href":"https:\/\/api.w.org\/{rel}","templated":true}]}}