{"id":152375,"date":"2023-10-06T06:06:03","date_gmt":"2023-10-06T10:06:03","guid":{"rendered":"https:\/\/news.canadamotorjobs.com\/?p=152375"},"modified":"2023-10-06T06:14:21","modified_gmt":"2023-10-06T10:14:21","slug":"6-octobre-1938-ford-cree-la-compagnie-mercury","status":"publish","type":"post","link":"https:\/\/news.canadamotorjobs.com\/fr\/6-octobre-1938-ford-cree-la-compagnie-mercury\/","title":{"rendered":"6 octobre 1938\u00a0: Ford cr\u00e9e la compagnie Mercury"},"content":{"rendered":"<p><img loading=\"lazy\" decoding=\"async\" width=\"735\" height=\"478\" src=\"https:\/\/annuelauto.ca\/wp-content\/uploads\/2023\/10\/d0af69ea530832d3490bf0e9453b6fe1.jpg\" class=\"attachment-post-thumbnail size-post-thumbnail wp-post-image\" alt=\"\" \/><\/p>\n<p>Sous la direction d&#8217;Edsel Ford, le g\u00e9ant am\u00e9ricain a d\u00e9couvert qu&#8217;il devait \u00e9tendre sa pr\u00e9sence de marque pour rivaliser avec ses plus grands concurrents. En 1935, Ford ne proposait que sa propre marque et les voitures de sa division Lincoln. Contrairement a GM qui avait sept divisions et Chrysler qui en comptait quatre.<\/p>\n<h3>Entre Ford et Lincoln<\/h3>\n<p>\nS\u00e9lectionn\u00e9 personnellement par Edsel Ford parmi plus de 100 noms potentiels de mod\u00e8les et de marques, le nom du dieu romain Mercure avait d\u00e9j\u00e0 \u00e9t\u00e9 utilis\u00e9 dans l&#8217;industrie automobile. En plus de son utilisation par Chevrolet en 1933 (Chevrolet Mercury), Mercury \u00e9tait le nom de sept entreprises distinctes de 1903 \u00e0 1923 (chacune ayant fait faillite dans les deux ans suivant son ouverture), notamment un fabricant de voitures \u00e0 vapeur \u00e0 San Francisco, en Californie, et la Mercury Cyclecar Company, un fabricant de voitures de D\u00e9troit. Le nom de Mercury a officiellement \u00e9t\u00e9 approuv\u00e9 le 6 octobre 1938.<\/p>\n<h3>Pr\u00e9sentation au Salon de New York<\/h3>\n<p>\nLe mois suivant, Edsel Ford a pr\u00e9sent\u00e9 les premiers mod\u00e8les au Salon de New York. La Mercury Eight en plus d&#8217;une berline deux portes et d&#8217;une berline quatre portes, la Mercury a \u00e9galement \u00e9t\u00e9 introduite en tant que cabriolet deux portes et en tant que berline deux portes. La conception de la carrosserie \u00e9tait supervis\u00e9e par E.T. &#8216;Bob&#8217; Gregorie. Bien que similaire dans son concept \u00e0 la De Luxe Ford l\u00e9g\u00e8rement restyl\u00e9e, la Mercury V8 \u00e9tait une voiture enti\u00e8rement nouvelle, de taille interm\u00e9diaire entre la Ford V8 et la Lincoln-Zephyr V12.<\/p>\n<p>\u00a0<\/p>\n<p>Le texte <a rel=\"nofollow\" href=\"https:\/\/annuelauto.ca\/6-octobre-1938-ford-cree-la-compagnie-mercury\/\">6 octobre 1938\u00a0: Ford cr\u00e9e la compagnie Mercury<\/a> provient de <a rel=\"nofollow\" href=\"https:\/\/annuelauto.ca\">L&#8217;annuel de l&#8217;automobile &#8211; Actualit\u00e9 automobile<\/a><\/p>\n<p><\/p>\n","protected":false},"excerpt":{"rendered":"<p>Sous la direction d&#8217;Edsel Ford, le g\u00e9ant am\u00e9ricain a d\u00e9couvert qu&#8217;il devait \u00e9tendre sa pr\u00e9sence de marque pour rivaliser avec ses plus grands concurrents. En 1935, Ford ne proposait que sa propre marque et les voitures de sa division Lincoln. Contrairement a GM qui avait sept divisions et Chrysler qui en comptait quatre. Entre Ford [&hellip;]<\/p>\n","protected":false},"author":8,"featured_media":0,"comment_status":"close","ping_status":"closed","sticky":false,"template":"","format":"standard","meta":{"_monsterinsights_skip_tracking":false,"_monsterinsights_sitenote_active":false,"_monsterinsights_sitenote_note":"","_monsterinsights_sitenote_category":0,"footnotes":""},"categories":[101],"tags":[],"yoast_head":"<!-- This site is optimized with the Yoast SEO plugin v23.2 - https:\/\/yoast.com\/wordpress\/plugins\/seo\/ -->\n<title>6 octobre 1938\u00a0: Ford cr\u00e9e la compagnie Mercury - CanadaMotorJobs.com<\/title>\n<meta name=\"description\" content=\"6 octobre 1938\u00a0: Ford cr\u00e9e la compagnie Mercury - Benoit Charette - Annuel automobile - CanadaMotorJobs.com.\" \/>\n<meta name=\"robots\" content=\"index, follow, max-snippet:-1, max-image-preview:large, max-video-preview:-1\" \/>\n<meta property=\"og:locale\" content=\"fr_CA\" \/>\n<meta property=\"og:type\" content=\"article\" \/>\n<meta property=\"og:title\" content=\"6 octobre 1938\u00a0: Ford cr\u00e9e la compagnie Mercury - CanadaMotorJobs.com\" \/>\n<meta property=\"og:description\" content=\"6 octobre 1938\u00a0: Ford cr\u00e9e la compagnie Mercury - Benoit Charette - Annuel automobile - CanadaMotorJobs.com.\" \/>\n<meta property=\"og:url\" content=\"https:\/\/news.canadamotorjobs.com\/fr\/6-octobre-1938-ford-cree-la-compagnie-mercury\/\" \/>\n<meta property=\"og:site_name\" content=\"CanadaMotorJobs.com\" \/>\n<meta property=\"article:publisher\" content=\"https:\/\/www.facebook.com\/canadamotorjobs\/\" \/>\n<meta property=\"article:published_time\" content=\"2023-10-06T10:06:03+00:00\" \/>\n<meta property=\"article:modified_time\" content=\"2023-10-06T10:14:21+00:00\" \/>\n<meta property=\"og:image\" content=\"https:\/\/annuelauto.ca\/wp-content\/uploads\/2023\/10\/d0af69ea530832d3490bf0e9453b6fe1.jpg\" \/>\n<meta name=\"author\" content=\"Benoit Charette\" \/>\n<meta name=\"twitter:card\" content=\"summary_large_image\" \/>\n<meta name=\"twitter:creator\" content=\"@canadamotorjobs\" \/>\n<meta name=\"twitter:site\" content=\"@canadamotorjobs\" \/>\n<meta name=\"twitter:label1\" content=\"\u00c9crit par\" \/>\n\t<meta name=\"twitter:data1\" content=\"Benoit Charette\" \/>\n\t<meta name=\"twitter:label2\" content=\"Estimation du temps de lecture\" \/>\n\t<meta name=\"twitter:data2\" content=\"1 minute\" \/>\n<!-- \/ Yoast SEO plugin. -->","yoast_head_json":{"title":"6 octobre 1938\u00a0: Ford cr\u00e9e la compagnie Mercury - CanadaMotorJobs.com","description":"6 octobre 1938\u00a0: Ford cr\u00e9e la compagnie Mercury - Benoit Charette - Annuel automobile - CanadaMotorJobs.com.","robots":{"index":"index","follow":"follow","max-snippet":"max-snippet:-1","max-image-preview":"max-image-preview:large","max-video-preview":"max-video-preview:-1"},"og_locale":"fr_CA","og_type":"article","og_title":"6 octobre 1938\u00a0: Ford cr\u00e9e la compagnie Mercury - CanadaMotorJobs.com","og_description":"6 octobre 1938\u00a0: Ford cr\u00e9e la compagnie Mercury - Benoit Charette - Annuel automobile - CanadaMotorJobs.com.","og_url":"https:\/\/news.canadamotorjobs.com\/fr\/6-octobre-1938-ford-cree-la-compagnie-mercury\/","og_site_name":"CanadaMotorJobs.com","article_publisher":"https:\/\/www.facebook.com\/canadamotorjobs\/","article_published_time":"2023-10-06T10:06:03+00:00","article_modified_time":"2023-10-06T10:14:21+00:00","og_image":[{"url":"https:\/\/annuelauto.ca\/wp-content\/uploads\/2023\/10\/d0af69ea530832d3490bf0e9453b6fe1.jpg"}],"author":"Benoit Charette","twitter_card":"summary_large_image","twitter_creator":"@canadamotorjobs","twitter_site":"@canadamotorjobs","twitter_misc":{"\u00c9crit par":"Benoit Charette","Estimation du temps de lecture":"1 minute"},"schema":{"@context":"https:\/\/schema.org","@graph":[{"@type":"Article","@id":"https:\/\/news.canadamotorjobs.com\/fr\/6-octobre-1938-ford-cree-la-compagnie-mercury\/#article","isPartOf":{"@id":"https:\/\/news.canadamotorjobs.com\/fr\/6-octobre-1938-ford-cree-la-compagnie-mercury\/"},"author":{"name":"Benoit Charette","@id":"https:\/\/news.canadamotorjobs.com\/#\/schema\/person\/51793d1f87d44011d7bcc2ed99269a90"},"headline":"6 octobre 1938\u00a0: Ford cr\u00e9e la compagnie Mercury","datePublished":"2023-10-06T10:06:03+00:00","dateModified":"2023-10-06T10:14:21+00:00","mainEntityOfPage":{"@id":"https:\/\/news.canadamotorjobs.com\/fr\/6-octobre-1938-ford-cree-la-compagnie-mercury\/"},"wordCount":290,"publisher":{"@id":"https:\/\/news.canadamotorjobs.com\/#organization"},"image":{"@id":"https:\/\/news.canadamotorjobs.com\/fr\/6-octobre-1938-ford-cree-la-compagnie-mercury\/#primaryimage"},"thumbnailUrl":"https:\/\/annuelauto.ca\/wp-content\/uploads\/2023\/10\/d0af69ea530832d3490bf0e9453b6fe1.jpg","articleSection":["Annuel automobile"],"inLanguage":"fr-CA"},{"@type":"WebPage","@id":"https:\/\/news.canadamotorjobs.com\/fr\/6-octobre-1938-ford-cree-la-compagnie-mercury\/","url":"https:\/\/news.canadamotorjobs.com\/fr\/6-octobre-1938-ford-cree-la-compagnie-mercury\/","name":"6 octobre 1938\u00a0: Ford cr\u00e9e la compagnie Mercury - CanadaMotorJobs.com","isPartOf":{"@id":"https:\/\/news.canadamotorjobs.com\/#website"},"primaryImageOfPage":{"@id":"https:\/\/news.canadamotorjobs.com\/fr\/6-octobre-1938-ford-cree-la-compagnie-mercury\/#primaryimage"},"image":{"@id":"https:\/\/news.canadamotorjobs.com\/fr\/6-octobre-1938-ford-cree-la-compagnie-mercury\/#primaryimage"},"thumbnailUrl":"https:\/\/annuelauto.ca\/wp-content\/uploads\/2023\/10\/d0af69ea530832d3490bf0e9453b6fe1.jpg","datePublished":"2023-10-06T10:06:03+00:00","dateModified":"2023-10-06T10:14:21+00:00","description":"6 octobre 1938\u00a0: Ford cr\u00e9e la compagnie Mercury - Benoit Charette - Annuel automobile - CanadaMotorJobs.com.","breadcrumb":{"@id":"https:\/\/news.canadamotorjobs.com\/fr\/6-octobre-1938-ford-cree-la-compagnie-mercury\/#breadcrumb"},"inLanguage":"fr-CA","potentialAction":[{"@type":"ReadAction","target":["https:\/\/news.canadamotorjobs.com\/fr\/6-octobre-1938-ford-cree-la-compagnie-mercury\/"]}]},{"@type":"ImageObject","inLanguage":"fr-CA","@id":"https:\/\/news.canadamotorjobs.com\/fr\/6-octobre-1938-ford-cree-la-compagnie-mercury\/#primaryimage","url":"https:\/\/annuelauto.ca\/wp-content\/uploads\/2023\/10\/d0af69ea530832d3490bf0e9453b6fe1.jpg","contentUrl":"https:\/\/annuelauto.ca\/wp-content\/uploads\/2023\/10\/d0af69ea530832d3490bf0e9453b6fe1.jpg"},{"@type":"BreadcrumbList","@id":"https:\/\/news.canadamotorjobs.com\/fr\/6-octobre-1938-ford-cree-la-compagnie-mercury\/#breadcrumb","itemListElement":[{"@type":"ListItem","position":1,"name":"Home","item":"https:\/\/news.canadamotorjobs.com\/fr\/blog\/"},{"@type":"ListItem","position":2,"name":"6 octobre 1938\u00a0: Ford cr\u00e9e la compagnie Mercury"}]},{"@type":"WebSite","@id":"https:\/\/news.canadamotorjobs.com\/#website","url":"https:\/\/news.canadamotorjobs.com\/","name":"CanadaMotorJobs.com","description":"Automotive Jobs","publisher":{"@id":"https:\/\/news.canadamotorjobs.com\/#organization"},"potentialAction":[{"@type":"SearchAction","target":{"@type":"EntryPoint","urlTemplate":"https:\/\/news.canadamotorjobs.com\/?s={search_term_string}"},"query-input":"required name=search_term_string"}],"inLanguage":"fr-CA"},{"@type":"Organization","@id":"https:\/\/news.canadamotorjobs.com\/#organization","name":"Canada Motor Jobs","url":"https:\/\/news.canadamotorjobs.com\/","logo":{"@type":"ImageObject","inLanguage":"fr-CA","@id":"https:\/\/news.canadamotorjobs.com\/#\/schema\/logo\/image\/","url":"https:\/\/news.canadamotorjobs.com\/wp-content\/uploads\/2022\/10\/logo-canada-motor-jobs-1.png","contentUrl":"https:\/\/news.canadamotorjobs.com\/wp-content\/uploads\/2022\/10\/logo-canada-motor-jobs-1.png","width":800,"height":400,"caption":"Canada Motor Jobs"},"image":{"@id":"https:\/\/news.canadamotorjobs.com\/#\/schema\/logo\/image\/"},"sameAs":["https:\/\/www.facebook.com\/canadamotorjobs\/","https:\/\/x.com\/canadamotorjobs","https:\/\/www.instagram.com\/canadamotorjobs\/","https:\/\/www.linkedin.com\/company\/canadamotorjobs"]},{"@type":"Person","@id":"https:\/\/news.canadamotorjobs.com\/#\/schema\/person\/51793d1f87d44011d7bcc2ed99269a90","name":"Benoit Charette","image":{"@type":"ImageObject","inLanguage":"fr-CA","@id":"https:\/\/news.canadamotorjobs.com\/#\/schema\/person\/image\/","url":"https:\/\/secure.gravatar.com\/avatar\/45f3d2eebcccd909668d7ce7ea7267b6?s=96&d=mm&r=g","contentUrl":"https:\/\/secure.gravatar.com\/avatar\/45f3d2eebcccd909668d7ce7ea7267b6?s=96&d=mm&r=g","caption":"Benoit Charette"},"description":"Benoit Charette \/ Propri\u00e9taire et r\u00e9dacteur en chef Benoit Charette pratique le journalisme automobile depuis bient\u00f4t 30 ans. Il a fait ses classes au c\u00f4t\u00e9 de Daniel H\u00e9raud et au Carnet de route de 1992 \u00e0 2001. Il est fondateur, copropri\u00e9taire et r\u00e9dacteur en chef de L\u2019Annuel de l\u2019automobile, qu\u2019il publie depuis 2001. Il a anim\u00e9 les \u00e9missions RPM et RPM+ sur V et les L\u00e9gendes de la route sur Historia. \u00c0 la radio depuis 1986, il reprend l\u2019antenne cette ann\u00e9e sur les ondes de Cogeco et participe pour la deuxi\u00e8me ann\u00e9e \u00e0 l\u2019\u00e9mission Passion Auto sur RDS en plus de mettre en ligne le site Web officiel de L\u2019Annuel de l\u2019automobile sur annuelauto.ca.","sameAs":["https:\/\/annuelauto.ca\/"],"url":"https:\/\/news.canadamotorjobs.com\/fr\/author\/benoit-charette\/"}]}},"_links":{"self":[{"href":"https:\/\/news.canadamotorjobs.com\/fr\/wp-json\/wp\/v2\/posts\/152375"}],"collection":[{"href":"https:\/\/news.canadamotorjobs.com\/fr\/wp-json\/wp\/v2\/posts"}],"about":[{"href":"https:\/\/news.canadamotorjobs.com\/fr\/wp-json\/wp\/v2\/types\/post"}],"author":[{"embeddable":true,"href":"https:\/\/news.canadamotorjobs.com\/fr\/wp-json\/wp\/v2\/users\/8"}],"replies":[{"embeddable":true,"href":"https:\/\/news.canadamotorjobs.com\/fr\/wp-json\/wp\/v2\/comments?post=152375"}],"version-history":[{"count":1,"href":"https:\/\/news.canadamotorjobs.com\/fr\/wp-json\/wp\/v2\/posts\/152375\/revisions"}],"predecessor-version":[{"id":152376,"href":"https:\/\/news.canadamotorjobs.com\/fr\/wp-json\/wp\/v2\/posts\/152375\/revisions\/152376"}],"wp:attachment":[{"href":"https:\/\/news.canadamotorjobs.com\/fr\/wp-json\/wp\/v2\/media?parent=152375"}],"wp:term":[{"taxonomy":"category","embeddable":true,"href":"https:\/\/news.canadamotorjobs.com\/fr\/wp-json\/wp\/v2\/categories?post=152375"},{"taxonomy":"post_tag","embeddable":true,"href":"https:\/\/news.canadamotorjobs.com\/fr\/wp-json\/wp\/v2\/tags?post=152375"}],"curies":[{"name":"wp","href":"https:\/\/api.w.org\/{rel}","templated":true}]}}