{"id":152373,"date":"2023-10-05T12:15:07","date_gmt":"2023-10-05T16:15:07","guid":{"rendered":"https:\/\/news.canadamotorjobs.com\/?p=152373"},"modified":"2023-10-05T12:17:13","modified_gmt":"2023-10-05T16:17:13","slug":"suivons-nous-le-bon-chemin-pour-les-vehicules-electriques","status":"publish","type":"post","link":"https:\/\/news.canadamotorjobs.com\/fr\/suivons-nous-le-bon-chemin-pour-les-vehicules-electriques\/","title":{"rendered":"Suivons-nous le bon chemin pour les v\u00e9hicules \u00e9lectriques\u2009?"},"content":{"rendered":"<p><img loading=\"lazy\" decoding=\"async\" width=\"1920\" height=\"1282\" src=\"https:\/\/annuelauto.ca\/wp-content\/uploads\/2023\/10\/electric-vehicle-ev-road-trip-1-3.jpg\" class=\"attachment-post-thumbnail size-post-thumbnail wp-post-image\" alt=\"\" \/><\/p>\n<p>Alors que le mouvement \u00e9lectrique est encore \u00e0 ses premiers balbutiements, on sent d\u00e9.j\u00e0 un malaise dans la population. Est-ce un ph\u00e9nom\u00e8ne temporaire ou l\u2019industrie vient de frapper un premier mur. Il est difficile d\u2019envisager avec la technologie actuelle qu\u2019un v\u00e9hicule \u00e9lectrique sera un jour \u00e0 la port\u00e9e de toutes les bourses.<\/p>\n<h3>Oui, mais il y a la Norv\u00e8ge<\/h3>\n<p>\nLa Norv\u00e8ge d\u00e9tient le record mondial de l&#8217;adoption des v\u00e9hicules \u00e9lectriques (BEV), avec une part de march\u00e9 de 79,2\u00a0% en 2022. Mais ce succ\u00e8s est-il principalement attribuable \u00e0 la qualit\u00e9 des voitures \u00e9lectriques\u2009? Pas vraiment, car il est largement d\u00fb aux subventions gouvernementales. Les automobilistes, propri\u00e9taires de V\u00c9 ont b\u00e9n\u00e9fici\u00e9, aux fils des ans, de divers avantages, tels que l&#8217;exon\u00e9ration des p\u00e9ages routiers depuis 1997, la possibilit\u00e9 de se garer gratuitement en ville depuis 1999 (avantages qui ont pris fin en 2017), et l&#8217;exemption de la TVA de 25\u00a0% en 2001, sauf pour les v\u00e9hicules d&#8217;une valeur sup\u00e9rieure \u00e0 500 000 couronnes norv\u00e9giennes (62\u00a0413 dollars). D\u2019un autre c\u00f4t\u00e9 vous \u00eates si lourdement tax\u00e9 \u00e0 l\u2019achat d\u2019un v\u00e9hicule \u00e0 essence qu\u2019il est surprenant que le taux d\u2019adoption \u00e9lectrique ne soit pas de 100\u00a0%. Ce n\u2019est donc pas un choix de citoyen, mais une imposition gouvernementale<\/p>\n<h3><strong>Et que dire de la Chine<\/strong><\/h3>\n<p>\nEn Chine, le gouvernement a adopt\u00e9 une approche diff\u00e9rente pour promouvoir les BEV. Dans les grandes villes comme Shanghai, il est difficile d&#8217;acheter une voiture \u00e0 moteur \u00e0 combustion interne sans une plaque d&#8217;immatriculation co\u00fbteuse, tr\u00e8s co\u00fbteuse. \u00c0 Shanghai, une plaque pour un v\u00e9hicule \u00e0 essence co\u00fbte 10 000\u00a0$ US.\u00a0 Il n\u2019es co\u00fbte rien pour les v\u00e9hicules \u00e9lectriques. La pr\u00e9occupation pour la qualit\u00e9 de l&#8217;air dans les m\u00e9gapoles chinoises a jou\u00e9 un r\u00f4le majeur dans cette d\u00e9cision, avec la sant\u00e9 publique comme principal moteur.<\/p>\n<h3><strong>Et chez nous<\/strong><\/h3>\n<p>\nAux \u00c9tats-Unis, malgr\u00e9 les incitations gouvernementales, l&#8217;adoption des v\u00e9hicules \u00e9lectriques n&#8217;a pas r\u00e9pondu aux attentes. Les stocks de voitures \u00e9lectriques s&#8217;accumulent, et m\u00eame en Europe, certaines voitures \u00e9lectriques voient leur production r\u00e9duite en raison du manque de demande. Au Canada, le Qu\u00e9bec et la Colombie-Britannique combinent \u00e0 eux seuls pr\u00e8s de 80\u00a0% des ventes du pays en raison des subventions provinciales que s\u2019ajoute \u00e0 celle du f\u00e9d\u00e9ral.<\/p>\n<h3><strong>Avec ou sans subventions<\/strong><\/h3>\n<p>\nLes partisans des V\u00c9S soutiennent que les subventions sont n\u00e9cessaires pour compenser le co\u00fbt plus \u00e9lev\u00e9 de ces v\u00e9hicules. D\u2019autres vous diront que si les subventions disparaissent, les constructeurs vont baisser le prix des mod\u00e8les \u00e9lectriques. La v\u00e9ritable r\u00e9side dans le d\u00e9veloppement de nouvelles technologies de batterie qui r\u00e9duiraient le co\u00fbt des v\u00e9hicules \u00e9lectriques sans n\u00e9cessiter d&#8217;aides gouvernementales. La v\u00e9rit\u00e9 est toute simple. En ce moment, seuls les gens bien nantis ont les moyens de faire l\u2019achat d\u2019un mod\u00e8le \u00e9lectrique. Si les gouvernements du monde entier veulent atteindre les objectifs mis de l\u2019avant sans vider les coffres de l\u2019\u00e9tat, il faut trouver une solution pour diminuer rapidement le co\u00fbt des V\u00c9S. Si l\u2019on veut un jour 40, 50 ou 60\u00a0% de la population passer \u00e0 l\u2019\u00e9lectrique, il faut couper les prix de moiti\u00e9, sinon la bataille est d\u00e9j\u00e0 perdue.<\/p>\n<h3><strong>L&#8217;infrastructure de recharge<\/strong><\/h3>\n<p>\nUn autre d\u00e9fi majeur pour les V\u00c9S est l&#8217;infrastructure de recharge. Les chargeurs rapides sont encore trop rares, et les temps de recharge restent longs. L&#8217;expansion de cette infrastructure est cruciale pour accro\u00eetre l&#8217;adoption des mod\u00e8les \u00e9lectriques. La technologie des batteries devrait \u00e9galement \u00e9voluer pour r\u00e9duire les temps de charge.<\/p>\n<h3><strong>La bataille n\u2019est pas gagn\u00e9e<\/strong><\/h3>\n<p>\nEn fin de compte, malgr\u00e9 les avantages et les incitations gouvernementales, les v\u00e9hicules \u00e9lectriques sont confront\u00e9s \u00e0 des d\u00e9fis majeurs pour devenir la norme. La r\u00e9duction des co\u00fbts, l&#8217;expansion de l&#8217;infrastructure de recharge et le d\u00e9veloppement de nouvelles technologies de batterie sont essentiels pour assurer le succ\u00e8s \u00e0 long terme. Les subventions gouvernementales peuvent stimuler l&#8217;adoption, mais elles ne doivent pas masquer les probl\u00e8mes sous-jacents de cette transition vers la mobilit\u00e9 \u00e9lectrique. L\u2019adoption d\u00e9finitive viendra de la population et non des gouvernements. Il faudra que l\u2019industrie comprenne que si on revient 100 ans en arri\u00e8re \u00e0 l\u2019\u00e9poque ou l\u2019automobile \u00e9tait r\u00e9serv\u00e9e aux bien nantis, la bataille est d\u00e9j\u00e0 perdue.<\/p>\n<p>\u00a0<\/p>\n<p>\u00a0<\/p>\n<p>Le texte <a rel=\"nofollow\" href=\"https:\/\/annuelauto.ca\/suivons-nous-le-bon-chemin-pour-les-vehicules-electriques%e2%80%89\/\">Suivons-nous le bon chemin pour les v\u00e9hicules \u00e9lectriques\u2009?<\/a> provient de <a rel=\"nofollow\" href=\"https:\/\/annuelauto.ca\">L&#8217;annuel de l&#8217;automobile &#8211; Actualit\u00e9 automobile<\/a><\/p>\n<p><\/p>\n","protected":false},"excerpt":{"rendered":"<p>Alors que le mouvement \u00e9lectrique est encore \u00e0 ses premiers balbutiements, on sent d\u00e9.j\u00e0 un malaise dans la population. Est-ce un ph\u00e9nom\u00e8ne temporaire ou l\u2019industrie vient de frapper un premier mur. Il est difficile d\u2019envisager avec la technologie actuelle qu\u2019un v\u00e9hicule \u00e9lectrique sera un jour \u00e0 la port\u00e9e de toutes les bourses. Oui, mais il [&hellip;]<\/p>\n","protected":false},"author":8,"featured_media":0,"comment_status":"close","ping_status":"closed","sticky":false,"template":"","format":"standard","meta":{"_monsterinsights_skip_tracking":false,"_monsterinsights_sitenote_active":false,"_monsterinsights_sitenote_note":"","_monsterinsights_sitenote_category":0,"footnotes":""},"categories":[101],"tags":[],"yoast_head":"<!-- This site is optimized with the Yoast SEO plugin v23.2 - https:\/\/yoast.com\/wordpress\/plugins\/seo\/ -->\n<title>Suivons-nous le bon chemin pour les v\u00e9hicules \u00e9lectriques\u2009? - CanadaMotorJobs.com<\/title>\n<meta name=\"description\" content=\"Suivons-nous le bon chemin pour les v\u00e9hicules \u00e9lectriques\u2009? - Benoit Charette - Annuel automobile - CanadaMotorJobs.com.\" \/>\n<meta name=\"robots\" content=\"index, follow, max-snippet:-1, max-image-preview:large, max-video-preview:-1\" \/>\n<meta property=\"og:locale\" content=\"fr_CA\" \/>\n<meta property=\"og:type\" content=\"article\" \/>\n<meta property=\"og:title\" content=\"Suivons-nous le bon chemin pour les v\u00e9hicules \u00e9lectriques\u2009? - CanadaMotorJobs.com\" \/>\n<meta property=\"og:description\" content=\"Suivons-nous le bon chemin pour les v\u00e9hicules \u00e9lectriques\u2009? - Benoit Charette - Annuel automobile - CanadaMotorJobs.com.\" \/>\n<meta property=\"og:url\" content=\"https:\/\/news.canadamotorjobs.com\/fr\/suivons-nous-le-bon-chemin-pour-les-vehicules-electriques\/\" \/>\n<meta property=\"og:site_name\" content=\"CanadaMotorJobs.com\" \/>\n<meta property=\"article:publisher\" content=\"https:\/\/www.facebook.com\/canadamotorjobs\/\" \/>\n<meta property=\"article:published_time\" content=\"2023-10-05T16:15:07+00:00\" \/>\n<meta property=\"article:modified_time\" content=\"2023-10-05T16:17:13+00:00\" \/>\n<meta property=\"og:image\" content=\"https:\/\/annuelauto.ca\/wp-content\/uploads\/2023\/10\/electric-vehicle-ev-road-trip-1-3.jpg\" \/>\n<meta name=\"author\" content=\"Benoit Charette\" \/>\n<meta name=\"twitter:card\" content=\"summary_large_image\" \/>\n<meta name=\"twitter:creator\" content=\"@canadamotorjobs\" \/>\n<meta name=\"twitter:site\" content=\"@canadamotorjobs\" \/>\n<meta name=\"twitter:label1\" content=\"\u00c9crit par\" \/>\n\t<meta name=\"twitter:data1\" content=\"Benoit Charette\" \/>\n\t<meta name=\"twitter:label2\" content=\"Estimation du temps de lecture\" \/>\n\t<meta name=\"twitter:data2\" content=\"4 minutes\" \/>\n<!-- \/ Yoast SEO plugin. -->","yoast_head_json":{"title":"Suivons-nous le bon chemin pour les v\u00e9hicules \u00e9lectriques\u2009? - CanadaMotorJobs.com","description":"Suivons-nous le bon chemin pour les v\u00e9hicules \u00e9lectriques\u2009? - Benoit Charette - Annuel automobile - CanadaMotorJobs.com.","robots":{"index":"index","follow":"follow","max-snippet":"max-snippet:-1","max-image-preview":"max-image-preview:large","max-video-preview":"max-video-preview:-1"},"og_locale":"fr_CA","og_type":"article","og_title":"Suivons-nous le bon chemin pour les v\u00e9hicules \u00e9lectriques\u2009? - CanadaMotorJobs.com","og_description":"Suivons-nous le bon chemin pour les v\u00e9hicules \u00e9lectriques\u2009? - Benoit Charette - Annuel automobile - CanadaMotorJobs.com.","og_url":"https:\/\/news.canadamotorjobs.com\/fr\/suivons-nous-le-bon-chemin-pour-les-vehicules-electriques\/","og_site_name":"CanadaMotorJobs.com","article_publisher":"https:\/\/www.facebook.com\/canadamotorjobs\/","article_published_time":"2023-10-05T16:15:07+00:00","article_modified_time":"2023-10-05T16:17:13+00:00","og_image":[{"url":"https:\/\/annuelauto.ca\/wp-content\/uploads\/2023\/10\/electric-vehicle-ev-road-trip-1-3.jpg"}],"author":"Benoit Charette","twitter_card":"summary_large_image","twitter_creator":"@canadamotorjobs","twitter_site":"@canadamotorjobs","twitter_misc":{"\u00c9crit par":"Benoit Charette","Estimation du temps de lecture":"4 minutes"},"schema":{"@context":"https:\/\/schema.org","@graph":[{"@type":"Article","@id":"https:\/\/news.canadamotorjobs.com\/fr\/suivons-nous-le-bon-chemin-pour-les-vehicules-electriques\/#article","isPartOf":{"@id":"https:\/\/news.canadamotorjobs.com\/fr\/suivons-nous-le-bon-chemin-pour-les-vehicules-electriques\/"},"author":{"name":"Benoit Charette","@id":"https:\/\/news.canadamotorjobs.com\/#\/schema\/person\/51793d1f87d44011d7bcc2ed99269a90"},"headline":"Suivons-nous le bon chemin pour les v\u00e9hicules \u00e9lectriques\u2009?","datePublished":"2023-10-05T16:15:07+00:00","dateModified":"2023-10-05T16:17:13+00:00","mainEntityOfPage":{"@id":"https:\/\/news.canadamotorjobs.com\/fr\/suivons-nous-le-bon-chemin-pour-les-vehicules-electriques\/"},"wordCount":786,"publisher":{"@id":"https:\/\/news.canadamotorjobs.com\/#organization"},"image":{"@id":"https:\/\/news.canadamotorjobs.com\/fr\/suivons-nous-le-bon-chemin-pour-les-vehicules-electriques\/#primaryimage"},"thumbnailUrl":"https:\/\/annuelauto.ca\/wp-content\/uploads\/2023\/10\/electric-vehicle-ev-road-trip-1-3.jpg","articleSection":["Annuel automobile"],"inLanguage":"fr-CA"},{"@type":"WebPage","@id":"https:\/\/news.canadamotorjobs.com\/fr\/suivons-nous-le-bon-chemin-pour-les-vehicules-electriques\/","url":"https:\/\/news.canadamotorjobs.com\/fr\/suivons-nous-le-bon-chemin-pour-les-vehicules-electriques\/","name":"Suivons-nous le bon chemin pour les v\u00e9hicules \u00e9lectriques\u2009? - CanadaMotorJobs.com","isPartOf":{"@id":"https:\/\/news.canadamotorjobs.com\/#website"},"primaryImageOfPage":{"@id":"https:\/\/news.canadamotorjobs.com\/fr\/suivons-nous-le-bon-chemin-pour-les-vehicules-electriques\/#primaryimage"},"image":{"@id":"https:\/\/news.canadamotorjobs.com\/fr\/suivons-nous-le-bon-chemin-pour-les-vehicules-electriques\/#primaryimage"},"thumbnailUrl":"https:\/\/annuelauto.ca\/wp-content\/uploads\/2023\/10\/electric-vehicle-ev-road-trip-1-3.jpg","datePublished":"2023-10-05T16:15:07+00:00","dateModified":"2023-10-05T16:17:13+00:00","description":"Suivons-nous le bon chemin pour les v\u00e9hicules \u00e9lectriques\u2009? - Benoit Charette - Annuel automobile - CanadaMotorJobs.com.","breadcrumb":{"@id":"https:\/\/news.canadamotorjobs.com\/fr\/suivons-nous-le-bon-chemin-pour-les-vehicules-electriques\/#breadcrumb"},"inLanguage":"fr-CA","potentialAction":[{"@type":"ReadAction","target":["https:\/\/news.canadamotorjobs.com\/fr\/suivons-nous-le-bon-chemin-pour-les-vehicules-electriques\/"]}]},{"@type":"ImageObject","inLanguage":"fr-CA","@id":"https:\/\/news.canadamotorjobs.com\/fr\/suivons-nous-le-bon-chemin-pour-les-vehicules-electriques\/#primaryimage","url":"https:\/\/annuelauto.ca\/wp-content\/uploads\/2023\/10\/electric-vehicle-ev-road-trip-1-3.jpg","contentUrl":"https:\/\/annuelauto.ca\/wp-content\/uploads\/2023\/10\/electric-vehicle-ev-road-trip-1-3.jpg"},{"@type":"BreadcrumbList","@id":"https:\/\/news.canadamotorjobs.com\/fr\/suivons-nous-le-bon-chemin-pour-les-vehicules-electriques\/#breadcrumb","itemListElement":[{"@type":"ListItem","position":1,"name":"Home","item":"https:\/\/news.canadamotorjobs.com\/fr\/blog\/"},{"@type":"ListItem","position":2,"name":"Suivons-nous le bon chemin pour les v\u00e9hicules \u00e9lectriques\u2009?"}]},{"@type":"WebSite","@id":"https:\/\/news.canadamotorjobs.com\/#website","url":"https:\/\/news.canadamotorjobs.com\/","name":"CanadaMotorJobs.com","description":"Automotive Jobs","publisher":{"@id":"https:\/\/news.canadamotorjobs.com\/#organization"},"potentialAction":[{"@type":"SearchAction","target":{"@type":"EntryPoint","urlTemplate":"https:\/\/news.canadamotorjobs.com\/?s={search_term_string}"},"query-input":"required name=search_term_string"}],"inLanguage":"fr-CA"},{"@type":"Organization","@id":"https:\/\/news.canadamotorjobs.com\/#organization","name":"Canada Motor Jobs","url":"https:\/\/news.canadamotorjobs.com\/","logo":{"@type":"ImageObject","inLanguage":"fr-CA","@id":"https:\/\/news.canadamotorjobs.com\/#\/schema\/logo\/image\/","url":"https:\/\/news.canadamotorjobs.com\/wp-content\/uploads\/2022\/10\/logo-canada-motor-jobs-1.png","contentUrl":"https:\/\/news.canadamotorjobs.com\/wp-content\/uploads\/2022\/10\/logo-canada-motor-jobs-1.png","width":800,"height":400,"caption":"Canada Motor Jobs"},"image":{"@id":"https:\/\/news.canadamotorjobs.com\/#\/schema\/logo\/image\/"},"sameAs":["https:\/\/www.facebook.com\/canadamotorjobs\/","https:\/\/x.com\/canadamotorjobs","https:\/\/www.instagram.com\/canadamotorjobs\/","https:\/\/www.linkedin.com\/company\/canadamotorjobs"]},{"@type":"Person","@id":"https:\/\/news.canadamotorjobs.com\/#\/schema\/person\/51793d1f87d44011d7bcc2ed99269a90","name":"Benoit Charette","image":{"@type":"ImageObject","inLanguage":"fr-CA","@id":"https:\/\/news.canadamotorjobs.com\/#\/schema\/person\/image\/","url":"https:\/\/secure.gravatar.com\/avatar\/45f3d2eebcccd909668d7ce7ea7267b6?s=96&d=mm&r=g","contentUrl":"https:\/\/secure.gravatar.com\/avatar\/45f3d2eebcccd909668d7ce7ea7267b6?s=96&d=mm&r=g","caption":"Benoit Charette"},"description":"Benoit Charette \/ Propri\u00e9taire et r\u00e9dacteur en chef Benoit Charette pratique le journalisme automobile depuis bient\u00f4t 30 ans. Il a fait ses classes au c\u00f4t\u00e9 de Daniel H\u00e9raud et au Carnet de route de 1992 \u00e0 2001. Il est fondateur, copropri\u00e9taire et r\u00e9dacteur en chef de L\u2019Annuel de l\u2019automobile, qu\u2019il publie depuis 2001. Il a anim\u00e9 les \u00e9missions RPM et RPM+ sur V et les L\u00e9gendes de la route sur Historia. \u00c0 la radio depuis 1986, il reprend l\u2019antenne cette ann\u00e9e sur les ondes de Cogeco et participe pour la deuxi\u00e8me ann\u00e9e \u00e0 l\u2019\u00e9mission Passion Auto sur RDS en plus de mettre en ligne le site Web officiel de L\u2019Annuel de l\u2019automobile sur annuelauto.ca.","sameAs":["https:\/\/annuelauto.ca\/"],"url":"https:\/\/news.canadamotorjobs.com\/fr\/author\/benoit-charette\/"}]}},"_links":{"self":[{"href":"https:\/\/news.canadamotorjobs.com\/fr\/wp-json\/wp\/v2\/posts\/152373"}],"collection":[{"href":"https:\/\/news.canadamotorjobs.com\/fr\/wp-json\/wp\/v2\/posts"}],"about":[{"href":"https:\/\/news.canadamotorjobs.com\/fr\/wp-json\/wp\/v2\/types\/post"}],"author":[{"embeddable":true,"href":"https:\/\/news.canadamotorjobs.com\/fr\/wp-json\/wp\/v2\/users\/8"}],"replies":[{"embeddable":true,"href":"https:\/\/news.canadamotorjobs.com\/fr\/wp-json\/wp\/v2\/comments?post=152373"}],"version-history":[{"count":1,"href":"https:\/\/news.canadamotorjobs.com\/fr\/wp-json\/wp\/v2\/posts\/152373\/revisions"}],"predecessor-version":[{"id":152374,"href":"https:\/\/news.canadamotorjobs.com\/fr\/wp-json\/wp\/v2\/posts\/152373\/revisions\/152374"}],"wp:attachment":[{"href":"https:\/\/news.canadamotorjobs.com\/fr\/wp-json\/wp\/v2\/media?parent=152373"}],"wp:term":[{"taxonomy":"category","embeddable":true,"href":"https:\/\/news.canadamotorjobs.com\/fr\/wp-json\/wp\/v2\/categories?post=152373"},{"taxonomy":"post_tag","embeddable":true,"href":"https:\/\/news.canadamotorjobs.com\/fr\/wp-json\/wp\/v2\/tags?post=152373"}],"curies":[{"name":"wp","href":"https:\/\/api.w.org\/{rel}","templated":true}]}}