{"id":152371,"date":"2023-10-05T11:11:46","date_gmt":"2023-10-05T15:11:46","guid":{"rendered":"https:\/\/news.canadamotorjobs.com\/?p=152371"},"modified":"2023-10-05T11:15:27","modified_gmt":"2023-10-05T15:15:27","slug":"genesis-kia-et-hyundai-passent-a-la-norme-nacs","status":"publish","type":"post","link":"https:\/\/news.canadamotorjobs.com\/fr\/genesis-kia-et-hyundai-passent-a-la-norme-nacs\/","title":{"rendered":"Genesis, Kia et Hyundai passent \u00e0 la norme NACS"},"content":{"rendered":"<p><img loading=\"lazy\" decoding=\"async\" width=\"1280\" height=\"720\" src=\"https:\/\/annuelauto.ca\/wp-content\/uploads\/2023\/10\/genesis-electrified-gv70-at-electrify-america-fast-charging-station.jpg\" class=\"attachment-post-thumbnail size-post-thumbnail wp-post-image\" alt=\"\" \/><\/p>\n<p>Genesis, Kia et leur soci\u00e9t\u00e9 m\u00e8re, Hyundai, pr\u00e9parent une transition significative pour leurs v\u00e9hicules \u00e9lectriques (VE) sur le march\u00e9 nord-am\u00e9ricain en adoptant le standard de recharge NACS. Cette d\u00e9cision strat\u00e9gique ouvrira de nouvelles perspectives pour les propri\u00e9taires de VE de ces marques.<\/p>\n<h3>Calendrier de la transition vers le NACS<\/h3>\n<p>\nLa transition vers le standard NACS d\u00e9butera au quatri\u00e8me trimestre 2024 pour les \u00c9tats-Unis et en 2025 pour le Canada pour Genesis et Kia. Hyundai suivra le m\u00eame calendrier en commen\u00e7ant au quatri\u00e8me trimestre 2024 aux \u00c9tats-Unis, suivi du Canada en 2025.<\/p>\n<h3>Acc\u00e8s aux Superchargeurs Tesla pour les VE NACS<\/h3>\n<p>\nUne cons\u00e9quence majeure de cette transition est l&#8217;acc\u00e8s accru aux Superchargeurs Tesla pour les v\u00e9hicules Genesis, Kia et Hyundai \u00e9quip\u00e9s de ports NACS. Ce changement devrait doubler le r\u00e9seau de recharge rapide en courant continu disponible pour ces marques et leurs clients.<\/p>\n<h3>La voix des dirigeants sur cette collaboration<\/h3>\n<p>\nClaudia Marquez, directrice de l&#8217;exploitation de Genesis Motor North America, et Jos\u00e9 Mu\u00f1oz, pr\u00e9sident de Hyundai Motor Company, partagent leurs perspectives sur l&#8217;importance de cette collaboration et l&#8217;am\u00e9lioration de l&#8217;exp\u00e9rience des propri\u00e9taires de VE.<\/p>\n<h3>Adaptateurs pour les propri\u00e9taires actuels de VE Genesis et Hyundai<\/h3>\n<p>\nLes propri\u00e9taires actuels et futurs de v\u00e9hicules \u00e9lectriques Genesis et Hyundai \u00e9quip\u00e9s de ports CCS ne seront pas laiss\u00e9s pour compte. Des adaptateurs seront disponibles d\u00e8s le premier trimestre 2025 pour leur permettre d&#8217;acc\u00e9der au r\u00e9seau de superchargeurs Tesla. De plus, des adaptateurs seront disponibles pour permettre aux VE \u00e9quip\u00e9s du NACS de se recharger dans les stations CCS existantes.<\/p>\n<h3>Soutien de Tesla \u00e0 l&#8217;expansion du r\u00e9seau NACS<\/h3>\n<p>\nRebecca Tinucci, directrice principale de la charge chez Tesla, exprime le soutien de l&#8217;entreprise \u00e0 la transition de Genesis et Hyundai vers le NACS et explique comment cela s&#8217;inscrit dans la mission de Tesla de promouvoir l&#8217;\u00e9nergie durable.<\/p>\n<h3>Un partenariat pour un r\u00e9seau de recharge puissant<\/h3>\n<p>\nGenesis, Kia et Hyundai travaillent en collaboration avec six grands constructeurs automobiles mondiaux pour d\u00e9velopper un r\u00e9seau de recharge nord-am\u00e9ricain de grande puissance avec un objectif ambitieux de 30 000 chargeurs. Les premiers d\u00e9ploiements de ce r\u00e9seau sont pr\u00e9vus aux \u00c9tats-Unis d&#8217;ici l&#8217;\u00e9t\u00e9 2024, suivi par le Canada.<\/p>\n<h3>Un pas de plus vers un avenir tout \u00e9lectrique<\/h3>\n<p>\nEn somme, cette collaboration illustre l&#8217;engagement de Hyundai, Kia et Genesis \u00e0 renforcer leur infrastructure de recharge, s&#8217;alignant ainsi sur leur vision d&#8217;un avenir automobile tout \u00e9lectrique en Am\u00e9rique du Nord.<\/p>\n<p>Avec des renseignements de Motor Illustrated<\/p>\n<p>\u00a0<\/p>\n<p>Le texte <a rel=\"nofollow\" href=\"https:\/\/annuelauto.ca\/genesis-kia-et-hyundai-passent-a-la-norme-nacs\/\">Genesis, Kia et Hyundai passent \u00e0 la norme NACS<\/a> provient de <a rel=\"nofollow\" href=\"https:\/\/annuelauto.ca\">L&#8217;annuel de l&#8217;automobile &#8211; Actualit\u00e9 automobile<\/a><\/p>\n<p><\/p>\n","protected":false},"excerpt":{"rendered":"<p>Genesis, Kia et leur soci\u00e9t\u00e9 m\u00e8re, Hyundai, pr\u00e9parent une transition significative pour leurs v\u00e9hicules \u00e9lectriques (VE) sur le march\u00e9 nord-am\u00e9ricain en adoptant le standard de recharge NACS. Cette d\u00e9cision strat\u00e9gique ouvrira de nouvelles perspectives pour les propri\u00e9taires de VE de ces marques. Calendrier de la transition vers le NACS La transition vers le standard NACS [&hellip;]<\/p>\n","protected":false},"author":8,"featured_media":0,"comment_status":"close","ping_status":"closed","sticky":false,"template":"","format":"standard","meta":{"_monsterinsights_skip_tracking":false,"_monsterinsights_sitenote_active":false,"_monsterinsights_sitenote_note":"","_monsterinsights_sitenote_category":0,"footnotes":""},"categories":[101],"tags":[],"yoast_head":"<!-- This site is optimized with the Yoast SEO plugin v23.2 - https:\/\/yoast.com\/wordpress\/plugins\/seo\/ -->\n<title>Genesis, Kia et Hyundai passent \u00e0 la norme NACS - CanadaMotorJobs.com<\/title>\n<meta name=\"description\" content=\"Genesis, Kia et Hyundai passent \u00e0 la norme NACS - Benoit Charette - Annuel automobile - CanadaMotorJobs.com.\" \/>\n<meta name=\"robots\" content=\"index, follow, max-snippet:-1, max-image-preview:large, max-video-preview:-1\" \/>\n<meta property=\"og:locale\" content=\"fr_CA\" \/>\n<meta property=\"og:type\" content=\"article\" \/>\n<meta property=\"og:title\" content=\"Genesis, Kia et Hyundai passent \u00e0 la norme NACS - CanadaMotorJobs.com\" \/>\n<meta property=\"og:description\" content=\"Genesis, Kia et Hyundai passent \u00e0 la norme NACS - Benoit Charette - Annuel automobile - CanadaMotorJobs.com.\" \/>\n<meta property=\"og:url\" content=\"https:\/\/news.canadamotorjobs.com\/fr\/genesis-kia-et-hyundai-passent-a-la-norme-nacs\/\" \/>\n<meta property=\"og:site_name\" content=\"CanadaMotorJobs.com\" \/>\n<meta property=\"article:publisher\" content=\"https:\/\/www.facebook.com\/canadamotorjobs\/\" \/>\n<meta property=\"article:published_time\" content=\"2023-10-05T15:11:46+00:00\" \/>\n<meta property=\"article:modified_time\" content=\"2023-10-05T15:15:27+00:00\" \/>\n<meta property=\"og:image\" content=\"https:\/\/annuelauto.ca\/wp-content\/uploads\/2023\/10\/genesis-electrified-gv70-at-electrify-america-fast-charging-station.jpg\" \/>\n<meta name=\"author\" content=\"Benoit Charette\" \/>\n<meta name=\"twitter:card\" content=\"summary_large_image\" \/>\n<meta name=\"twitter:creator\" content=\"@canadamotorjobs\" \/>\n<meta name=\"twitter:site\" content=\"@canadamotorjobs\" \/>\n<meta name=\"twitter:label1\" content=\"\u00c9crit par\" \/>\n\t<meta name=\"twitter:data1\" content=\"Benoit Charette\" \/>\n\t<meta name=\"twitter:label2\" content=\"Estimation du temps de lecture\" \/>\n\t<meta name=\"twitter:data2\" content=\"2 minutes\" \/>\n<!-- \/ Yoast SEO plugin. -->","yoast_head_json":{"title":"Genesis, Kia et Hyundai passent \u00e0 la norme NACS - CanadaMotorJobs.com","description":"Genesis, Kia et Hyundai passent \u00e0 la norme NACS - Benoit Charette - Annuel automobile - CanadaMotorJobs.com.","robots":{"index":"index","follow":"follow","max-snippet":"max-snippet:-1","max-image-preview":"max-image-preview:large","max-video-preview":"max-video-preview:-1"},"og_locale":"fr_CA","og_type":"article","og_title":"Genesis, Kia et Hyundai passent \u00e0 la norme NACS - CanadaMotorJobs.com","og_description":"Genesis, Kia et Hyundai passent \u00e0 la norme NACS - Benoit Charette - Annuel automobile - CanadaMotorJobs.com.","og_url":"https:\/\/news.canadamotorjobs.com\/fr\/genesis-kia-et-hyundai-passent-a-la-norme-nacs\/","og_site_name":"CanadaMotorJobs.com","article_publisher":"https:\/\/www.facebook.com\/canadamotorjobs\/","article_published_time":"2023-10-05T15:11:46+00:00","article_modified_time":"2023-10-05T15:15:27+00:00","og_image":[{"url":"https:\/\/annuelauto.ca\/wp-content\/uploads\/2023\/10\/genesis-electrified-gv70-at-electrify-america-fast-charging-station.jpg"}],"author":"Benoit Charette","twitter_card":"summary_large_image","twitter_creator":"@canadamotorjobs","twitter_site":"@canadamotorjobs","twitter_misc":{"\u00c9crit par":"Benoit Charette","Estimation du temps de lecture":"2 minutes"},"schema":{"@context":"https:\/\/schema.org","@graph":[{"@type":"Article","@id":"https:\/\/news.canadamotorjobs.com\/fr\/genesis-kia-et-hyundai-passent-a-la-norme-nacs\/#article","isPartOf":{"@id":"https:\/\/news.canadamotorjobs.com\/fr\/genesis-kia-et-hyundai-passent-a-la-norme-nacs\/"},"author":{"name":"Benoit Charette","@id":"https:\/\/news.canadamotorjobs.com\/#\/schema\/person\/51793d1f87d44011d7bcc2ed99269a90"},"headline":"Genesis, Kia et Hyundai passent \u00e0 la norme NACS","datePublished":"2023-10-05T15:11:46+00:00","dateModified":"2023-10-05T15:15:27+00:00","mainEntityOfPage":{"@id":"https:\/\/news.canadamotorjobs.com\/fr\/genesis-kia-et-hyundai-passent-a-la-norme-nacs\/"},"wordCount":474,"publisher":{"@id":"https:\/\/news.canadamotorjobs.com\/#organization"},"image":{"@id":"https:\/\/news.canadamotorjobs.com\/fr\/genesis-kia-et-hyundai-passent-a-la-norme-nacs\/#primaryimage"},"thumbnailUrl":"https:\/\/annuelauto.ca\/wp-content\/uploads\/2023\/10\/genesis-electrified-gv70-at-electrify-america-fast-charging-station.jpg","articleSection":["Annuel automobile"],"inLanguage":"fr-CA"},{"@type":"WebPage","@id":"https:\/\/news.canadamotorjobs.com\/fr\/genesis-kia-et-hyundai-passent-a-la-norme-nacs\/","url":"https:\/\/news.canadamotorjobs.com\/fr\/genesis-kia-et-hyundai-passent-a-la-norme-nacs\/","name":"Genesis, Kia et Hyundai passent \u00e0 la norme NACS - CanadaMotorJobs.com","isPartOf":{"@id":"https:\/\/news.canadamotorjobs.com\/#website"},"primaryImageOfPage":{"@id":"https:\/\/news.canadamotorjobs.com\/fr\/genesis-kia-et-hyundai-passent-a-la-norme-nacs\/#primaryimage"},"image":{"@id":"https:\/\/news.canadamotorjobs.com\/fr\/genesis-kia-et-hyundai-passent-a-la-norme-nacs\/#primaryimage"},"thumbnailUrl":"https:\/\/annuelauto.ca\/wp-content\/uploads\/2023\/10\/genesis-electrified-gv70-at-electrify-america-fast-charging-station.jpg","datePublished":"2023-10-05T15:11:46+00:00","dateModified":"2023-10-05T15:15:27+00:00","description":"Genesis, Kia et Hyundai passent \u00e0 la norme NACS - Benoit Charette - Annuel automobile - CanadaMotorJobs.com.","breadcrumb":{"@id":"https:\/\/news.canadamotorjobs.com\/fr\/genesis-kia-et-hyundai-passent-a-la-norme-nacs\/#breadcrumb"},"inLanguage":"fr-CA","potentialAction":[{"@type":"ReadAction","target":["https:\/\/news.canadamotorjobs.com\/fr\/genesis-kia-et-hyundai-passent-a-la-norme-nacs\/"]}]},{"@type":"ImageObject","inLanguage":"fr-CA","@id":"https:\/\/news.canadamotorjobs.com\/fr\/genesis-kia-et-hyundai-passent-a-la-norme-nacs\/#primaryimage","url":"https:\/\/annuelauto.ca\/wp-content\/uploads\/2023\/10\/genesis-electrified-gv70-at-electrify-america-fast-charging-station.jpg","contentUrl":"https:\/\/annuelauto.ca\/wp-content\/uploads\/2023\/10\/genesis-electrified-gv70-at-electrify-america-fast-charging-station.jpg"},{"@type":"BreadcrumbList","@id":"https:\/\/news.canadamotorjobs.com\/fr\/genesis-kia-et-hyundai-passent-a-la-norme-nacs\/#breadcrumb","itemListElement":[{"@type":"ListItem","position":1,"name":"Home","item":"https:\/\/news.canadamotorjobs.com\/fr\/blog\/"},{"@type":"ListItem","position":2,"name":"Genesis, Kia et Hyundai passent \u00e0 la norme NACS"}]},{"@type":"WebSite","@id":"https:\/\/news.canadamotorjobs.com\/#website","url":"https:\/\/news.canadamotorjobs.com\/","name":"CanadaMotorJobs.com","description":"Automotive Jobs","publisher":{"@id":"https:\/\/news.canadamotorjobs.com\/#organization"},"potentialAction":[{"@type":"SearchAction","target":{"@type":"EntryPoint","urlTemplate":"https:\/\/news.canadamotorjobs.com\/?s={search_term_string}"},"query-input":"required name=search_term_string"}],"inLanguage":"fr-CA"},{"@type":"Organization","@id":"https:\/\/news.canadamotorjobs.com\/#organization","name":"Canada Motor Jobs","url":"https:\/\/news.canadamotorjobs.com\/","logo":{"@type":"ImageObject","inLanguage":"fr-CA","@id":"https:\/\/news.canadamotorjobs.com\/#\/schema\/logo\/image\/","url":"https:\/\/news.canadamotorjobs.com\/wp-content\/uploads\/2022\/10\/logo-canada-motor-jobs-1.png","contentUrl":"https:\/\/news.canadamotorjobs.com\/wp-content\/uploads\/2022\/10\/logo-canada-motor-jobs-1.png","width":800,"height":400,"caption":"Canada Motor Jobs"},"image":{"@id":"https:\/\/news.canadamotorjobs.com\/#\/schema\/logo\/image\/"},"sameAs":["https:\/\/www.facebook.com\/canadamotorjobs\/","https:\/\/x.com\/canadamotorjobs","https:\/\/www.instagram.com\/canadamotorjobs\/","https:\/\/www.linkedin.com\/company\/canadamotorjobs"]},{"@type":"Person","@id":"https:\/\/news.canadamotorjobs.com\/#\/schema\/person\/51793d1f87d44011d7bcc2ed99269a90","name":"Benoit Charette","image":{"@type":"ImageObject","inLanguage":"fr-CA","@id":"https:\/\/news.canadamotorjobs.com\/#\/schema\/person\/image\/","url":"https:\/\/secure.gravatar.com\/avatar\/45f3d2eebcccd909668d7ce7ea7267b6?s=96&d=mm&r=g","contentUrl":"https:\/\/secure.gravatar.com\/avatar\/45f3d2eebcccd909668d7ce7ea7267b6?s=96&d=mm&r=g","caption":"Benoit Charette"},"description":"Benoit Charette \/ Propri\u00e9taire et r\u00e9dacteur en chef Benoit Charette pratique le journalisme automobile depuis bient\u00f4t 30 ans. Il a fait ses classes au c\u00f4t\u00e9 de Daniel H\u00e9raud et au Carnet de route de 1992 \u00e0 2001. Il est fondateur, copropri\u00e9taire et r\u00e9dacteur en chef de L\u2019Annuel de l\u2019automobile, qu\u2019il publie depuis 2001. Il a anim\u00e9 les \u00e9missions RPM et RPM+ sur V et les L\u00e9gendes de la route sur Historia. \u00c0 la radio depuis 1986, il reprend l\u2019antenne cette ann\u00e9e sur les ondes de Cogeco et participe pour la deuxi\u00e8me ann\u00e9e \u00e0 l\u2019\u00e9mission Passion Auto sur RDS en plus de mettre en ligne le site Web officiel de L\u2019Annuel de l\u2019automobile sur annuelauto.ca.","sameAs":["https:\/\/annuelauto.ca\/"],"url":"https:\/\/news.canadamotorjobs.com\/fr\/author\/benoit-charette\/"}]}},"_links":{"self":[{"href":"https:\/\/news.canadamotorjobs.com\/fr\/wp-json\/wp\/v2\/posts\/152371"}],"collection":[{"href":"https:\/\/news.canadamotorjobs.com\/fr\/wp-json\/wp\/v2\/posts"}],"about":[{"href":"https:\/\/news.canadamotorjobs.com\/fr\/wp-json\/wp\/v2\/types\/post"}],"author":[{"embeddable":true,"href":"https:\/\/news.canadamotorjobs.com\/fr\/wp-json\/wp\/v2\/users\/8"}],"replies":[{"embeddable":true,"href":"https:\/\/news.canadamotorjobs.com\/fr\/wp-json\/wp\/v2\/comments?post=152371"}],"version-history":[{"count":1,"href":"https:\/\/news.canadamotorjobs.com\/fr\/wp-json\/wp\/v2\/posts\/152371\/revisions"}],"predecessor-version":[{"id":152372,"href":"https:\/\/news.canadamotorjobs.com\/fr\/wp-json\/wp\/v2\/posts\/152371\/revisions\/152372"}],"wp:attachment":[{"href":"https:\/\/news.canadamotorjobs.com\/fr\/wp-json\/wp\/v2\/media?parent=152371"}],"wp:term":[{"taxonomy":"category","embeddable":true,"href":"https:\/\/news.canadamotorjobs.com\/fr\/wp-json\/wp\/v2\/categories?post=152371"},{"taxonomy":"post_tag","embeddable":true,"href":"https:\/\/news.canadamotorjobs.com\/fr\/wp-json\/wp\/v2\/tags?post=152371"}],"curies":[{"name":"wp","href":"https:\/\/api.w.org\/{rel}","templated":true}]}}