{"id":152369,"date":"2023-10-05T06:10:11","date_gmt":"2023-10-05T10:10:11","guid":{"rendered":"https:\/\/news.canadamotorjobs.com\/?p=152369"},"modified":"2023-10-05T06:13:54","modified_gmt":"2023-10-05T10:13:54","slug":"incompatibilite-entre-liphone-15-et-les-bmw","status":"publish","type":"post","link":"https:\/\/news.canadamotorjobs.com\/fr\/incompatibilite-entre-liphone-15-et-les-bmw\/","title":{"rendered":"Incompatibilit\u00e9 entre l\u2019iPhone 15 et les BMW"},"content":{"rendered":"<p><img loading=\"lazy\" decoding=\"async\" width=\"1200\" height=\"675\" src=\"https:\/\/annuelauto.ca\/wp-content\/uploads\/2023\/10\/apple-bmw-wireless-charging-issue1696262583700.jpg\" class=\"attachment-post-thumbnail size-post-thumbnail wp-post-image\" alt=\"\" \/><\/p>\n<p>L&#8217;iPhone 15 et les BMW ne sont pas compatibles en mati\u00e8re de NFC et de recharge sans fil, provoquant des dysfonctionnements chez les utilisateurs. D\u00e9couvrez les probl\u00e8mes rencontr\u00e9s et les mesures \u00e0 prendre.<\/p>\n<h3><strong>Probl\u00e8mes de NFC et de recharge sans fil<br \/>\n<\/strong><\/h3>\n<p>\nLa norme Qi pour la recharge sans fil existe depuis 2008, offrant une technologie fiable pendant pr\u00e8s de 15 ans. Cependant, les propri\u00e9taires d&#8217;une BMW et d&#8217;un iPhone 15 font face \u00e0 des probl\u00e8mes inattendus. Lors de la recharge, les iPhone affichent un \u00e9cran blanc, passent en mode de r\u00e9cup\u00e9ration et d\u00e9sactivent la NFC, rendant inutilisables les paiements sans contact et d&#8217;autres fonctions. Apple remplace certains appareils d\u00e9fectueux, mais la solution n&#8217;est pas encore claire.<\/p>\n<h3><strong>Incompatibilit\u00e9 technique<br \/>\n<\/strong><\/h3>\n<p>\nBien que la recharge Qi et la NFC fonctionnent diff\u00e9remment, elles utilisent une m\u00e9thode similaire de transmission des donn\u00e9es, le couplage inductif. La NFC fonctionne \u00e0 une fr\u00e9quence de 13,56 MHz, principalement pour les paiements sans contact. En revanche, la recharge Qi se concentre sur la transmission d&#8217;\u00e9nergie sans fil, avec une fr\u00e9quence diff\u00e9rente. Il est difficile de d\u00e9terminer si la radio NFC est endommag\u00e9e, mais le probl\u00e8me persiste chez certains utilisateurs.<\/p>\n<h3><strong>Impact sur Apple CarKey<br \/>\n<\/strong><\/h3>\n<p>\nBMW a \u00e9t\u00e9 l&#8217;un des premiers \u00e0 adopter Apple CarKey, qui utilise la NFC pour authentifier un t\u00e9l\u00e9phone aupr\u00e8s d&#8217;un v\u00e9hicule. La cl\u00e9 num\u00e9rique BMW n\u00e9cessite un chargement sans fil pour fonctionner, ce qui aggrave le probl\u00e8me de compatibilit\u00e9.<\/p>\n<h3><strong>Probl\u00e8me de surchauffe<br \/>\n<\/strong><\/h3>\n<p>\nCertains utilisateurs signalent une surchauffe lors de la recharge sans fil dans leur BMW. Apple travaille sur un correctif logiciel pour r\u00e9guler la temp\u00e9rature de l&#8217;iPhone, mais le probl\u00e8me est limit\u00e9 aux derniers appareils Apple. BMW examine \u00e9galement la situation, tandis qu&#8217;Apple assure que la s\u00e9curit\u00e9 et les performances de l&#8217;iPhone sont pr\u00e9serv\u00e9es.<\/p>\n<h3><strong>Conclusion<br \/>\n<\/strong><\/h3>\n<p>\nIl est encore trop t\u00f4t pour attribuer la responsabilit\u00e9, mais il est clair que l&#8217;incompatibilit\u00e9 actuelle bloque les capacit\u00e9s NFC des appareils. Les propri\u00e9taires d&#8217;une BMW et d&#8217;un iPhone 15 devraient \u00e9viter la recharge sans fil en attendant des solutions.<\/p>\n<p>\u00a0<\/p>\n<p>Le texte <a rel=\"nofollow\" href=\"https:\/\/annuelauto.ca\/incompatibilite-entre-liphone-15-et-les-bmw\/\">Incompatibilit\u00e9 entre l\u2019iPhone 15 et les BMW<\/a> provient de <a rel=\"nofollow\" href=\"https:\/\/annuelauto.ca\">L&#8217;annuel de l&#8217;automobile &#8211; Actualit\u00e9 automobile<\/a><\/p>\n<p><\/p>\n","protected":false},"excerpt":{"rendered":"<p>L&#8217;iPhone 15 et les BMW ne sont pas compatibles en mati\u00e8re de NFC et de recharge sans fil, provoquant des dysfonctionnements chez les utilisateurs. D\u00e9couvrez les probl\u00e8mes rencontr\u00e9s et les mesures \u00e0 prendre. Probl\u00e8mes de NFC et de recharge sans fil La norme Qi pour la recharge sans fil existe depuis 2008, offrant une technologie [&hellip;]<\/p>\n","protected":false},"author":8,"featured_media":0,"comment_status":"close","ping_status":"closed","sticky":false,"template":"","format":"standard","meta":{"_monsterinsights_skip_tracking":false,"_monsterinsights_sitenote_active":false,"_monsterinsights_sitenote_note":"","_monsterinsights_sitenote_category":0,"footnotes":""},"categories":[101],"tags":[],"yoast_head":"<!-- This site is optimized with the Yoast SEO plugin v23.2 - https:\/\/yoast.com\/wordpress\/plugins\/seo\/ -->\n<title>Incompatibilit\u00e9 entre l\u2019iPhone 15 et les BMW - CanadaMotorJobs.com<\/title>\n<meta name=\"description\" content=\"Incompatibilit\u00e9 entre l\u2019iPhone 15 et les BMW - Benoit Charette - Annuel automobile - CanadaMotorJobs.com.\" \/>\n<meta name=\"robots\" content=\"index, follow, max-snippet:-1, max-image-preview:large, max-video-preview:-1\" \/>\n<meta property=\"og:locale\" content=\"fr_CA\" \/>\n<meta property=\"og:type\" content=\"article\" \/>\n<meta property=\"og:title\" content=\"Incompatibilit\u00e9 entre l\u2019iPhone 15 et les BMW - CanadaMotorJobs.com\" \/>\n<meta property=\"og:description\" content=\"Incompatibilit\u00e9 entre l\u2019iPhone 15 et les BMW - Benoit Charette - Annuel automobile - CanadaMotorJobs.com.\" \/>\n<meta property=\"og:url\" content=\"https:\/\/news.canadamotorjobs.com\/fr\/incompatibilite-entre-liphone-15-et-les-bmw\/\" \/>\n<meta property=\"og:site_name\" content=\"CanadaMotorJobs.com\" \/>\n<meta property=\"article:publisher\" content=\"https:\/\/www.facebook.com\/canadamotorjobs\/\" \/>\n<meta property=\"article:published_time\" content=\"2023-10-05T10:10:11+00:00\" \/>\n<meta property=\"article:modified_time\" content=\"2023-10-05T10:13:54+00:00\" \/>\n<meta property=\"og:image\" content=\"https:\/\/annuelauto.ca\/wp-content\/uploads\/2023\/10\/apple-bmw-wireless-charging-issue1696262583700.jpg\" \/>\n<meta name=\"author\" content=\"Benoit Charette\" \/>\n<meta name=\"twitter:card\" content=\"summary_large_image\" \/>\n<meta name=\"twitter:creator\" content=\"@canadamotorjobs\" \/>\n<meta name=\"twitter:site\" content=\"@canadamotorjobs\" \/>\n<meta name=\"twitter:label1\" content=\"\u00c9crit par\" \/>\n\t<meta name=\"twitter:data1\" content=\"Benoit Charette\" \/>\n\t<meta name=\"twitter:label2\" content=\"Estimation du temps de lecture\" \/>\n\t<meta name=\"twitter:data2\" content=\"2 minutes\" \/>\n<!-- \/ Yoast SEO plugin. -->","yoast_head_json":{"title":"Incompatibilit\u00e9 entre l\u2019iPhone 15 et les BMW - CanadaMotorJobs.com","description":"Incompatibilit\u00e9 entre l\u2019iPhone 15 et les BMW - Benoit Charette - Annuel automobile - CanadaMotorJobs.com.","robots":{"index":"index","follow":"follow","max-snippet":"max-snippet:-1","max-image-preview":"max-image-preview:large","max-video-preview":"max-video-preview:-1"},"og_locale":"fr_CA","og_type":"article","og_title":"Incompatibilit\u00e9 entre l\u2019iPhone 15 et les BMW - CanadaMotorJobs.com","og_description":"Incompatibilit\u00e9 entre l\u2019iPhone 15 et les BMW - Benoit Charette - Annuel automobile - CanadaMotorJobs.com.","og_url":"https:\/\/news.canadamotorjobs.com\/fr\/incompatibilite-entre-liphone-15-et-les-bmw\/","og_site_name":"CanadaMotorJobs.com","article_publisher":"https:\/\/www.facebook.com\/canadamotorjobs\/","article_published_time":"2023-10-05T10:10:11+00:00","article_modified_time":"2023-10-05T10:13:54+00:00","og_image":[{"url":"https:\/\/annuelauto.ca\/wp-content\/uploads\/2023\/10\/apple-bmw-wireless-charging-issue1696262583700.jpg"}],"author":"Benoit Charette","twitter_card":"summary_large_image","twitter_creator":"@canadamotorjobs","twitter_site":"@canadamotorjobs","twitter_misc":{"\u00c9crit par":"Benoit Charette","Estimation du temps de lecture":"2 minutes"},"schema":{"@context":"https:\/\/schema.org","@graph":[{"@type":"Article","@id":"https:\/\/news.canadamotorjobs.com\/fr\/incompatibilite-entre-liphone-15-et-les-bmw\/#article","isPartOf":{"@id":"https:\/\/news.canadamotorjobs.com\/fr\/incompatibilite-entre-liphone-15-et-les-bmw\/"},"author":{"name":"Benoit Charette","@id":"https:\/\/news.canadamotorjobs.com\/#\/schema\/person\/51793d1f87d44011d7bcc2ed99269a90"},"headline":"Incompatibilit\u00e9 entre l\u2019iPhone 15 et les BMW","datePublished":"2023-10-05T10:10:11+00:00","dateModified":"2023-10-05T10:13:54+00:00","mainEntityOfPage":{"@id":"https:\/\/news.canadamotorjobs.com\/fr\/incompatibilite-entre-liphone-15-et-les-bmw\/"},"wordCount":398,"publisher":{"@id":"https:\/\/news.canadamotorjobs.com\/#organization"},"image":{"@id":"https:\/\/news.canadamotorjobs.com\/fr\/incompatibilite-entre-liphone-15-et-les-bmw\/#primaryimage"},"thumbnailUrl":"https:\/\/annuelauto.ca\/wp-content\/uploads\/2023\/10\/apple-bmw-wireless-charging-issue1696262583700.jpg","articleSection":["Annuel automobile"],"inLanguage":"fr-CA"},{"@type":"WebPage","@id":"https:\/\/news.canadamotorjobs.com\/fr\/incompatibilite-entre-liphone-15-et-les-bmw\/","url":"https:\/\/news.canadamotorjobs.com\/fr\/incompatibilite-entre-liphone-15-et-les-bmw\/","name":"Incompatibilit\u00e9 entre l\u2019iPhone 15 et les BMW - CanadaMotorJobs.com","isPartOf":{"@id":"https:\/\/news.canadamotorjobs.com\/#website"},"primaryImageOfPage":{"@id":"https:\/\/news.canadamotorjobs.com\/fr\/incompatibilite-entre-liphone-15-et-les-bmw\/#primaryimage"},"image":{"@id":"https:\/\/news.canadamotorjobs.com\/fr\/incompatibilite-entre-liphone-15-et-les-bmw\/#primaryimage"},"thumbnailUrl":"https:\/\/annuelauto.ca\/wp-content\/uploads\/2023\/10\/apple-bmw-wireless-charging-issue1696262583700.jpg","datePublished":"2023-10-05T10:10:11+00:00","dateModified":"2023-10-05T10:13:54+00:00","description":"Incompatibilit\u00e9 entre l\u2019iPhone 15 et les BMW - Benoit Charette - Annuel automobile - CanadaMotorJobs.com.","breadcrumb":{"@id":"https:\/\/news.canadamotorjobs.com\/fr\/incompatibilite-entre-liphone-15-et-les-bmw\/#breadcrumb"},"inLanguage":"fr-CA","potentialAction":[{"@type":"ReadAction","target":["https:\/\/news.canadamotorjobs.com\/fr\/incompatibilite-entre-liphone-15-et-les-bmw\/"]}]},{"@type":"ImageObject","inLanguage":"fr-CA","@id":"https:\/\/news.canadamotorjobs.com\/fr\/incompatibilite-entre-liphone-15-et-les-bmw\/#primaryimage","url":"https:\/\/annuelauto.ca\/wp-content\/uploads\/2023\/10\/apple-bmw-wireless-charging-issue1696262583700.jpg","contentUrl":"https:\/\/annuelauto.ca\/wp-content\/uploads\/2023\/10\/apple-bmw-wireless-charging-issue1696262583700.jpg"},{"@type":"BreadcrumbList","@id":"https:\/\/news.canadamotorjobs.com\/fr\/incompatibilite-entre-liphone-15-et-les-bmw\/#breadcrumb","itemListElement":[{"@type":"ListItem","position":1,"name":"Home","item":"https:\/\/news.canadamotorjobs.com\/fr\/blog\/"},{"@type":"ListItem","position":2,"name":"Incompatibilit\u00e9 entre l\u2019iPhone 15 et les BMW"}]},{"@type":"WebSite","@id":"https:\/\/news.canadamotorjobs.com\/#website","url":"https:\/\/news.canadamotorjobs.com\/","name":"CanadaMotorJobs.com","description":"Automotive Jobs","publisher":{"@id":"https:\/\/news.canadamotorjobs.com\/#organization"},"potentialAction":[{"@type":"SearchAction","target":{"@type":"EntryPoint","urlTemplate":"https:\/\/news.canadamotorjobs.com\/?s={search_term_string}"},"query-input":"required name=search_term_string"}],"inLanguage":"fr-CA"},{"@type":"Organization","@id":"https:\/\/news.canadamotorjobs.com\/#organization","name":"Canada Motor Jobs","url":"https:\/\/news.canadamotorjobs.com\/","logo":{"@type":"ImageObject","inLanguage":"fr-CA","@id":"https:\/\/news.canadamotorjobs.com\/#\/schema\/logo\/image\/","url":"https:\/\/news.canadamotorjobs.com\/wp-content\/uploads\/2022\/10\/logo-canada-motor-jobs-1.png","contentUrl":"https:\/\/news.canadamotorjobs.com\/wp-content\/uploads\/2022\/10\/logo-canada-motor-jobs-1.png","width":800,"height":400,"caption":"Canada Motor Jobs"},"image":{"@id":"https:\/\/news.canadamotorjobs.com\/#\/schema\/logo\/image\/"},"sameAs":["https:\/\/www.facebook.com\/canadamotorjobs\/","https:\/\/x.com\/canadamotorjobs","https:\/\/www.instagram.com\/canadamotorjobs\/","https:\/\/www.linkedin.com\/company\/canadamotorjobs"]},{"@type":"Person","@id":"https:\/\/news.canadamotorjobs.com\/#\/schema\/person\/51793d1f87d44011d7bcc2ed99269a90","name":"Benoit Charette","image":{"@type":"ImageObject","inLanguage":"fr-CA","@id":"https:\/\/news.canadamotorjobs.com\/#\/schema\/person\/image\/","url":"https:\/\/secure.gravatar.com\/avatar\/45f3d2eebcccd909668d7ce7ea7267b6?s=96&d=mm&r=g","contentUrl":"https:\/\/secure.gravatar.com\/avatar\/45f3d2eebcccd909668d7ce7ea7267b6?s=96&d=mm&r=g","caption":"Benoit Charette"},"description":"Benoit Charette \/ Propri\u00e9taire et r\u00e9dacteur en chef Benoit Charette pratique le journalisme automobile depuis bient\u00f4t 30 ans. Il a fait ses classes au c\u00f4t\u00e9 de Daniel H\u00e9raud et au Carnet de route de 1992 \u00e0 2001. Il est fondateur, copropri\u00e9taire et r\u00e9dacteur en chef de L\u2019Annuel de l\u2019automobile, qu\u2019il publie depuis 2001. Il a anim\u00e9 les \u00e9missions RPM et RPM+ sur V et les L\u00e9gendes de la route sur Historia. \u00c0 la radio depuis 1986, il reprend l\u2019antenne cette ann\u00e9e sur les ondes de Cogeco et participe pour la deuxi\u00e8me ann\u00e9e \u00e0 l\u2019\u00e9mission Passion Auto sur RDS en plus de mettre en ligne le site Web officiel de L\u2019Annuel de l\u2019automobile sur annuelauto.ca.","sameAs":["https:\/\/annuelauto.ca\/"],"url":"https:\/\/news.canadamotorjobs.com\/fr\/author\/benoit-charette\/"}]}},"_links":{"self":[{"href":"https:\/\/news.canadamotorjobs.com\/fr\/wp-json\/wp\/v2\/posts\/152369"}],"collection":[{"href":"https:\/\/news.canadamotorjobs.com\/fr\/wp-json\/wp\/v2\/posts"}],"about":[{"href":"https:\/\/news.canadamotorjobs.com\/fr\/wp-json\/wp\/v2\/types\/post"}],"author":[{"embeddable":true,"href":"https:\/\/news.canadamotorjobs.com\/fr\/wp-json\/wp\/v2\/users\/8"}],"replies":[{"embeddable":true,"href":"https:\/\/news.canadamotorjobs.com\/fr\/wp-json\/wp\/v2\/comments?post=152369"}],"version-history":[{"count":1,"href":"https:\/\/news.canadamotorjobs.com\/fr\/wp-json\/wp\/v2\/posts\/152369\/revisions"}],"predecessor-version":[{"id":152370,"href":"https:\/\/news.canadamotorjobs.com\/fr\/wp-json\/wp\/v2\/posts\/152369\/revisions\/152370"}],"wp:attachment":[{"href":"https:\/\/news.canadamotorjobs.com\/fr\/wp-json\/wp\/v2\/media?parent=152369"}],"wp:term":[{"taxonomy":"category","embeddable":true,"href":"https:\/\/news.canadamotorjobs.com\/fr\/wp-json\/wp\/v2\/categories?post=152369"},{"taxonomy":"post_tag","embeddable":true,"href":"https:\/\/news.canadamotorjobs.com\/fr\/wp-json\/wp\/v2\/tags?post=152369"}],"curies":[{"name":"wp","href":"https:\/\/api.w.org\/{rel}","templated":true}]}}