{"id":152367,"date":"2023-10-05T05:43:50","date_gmt":"2023-10-05T09:43:50","guid":{"rendered":"https:\/\/news.canadamotorjobs.com\/?p=152367"},"modified":"2023-10-05T05:44:39","modified_gmt":"2023-10-05T09:44:39","slug":"les-effets-de-la-greve-automobile-se-font-sentir-aux-etats-unis","status":"publish","type":"post","link":"https:\/\/news.canadamotorjobs.com\/fr\/les-effets-de-la-greve-automobile-se-font-sentir-aux-etats-unis\/","title":{"rendered":"Les effets de la gr\u00e8ve automobile se font sentir aux \u00c9tats-Unis"},"content":{"rendered":"<p><img loading=\"lazy\" decoding=\"async\" width=\"1280\" height=\"960\" src=\"https:\/\/annuelauto.ca\/wp-content\/uploads\/2023\/10\/im-860247.jpg\" class=\"attachment-post-thumbnail size-post-thumbnail wp-post-image\" alt=\"\" \/><\/p>\n<p>General Motors a obtenu mercredi une nouvelle ligne de cr\u00e9dit de 6 milliards de dollars et a estim\u00e9 \u00e0 200 millions de dollars le co\u00fbt de la gr\u00e8ve des Travailleurs unis de l&#8217;automobile. La gr\u00e8ve cibl\u00e9e contre les trois constructeurs automobiles de D\u00e9troit a commenc\u00e9 le 15 septembre et en est \u00e0 son 20e jour.<\/p>\n<h3>Des fermetures qui font mal<\/h3>\n<p>\nLe syndicat a fait gr\u00e8ve dans deux usines d&#8217;assemblage de GM et dans 20 centres de distribution de pi\u00e8ces d\u00e9tach\u00e9es. Le co\u00fbt de la gr\u00e8ve chez GM correspond \u00e0 16 jours d&#8217;arr\u00eat de la production dans une usine d&#8217;assemblage de GM, une usine de camionnettes et de fourgonnettes de taille moyenne situ\u00e9e \u00e0 Wentzville, dans le Missouri. L&#8217;UAW a ordonn\u00e9 une gr\u00e8ve dans une usine d&#8217;assemblage de VUS de GM \u00e0 Lansing, dans le Michigan, le 29 septembre. GM a \u00e9galement ferm\u00e9 son usine de berlines moyennes Malibu \u00e0 Fairfax, au Kansas, au cours de la derni\u00e8re semaine de septembre, en raison d&#8217;une p\u00e9nurie de pi\u00e8ces caus\u00e9e par la gr\u00e8ve.<\/p>\n<h3>Plus de 12 millions par jour<\/h3>\n<p>\nLe co\u00fbt moyen indiqu\u00e9 de 12,5 millions de dollars par jour pourrait augmenter consid\u00e9rablement si l&#8217;UAW arr\u00eate la production d&#8217;autres v\u00e9hicules dans les semaines \u00e0 venir. Dans ce contexte, GM a d\u00e9clar\u00e9 dans un d\u00e9p\u00f4t de titres qu&#8217;elle avait bloqu\u00e9 une nouvelle ligne de cr\u00e9dit de 6 milliards de dollars jusqu&#8217;en octobre 2024. JP Morgan et Citibank sont les chefs de file de l&#8217;op\u00e9ration. La nouvelle ligne de cr\u00e9dit renforcera le bilan de GM face \u00e0 une gr\u00e8ve prolong\u00e9e qui pourrait s&#8217;\u00e9tendre et entra\u00eener l&#8217;arr\u00eat de la production de ses v\u00e9hicules les plus rentables &#8211; les gros pick-up Chevrolet et GMC et les grands VUS tels que le GMC Yukon et le Cadillac Escalade. Les actions de GM \u00e9taient en baisse de 0,5 % dans la matin\u00e9e.<\/p>\n<h3>M\u00eame constat chez Ford<\/h3>\n<p>\nSon rival Ford Motor a obtenu une nouvelle ligne de cr\u00e9dit de 4 milliards de dollars en ao\u00fbt. Ford a d\u00e9clar\u00e9 mardi qu&#8217;il avait fait une nouvelle offre contractuelle globale, mais qu&#8217;un diff\u00e9rend concernant les usines de batteries n&#8217;\u00e9tait toujours pas r\u00e9solu. Ford a d\u00e9clar\u00e9 que cette nouvelle offre permettrait d&#8217;augmenter les salaires des travailleurs, d&#8217;accro\u00eetre les contributions de l&#8217;entreprise aux r\u00e9gimes 401(k) et de r\u00e9duire le temps n\u00e9cessaire pour atteindre le taux de salaire le plus \u00e9lev\u00e9.<\/p>\n<p>L&#8217;UAW a d\u00e9clar\u00e9 lundi avoir pr\u00e9sent\u00e9 une nouvelle offre contractuelle \u00e0 General Motors. GM a d\u00e9clar\u00e9 qu&#8217;en d\u00e9pit de cette offre, &#8220;des \u00e9carts importants subsistent&#8221;. GM a \u00e9t\u00e9 contraint de licencier 2 100 travailleurs dans cinq usines situ\u00e9es dans quatre \u00c9tats, y compris d&#8217;arr\u00eater la production dans son usine automobile du Kansas en raison des cons\u00e9quences de la gr\u00e8ve.<\/p>\n<p>\u00a0<\/p>\n<p>Ford a licenci\u00e9 environ 930 travailleurs et Stellantis 370 travailleurs dans l&#8217;Ohio et l&#8217;Indiana \u00e0 cause de la gr\u00e8ve.<\/p>\n<p>\u00a0<\/p>\n<p>La gr\u00e8ve se poursuit au sud de la fronti\u00e8re<\/p>\n<p>Le texte <a rel=\"nofollow\" href=\"https:\/\/annuelauto.ca\/les-effets-de-la-greve-automobile-se-font-sentir-aux-etats-unis\/\">Les effets de la gr\u00e8ve automobile se font sentir aux \u00c9tats-Unis<\/a> provient de <a rel=\"nofollow\" href=\"https:\/\/annuelauto.ca\">L&#8217;annuel de l&#8217;automobile &#8211; Actualit\u00e9 automobile<\/a><\/p>\n<p><\/p>\n","protected":false},"excerpt":{"rendered":"<p>General Motors a obtenu mercredi une nouvelle ligne de cr\u00e9dit de 6 milliards de dollars et a estim\u00e9 \u00e0 200 millions de dollars le co\u00fbt de la gr\u00e8ve des Travailleurs unis de l&#8217;automobile. La gr\u00e8ve cibl\u00e9e contre les trois constructeurs automobiles de D\u00e9troit a commenc\u00e9 le 15 septembre et en est \u00e0 son 20e jour. [&hellip;]<\/p>\n","protected":false},"author":8,"featured_media":0,"comment_status":"close","ping_status":"closed","sticky":false,"template":"","format":"standard","meta":{"_monsterinsights_skip_tracking":false,"_monsterinsights_sitenote_active":false,"_monsterinsights_sitenote_note":"","_monsterinsights_sitenote_category":0,"footnotes":""},"categories":[101],"tags":[],"yoast_head":"<!-- This site is optimized with the Yoast SEO plugin v23.2 - https:\/\/yoast.com\/wordpress\/plugins\/seo\/ -->\n<title>Les effets de la gr\u00e8ve automobile se font sentir aux \u00c9tats-Unis - CanadaMotorJobs.com<\/title>\n<meta name=\"description\" content=\"Les effets de la gr\u00e8ve automobile se font sentir aux \u00c9tats-Unis - Benoit Charette - Annuel automobile - CanadaMotorJobs.com.\" \/>\n<meta name=\"robots\" content=\"index, follow, max-snippet:-1, max-image-preview:large, max-video-preview:-1\" \/>\n<meta property=\"og:locale\" content=\"fr_CA\" \/>\n<meta property=\"og:type\" content=\"article\" \/>\n<meta property=\"og:title\" content=\"Les effets de la gr\u00e8ve automobile se font sentir aux \u00c9tats-Unis - CanadaMotorJobs.com\" \/>\n<meta property=\"og:description\" content=\"Les effets de la gr\u00e8ve automobile se font sentir aux \u00c9tats-Unis - Benoit Charette - Annuel automobile - CanadaMotorJobs.com.\" \/>\n<meta property=\"og:url\" content=\"https:\/\/news.canadamotorjobs.com\/fr\/les-effets-de-la-greve-automobile-se-font-sentir-aux-etats-unis\/\" \/>\n<meta property=\"og:site_name\" content=\"CanadaMotorJobs.com\" \/>\n<meta property=\"article:publisher\" content=\"https:\/\/www.facebook.com\/canadamotorjobs\/\" \/>\n<meta property=\"article:published_time\" content=\"2023-10-05T09:43:50+00:00\" \/>\n<meta property=\"article:modified_time\" content=\"2023-10-05T09:44:39+00:00\" \/>\n<meta property=\"og:image\" content=\"https:\/\/annuelauto.ca\/wp-content\/uploads\/2023\/10\/im-860247.jpg\" \/>\n<meta name=\"author\" content=\"Benoit Charette\" \/>\n<meta name=\"twitter:card\" content=\"summary_large_image\" \/>\n<meta name=\"twitter:creator\" content=\"@canadamotorjobs\" \/>\n<meta name=\"twitter:site\" content=\"@canadamotorjobs\" \/>\n<meta name=\"twitter:label1\" content=\"\u00c9crit par\" \/>\n\t<meta name=\"twitter:data1\" content=\"Benoit Charette\" \/>\n\t<meta name=\"twitter:label2\" content=\"Estimation du temps de lecture\" \/>\n\t<meta name=\"twitter:data2\" content=\"3 minutes\" \/>\n<!-- \/ Yoast SEO plugin. -->","yoast_head_json":{"title":"Les effets de la gr\u00e8ve automobile se font sentir aux \u00c9tats-Unis - CanadaMotorJobs.com","description":"Les effets de la gr\u00e8ve automobile se font sentir aux \u00c9tats-Unis - Benoit Charette - Annuel automobile - CanadaMotorJobs.com.","robots":{"index":"index","follow":"follow","max-snippet":"max-snippet:-1","max-image-preview":"max-image-preview:large","max-video-preview":"max-video-preview:-1"},"og_locale":"fr_CA","og_type":"article","og_title":"Les effets de la gr\u00e8ve automobile se font sentir aux \u00c9tats-Unis - CanadaMotorJobs.com","og_description":"Les effets de la gr\u00e8ve automobile se font sentir aux \u00c9tats-Unis - Benoit Charette - Annuel automobile - CanadaMotorJobs.com.","og_url":"https:\/\/news.canadamotorjobs.com\/fr\/les-effets-de-la-greve-automobile-se-font-sentir-aux-etats-unis\/","og_site_name":"CanadaMotorJobs.com","article_publisher":"https:\/\/www.facebook.com\/canadamotorjobs\/","article_published_time":"2023-10-05T09:43:50+00:00","article_modified_time":"2023-10-05T09:44:39+00:00","og_image":[{"url":"https:\/\/annuelauto.ca\/wp-content\/uploads\/2023\/10\/im-860247.jpg"}],"author":"Benoit Charette","twitter_card":"summary_large_image","twitter_creator":"@canadamotorjobs","twitter_site":"@canadamotorjobs","twitter_misc":{"\u00c9crit par":"Benoit Charette","Estimation du temps de lecture":"3 minutes"},"schema":{"@context":"https:\/\/schema.org","@graph":[{"@type":"Article","@id":"https:\/\/news.canadamotorjobs.com\/fr\/les-effets-de-la-greve-automobile-se-font-sentir-aux-etats-unis\/#article","isPartOf":{"@id":"https:\/\/news.canadamotorjobs.com\/fr\/les-effets-de-la-greve-automobile-se-font-sentir-aux-etats-unis\/"},"author":{"name":"Benoit Charette","@id":"https:\/\/news.canadamotorjobs.com\/#\/schema\/person\/51793d1f87d44011d7bcc2ed99269a90"},"headline":"Les effets de la gr\u00e8ve automobile se font sentir aux \u00c9tats-Unis","datePublished":"2023-10-05T09:43:50+00:00","dateModified":"2023-10-05T09:44:39+00:00","mainEntityOfPage":{"@id":"https:\/\/news.canadamotorjobs.com\/fr\/les-effets-de-la-greve-automobile-se-font-sentir-aux-etats-unis\/"},"wordCount":563,"publisher":{"@id":"https:\/\/news.canadamotorjobs.com\/#organization"},"image":{"@id":"https:\/\/news.canadamotorjobs.com\/fr\/les-effets-de-la-greve-automobile-se-font-sentir-aux-etats-unis\/#primaryimage"},"thumbnailUrl":"https:\/\/annuelauto.ca\/wp-content\/uploads\/2023\/10\/im-860247.jpg","articleSection":["Annuel automobile"],"inLanguage":"fr-CA"},{"@type":"WebPage","@id":"https:\/\/news.canadamotorjobs.com\/fr\/les-effets-de-la-greve-automobile-se-font-sentir-aux-etats-unis\/","url":"https:\/\/news.canadamotorjobs.com\/fr\/les-effets-de-la-greve-automobile-se-font-sentir-aux-etats-unis\/","name":"Les effets de la gr\u00e8ve automobile se font sentir aux \u00c9tats-Unis - CanadaMotorJobs.com","isPartOf":{"@id":"https:\/\/news.canadamotorjobs.com\/#website"},"primaryImageOfPage":{"@id":"https:\/\/news.canadamotorjobs.com\/fr\/les-effets-de-la-greve-automobile-se-font-sentir-aux-etats-unis\/#primaryimage"},"image":{"@id":"https:\/\/news.canadamotorjobs.com\/fr\/les-effets-de-la-greve-automobile-se-font-sentir-aux-etats-unis\/#primaryimage"},"thumbnailUrl":"https:\/\/annuelauto.ca\/wp-content\/uploads\/2023\/10\/im-860247.jpg","datePublished":"2023-10-05T09:43:50+00:00","dateModified":"2023-10-05T09:44:39+00:00","description":"Les effets de la gr\u00e8ve automobile se font sentir aux \u00c9tats-Unis - Benoit Charette - Annuel automobile - CanadaMotorJobs.com.","breadcrumb":{"@id":"https:\/\/news.canadamotorjobs.com\/fr\/les-effets-de-la-greve-automobile-se-font-sentir-aux-etats-unis\/#breadcrumb"},"inLanguage":"fr-CA","potentialAction":[{"@type":"ReadAction","target":["https:\/\/news.canadamotorjobs.com\/fr\/les-effets-de-la-greve-automobile-se-font-sentir-aux-etats-unis\/"]}]},{"@type":"ImageObject","inLanguage":"fr-CA","@id":"https:\/\/news.canadamotorjobs.com\/fr\/les-effets-de-la-greve-automobile-se-font-sentir-aux-etats-unis\/#primaryimage","url":"https:\/\/annuelauto.ca\/wp-content\/uploads\/2023\/10\/im-860247.jpg","contentUrl":"https:\/\/annuelauto.ca\/wp-content\/uploads\/2023\/10\/im-860247.jpg"},{"@type":"BreadcrumbList","@id":"https:\/\/news.canadamotorjobs.com\/fr\/les-effets-de-la-greve-automobile-se-font-sentir-aux-etats-unis\/#breadcrumb","itemListElement":[{"@type":"ListItem","position":1,"name":"Home","item":"https:\/\/news.canadamotorjobs.com\/fr\/blog\/"},{"@type":"ListItem","position":2,"name":"Les effets de la gr\u00e8ve automobile se font sentir aux \u00c9tats-Unis"}]},{"@type":"WebSite","@id":"https:\/\/news.canadamotorjobs.com\/#website","url":"https:\/\/news.canadamotorjobs.com\/","name":"CanadaMotorJobs.com","description":"Automotive Jobs","publisher":{"@id":"https:\/\/news.canadamotorjobs.com\/#organization"},"potentialAction":[{"@type":"SearchAction","target":{"@type":"EntryPoint","urlTemplate":"https:\/\/news.canadamotorjobs.com\/?s={search_term_string}"},"query-input":"required name=search_term_string"}],"inLanguage":"fr-CA"},{"@type":"Organization","@id":"https:\/\/news.canadamotorjobs.com\/#organization","name":"Canada Motor Jobs","url":"https:\/\/news.canadamotorjobs.com\/","logo":{"@type":"ImageObject","inLanguage":"fr-CA","@id":"https:\/\/news.canadamotorjobs.com\/#\/schema\/logo\/image\/","url":"https:\/\/news.canadamotorjobs.com\/wp-content\/uploads\/2022\/10\/logo-canada-motor-jobs-1.png","contentUrl":"https:\/\/news.canadamotorjobs.com\/wp-content\/uploads\/2022\/10\/logo-canada-motor-jobs-1.png","width":800,"height":400,"caption":"Canada Motor Jobs"},"image":{"@id":"https:\/\/news.canadamotorjobs.com\/#\/schema\/logo\/image\/"},"sameAs":["https:\/\/www.facebook.com\/canadamotorjobs\/","https:\/\/x.com\/canadamotorjobs","https:\/\/www.instagram.com\/canadamotorjobs\/","https:\/\/www.linkedin.com\/company\/canadamotorjobs"]},{"@type":"Person","@id":"https:\/\/news.canadamotorjobs.com\/#\/schema\/person\/51793d1f87d44011d7bcc2ed99269a90","name":"Benoit Charette","image":{"@type":"ImageObject","inLanguage":"fr-CA","@id":"https:\/\/news.canadamotorjobs.com\/#\/schema\/person\/image\/","url":"https:\/\/secure.gravatar.com\/avatar\/45f3d2eebcccd909668d7ce7ea7267b6?s=96&d=mm&r=g","contentUrl":"https:\/\/secure.gravatar.com\/avatar\/45f3d2eebcccd909668d7ce7ea7267b6?s=96&d=mm&r=g","caption":"Benoit Charette"},"description":"Benoit Charette \/ Propri\u00e9taire et r\u00e9dacteur en chef Benoit Charette pratique le journalisme automobile depuis bient\u00f4t 30 ans. Il a fait ses classes au c\u00f4t\u00e9 de Daniel H\u00e9raud et au Carnet de route de 1992 \u00e0 2001. Il est fondateur, copropri\u00e9taire et r\u00e9dacteur en chef de L\u2019Annuel de l\u2019automobile, qu\u2019il publie depuis 2001. Il a anim\u00e9 les \u00e9missions RPM et RPM+ sur V et les L\u00e9gendes de la route sur Historia. \u00c0 la radio depuis 1986, il reprend l\u2019antenne cette ann\u00e9e sur les ondes de Cogeco et participe pour la deuxi\u00e8me ann\u00e9e \u00e0 l\u2019\u00e9mission Passion Auto sur RDS en plus de mettre en ligne le site Web officiel de L\u2019Annuel de l\u2019automobile sur annuelauto.ca.","sameAs":["https:\/\/annuelauto.ca\/"],"url":"https:\/\/news.canadamotorjobs.com\/fr\/author\/benoit-charette\/"}]}},"_links":{"self":[{"href":"https:\/\/news.canadamotorjobs.com\/fr\/wp-json\/wp\/v2\/posts\/152367"}],"collection":[{"href":"https:\/\/news.canadamotorjobs.com\/fr\/wp-json\/wp\/v2\/posts"}],"about":[{"href":"https:\/\/news.canadamotorjobs.com\/fr\/wp-json\/wp\/v2\/types\/post"}],"author":[{"embeddable":true,"href":"https:\/\/news.canadamotorjobs.com\/fr\/wp-json\/wp\/v2\/users\/8"}],"replies":[{"embeddable":true,"href":"https:\/\/news.canadamotorjobs.com\/fr\/wp-json\/wp\/v2\/comments?post=152367"}],"version-history":[{"count":1,"href":"https:\/\/news.canadamotorjobs.com\/fr\/wp-json\/wp\/v2\/posts\/152367\/revisions"}],"predecessor-version":[{"id":152368,"href":"https:\/\/news.canadamotorjobs.com\/fr\/wp-json\/wp\/v2\/posts\/152367\/revisions\/152368"}],"wp:attachment":[{"href":"https:\/\/news.canadamotorjobs.com\/fr\/wp-json\/wp\/v2\/media?parent=152367"}],"wp:term":[{"taxonomy":"category","embeddable":true,"href":"https:\/\/news.canadamotorjobs.com\/fr\/wp-json\/wp\/v2\/categories?post=152367"},{"taxonomy":"post_tag","embeddable":true,"href":"https:\/\/news.canadamotorjobs.com\/fr\/wp-json\/wp\/v2\/tags?post=152367"}],"curies":[{"name":"wp","href":"https:\/\/api.w.org\/{rel}","templated":true}]}}