{"id":152365,"date":"2023-10-03T12:10:22","date_gmt":"2023-10-03T16:10:22","guid":{"rendered":"https:\/\/news.canadamotorjobs.com\/?p=152365"},"modified":"2023-10-04T13:57:36","modified_gmt":"2023-10-04T17:57:36","slug":"volkswagen-atlas-2024","status":"publish","type":"post","link":"https:\/\/news.canadamotorjobs.com\/fr\/volkswagen-atlas-2024\/","title":{"rendered":"Volkswagen Atlas 2024"},"content":{"rendered":"<p><img loading=\"lazy\" decoding=\"async\" width=\"1200\" height=\"800\" src=\"https:\/\/annuelauto.ca\/wp-content\/uploads\/2023\/10\/Large-17052-2024AtlasandAtlasCrossSport.jpg\" class=\"attachment-post-thumbnail size-post-thumbnail wp-post-image\" alt=\"\" \/><\/p>\n<p>Il semble qu\u2019il faut \u00eatre d\u2019un certain \u00e2ge, pour ne pas dire d\u2019un \u00e2ge certain, pour avoir en t\u00eate l\u2019image d\u2019une Golf ou d\u2019une Jetta quand on pense \u00e0 la marque Volkswagen. Il faut \u00eatre plus \u00e2g\u00e9 encore pour associer la marque \u00e0 la Beetle, et il faut \u00eatre carr\u00e9ment v\u00e9n\u00e9rable pour penser \u00e0 la Coccinelle, l\u2019anc\u00eatre de la Beetle dont le nom avait \u00e9t\u00e9 francis\u00e9, chose qu\u2019on ne peut pas dire du mod\u00e8le qui a \u00e9t\u00e9 mis sur la route au tournant du mill\u00e9naire.<\/p>\n<p>Bref, tout \u00e7a pour dire que Volkswagen en 2024 n\u2019est plus une marque de voiture, mais une marque de camions. Comme bien d\u2019autres marques, \u00e7a va sans dire. Mais le virage est presque total pour la marque allemande, dont les ventes en 2023 \u00e9taient \u00e0 85% compos\u00e9es de VUS. Le Touareg, le Tiguan et le Taos ont aid\u00e9 \u00e0 ce succ\u00e8s commercial, mais ce sont surtout l\u2019Atlas et l\u2019Atlas Cross Sport qui ont confirm\u00e9 la tendance.<\/p>\n<p>Et on sent que \u00e7a ne va pas s\u2019arr\u00eater cette ann\u00e9e, puisque Volkswagen vient de r\u00e9viser l\u2019Atlas pour le moderniser un brin. Le plus gros des v\u00e9hicules de la marque a droit \u00e0 un style ext\u00e9rieur l\u00e9g\u00e8rement retouch\u00e9 qui comprend le fameux logo VW illumin\u00e9, \u00e0 l\u2019avant, et des feux arri\u00e8res qui se prolongent d\u2019un bout \u00e0 l\u2019autre du hayon.<\/p>\n<p>\u00c0 l\u2019int\u00e9rieur, on a revu un peu l\u2019\u00e9quipement pour rendre ce gros v\u00e9hicule un peu plus luxueux et confortable. Ce n\u2019est pas tout bon, mais on a aussi remplac\u00e9 le syst\u00e8me multim\u00e9dia par un \u00e9cran plus large qui est un peu plus ergonomique que son pr\u00e9d\u00e9cesseur. Et pour rendre tout \u00e7a plus moderne, on a aussi un \u00e9clairage d\u2019ambiance \u00e0 DEL partout dans l\u2019habitacle dont on peut choisir la couleur soi-m\u00eame. On a 30 options de couleur, il y en a certainement pour tous les go\u00fbts.<\/p>\n<p>Tout \u00e7a \u00e9tant dit, c\u2019est sous le capot que le changement est le plus remarquable pour l\u2019Atlas en 2024. Le presque l\u00e9gendaire VR6 de 3,6 litres dispara\u00eet du catalogue. Il est remplac\u00e9 par un 4 cylindres turbo de 2 litres, une motorisation qui ne surprendra personne, que Volkswagen jumelle \u00e0 une bo\u00eete automatique \u00e0 huit rapports et \u00e0 un rouage int\u00e9gral 4Motion de s\u00e9rie.<\/p>\n<p>Le 4 cylindres en question est nouveau pour l\u2019Atlas, m\u00eame pour la version de base. Il est emprunt\u00e9 \u00e0 la GTI. Il g\u00e9n\u00e8re une puissance de 269 chevaux et un couple de 273 livres-pied, ce qui en fait une cylindr\u00e9e presque aussi puissante que le VR6 qu\u2019il remplace. Sa consommation d\u2019essence est un peu plus raisonnable, quelque part autour des. 9,5 \u00e0 10,5 litres aux 100 kilom\u00e8tres, si vous conduisez de fa\u00e7on assez conservatrice.<\/p>\n<p>La m\u00e9canique permet d\u2019acc\u00e9l\u00e9rer assez vite, mais le passage des rapports \u00e0 vitesse d\u2019autoroute ou m\u00eame \u00e0 tr\u00e8s basse vitesse est parfois un peu brusque, ce qui est \u00e9tonnant pour un v\u00e9hicule Volkswagen. Le son du moteur est aussi un peu aga\u00e7ant\u00a0: on est loin de la GTI pour l\u2019exp\u00e9rience sonore\u2026<\/p>\n<p>On a aussi droit en 2024 \u00e0 une nouvelle variante plus sportive de l\u2019Atlas, mais qui conserve la m\u00eame silhouette, qui s\u2019appelle Atlas Peak Edition. Ce mod\u00e8le-l\u00e0 a droit \u00e0 des pneus tout terrain, des jantes noires, et \u00e0 une calandre unique. On peut l\u2019acheter en \u00abvert avocat\u00bb, pour ceux que \u00e7a int\u00e9resse. Celui-l\u00e0 co\u00fbte 54\u00a0000 $.<\/p>\n<p>Comme l\u2019Atlas est quelque sorte une version pour sept passagers de l\u2019Atlas Cross Sport, il co\u00fbte plus cher. Il se d\u00e9cline en trois versions, outre le Peak Edition, qui co\u00fbtent entre 50\u00a0000 et 60\u00a0000 $.<\/p>\n<p>\u00c7a para\u00eet un peu cher. C\u2019est s\u00fbr que le v\u00e9hicule est gros. Il est spacieux. Est-ce qu\u2019il est luxueux? Je n\u2019irais pas l\u00e0. Le plastique lustr\u00e9 noir de la console ne crie pas \u00abhaut de gamme\u00bb, mais plut\u00f4t \u00ab\u00e9conomie d\u2019\u00e9chelle\u00bb. L\u2019exp\u00e9rience de conduite est aussi un peu d\u00e9cevante. L\u2019Atlas n\u2019est pas aussi agile que l\u2019Atlas Cross Sport. Il est un peu plus bruyant qu\u2019un VUS plein format v\u00e9ritablement de luxe, qui serait sign\u00e9 Buick ou m\u00eame Lexus. En fait, m\u00eame Mazda avec son CX-90 arrive \u00e0 mieux nous convaincre de payer plus cher pour un gros VUS que le fait Volkswagen avec l\u2019Atlas.<\/p>\n<p>Mais au moins, on a de la place en masse \u00e0 bord pour sept passagers. On dit que les gros VUS sont la nouvelle fourgonnette et l\u00e0-dessus, on n\u2019a pas tort. L\u2019Atlas a certainement plus d\u2019atomes crochues avec une minivan qu\u2019avec une Golf, ou m\u00eame une Beetle\u2026<\/p>\n<p>\u00a0<\/p>\n<p>Le texte <a rel=\"nofollow\" href=\"https:\/\/annuelauto.ca\/volkswagen-atlas-2024\/\">Volkswagen Atlas 2024<\/a> provient de <a rel=\"nofollow\" href=\"https:\/\/annuelauto.ca\">L&#8217;annuel de l&#8217;automobile &#8211; Actualit\u00e9 automobile<\/a><\/p>\n<p><\/p>\n","protected":false},"excerpt":{"rendered":"<p>Il semble qu\u2019il faut \u00eatre d\u2019un certain \u00e2ge, pour ne pas dire d\u2019un \u00e2ge certain, pour avoir en t\u00eate l\u2019image d\u2019une Golf ou d\u2019une Jetta quand on pense \u00e0 la marque Volkswagen. Il faut \u00eatre plus \u00e2g\u00e9 encore pour associer la marque \u00e0 la Beetle, et il faut \u00eatre carr\u00e9ment v\u00e9n\u00e9rable pour penser \u00e0 la [&hellip;]<\/p>\n","protected":false},"author":8,"featured_media":0,"comment_status":"close","ping_status":"closed","sticky":false,"template":"","format":"standard","meta":{"_monsterinsights_skip_tracking":false,"_monsterinsights_sitenote_active":false,"_monsterinsights_sitenote_note":"","_monsterinsights_sitenote_category":0,"footnotes":""},"categories":[101],"tags":[],"yoast_head":"<!-- This site is optimized with the Yoast SEO plugin v23.2 - https:\/\/yoast.com\/wordpress\/plugins\/seo\/ -->\n<title>Volkswagen Atlas 2024 - CanadaMotorJobs.com<\/title>\n<meta name=\"description\" content=\"Volkswagen Atlas 2024 - Benoit Charette - Annuel automobile - CanadaMotorJobs.com.\" \/>\n<meta name=\"robots\" content=\"index, follow, max-snippet:-1, max-image-preview:large, max-video-preview:-1\" \/>\n<meta property=\"og:locale\" content=\"fr_CA\" \/>\n<meta property=\"og:type\" content=\"article\" \/>\n<meta property=\"og:title\" content=\"Volkswagen Atlas 2024 - CanadaMotorJobs.com\" \/>\n<meta property=\"og:description\" content=\"Volkswagen Atlas 2024 - Benoit Charette - Annuel automobile - CanadaMotorJobs.com.\" \/>\n<meta property=\"og:url\" content=\"https:\/\/news.canadamotorjobs.com\/fr\/volkswagen-atlas-2024\/\" \/>\n<meta property=\"og:site_name\" content=\"CanadaMotorJobs.com\" \/>\n<meta property=\"article:publisher\" content=\"https:\/\/www.facebook.com\/canadamotorjobs\/\" \/>\n<meta property=\"article:published_time\" content=\"2023-10-03T16:10:22+00:00\" \/>\n<meta property=\"article:modified_time\" content=\"2023-10-04T17:57:36+00:00\" \/>\n<meta property=\"og:image\" content=\"https:\/\/annuelauto.ca\/wp-content\/uploads\/2023\/10\/Large-17052-2024AtlasandAtlasCrossSport.jpg\" \/>\n<meta name=\"author\" content=\"Benoit Charette\" \/>\n<meta name=\"twitter:card\" content=\"summary_large_image\" \/>\n<meta name=\"twitter:creator\" content=\"@canadamotorjobs\" \/>\n<meta name=\"twitter:site\" content=\"@canadamotorjobs\" \/>\n<meta name=\"twitter:label1\" content=\"\u00c9crit par\" \/>\n\t<meta name=\"twitter:data1\" content=\"Benoit Charette\" \/>\n\t<meta name=\"twitter:label2\" content=\"Estimation du temps de lecture\" \/>\n\t<meta name=\"twitter:data2\" content=\"4 minutes\" \/>\n<!-- \/ Yoast SEO plugin. -->","yoast_head_json":{"title":"Volkswagen Atlas 2024 - CanadaMotorJobs.com","description":"Volkswagen Atlas 2024 - Benoit Charette - Annuel automobile - CanadaMotorJobs.com.","robots":{"index":"index","follow":"follow","max-snippet":"max-snippet:-1","max-image-preview":"max-image-preview:large","max-video-preview":"max-video-preview:-1"},"og_locale":"fr_CA","og_type":"article","og_title":"Volkswagen Atlas 2024 - CanadaMotorJobs.com","og_description":"Volkswagen Atlas 2024 - Benoit Charette - Annuel automobile - CanadaMotorJobs.com.","og_url":"https:\/\/news.canadamotorjobs.com\/fr\/volkswagen-atlas-2024\/","og_site_name":"CanadaMotorJobs.com","article_publisher":"https:\/\/www.facebook.com\/canadamotorjobs\/","article_published_time":"2023-10-03T16:10:22+00:00","article_modified_time":"2023-10-04T17:57:36+00:00","og_image":[{"url":"https:\/\/annuelauto.ca\/wp-content\/uploads\/2023\/10\/Large-17052-2024AtlasandAtlasCrossSport.jpg"}],"author":"Benoit Charette","twitter_card":"summary_large_image","twitter_creator":"@canadamotorjobs","twitter_site":"@canadamotorjobs","twitter_misc":{"\u00c9crit par":"Benoit Charette","Estimation du temps de lecture":"4 minutes"},"schema":{"@context":"https:\/\/schema.org","@graph":[{"@type":"Article","@id":"https:\/\/news.canadamotorjobs.com\/fr\/volkswagen-atlas-2024\/#article","isPartOf":{"@id":"https:\/\/news.canadamotorjobs.com\/fr\/volkswagen-atlas-2024\/"},"author":{"name":"Benoit Charette","@id":"https:\/\/news.canadamotorjobs.com\/#\/schema\/person\/51793d1f87d44011d7bcc2ed99269a90"},"headline":"Volkswagen Atlas 2024","datePublished":"2023-10-03T16:10:22+00:00","dateModified":"2023-10-04T17:57:36+00:00","mainEntityOfPage":{"@id":"https:\/\/news.canadamotorjobs.com\/fr\/volkswagen-atlas-2024\/"},"wordCount":823,"publisher":{"@id":"https:\/\/news.canadamotorjobs.com\/#organization"},"image":{"@id":"https:\/\/news.canadamotorjobs.com\/fr\/volkswagen-atlas-2024\/#primaryimage"},"thumbnailUrl":"https:\/\/annuelauto.ca\/wp-content\/uploads\/2023\/10\/Large-17052-2024AtlasandAtlasCrossSport.jpg","articleSection":["Annuel automobile"],"inLanguage":"fr-CA"},{"@type":"WebPage","@id":"https:\/\/news.canadamotorjobs.com\/fr\/volkswagen-atlas-2024\/","url":"https:\/\/news.canadamotorjobs.com\/fr\/volkswagen-atlas-2024\/","name":"Volkswagen Atlas 2024 - CanadaMotorJobs.com","isPartOf":{"@id":"https:\/\/news.canadamotorjobs.com\/#website"},"primaryImageOfPage":{"@id":"https:\/\/news.canadamotorjobs.com\/fr\/volkswagen-atlas-2024\/#primaryimage"},"image":{"@id":"https:\/\/news.canadamotorjobs.com\/fr\/volkswagen-atlas-2024\/#primaryimage"},"thumbnailUrl":"https:\/\/annuelauto.ca\/wp-content\/uploads\/2023\/10\/Large-17052-2024AtlasandAtlasCrossSport.jpg","datePublished":"2023-10-03T16:10:22+00:00","dateModified":"2023-10-04T17:57:36+00:00","description":"Volkswagen Atlas 2024 - Benoit Charette - Annuel automobile - CanadaMotorJobs.com.","breadcrumb":{"@id":"https:\/\/news.canadamotorjobs.com\/fr\/volkswagen-atlas-2024\/#breadcrumb"},"inLanguage":"fr-CA","potentialAction":[{"@type":"ReadAction","target":["https:\/\/news.canadamotorjobs.com\/fr\/volkswagen-atlas-2024\/"]}]},{"@type":"ImageObject","inLanguage":"fr-CA","@id":"https:\/\/news.canadamotorjobs.com\/fr\/volkswagen-atlas-2024\/#primaryimage","url":"https:\/\/annuelauto.ca\/wp-content\/uploads\/2023\/10\/Large-17052-2024AtlasandAtlasCrossSport.jpg","contentUrl":"https:\/\/annuelauto.ca\/wp-content\/uploads\/2023\/10\/Large-17052-2024AtlasandAtlasCrossSport.jpg"},{"@type":"BreadcrumbList","@id":"https:\/\/news.canadamotorjobs.com\/fr\/volkswagen-atlas-2024\/#breadcrumb","itemListElement":[{"@type":"ListItem","position":1,"name":"Home","item":"https:\/\/news.canadamotorjobs.com\/fr\/blog\/"},{"@type":"ListItem","position":2,"name":"Volkswagen Atlas 2024"}]},{"@type":"WebSite","@id":"https:\/\/news.canadamotorjobs.com\/#website","url":"https:\/\/news.canadamotorjobs.com\/","name":"CanadaMotorJobs.com","description":"Automotive Jobs","publisher":{"@id":"https:\/\/news.canadamotorjobs.com\/#organization"},"potentialAction":[{"@type":"SearchAction","target":{"@type":"EntryPoint","urlTemplate":"https:\/\/news.canadamotorjobs.com\/?s={search_term_string}"},"query-input":"required name=search_term_string"}],"inLanguage":"fr-CA"},{"@type":"Organization","@id":"https:\/\/news.canadamotorjobs.com\/#organization","name":"Canada Motor Jobs","url":"https:\/\/news.canadamotorjobs.com\/","logo":{"@type":"ImageObject","inLanguage":"fr-CA","@id":"https:\/\/news.canadamotorjobs.com\/#\/schema\/logo\/image\/","url":"https:\/\/news.canadamotorjobs.com\/wp-content\/uploads\/2022\/10\/logo-canada-motor-jobs-1.png","contentUrl":"https:\/\/news.canadamotorjobs.com\/wp-content\/uploads\/2022\/10\/logo-canada-motor-jobs-1.png","width":800,"height":400,"caption":"Canada Motor Jobs"},"image":{"@id":"https:\/\/news.canadamotorjobs.com\/#\/schema\/logo\/image\/"},"sameAs":["https:\/\/www.facebook.com\/canadamotorjobs\/","https:\/\/x.com\/canadamotorjobs","https:\/\/www.instagram.com\/canadamotorjobs\/","https:\/\/www.linkedin.com\/company\/canadamotorjobs"]},{"@type":"Person","@id":"https:\/\/news.canadamotorjobs.com\/#\/schema\/person\/51793d1f87d44011d7bcc2ed99269a90","name":"Benoit Charette","image":{"@type":"ImageObject","inLanguage":"fr-CA","@id":"https:\/\/news.canadamotorjobs.com\/#\/schema\/person\/image\/","url":"https:\/\/secure.gravatar.com\/avatar\/45f3d2eebcccd909668d7ce7ea7267b6?s=96&d=mm&r=g","contentUrl":"https:\/\/secure.gravatar.com\/avatar\/45f3d2eebcccd909668d7ce7ea7267b6?s=96&d=mm&r=g","caption":"Benoit Charette"},"description":"Benoit Charette \/ Propri\u00e9taire et r\u00e9dacteur en chef Benoit Charette pratique le journalisme automobile depuis bient\u00f4t 30 ans. Il a fait ses classes au c\u00f4t\u00e9 de Daniel H\u00e9raud et au Carnet de route de 1992 \u00e0 2001. Il est fondateur, copropri\u00e9taire et r\u00e9dacteur en chef de L\u2019Annuel de l\u2019automobile, qu\u2019il publie depuis 2001. Il a anim\u00e9 les \u00e9missions RPM et RPM+ sur V et les L\u00e9gendes de la route sur Historia. \u00c0 la radio depuis 1986, il reprend l\u2019antenne cette ann\u00e9e sur les ondes de Cogeco et participe pour la deuxi\u00e8me ann\u00e9e \u00e0 l\u2019\u00e9mission Passion Auto sur RDS en plus de mettre en ligne le site Web officiel de L\u2019Annuel de l\u2019automobile sur annuelauto.ca.","sameAs":["https:\/\/annuelauto.ca\/"],"url":"https:\/\/news.canadamotorjobs.com\/fr\/author\/benoit-charette\/"}]}},"_links":{"self":[{"href":"https:\/\/news.canadamotorjobs.com\/fr\/wp-json\/wp\/v2\/posts\/152365"}],"collection":[{"href":"https:\/\/news.canadamotorjobs.com\/fr\/wp-json\/wp\/v2\/posts"}],"about":[{"href":"https:\/\/news.canadamotorjobs.com\/fr\/wp-json\/wp\/v2\/types\/post"}],"author":[{"embeddable":true,"href":"https:\/\/news.canadamotorjobs.com\/fr\/wp-json\/wp\/v2\/users\/8"}],"replies":[{"embeddable":true,"href":"https:\/\/news.canadamotorjobs.com\/fr\/wp-json\/wp\/v2\/comments?post=152365"}],"version-history":[{"count":1,"href":"https:\/\/news.canadamotorjobs.com\/fr\/wp-json\/wp\/v2\/posts\/152365\/revisions"}],"predecessor-version":[{"id":152366,"href":"https:\/\/news.canadamotorjobs.com\/fr\/wp-json\/wp\/v2\/posts\/152365\/revisions\/152366"}],"wp:attachment":[{"href":"https:\/\/news.canadamotorjobs.com\/fr\/wp-json\/wp\/v2\/media?parent=152365"}],"wp:term":[{"taxonomy":"category","embeddable":true,"href":"https:\/\/news.canadamotorjobs.com\/fr\/wp-json\/wp\/v2\/categories?post=152365"},{"taxonomy":"post_tag","embeddable":true,"href":"https:\/\/news.canadamotorjobs.com\/fr\/wp-json\/wp\/v2\/tags?post=152365"}],"curies":[{"name":"wp","href":"https:\/\/api.w.org\/{rel}","templated":true}]}}