{"id":152320,"date":"2023-10-02T14:22:56","date_gmt":"2023-10-02T18:22:56","guid":{"rendered":"https:\/\/news.canadamotorjobs.com\/?p=152320"},"modified":"2023-10-02T14:30:36","modified_gmt":"2023-10-02T18:30:36","slug":"un-trouble-mecanique-catastrophique-sur-le-ford-bronco-la-nhtsa-enquete","status":"publish","type":"post","link":"https:\/\/news.canadamotorjobs.com\/fr\/un-trouble-mecanique-catastrophique-sur-le-ford-bronco-la-nhtsa-enquete\/","title":{"rendered":"Un trouble m\u00e9canique \u00abcatastrophique\u00bb sur le Ford Bronco? La NHTSA enqu\u00eate"},"content":{"rendered":"<\/p>\n<p>L\u2019autorit\u00e9 am\u00e9ricaine en mati\u00e8re de s\u00e9curit\u00e9 routi\u00e8re ne m\u00e2che pas ses mots. La NHTSA enqu\u00eate sur un probl\u00e8me m\u00e9canique qu\u2019elle qualifie de catastrophique et qui pourrait affecter jusqu\u2019\u00e0 708\u00a0000 v\u00e9hicules Ford anim\u00e9s par un moteur Ecoboost de 2,7 ou de 3 litres.<\/p>\n<p>Les v\u00e9hicules cibl\u00e9s sont des Ford Bronco, Edge, Explorer et F-150, ainsi que les Lincoln Aviator et Nautilus, d\u2019ann\u00e9e-mod\u00e8le 2021 et 2022. C\u2019est tout un revirement pour la NHTSA qui avait jusqu\u2019ici limit\u00e9 cette enqu\u00eate \u00e0 25\u00a0000 exemplaires du Bronco. Des plaintes de nombreux propri\u00e9taires des autres v\u00e9hicules sous la loupe de l\u2019organisation gouvernementale am\u00e9ricaine l\u2019a convaincue d\u2019\u00e9largir son enqu\u00eate.<\/p>\n<p>Le probl\u00e8me en question serait reli\u00e9 \u00e0 une soupape qui aurait \u00e9t\u00e9 produite \u00e0 trop haute temp\u00e9rature. Son alliage quand il est surchauff\u00e9 deviendra plus rigide et plus fragile que ce qu\u2019il lui faudrait pour op\u00e9rer normalement. Une fois en fonction, la pi\u00e8ce brise et le moteur tombe en panne.<\/p>\n<p>Du c\u00f4t\u00e9 de chez Ford, on se veut rassurant. \u00c9videmment, le constructeur dit travailler de concert avec la NHTSA pour s\u2019assurer que tous les v\u00e9hicules qui pourraient souffrir de ce d\u00e9faut de fabrication soient identifi\u00e9s et que la pi\u00e8ce soit remplac\u00e9e.<\/p>\n<p>Le constructeur ajoute aussi que comme ce d\u00e9faut a tendance \u00e0 se manifester tr\u00e8s t\u00f4t dans la vie utile de la pi\u00e8ce en question, il y a de fortes chances de croire que si vous poss\u00e9dez un v\u00e9hicule qui pourrait en \u00eatre \u00e9quip\u00e9, eh bien soit elle a d\u00e9j\u00e0 bris\u00e9 et que vous \u00eates donc au courant de la situation, soit cette situation ne vous concerne probablement pas, car Ford pense que la grande majorit\u00e9 des bris m\u00e9caniques se sont d\u00e9j\u00e0 produits.<\/p>\n<p>\u00a0<\/p>\n<p>Le texte <a rel=\"nofollow\" href=\"https:\/\/annuelauto.ca\/un-trouble-mecanique-catastrophique-sur-le-ford-bronco-la-nhtsa-enquete\/\">Un trouble m\u00e9canique \u00abcatastrophique\u00bb sur le Ford Bronco? La NHTSA enqu\u00eate<\/a> provient de <a rel=\"nofollow\" href=\"https:\/\/annuelauto.ca\">L&#8217;annuel de l&#8217;automobile &#8211; Actualit\u00e9 automobile<\/a><\/p>\n<p><\/p>\n","protected":false},"excerpt":{"rendered":"<p>L\u2019autorit\u00e9 am\u00e9ricaine en mati\u00e8re de s\u00e9curit\u00e9 routi\u00e8re ne m\u00e2che pas ses mots. La NHTSA enqu\u00eate sur un probl\u00e8me m\u00e9canique qu\u2019elle qualifie de catastrophique et qui pourrait affecter jusqu\u2019\u00e0 708\u00a0000 v\u00e9hicules Ford anim\u00e9s par un moteur Ecoboost de 2,7 ou de 3 litres. Les v\u00e9hicules cibl\u00e9s sont des Ford Bronco, Edge, Explorer et F-150, ainsi que [&hellip;]<\/p>\n","protected":false},"author":8,"featured_media":152322,"comment_status":"close","ping_status":"closed","sticky":false,"template":"","format":"standard","meta":{"_monsterinsights_skip_tracking":false,"_monsterinsights_sitenote_active":false,"_monsterinsights_sitenote_note":"","_monsterinsights_sitenote_category":0,"footnotes":""},"categories":[101],"tags":[],"yoast_head":"<!-- This site is optimized with the Yoast SEO plugin v23.2 - https:\/\/yoast.com\/wordpress\/plugins\/seo\/ -->\n<title>Un trouble m\u00e9canique \u00abcatastrophique\u00bb sur le Ford Bronco? La NHTSA enqu\u00eate - CanadaMotorJobs.com<\/title>\n<meta name=\"description\" content=\"Un trouble m\u00e9canique \u00abcatastrophique\u00bb sur le Ford Bronco? La NHTSA enqu\u00eate - Benoit Charette - Annuel automobile - CanadaMotorJobs.com.\" \/>\n<meta name=\"robots\" content=\"index, follow, max-snippet:-1, max-image-preview:large, max-video-preview:-1\" \/>\n<meta property=\"og:locale\" content=\"fr_CA\" \/>\n<meta property=\"og:type\" content=\"article\" \/>\n<meta property=\"og:title\" content=\"Un trouble m\u00e9canique \u00abcatastrophique\u00bb sur le Ford Bronco? La NHTSA enqu\u00eate - CanadaMotorJobs.com\" \/>\n<meta property=\"og:description\" content=\"Un trouble m\u00e9canique \u00abcatastrophique\u00bb sur le Ford Bronco? La NHTSA enqu\u00eate - Benoit Charette - Annuel automobile - CanadaMotorJobs.com.\" \/>\n<meta property=\"og:url\" content=\"https:\/\/news.canadamotorjobs.com\/fr\/un-trouble-mecanique-catastrophique-sur-le-ford-bronco-la-nhtsa-enquete\/\" \/>\n<meta property=\"og:site_name\" content=\"CanadaMotorJobs.com\" \/>\n<meta property=\"article:publisher\" content=\"https:\/\/www.facebook.com\/canadamotorjobs\/\" \/>\n<meta property=\"article:published_time\" content=\"2023-10-02T18:22:56+00:00\" \/>\n<meta property=\"article:modified_time\" content=\"2023-10-02T18:30:36+00:00\" \/>\n<meta property=\"og:image\" content=\"https:\/\/news.canadamotorjobs.com\/wp-content\/uploads\/2023\/10\/Bronco_Eruption-Green_08-1024x683-1.jpg\" \/>\n\t<meta property=\"og:image:width\" content=\"1024\" \/>\n\t<meta property=\"og:image:height\" content=\"683\" \/>\n\t<meta property=\"og:image:type\" content=\"image\/jpeg\" \/>\n<meta name=\"author\" content=\"Benoit Charette\" \/>\n<meta name=\"twitter:card\" content=\"summary_large_image\" \/>\n<meta name=\"twitter:creator\" content=\"@canadamotorjobs\" \/>\n<meta name=\"twitter:site\" content=\"@canadamotorjobs\" \/>\n<meta name=\"twitter:label1\" content=\"\u00c9crit par\" \/>\n\t<meta name=\"twitter:data1\" content=\"Benoit Charette\" \/>\n\t<meta name=\"twitter:label2\" content=\"Estimation du temps de lecture\" \/>\n\t<meta name=\"twitter:data2\" content=\"2 minutes\" \/>\n<!-- \/ Yoast SEO plugin. -->","yoast_head_json":{"title":"Un trouble m\u00e9canique \u00abcatastrophique\u00bb sur le Ford Bronco? La NHTSA enqu\u00eate - CanadaMotorJobs.com","description":"Un trouble m\u00e9canique \u00abcatastrophique\u00bb sur le Ford Bronco? La NHTSA enqu\u00eate - Benoit Charette - Annuel automobile - CanadaMotorJobs.com.","robots":{"index":"index","follow":"follow","max-snippet":"max-snippet:-1","max-image-preview":"max-image-preview:large","max-video-preview":"max-video-preview:-1"},"og_locale":"fr_CA","og_type":"article","og_title":"Un trouble m\u00e9canique \u00abcatastrophique\u00bb sur le Ford Bronco? La NHTSA enqu\u00eate - CanadaMotorJobs.com","og_description":"Un trouble m\u00e9canique \u00abcatastrophique\u00bb sur le Ford Bronco? La NHTSA enqu\u00eate - Benoit Charette - Annuel automobile - CanadaMotorJobs.com.","og_url":"https:\/\/news.canadamotorjobs.com\/fr\/un-trouble-mecanique-catastrophique-sur-le-ford-bronco-la-nhtsa-enquete\/","og_site_name":"CanadaMotorJobs.com","article_publisher":"https:\/\/www.facebook.com\/canadamotorjobs\/","article_published_time":"2023-10-02T18:22:56+00:00","article_modified_time":"2023-10-02T18:30:36+00:00","og_image":[{"width":1024,"height":683,"url":"https:\/\/news.canadamotorjobs.com\/wp-content\/uploads\/2023\/10\/Bronco_Eruption-Green_08-1024x683-1.jpg","type":"image\/jpeg"}],"author":"Benoit Charette","twitter_card":"summary_large_image","twitter_creator":"@canadamotorjobs","twitter_site":"@canadamotorjobs","twitter_misc":{"\u00c9crit par":"Benoit Charette","Estimation du temps de lecture":"2 minutes"},"schema":{"@context":"https:\/\/schema.org","@graph":[{"@type":"Article","@id":"https:\/\/news.canadamotorjobs.com\/fr\/un-trouble-mecanique-catastrophique-sur-le-ford-bronco-la-nhtsa-enquete\/#article","isPartOf":{"@id":"https:\/\/news.canadamotorjobs.com\/fr\/un-trouble-mecanique-catastrophique-sur-le-ford-bronco-la-nhtsa-enquete\/"},"author":{"name":"Benoit Charette","@id":"https:\/\/news.canadamotorjobs.com\/#\/schema\/person\/51793d1f87d44011d7bcc2ed99269a90"},"headline":"Un trouble m\u00e9canique \u00abcatastrophique\u00bb sur le Ford Bronco? La NHTSA enqu\u00eate","datePublished":"2023-10-02T18:22:56+00:00","dateModified":"2023-10-02T18:30:36+00:00","mainEntityOfPage":{"@id":"https:\/\/news.canadamotorjobs.com\/fr\/un-trouble-mecanique-catastrophique-sur-le-ford-bronco-la-nhtsa-enquete\/"},"wordCount":351,"publisher":{"@id":"https:\/\/news.canadamotorjobs.com\/#organization"},"image":{"@id":"https:\/\/news.canadamotorjobs.com\/fr\/un-trouble-mecanique-catastrophique-sur-le-ford-bronco-la-nhtsa-enquete\/#primaryimage"},"thumbnailUrl":"https:\/\/news.canadamotorjobs.com\/wp-content\/uploads\/2023\/10\/Bronco_Eruption-Green_08-1024x683-1.jpg","articleSection":["Annuel automobile"],"inLanguage":"fr-CA"},{"@type":"WebPage","@id":"https:\/\/news.canadamotorjobs.com\/fr\/un-trouble-mecanique-catastrophique-sur-le-ford-bronco-la-nhtsa-enquete\/","url":"https:\/\/news.canadamotorjobs.com\/fr\/un-trouble-mecanique-catastrophique-sur-le-ford-bronco-la-nhtsa-enquete\/","name":"Un trouble m\u00e9canique \u00abcatastrophique\u00bb sur le Ford Bronco? La NHTSA enqu\u00eate - CanadaMotorJobs.com","isPartOf":{"@id":"https:\/\/news.canadamotorjobs.com\/#website"},"primaryImageOfPage":{"@id":"https:\/\/news.canadamotorjobs.com\/fr\/un-trouble-mecanique-catastrophique-sur-le-ford-bronco-la-nhtsa-enquete\/#primaryimage"},"image":{"@id":"https:\/\/news.canadamotorjobs.com\/fr\/un-trouble-mecanique-catastrophique-sur-le-ford-bronco-la-nhtsa-enquete\/#primaryimage"},"thumbnailUrl":"https:\/\/news.canadamotorjobs.com\/wp-content\/uploads\/2023\/10\/Bronco_Eruption-Green_08-1024x683-1.jpg","datePublished":"2023-10-02T18:22:56+00:00","dateModified":"2023-10-02T18:30:36+00:00","description":"Un trouble m\u00e9canique \u00abcatastrophique\u00bb sur le Ford Bronco? La NHTSA enqu\u00eate - Benoit Charette - Annuel automobile - CanadaMotorJobs.com.","breadcrumb":{"@id":"https:\/\/news.canadamotorjobs.com\/fr\/un-trouble-mecanique-catastrophique-sur-le-ford-bronco-la-nhtsa-enquete\/#breadcrumb"},"inLanguage":"fr-CA","potentialAction":[{"@type":"ReadAction","target":["https:\/\/news.canadamotorjobs.com\/fr\/un-trouble-mecanique-catastrophique-sur-le-ford-bronco-la-nhtsa-enquete\/"]}]},{"@type":"ImageObject","inLanguage":"fr-CA","@id":"https:\/\/news.canadamotorjobs.com\/fr\/un-trouble-mecanique-catastrophique-sur-le-ford-bronco-la-nhtsa-enquete\/#primaryimage","url":"https:\/\/news.canadamotorjobs.com\/wp-content\/uploads\/2023\/10\/Bronco_Eruption-Green_08-1024x683-1.jpg","contentUrl":"https:\/\/news.canadamotorjobs.com\/wp-content\/uploads\/2023\/10\/Bronco_Eruption-Green_08-1024x683-1.jpg","width":1024,"height":683},{"@type":"BreadcrumbList","@id":"https:\/\/news.canadamotorjobs.com\/fr\/un-trouble-mecanique-catastrophique-sur-le-ford-bronco-la-nhtsa-enquete\/#breadcrumb","itemListElement":[{"@type":"ListItem","position":1,"name":"Home","item":"https:\/\/news.canadamotorjobs.com\/fr\/blog\/"},{"@type":"ListItem","position":2,"name":"Un trouble m\u00e9canique \u00abcatastrophique\u00bb sur le Ford Bronco? La NHTSA enqu\u00eate"}]},{"@type":"WebSite","@id":"https:\/\/news.canadamotorjobs.com\/#website","url":"https:\/\/news.canadamotorjobs.com\/","name":"CanadaMotorJobs.com","description":"Automotive Jobs","publisher":{"@id":"https:\/\/news.canadamotorjobs.com\/#organization"},"potentialAction":[{"@type":"SearchAction","target":{"@type":"EntryPoint","urlTemplate":"https:\/\/news.canadamotorjobs.com\/?s={search_term_string}"},"query-input":"required name=search_term_string"}],"inLanguage":"fr-CA"},{"@type":"Organization","@id":"https:\/\/news.canadamotorjobs.com\/#organization","name":"Canada Motor Jobs","url":"https:\/\/news.canadamotorjobs.com\/","logo":{"@type":"ImageObject","inLanguage":"fr-CA","@id":"https:\/\/news.canadamotorjobs.com\/#\/schema\/logo\/image\/","url":"https:\/\/news.canadamotorjobs.com\/wp-content\/uploads\/2022\/10\/logo-canada-motor-jobs-1.png","contentUrl":"https:\/\/news.canadamotorjobs.com\/wp-content\/uploads\/2022\/10\/logo-canada-motor-jobs-1.png","width":800,"height":400,"caption":"Canada Motor Jobs"},"image":{"@id":"https:\/\/news.canadamotorjobs.com\/#\/schema\/logo\/image\/"},"sameAs":["https:\/\/www.facebook.com\/canadamotorjobs\/","https:\/\/x.com\/canadamotorjobs","https:\/\/www.instagram.com\/canadamotorjobs\/","https:\/\/www.linkedin.com\/company\/canadamotorjobs"]},{"@type":"Person","@id":"https:\/\/news.canadamotorjobs.com\/#\/schema\/person\/51793d1f87d44011d7bcc2ed99269a90","name":"Benoit Charette","image":{"@type":"ImageObject","inLanguage":"fr-CA","@id":"https:\/\/news.canadamotorjobs.com\/#\/schema\/person\/image\/","url":"https:\/\/secure.gravatar.com\/avatar\/45f3d2eebcccd909668d7ce7ea7267b6?s=96&d=mm&r=g","contentUrl":"https:\/\/secure.gravatar.com\/avatar\/45f3d2eebcccd909668d7ce7ea7267b6?s=96&d=mm&r=g","caption":"Benoit Charette"},"description":"Benoit Charette \/ Propri\u00e9taire et r\u00e9dacteur en chef Benoit Charette pratique le journalisme automobile depuis bient\u00f4t 30 ans. Il a fait ses classes au c\u00f4t\u00e9 de Daniel H\u00e9raud et au Carnet de route de 1992 \u00e0 2001. Il est fondateur, copropri\u00e9taire et r\u00e9dacteur en chef de L\u2019Annuel de l\u2019automobile, qu\u2019il publie depuis 2001. Il a anim\u00e9 les \u00e9missions RPM et RPM+ sur V et les L\u00e9gendes de la route sur Historia. \u00c0 la radio depuis 1986, il reprend l\u2019antenne cette ann\u00e9e sur les ondes de Cogeco et participe pour la deuxi\u00e8me ann\u00e9e \u00e0 l\u2019\u00e9mission Passion Auto sur RDS en plus de mettre en ligne le site Web officiel de L\u2019Annuel de l\u2019automobile sur annuelauto.ca.","sameAs":["https:\/\/annuelauto.ca\/"],"url":"https:\/\/news.canadamotorjobs.com\/fr\/author\/benoit-charette\/"}]}},"_links":{"self":[{"href":"https:\/\/news.canadamotorjobs.com\/fr\/wp-json\/wp\/v2\/posts\/152320"}],"collection":[{"href":"https:\/\/news.canadamotorjobs.com\/fr\/wp-json\/wp\/v2\/posts"}],"about":[{"href":"https:\/\/news.canadamotorjobs.com\/fr\/wp-json\/wp\/v2\/types\/post"}],"author":[{"embeddable":true,"href":"https:\/\/news.canadamotorjobs.com\/fr\/wp-json\/wp\/v2\/users\/8"}],"replies":[{"embeddable":true,"href":"https:\/\/news.canadamotorjobs.com\/fr\/wp-json\/wp\/v2\/comments?post=152320"}],"version-history":[{"count":2,"href":"https:\/\/news.canadamotorjobs.com\/fr\/wp-json\/wp\/v2\/posts\/152320\/revisions"}],"predecessor-version":[{"id":152324,"href":"https:\/\/news.canadamotorjobs.com\/fr\/wp-json\/wp\/v2\/posts\/152320\/revisions\/152324"}],"wp:featuredmedia":[{"embeddable":true,"href":"https:\/\/news.canadamotorjobs.com\/fr\/wp-json\/wp\/v2\/media\/152322"}],"wp:attachment":[{"href":"https:\/\/news.canadamotorjobs.com\/fr\/wp-json\/wp\/v2\/media?parent=152320"}],"wp:term":[{"taxonomy":"category","embeddable":true,"href":"https:\/\/news.canadamotorjobs.com\/fr\/wp-json\/wp\/v2\/categories?post=152320"},{"taxonomy":"post_tag","embeddable":true,"href":"https:\/\/news.canadamotorjobs.com\/fr\/wp-json\/wp\/v2\/tags?post=152320"}],"curies":[{"name":"wp","href":"https:\/\/api.w.org\/{rel}","templated":true}]}}