{"id":152301,"date":"2023-10-02T14:29:27","date_gmt":"2023-10-02T18:29:27","guid":{"rendered":"https:\/\/news.canadamotorjobs.com\/?p=152301"},"modified":"2023-10-02T14:30:32","modified_gmt":"2023-10-02T18:30:32","slug":"ca-va-mieux-que-prevu-pour-rivian","status":"publish","type":"post","link":"https:\/\/news.canadamotorjobs.com\/fr\/ca-va-mieux-que-prevu-pour-rivian\/","title":{"rendered":"\u00c7a va mieux que pr\u00e9vu pour Rivian"},"content":{"rendered":"<\/p>\n<p>On entend peu parler du constructeur am\u00e9ricain de camionnettes \u00e9lectriques Rivian au Canada ces jours-ci mais \u00e7a n\u2019emp\u00eache pas l\u2019entreprise de continuer de s\u2019imposer sur le march\u00e9 nord-am\u00e9ricain. Et en fait, Rivian est en train de s\u2019installer, lentement mais s\u00fbrement, dans un march\u00e9 o\u00f9 la concurrence est peut-\u00eatre un peu moins f\u00e9roce que pr\u00e9vu.<\/p>\n<p>En tout cas, le constructeur a publi\u00e9 ses r\u00e9sultats trimestriels plus t\u00f4t cette semaine et il a surpris bien des gens. Son objectif est de produire et de mettre sur la route 52\u00a0000 v\u00e9hicules en tout en 2023 et semble-t-il que c\u2019est une cible qui pourrait \u00eatre atteinte. Au courant dit avoir produit 16\u00a0304 v\u00e9hicules durant le troisi\u00e8me trimestre de son ann\u00e9e fiscale, ce qui est plus que ce que les experts pr\u00e9voyaient.<\/p>\n<p>Rivian a aussi livr\u00e9 15\u00a0564 v\u00e9hicules \u00e0 ses clients durant cette m\u00eame p\u00e9riode, ce qui est aussi un total sup\u00e9rieur \u00e0 ce que calculaient les analystes, qui avaient mis la barre \u00e0 14\u00a0000 livraisons pour le trimestre.<\/p>\n<p>C\u2019est donc de bon augure pour Rivian, qui a quand m\u00eame assez mal d\u00e9but\u00e9 l\u2019ann\u00e9e, puisque le constructeur dont la principale usine est situ\u00e9e dans la ville de Normal, en Illinois, a d\u00fb proc\u00e9der \u00e0 plusieurs coupures pour resserrer ses finances. L\u2019entreprise qui est cot\u00e9e en bourse a aussi d\u00fb \u00e9mettre pour 1,3 milliard $US d\u2019obligations, histoire de renflouer ses coffres<\/p>\n<p>Les gens qui connaissent un peu la marque se souviennent probablement que Rivian a deux v\u00e9hicules dans son catalogue\u00a0: le R1T, une camionnette plein format tout \u00e9lectrique, et le R1S, un VUS lui aussi \u00e9lectrique, qui est essentiellement une version du R1T o\u00f9 on a couvert la bo\u00eete pour allonger son habitacle. Le R1S peut pr\u00e9sentement \u00eatre command\u00e9 \u00e0 un prix de d\u00e9marrage de 125\u00a0000 $, mais aux \u00c9tats-Unis seulement. Le constructeur promet que ses premi\u00e8res livraisons auront lieu au Qu\u00e9bec d\u2019un instant \u00e0 l\u2019autre.<\/p>\n<p>En plus de ces deux mod\u00e8les-l\u00e0, Rivian a aussi une entente avec Amazon pour la production de petits fourgons de livraison tout \u00e9lectriques. L\u2019entente est d\u2019avoir 100\u00a0000 camions \u00e9lectriques sur la route en 2030, et d\u00e9j\u00e0 les premiers v\u00e9hicules sont sur la route. Amazon aurait re\u00e7u 5000 v\u00e9hicules \u00e0 ce jour.<\/p>\n<p>Le texte <a rel=\"nofollow\" href=\"https:\/\/annuelauto.ca\/ca-va-mieux-que-prevu-pour-rivian\/\">\u00c7a va mieux que pr\u00e9vu pour Rivian<\/a> provient de <a rel=\"nofollow\" href=\"https:\/\/annuelauto.ca\">L&#8217;annuel de l&#8217;automobile &#8211; Actualit\u00e9 automobile<\/a><\/p>\n<p><\/p>\n","protected":false},"excerpt":{"rendered":"<p>On entend peu parler du constructeur am\u00e9ricain de camionnettes \u00e9lectriques Rivian au Canada ces jours-ci mais \u00e7a n\u2019emp\u00eache pas l\u2019entreprise de continuer de s\u2019imposer sur le march\u00e9 nord-am\u00e9ricain. Et en fait, Rivian est en train de s\u2019installer, lentement mais s\u00fbrement, dans un march\u00e9 o\u00f9 la concurrence est peut-\u00eatre un peu moins f\u00e9roce que pr\u00e9vu. En [&hellip;]<\/p>\n","protected":false},"author":8,"featured_media":152303,"comment_status":"close","ping_status":"closed","sticky":false,"template":"","format":"standard","meta":{"_monsterinsights_skip_tracking":false,"_monsterinsights_sitenote_active":false,"_monsterinsights_sitenote_note":"","_monsterinsights_sitenote_category":0,"footnotes":""},"categories":[101],"tags":[],"yoast_head":"<!-- This site is optimized with the Yoast SEO plugin v23.2 - https:\/\/yoast.com\/wordpress\/plugins\/seo\/ -->\n<title>\u00c7a va mieux que pr\u00e9vu pour Rivian - CanadaMotorJobs.com<\/title>\n<meta name=\"description\" content=\"\u00c7a va mieux que pr\u00e9vu pour Rivian - Benoit Charette - Annuel automobile - CanadaMotorJobs.com.\" \/>\n<meta name=\"robots\" content=\"index, follow, max-snippet:-1, max-image-preview:large, max-video-preview:-1\" \/>\n<meta property=\"og:locale\" content=\"fr_CA\" \/>\n<meta property=\"og:type\" content=\"article\" \/>\n<meta property=\"og:title\" content=\"\u00c7a va mieux que pr\u00e9vu pour Rivian - CanadaMotorJobs.com\" \/>\n<meta property=\"og:description\" content=\"\u00c7a va mieux que pr\u00e9vu pour Rivian - Benoit Charette - Annuel automobile - CanadaMotorJobs.com.\" \/>\n<meta property=\"og:url\" content=\"https:\/\/news.canadamotorjobs.com\/fr\/ca-va-mieux-que-prevu-pour-rivian\/\" \/>\n<meta property=\"og:site_name\" content=\"CanadaMotorJobs.com\" \/>\n<meta property=\"article:publisher\" content=\"https:\/\/www.facebook.com\/canadamotorjobs\/\" \/>\n<meta property=\"article:published_time\" content=\"2023-10-02T18:29:27+00:00\" \/>\n<meta property=\"article:modified_time\" content=\"2023-10-02T18:30:32+00:00\" \/>\n<meta property=\"og:image\" content=\"https:\/\/news.canadamotorjobs.com\/wp-content\/uploads\/2023\/10\/2e03204343aafc0aa9d031073e62620e.jpg\" \/>\n\t<meta property=\"og:image:width\" content=\"1010\" \/>\n\t<meta property=\"og:image:height\" content=\"480\" \/>\n\t<meta property=\"og:image:type\" content=\"image\/jpeg\" \/>\n<meta name=\"author\" content=\"Benoit Charette\" \/>\n<meta name=\"twitter:card\" content=\"summary_large_image\" \/>\n<meta name=\"twitter:creator\" content=\"@canadamotorjobs\" \/>\n<meta name=\"twitter:site\" content=\"@canadamotorjobs\" \/>\n<meta name=\"twitter:label1\" content=\"\u00c9crit par\" \/>\n\t<meta name=\"twitter:data1\" content=\"Benoit Charette\" \/>\n\t<meta name=\"twitter:label2\" content=\"Estimation du temps de lecture\" \/>\n\t<meta name=\"twitter:data2\" content=\"2 minutes\" \/>\n<!-- \/ Yoast SEO plugin. -->","yoast_head_json":{"title":"\u00c7a va mieux que pr\u00e9vu pour Rivian - CanadaMotorJobs.com","description":"\u00c7a va mieux que pr\u00e9vu pour Rivian - Benoit Charette - Annuel automobile - CanadaMotorJobs.com.","robots":{"index":"index","follow":"follow","max-snippet":"max-snippet:-1","max-image-preview":"max-image-preview:large","max-video-preview":"max-video-preview:-1"},"og_locale":"fr_CA","og_type":"article","og_title":"\u00c7a va mieux que pr\u00e9vu pour Rivian - CanadaMotorJobs.com","og_description":"\u00c7a va mieux que pr\u00e9vu pour Rivian - Benoit Charette - Annuel automobile - CanadaMotorJobs.com.","og_url":"https:\/\/news.canadamotorjobs.com\/fr\/ca-va-mieux-que-prevu-pour-rivian\/","og_site_name":"CanadaMotorJobs.com","article_publisher":"https:\/\/www.facebook.com\/canadamotorjobs\/","article_published_time":"2023-10-02T18:29:27+00:00","article_modified_time":"2023-10-02T18:30:32+00:00","og_image":[{"width":1010,"height":480,"url":"https:\/\/news.canadamotorjobs.com\/wp-content\/uploads\/2023\/10\/2e03204343aafc0aa9d031073e62620e.jpg","type":"image\/jpeg"}],"author":"Benoit Charette","twitter_card":"summary_large_image","twitter_creator":"@canadamotorjobs","twitter_site":"@canadamotorjobs","twitter_misc":{"\u00c9crit par":"Benoit Charette","Estimation du temps de lecture":"2 minutes"},"schema":{"@context":"https:\/\/schema.org","@graph":[{"@type":"Article","@id":"https:\/\/news.canadamotorjobs.com\/fr\/ca-va-mieux-que-prevu-pour-rivian\/#article","isPartOf":{"@id":"https:\/\/news.canadamotorjobs.com\/fr\/ca-va-mieux-que-prevu-pour-rivian\/"},"author":{"name":"Benoit Charette","@id":"https:\/\/news.canadamotorjobs.com\/#\/schema\/person\/51793d1f87d44011d7bcc2ed99269a90"},"headline":"\u00c7a va mieux que pr\u00e9vu pour Rivian","datePublished":"2023-10-02T18:29:27+00:00","dateModified":"2023-10-02T18:30:32+00:00","mainEntityOfPage":{"@id":"https:\/\/news.canadamotorjobs.com\/fr\/ca-va-mieux-que-prevu-pour-rivian\/"},"wordCount":423,"publisher":{"@id":"https:\/\/news.canadamotorjobs.com\/#organization"},"image":{"@id":"https:\/\/news.canadamotorjobs.com\/fr\/ca-va-mieux-que-prevu-pour-rivian\/#primaryimage"},"thumbnailUrl":"https:\/\/news.canadamotorjobs.com\/wp-content\/uploads\/2023\/10\/2e03204343aafc0aa9d031073e62620e.jpg","articleSection":["Annuel automobile"],"inLanguage":"fr-CA"},{"@type":"WebPage","@id":"https:\/\/news.canadamotorjobs.com\/fr\/ca-va-mieux-que-prevu-pour-rivian\/","url":"https:\/\/news.canadamotorjobs.com\/fr\/ca-va-mieux-que-prevu-pour-rivian\/","name":"\u00c7a va mieux que pr\u00e9vu pour Rivian - CanadaMotorJobs.com","isPartOf":{"@id":"https:\/\/news.canadamotorjobs.com\/#website"},"primaryImageOfPage":{"@id":"https:\/\/news.canadamotorjobs.com\/fr\/ca-va-mieux-que-prevu-pour-rivian\/#primaryimage"},"image":{"@id":"https:\/\/news.canadamotorjobs.com\/fr\/ca-va-mieux-que-prevu-pour-rivian\/#primaryimage"},"thumbnailUrl":"https:\/\/news.canadamotorjobs.com\/wp-content\/uploads\/2023\/10\/2e03204343aafc0aa9d031073e62620e.jpg","datePublished":"2023-10-02T18:29:27+00:00","dateModified":"2023-10-02T18:30:32+00:00","description":"\u00c7a va mieux que pr\u00e9vu pour Rivian - Benoit Charette - Annuel automobile - CanadaMotorJobs.com.","breadcrumb":{"@id":"https:\/\/news.canadamotorjobs.com\/fr\/ca-va-mieux-que-prevu-pour-rivian\/#breadcrumb"},"inLanguage":"fr-CA","potentialAction":[{"@type":"ReadAction","target":["https:\/\/news.canadamotorjobs.com\/fr\/ca-va-mieux-que-prevu-pour-rivian\/"]}]},{"@type":"ImageObject","inLanguage":"fr-CA","@id":"https:\/\/news.canadamotorjobs.com\/fr\/ca-va-mieux-que-prevu-pour-rivian\/#primaryimage","url":"https:\/\/news.canadamotorjobs.com\/wp-content\/uploads\/2023\/10\/2e03204343aafc0aa9d031073e62620e.jpg","contentUrl":"https:\/\/news.canadamotorjobs.com\/wp-content\/uploads\/2023\/10\/2e03204343aafc0aa9d031073e62620e.jpg","width":1010,"height":480},{"@type":"BreadcrumbList","@id":"https:\/\/news.canadamotorjobs.com\/fr\/ca-va-mieux-que-prevu-pour-rivian\/#breadcrumb","itemListElement":[{"@type":"ListItem","position":1,"name":"Home","item":"https:\/\/news.canadamotorjobs.com\/fr\/blog\/"},{"@type":"ListItem","position":2,"name":"\u00c7a va mieux que pr\u00e9vu pour Rivian"}]},{"@type":"WebSite","@id":"https:\/\/news.canadamotorjobs.com\/#website","url":"https:\/\/news.canadamotorjobs.com\/","name":"CanadaMotorJobs.com","description":"Automotive Jobs","publisher":{"@id":"https:\/\/news.canadamotorjobs.com\/#organization"},"potentialAction":[{"@type":"SearchAction","target":{"@type":"EntryPoint","urlTemplate":"https:\/\/news.canadamotorjobs.com\/?s={search_term_string}"},"query-input":"required name=search_term_string"}],"inLanguage":"fr-CA"},{"@type":"Organization","@id":"https:\/\/news.canadamotorjobs.com\/#organization","name":"Canada Motor Jobs","url":"https:\/\/news.canadamotorjobs.com\/","logo":{"@type":"ImageObject","inLanguage":"fr-CA","@id":"https:\/\/news.canadamotorjobs.com\/#\/schema\/logo\/image\/","url":"https:\/\/news.canadamotorjobs.com\/wp-content\/uploads\/2022\/10\/logo-canada-motor-jobs-1.png","contentUrl":"https:\/\/news.canadamotorjobs.com\/wp-content\/uploads\/2022\/10\/logo-canada-motor-jobs-1.png","width":800,"height":400,"caption":"Canada Motor Jobs"},"image":{"@id":"https:\/\/news.canadamotorjobs.com\/#\/schema\/logo\/image\/"},"sameAs":["https:\/\/www.facebook.com\/canadamotorjobs\/","https:\/\/x.com\/canadamotorjobs","https:\/\/www.instagram.com\/canadamotorjobs\/","https:\/\/www.linkedin.com\/company\/canadamotorjobs"]},{"@type":"Person","@id":"https:\/\/news.canadamotorjobs.com\/#\/schema\/person\/51793d1f87d44011d7bcc2ed99269a90","name":"Benoit Charette","image":{"@type":"ImageObject","inLanguage":"fr-CA","@id":"https:\/\/news.canadamotorjobs.com\/#\/schema\/person\/image\/","url":"https:\/\/secure.gravatar.com\/avatar\/45f3d2eebcccd909668d7ce7ea7267b6?s=96&d=mm&r=g","contentUrl":"https:\/\/secure.gravatar.com\/avatar\/45f3d2eebcccd909668d7ce7ea7267b6?s=96&d=mm&r=g","caption":"Benoit Charette"},"description":"Benoit Charette \/ Propri\u00e9taire et r\u00e9dacteur en chef Benoit Charette pratique le journalisme automobile depuis bient\u00f4t 30 ans. Il a fait ses classes au c\u00f4t\u00e9 de Daniel H\u00e9raud et au Carnet de route de 1992 \u00e0 2001. Il est fondateur, copropri\u00e9taire et r\u00e9dacteur en chef de L\u2019Annuel de l\u2019automobile, qu\u2019il publie depuis 2001. Il a anim\u00e9 les \u00e9missions RPM et RPM+ sur V et les L\u00e9gendes de la route sur Historia. \u00c0 la radio depuis 1986, il reprend l\u2019antenne cette ann\u00e9e sur les ondes de Cogeco et participe pour la deuxi\u00e8me ann\u00e9e \u00e0 l\u2019\u00e9mission Passion Auto sur RDS en plus de mettre en ligne le site Web officiel de L\u2019Annuel de l\u2019automobile sur annuelauto.ca.","sameAs":["https:\/\/annuelauto.ca\/"],"url":"https:\/\/news.canadamotorjobs.com\/fr\/author\/benoit-charette\/"}]}},"_links":{"self":[{"href":"https:\/\/news.canadamotorjobs.com\/fr\/wp-json\/wp\/v2\/posts\/152301"}],"collection":[{"href":"https:\/\/news.canadamotorjobs.com\/fr\/wp-json\/wp\/v2\/posts"}],"about":[{"href":"https:\/\/news.canadamotorjobs.com\/fr\/wp-json\/wp\/v2\/types\/post"}],"author":[{"embeddable":true,"href":"https:\/\/news.canadamotorjobs.com\/fr\/wp-json\/wp\/v2\/users\/8"}],"replies":[{"embeddable":true,"href":"https:\/\/news.canadamotorjobs.com\/fr\/wp-json\/wp\/v2\/comments?post=152301"}],"version-history":[{"count":2,"href":"https:\/\/news.canadamotorjobs.com\/fr\/wp-json\/wp\/v2\/posts\/152301\/revisions"}],"predecessor-version":[{"id":152305,"href":"https:\/\/news.canadamotorjobs.com\/fr\/wp-json\/wp\/v2\/posts\/152301\/revisions\/152305"}],"wp:featuredmedia":[{"embeddable":true,"href":"https:\/\/news.canadamotorjobs.com\/fr\/wp-json\/wp\/v2\/media\/152303"}],"wp:attachment":[{"href":"https:\/\/news.canadamotorjobs.com\/fr\/wp-json\/wp\/v2\/media?parent=152301"}],"wp:term":[{"taxonomy":"category","embeddable":true,"href":"https:\/\/news.canadamotorjobs.com\/fr\/wp-json\/wp\/v2\/categories?post=152301"},{"taxonomy":"post_tag","embeddable":true,"href":"https:\/\/news.canadamotorjobs.com\/fr\/wp-json\/wp\/v2\/tags?post=152301"}],"curies":[{"name":"wp","href":"https:\/\/api.w.org\/{rel}","templated":true}]}}