{"id":152278,"date":"2023-10-02T06:49:40","date_gmt":"2023-10-02T10:49:40","guid":{"rendered":"https:\/\/news.canadamotorjobs.com\/?p=152278"},"modified":"2023-10-02T07:08:15","modified_gmt":"2023-10-02T11:08:15","slug":"bmw-i5-2024","status":"publish","type":"post","link":"https:\/\/news.canadamotorjobs.com\/fr\/bmw-i5-2024\/","title":{"rendered":"BMW i5 2024"},"content":{"rendered":"<\/p>\n<p>La BMW i5 2024 marque un tournant historique pour la marque, en lan\u00e7ant une nouvelle S\u00e9rie 5 qui combine \u00e0 la fois des motorisations essence et \u00e9lectrique. Cette septi\u00e8me g\u00e9n\u00e9ration d&#8217;un mod\u00e8le embl\u00e9matique, ayant d\u00e9pass\u00e9 les 10 millions d&#8217;unit\u00e9s vendues depuis ses d\u00e9buts en 1972, inaugure l&#8217;ann\u00e9e 2024 avec une version initiale \u00e9quip\u00e9e d&#8217;un moteur essence 2 litres, la 530, suivie de pr\u00e8s par la i5 40 xDrive, la 550 hybride branchable dot\u00e9e d&#8217;un moteur V6, la i5 M60 xDrive, et enfin, la prochaine g\u00e9n\u00e9ration de M5.<\/p>\n<h3>Peu de diff\u00e9rence entre l\u2019essence ou l\u2019\u00e9lectrique<\/h3>\n<p>\nLe design ext\u00e9rieur de la BMW i5 demeure fid\u00e8le au style caract\u00e9ristique des mod\u00e8les \u00e9lectriques de la marque, avec quelques nuances emprunt\u00e9es aux versions \u00e0 essence. La calandre orn\u00e9e d&#8217;un liser\u00e9 bleu portant le logo de la marque et l&#8217;inscription i5 sur le coffre conf\u00e8rent une touche distincte \u00e0 ce mod\u00e8le. De plus, BMW a r\u00e9duit les dimensions des doubles haricots \u00e0 l&#8217;avant, ce qui est une d\u00e9cision bienvenue. La recherche de l&#8217;a\u00e9rodynamisme et de l&#8217;efficacit\u00e9 se traduit par un coefficient de tra\u00een\u00e9e (cx) remarquable de 0,23, r\u00e9sultat d&#8217;innombrables heures de tests en soufflerie. Selon la version, des roues de 19 \u00e0 21 pouces sont propos\u00e9es. Le bas de caisse est plus prononc\u00e9 pour loger discr\u00e8tement le groupe de batteries sous le plancher. Le becquet discret sur le coffre est associ\u00e9 \u00e0 une nouvelle signature lumineuse \u00e0 l&#8217;arri\u00e8re, int\u00e9grant une bande chrom\u00e9e au centre. La i5 est plus longue de 10 cm que la pr\u00e9c\u00e9dente S\u00e9rie 5, atteignant une longueur totale de 5,06 m\u00e8tres.<\/p>\n<h3>Un peu plus spacieuse<\/h3>\n<p>\n\u00c0 l&#8217;int\u00e9rieur, la BMW i5 s&#8217;inspire du design de la r\u00e9cente i7, avec un double \u00e9cran incurv\u00e9 de 27,2 pouces jouant le r\u00f4le central du syst\u00e8me d&#8217;info-divertissement. L&#8217;affichage se r\u00e9partit entre un \u00e9cran de 12,3 pouces derri\u00e8re le volant et un autre de 14,9 pouces. Le dernier syst\u00e8me d&#8217;exploitation BMW 8.5, associ\u00e9 \u00e0 la technologie 5G embarqu\u00e9e, anime cet int\u00e9rieur haut de gamme. L&#8217;empattement a \u00e9t\u00e9 l\u00e9g\u00e8rement \u00e9tendu de 0,8 pouce, ce qui se traduit par un espace l\u00e9g\u00e8rement am\u00e9lior\u00e9 pour les jambes \u00e0 l&#8217;arri\u00e8re. Les si\u00e8ges ont \u00e9galement \u00e9t\u00e9 repens\u00e9s, avec des si\u00e8ges sport en configuration standard et des si\u00e8ges multicontours disponibles en option. La pr\u00e9sence des batteries r\u00e9duit l\u00e9g\u00e8rement l&#8217;espace de chargement par rapport aux versions \u00e0 combustion, mais les 490 litres disponibles surpassent de 60 litres la capacit\u00e9 de la Mercedes EQE berline, tout en restant inf\u00e9rieurs aux 790 litres d&#8217;une Tesla S. Une banquette arri\u00e8re rabattable 40\/20\/40 est propos\u00e9e, tandis que les si\u00e8ges en cuir vegan sont de s\u00e9rie, avec la possibilit\u00e9 de passer au cuir Merino moyennant un suppl\u00e9ment de 2 900 $.<\/p>\n<h3>Technologie pouss\u00e9e<\/h3>\n<p>\nLa BMW i5 place la technologie au c\u0153ur de son exp\u00e9rience de conduite. Elle b\u00e9n\u00e9ficie de la derni\u00e8re g\u00e9n\u00e9ration d&#8217;iDrive 8.5, ainsi que de la connectivit\u00e9 5G, permettant des mises \u00e0 jour \u00e0 distance OTA. Les passagers peuvent profiter d&#8217;applications divertissantes sur l&#8217;interface num\u00e9rique pendant que la voiture se recharge. BMW maintient sa molette de commande dans la console centrale, tout en offrant \u00e9galement un \u00e9cran tactile. N\u00e9anmoins, la navigation dans les menus s&#8217;av\u00e8re complexe en raison de la densit\u00e9 des options, rendant les manipulations en conduisant quasi-impossibles en raison des risques \u00e9lev\u00e9s. Id\u00e9alement, il est conseill\u00e9 de programmer des raccourcis dans le menu pour acc\u00e9der plus rapidement aux fonctions fr\u00e9quemment utilis\u00e9es. Les \u00e9quipements de s\u00e9rie comprennent des si\u00e8ges avant chauffants, la climatisation automatique bizone, l&#8217;\u00e9clairage d&#8217;ambiance, des projecteurs DEL, Apple CarPlay et Android Auto. Parmi les options, un groupe de luxe \u00e0 6 200 $ offre des fonctionnalit\u00e9s telles que la recharge sans fil, une cha\u00eene audio ambiophonique Bowers &amp; Wilkins, un d\u00e9codage d&#8217;assistance aux feux de route, une aide au stationnement professionnelle, un cockpit num\u00e9rique professionnel, un toit ouvrant vitr\u00e9 panoramique, des pare-soleil \u00e9lectriques, une visualisation t\u00eate haute avec syst\u00e8me de navigation en r\u00e9alit\u00e9 augment\u00e9e, une cam\u00e9ra int\u00e9rieure et une commande gestuelle BMW.<\/p>\n<h3>Une seule batterie, diff\u00e9rentes puissance<\/h3>\n<p>\nAu Canada, deux mod\u00e8les de la BMW i5 sont disponibles : la i5 xDrive40 et la i5 M60 xDrive, partageant la m\u00eame batterie de 83,9 kWh. Les deux mod\u00e8les b\u00e9n\u00e9ficient d&#8217;une transmission int\u00e9grale (xDrive). La puissance de la version xDrive40 n&#8217;a pas encore \u00e9t\u00e9 communiqu\u00e9e, tandis que la xDrive60 d\u00e9veloppe une impressionnante puissance de 590 chevaux et un couple de 605 lb-pi, permettant des acc\u00e9l\u00e9rations de 0 \u00e0 100 km\/h en 3,8 secondes, avec une vitesse maximale limit\u00e9e \u00e0 230 km\/h. La recharge compl\u00e8te prend 8 heures 15 avec le chargeur embarqu\u00e9 de 22 kW en option, tandis qu&#8217;une recharge de 10 \u00e0 80 % sur une borne rapide en courant continu ne n\u00e9cessite que 30 minutes. La BMW i5 propose \u00e9galement une vitesse de recharge remarquable de 205 kW. En ce qui concerne l&#8217;autonomie, BMW annonce 412 km pour la version M60, sans encore fournir de chiffres pr\u00e9cis pour la version xDrive 40, qui devrait approcher les 500 km.<\/p>\n<h3>Une vraie BMW au volant<\/h3>\n<p>\nLa BMW i5 maintient l&#8217;esprit de conduite dynamique qui caract\u00e9rise les mod\u00e8les de la marque, malgr\u00e9 son poids de 2 300 kg. La version haut de gamme est dot\u00e9e d&#8217;un syst\u00e8me \u00e0 quatre roues directrices en s\u00e9rie. Pour une exp\u00e9rience de conduite encore plus agr\u00e9able, deux options sont propos\u00e9es : la suspension M Pro adaptative avec stabilisation active du roulis (4 000 $) et le groupe Sport M Sport Pro (1 500 $), qui inclut des \u00e9l\u00e9ments ext\u00e9rieurs noirs, des \u00e9l\u00e9ments suppl\u00e9mentaires du groupe M Sport Pro, des freins M Sport rouges, des phares shadowline, et d&#8217;autres \u00e9l\u00e9ments esth\u00e9tiques. La suspension adaptative s&#8217;av\u00e8re particuli\u00e8rement recommand\u00e9e pour ceux qui privil\u00e9gient une conduite dynamique. La i5 offre \u00e9galement un syst\u00e8me d&#8217;aide \u00e0 la conduite sur route (factur\u00e9 2 500 $), offrant une certaine autonomie de conduite jusqu&#8217;\u00e0 130 km\/h, avec des fonctions d&#8217;assistance au changement de voie et de d\u00e9passement.<\/p>\n<h3>Il vous faudra 100\u00a0000 $<\/h3>\n<p>\nLa BMW i5 ne se situe pas dans la cat\u00e9gorie des v\u00e9hicules abordables, avec un prix de d\u00e9part de 95 000 $ pour la version xDrive M60. Des frais suppl\u00e9mentaires de 3 150 $ pour le transport, la pr\u00e9paration et le concessionnaire portent le total \u00e0 98 150 $. Les mod\u00e8les enti\u00e8rement \u00e9quip\u00e9s peuvent atteindre 113 000 $, n\u00e9cessitant un budget cons\u00e9quent. Pour ceux qui pr\u00e9f\u00e8rent la location, un contrat de 4 ans revient \u00e0 2 045 $ par mois, avec une valeur r\u00e9siduelle de 49 900 $. Le financement sur 6 ans entra\u00eene un paiement mensuel de 2 535 $.<\/p>\n<h3>Conclusion<\/h3>\n<p>\nLa BMW i5 2024 parvient \u00e0 pr\u00e9server l&#8217;essence de la conduite BMW tout en proposant une option \u00e9lectrique. Aucun autre mod\u00e8le concurrent, tel que la Mercedes EQE ou la Tesla Model S, ne parvient \u00e0 transmettre la m\u00eame complicit\u00e9 entre le conducteur et sa voiture. Cependant, il est important de noter que cette exclusivit\u00e9 a un co\u00fbt, avec un prix de d\u00e9part \u00e9lev\u00e9. La BMW i5 est destin\u00e9e \u00e0 ceux qui recherchent un m\u00e9lange de luxe, de performances et de technologies de pointe, et qui sont pr\u00eats \u00e0 investir dans cette exp\u00e9rience de conduite unique.<\/p>\n<h3>Forces<\/h3>\n<p>\nBel \u00e9quilibre de conduite<\/p>\n<p>Syst\u00e8me d\u2019aide \u00e0 la conduite efficace<\/p>\n<p>Style r\u00e9ussi<\/p>\n<h3>Faiblesses<\/h3>\n<p>\nPrix \u00e9lev\u00e9<\/p>\n<p>Beaucoup d\u2019options<\/p>\n<p>Syst\u00e8me multim\u00e9dia compliqu\u00e9<\/p>\n<p>Le texte <a rel=\"nofollow\" href=\"https:\/\/annuelauto.ca\/bmw-i5-2024\/\">BMW i5 2024<\/a> provient de <a rel=\"nofollow\" href=\"https:\/\/annuelauto.ca\">L&#8217;annuel de l&#8217;automobile &#8211; Actualit\u00e9 automobile<\/a><\/p>\n<p><\/p>\n","protected":false},"excerpt":{"rendered":"<p>La BMW i5 2024 marque un tournant historique pour la marque, en lan\u00e7ant une nouvelle S\u00e9rie 5 qui combine \u00e0 la fois des motorisations essence et \u00e9lectrique. Cette septi\u00e8me g\u00e9n\u00e9ration d&#8217;un mod\u00e8le embl\u00e9matique, ayant d\u00e9pass\u00e9 les 10 millions d&#8217;unit\u00e9s vendues depuis ses d\u00e9buts en 1972, inaugure l&#8217;ann\u00e9e 2024 avec une version initiale \u00e9quip\u00e9e d&#8217;un moteur [&hellip;]<\/p>\n","protected":false},"author":8,"featured_media":152280,"comment_status":"close","ping_status":"closed","sticky":false,"template":"","format":"standard","meta":{"_monsterinsights_skip_tracking":false,"_monsterinsights_sitenote_active":false,"_monsterinsights_sitenote_note":"","_monsterinsights_sitenote_category":0,"footnotes":""},"categories":[101],"tags":[],"yoast_head":"<!-- This site is optimized with the Yoast SEO plugin v23.2 - https:\/\/yoast.com\/wordpress\/plugins\/seo\/ -->\n<title>BMW i5 2024 - CanadaMotorJobs.com<\/title>\n<meta name=\"description\" content=\"BMW i5 2024 - Benoit Charette - Annuel automobile - CanadaMotorJobs.com.\" \/>\n<meta name=\"robots\" content=\"index, follow, max-snippet:-1, max-image-preview:large, max-video-preview:-1\" \/>\n<meta property=\"og:locale\" content=\"fr_CA\" \/>\n<meta property=\"og:type\" content=\"article\" \/>\n<meta property=\"og:title\" content=\"BMW i5 2024 - CanadaMotorJobs.com\" \/>\n<meta property=\"og:description\" content=\"BMW i5 2024 - Benoit Charette - Annuel automobile - CanadaMotorJobs.com.\" \/>\n<meta property=\"og:url\" content=\"https:\/\/news.canadamotorjobs.com\/fr\/bmw-i5-2024\/\" \/>\n<meta property=\"og:site_name\" content=\"CanadaMotorJobs.com\" \/>\n<meta property=\"article:publisher\" content=\"https:\/\/www.facebook.com\/canadamotorjobs\/\" \/>\n<meta property=\"article:published_time\" content=\"2023-10-02T10:49:40+00:00\" \/>\n<meta property=\"article:modified_time\" content=\"2023-10-02T11:08:15+00:00\" \/>\n<meta property=\"og:image\" content=\"https:\/\/news.canadamotorjobs.com\/wp-content\/uploads\/2023\/10\/IMG_7036.jpg\" \/>\n\t<meta property=\"og:image:width\" content=\"1067\" \/>\n\t<meta property=\"og:image:height\" content=\"800\" \/>\n\t<meta property=\"og:image:type\" content=\"image\/jpeg\" \/>\n<meta name=\"author\" content=\"Benoit Charette\" \/>\n<meta name=\"twitter:card\" content=\"summary_large_image\" \/>\n<meta name=\"twitter:creator\" content=\"@canadamotorjobs\" \/>\n<meta name=\"twitter:site\" content=\"@canadamotorjobs\" \/>\n<meta name=\"twitter:label1\" content=\"\u00c9crit par\" \/>\n\t<meta name=\"twitter:data1\" content=\"Benoit Charette\" \/>\n\t<meta name=\"twitter:label2\" content=\"Estimation du temps de lecture\" \/>\n\t<meta name=\"twitter:data2\" content=\"6 minutes\" \/>\n<!-- \/ Yoast SEO plugin. -->","yoast_head_json":{"title":"BMW i5 2024 - CanadaMotorJobs.com","description":"BMW i5 2024 - Benoit Charette - Annuel automobile - CanadaMotorJobs.com.","robots":{"index":"index","follow":"follow","max-snippet":"max-snippet:-1","max-image-preview":"max-image-preview:large","max-video-preview":"max-video-preview:-1"},"og_locale":"fr_CA","og_type":"article","og_title":"BMW i5 2024 - CanadaMotorJobs.com","og_description":"BMW i5 2024 - Benoit Charette - Annuel automobile - CanadaMotorJobs.com.","og_url":"https:\/\/news.canadamotorjobs.com\/fr\/bmw-i5-2024\/","og_site_name":"CanadaMotorJobs.com","article_publisher":"https:\/\/www.facebook.com\/canadamotorjobs\/","article_published_time":"2023-10-02T10:49:40+00:00","article_modified_time":"2023-10-02T11:08:15+00:00","og_image":[{"width":1067,"height":800,"url":"https:\/\/news.canadamotorjobs.com\/wp-content\/uploads\/2023\/10\/IMG_7036.jpg","type":"image\/jpeg"}],"author":"Benoit Charette","twitter_card":"summary_large_image","twitter_creator":"@canadamotorjobs","twitter_site":"@canadamotorjobs","twitter_misc":{"\u00c9crit par":"Benoit Charette","Estimation du temps de lecture":"6 minutes"},"schema":{"@context":"https:\/\/schema.org","@graph":[{"@type":"Article","@id":"https:\/\/news.canadamotorjobs.com\/fr\/bmw-i5-2024\/#article","isPartOf":{"@id":"https:\/\/news.canadamotorjobs.com\/fr\/bmw-i5-2024\/"},"author":{"name":"Benoit Charette","@id":"https:\/\/news.canadamotorjobs.com\/#\/schema\/person\/51793d1f87d44011d7bcc2ed99269a90"},"headline":"BMW i5 2024","datePublished":"2023-10-02T10:49:40+00:00","dateModified":"2023-10-02T11:08:15+00:00","mainEntityOfPage":{"@id":"https:\/\/news.canadamotorjobs.com\/fr\/bmw-i5-2024\/"},"wordCount":1294,"publisher":{"@id":"https:\/\/news.canadamotorjobs.com\/#organization"},"image":{"@id":"https:\/\/news.canadamotorjobs.com\/fr\/bmw-i5-2024\/#primaryimage"},"thumbnailUrl":"https:\/\/news.canadamotorjobs.com\/wp-content\/uploads\/2023\/10\/IMG_7036.jpg","articleSection":["Annuel automobile"],"inLanguage":"fr-CA"},{"@type":"WebPage","@id":"https:\/\/news.canadamotorjobs.com\/fr\/bmw-i5-2024\/","url":"https:\/\/news.canadamotorjobs.com\/fr\/bmw-i5-2024\/","name":"BMW i5 2024 - CanadaMotorJobs.com","isPartOf":{"@id":"https:\/\/news.canadamotorjobs.com\/#website"},"primaryImageOfPage":{"@id":"https:\/\/news.canadamotorjobs.com\/fr\/bmw-i5-2024\/#primaryimage"},"image":{"@id":"https:\/\/news.canadamotorjobs.com\/fr\/bmw-i5-2024\/#primaryimage"},"thumbnailUrl":"https:\/\/news.canadamotorjobs.com\/wp-content\/uploads\/2023\/10\/IMG_7036.jpg","datePublished":"2023-10-02T10:49:40+00:00","dateModified":"2023-10-02T11:08:15+00:00","description":"BMW i5 2024 - Benoit Charette - Annuel automobile - CanadaMotorJobs.com.","breadcrumb":{"@id":"https:\/\/news.canadamotorjobs.com\/fr\/bmw-i5-2024\/#breadcrumb"},"inLanguage":"fr-CA","potentialAction":[{"@type":"ReadAction","target":["https:\/\/news.canadamotorjobs.com\/fr\/bmw-i5-2024\/"]}]},{"@type":"ImageObject","inLanguage":"fr-CA","@id":"https:\/\/news.canadamotorjobs.com\/fr\/bmw-i5-2024\/#primaryimage","url":"https:\/\/news.canadamotorjobs.com\/wp-content\/uploads\/2023\/10\/IMG_7036.jpg","contentUrl":"https:\/\/news.canadamotorjobs.com\/wp-content\/uploads\/2023\/10\/IMG_7036.jpg","width":1067,"height":800},{"@type":"BreadcrumbList","@id":"https:\/\/news.canadamotorjobs.com\/fr\/bmw-i5-2024\/#breadcrumb","itemListElement":[{"@type":"ListItem","position":1,"name":"Home","item":"https:\/\/news.canadamotorjobs.com\/fr\/blog\/"},{"@type":"ListItem","position":2,"name":"BMW i5 2024"}]},{"@type":"WebSite","@id":"https:\/\/news.canadamotorjobs.com\/#website","url":"https:\/\/news.canadamotorjobs.com\/","name":"CanadaMotorJobs.com","description":"Automotive Jobs","publisher":{"@id":"https:\/\/news.canadamotorjobs.com\/#organization"},"potentialAction":[{"@type":"SearchAction","target":{"@type":"EntryPoint","urlTemplate":"https:\/\/news.canadamotorjobs.com\/?s={search_term_string}"},"query-input":"required name=search_term_string"}],"inLanguage":"fr-CA"},{"@type":"Organization","@id":"https:\/\/news.canadamotorjobs.com\/#organization","name":"Canada Motor Jobs","url":"https:\/\/news.canadamotorjobs.com\/","logo":{"@type":"ImageObject","inLanguage":"fr-CA","@id":"https:\/\/news.canadamotorjobs.com\/#\/schema\/logo\/image\/","url":"https:\/\/news.canadamotorjobs.com\/wp-content\/uploads\/2022\/10\/logo-canada-motor-jobs-1.png","contentUrl":"https:\/\/news.canadamotorjobs.com\/wp-content\/uploads\/2022\/10\/logo-canada-motor-jobs-1.png","width":800,"height":400,"caption":"Canada Motor Jobs"},"image":{"@id":"https:\/\/news.canadamotorjobs.com\/#\/schema\/logo\/image\/"},"sameAs":["https:\/\/www.facebook.com\/canadamotorjobs\/","https:\/\/x.com\/canadamotorjobs","https:\/\/www.instagram.com\/canadamotorjobs\/","https:\/\/www.linkedin.com\/company\/canadamotorjobs"]},{"@type":"Person","@id":"https:\/\/news.canadamotorjobs.com\/#\/schema\/person\/51793d1f87d44011d7bcc2ed99269a90","name":"Benoit Charette","image":{"@type":"ImageObject","inLanguage":"fr-CA","@id":"https:\/\/news.canadamotorjobs.com\/#\/schema\/person\/image\/","url":"https:\/\/secure.gravatar.com\/avatar\/45f3d2eebcccd909668d7ce7ea7267b6?s=96&d=mm&r=g","contentUrl":"https:\/\/secure.gravatar.com\/avatar\/45f3d2eebcccd909668d7ce7ea7267b6?s=96&d=mm&r=g","caption":"Benoit Charette"},"description":"Benoit Charette \/ Propri\u00e9taire et r\u00e9dacteur en chef Benoit Charette pratique le journalisme automobile depuis bient\u00f4t 30 ans. Il a fait ses classes au c\u00f4t\u00e9 de Daniel H\u00e9raud et au Carnet de route de 1992 \u00e0 2001. Il est fondateur, copropri\u00e9taire et r\u00e9dacteur en chef de L\u2019Annuel de l\u2019automobile, qu\u2019il publie depuis 2001. Il a anim\u00e9 les \u00e9missions RPM et RPM+ sur V et les L\u00e9gendes de la route sur Historia. \u00c0 la radio depuis 1986, il reprend l\u2019antenne cette ann\u00e9e sur les ondes de Cogeco et participe pour la deuxi\u00e8me ann\u00e9e \u00e0 l\u2019\u00e9mission Passion Auto sur RDS en plus de mettre en ligne le site Web officiel de L\u2019Annuel de l\u2019automobile sur annuelauto.ca.","sameAs":["https:\/\/annuelauto.ca\/"],"url":"https:\/\/news.canadamotorjobs.com\/fr\/author\/benoit-charette\/"}]}},"_links":{"self":[{"href":"https:\/\/news.canadamotorjobs.com\/fr\/wp-json\/wp\/v2\/posts\/152278"}],"collection":[{"href":"https:\/\/news.canadamotorjobs.com\/fr\/wp-json\/wp\/v2\/posts"}],"about":[{"href":"https:\/\/news.canadamotorjobs.com\/fr\/wp-json\/wp\/v2\/types\/post"}],"author":[{"embeddable":true,"href":"https:\/\/news.canadamotorjobs.com\/fr\/wp-json\/wp\/v2\/users\/8"}],"replies":[{"embeddable":true,"href":"https:\/\/news.canadamotorjobs.com\/fr\/wp-json\/wp\/v2\/comments?post=152278"}],"version-history":[{"count":2,"href":"https:\/\/news.canadamotorjobs.com\/fr\/wp-json\/wp\/v2\/posts\/152278\/revisions"}],"predecessor-version":[{"id":152282,"href":"https:\/\/news.canadamotorjobs.com\/fr\/wp-json\/wp\/v2\/posts\/152278\/revisions\/152282"}],"wp:featuredmedia":[{"embeddable":true,"href":"https:\/\/news.canadamotorjobs.com\/fr\/wp-json\/wp\/v2\/media\/152280"}],"wp:attachment":[{"href":"https:\/\/news.canadamotorjobs.com\/fr\/wp-json\/wp\/v2\/media?parent=152278"}],"wp:term":[{"taxonomy":"category","embeddable":true,"href":"https:\/\/news.canadamotorjobs.com\/fr\/wp-json\/wp\/v2\/categories?post=152278"},{"taxonomy":"post_tag","embeddable":true,"href":"https:\/\/news.canadamotorjobs.com\/fr\/wp-json\/wp\/v2\/tags?post=152278"}],"curies":[{"name":"wp","href":"https:\/\/api.w.org\/{rel}","templated":true}]}}