{"id":152224,"date":"2023-09-29T07:23:30","date_gmt":"2023-09-29T11:23:30","guid":{"rendered":"https:\/\/news.canadamotorjobs.com\/?p=152224"},"modified":"2023-09-29T07:29:38","modified_gmt":"2023-09-29T11:29:38","slug":"antonio-filosa-remplace-christian-meunier-au-poste-de-pdg-de-jeep","status":"publish","type":"post","link":"https:\/\/news.canadamotorjobs.com\/fr\/antonio-filosa-remplace-christian-meunier-au-poste-de-pdg-de-jeep\/","title":{"rendered":"Antonio Filosa remplace Christian Meunier au poste de PDG de Jeep"},"content":{"rendered":"<\/p>\n<p>Antonio Filosa, directeur de l&#8217;exploitation de Stellantis en Am\u00e9rique du Sud, remplacera Christian Meunier \u00e0 partir du 1<sup>er<\/sup> novembre.<\/p>\n<h3>De Nissan Canada \u00e0 Infiniti et \u00e0 Jeep<\/h3>\n<p>\nChristian Meunier \u00e9tait auparavant pr\u00e9sident de Nissan Canada. Il avait quitt\u00e9 ce poste pour devenir le grand patron d\u2019Infiniti en 2019. Un poste de seulement quelques mois avant d\u2019\u00eatre nomm\u00e9 PDG de Jeep. Avec les ventes difficiles de Jeep depuis quelques mois, la marque a d\u00e9cid\u00e9 d\u2019envoyer du sang neuf \u00e0 la t\u00eate de la marque. Antonio Filosa, directeur de l&#8217;exploitation du constructeur automobile en Am\u00e9rique du Sud, remplacera Christian Meunier \u00e0 partir du 1er novembre, a d\u00e9clar\u00e9 Stellantis jeudi. Meunier prendra une longue pause pour se concentrer sur des int\u00e9r\u00eats personnels&#8221;, a d\u00e9clar\u00e9 l&#8217;entreprise dans un communiqu\u00e9.<\/p>\n<h3>Un homme de terrain<\/h3>\n<p>\nFilosa a rejoint Fiat en 1999 et poss\u00e8de une formation en gestion d&#8217;entreprise et en strat\u00e9gie, ainsi qu&#8217;une &#8220;vaste exp\u00e9rience des op\u00e9rations d&#8217;achat et de fabrication&#8221;, a d\u00e9clar\u00e9 l&#8217;entreprise. M. Meunier a guid\u00e9 Jeep dans les premi\u00e8res \u00e9tapes de l&#8217;\u00e9lectrification. La Wrangler 4xe de la marque est l&#8217;hybride rechargeable la plus vendue aux \u00c9tats-Unis depuis 2021, tandis que la Recon, inspir\u00e9e de la Wrangler, et l&#8217;\u00e9l\u00e9gante Wagoneer S seront lanc\u00e9es l&#8217;ann\u00e9e prochaine en tant que premi\u00e8res entr\u00e9es z\u00e9ro \u00e9mission de la marque tout-terrain.<\/p>\n<p>&#8220;Je pense que nous avons trouv\u00e9 une formule pour rendre Jeep encore plus excitante tout en respectant la plan\u00e8te&#8221;, a d\u00e9clar\u00e9 M. Meunier \u00e0 un groupe de journalistes l\u2019an dernier. &#8220;Le mariage du 4&#215;4 et de l&#8217;\u00e9lectrique &#8211; je pense que nous avons r\u00e9ussi&#8221;.<\/p>\n<h3>Une c\u00f4te \u00e0 remonter<\/h3>\n<p>\nMais Jeep est en passe de conna\u00eetre une cinqui\u00e8me ann\u00e9e cons\u00e9cutive de baisse de ses ventes aux \u00c9tats-Unis. Sa baisse de 12 % au cours du premier semestre 2023 est une des plus fortes de l\u2019industrie et contraste avec une hausse de 13 % pour l&#8217;ensemble de des constructeurs au cours de cette p\u00e9riode.<\/p>\n<h3>Un virage difficile<\/h3>\n<p>\nMeunier \u00e9tait partisan d&#8217;une exp\u00e9rience de la concession qui refl\u00e8te l&#8217;esprit de la marque. Il a d\u00e9clar\u00e9 en avril 2022 que plus de 300 concessionnaires ajouteraient des salles d&#8217;exposition ax\u00e9es sur Jeep au cours des deux prochaines ann\u00e9es. Bien que Jeep dispose d&#8217;un solide portefeuille de produits, M. Meunier a admis que certains concessionnaires n&#8217;\u00e9taient pas pr\u00eats \u00e0 investir dans la construction d&#8217;une salle d&#8217;exposition sp\u00e9cialis\u00e9e. &#8220;Certains ne r\u00e9alisent pas le potentiel qui existe&#8221;, a d\u00e9clar\u00e9 M. Meunier lors d&#8217;une interview au salon de l&#8217;automobile de New York 2022. &#8220;Je pense que tr\u00e8s bient\u00f4t, ils verront que leurs pairs ont beaucoup de succ\u00e8s.<\/p>\n<p>\u00a0<\/p>\n<p>Avec des renseignements d\u2019Automotive News<\/p>\n<p>Le texte <a rel=\"nofollow\" href=\"https:\/\/annuelauto.ca\/antonio-filosa-remplace-christian-meunier-au-poste-de-pdg-de-jeep\/\">Antonio Filosa remplace Christian Meunier au poste de PDG de Jeep<\/a> provient de <a rel=\"nofollow\" href=\"https:\/\/annuelauto.ca\">L&#8217;annuel de l&#8217;automobile &#8211; Actualit\u00e9 automobile<\/a><\/p>\n<p><\/p>\n","protected":false},"excerpt":{"rendered":"<p>Antonio Filosa, directeur de l&#8217;exploitation de Stellantis en Am\u00e9rique du Sud, remplacera Christian Meunier \u00e0 partir du 1er novembre. De Nissan Canada \u00e0 Infiniti et \u00e0 Jeep Christian Meunier \u00e9tait auparavant pr\u00e9sident de Nissan Canada. Il avait quitt\u00e9 ce poste pour devenir le grand patron d\u2019Infiniti en 2019. Un poste de seulement quelques mois avant [&hellip;]<\/p>\n","protected":false},"author":8,"featured_media":152226,"comment_status":"close","ping_status":"closed","sticky":false,"template":"","format":"standard","meta":{"_monsterinsights_skip_tracking":false,"_monsterinsights_sitenote_active":false,"_monsterinsights_sitenote_note":"","_monsterinsights_sitenote_category":0,"footnotes":""},"categories":[101],"tags":[],"yoast_head":"<!-- This site is optimized with the Yoast SEO plugin v23.2 - https:\/\/yoast.com\/wordpress\/plugins\/seo\/ -->\n<title>Antonio Filosa remplace Christian Meunier au poste de PDG de Jeep - CanadaMotorJobs.com<\/title>\n<meta name=\"description\" content=\"Antonio Filosa remplace Christian Meunier au poste de PDG de Jeep - Benoit Charette - Annuel automobile - CanadaMotorJobs.com.\" \/>\n<meta name=\"robots\" content=\"index, follow, max-snippet:-1, max-image-preview:large, max-video-preview:-1\" \/>\n<meta property=\"og:locale\" content=\"fr_CA\" \/>\n<meta property=\"og:type\" content=\"article\" \/>\n<meta property=\"og:title\" content=\"Antonio Filosa remplace Christian Meunier au poste de PDG de Jeep - CanadaMotorJobs.com\" \/>\n<meta property=\"og:description\" content=\"Antonio Filosa remplace Christian Meunier au poste de PDG de Jeep - Benoit Charette - Annuel automobile - CanadaMotorJobs.com.\" \/>\n<meta property=\"og:url\" content=\"https:\/\/news.canadamotorjobs.com\/fr\/antonio-filosa-remplace-christian-meunier-au-poste-de-pdg-de-jeep\/\" \/>\n<meta property=\"og:site_name\" content=\"CanadaMotorJobs.com\" \/>\n<meta property=\"article:publisher\" content=\"https:\/\/www.facebook.com\/canadamotorjobs\/\" \/>\n<meta property=\"article:published_time\" content=\"2023-09-29T11:23:30+00:00\" \/>\n<meta property=\"article:modified_time\" content=\"2023-09-29T11:29:38+00:00\" \/>\n<meta property=\"og:image\" content=\"https:\/\/news.canadamotorjobs.com\/wp-content\/uploads\/2023\/09\/Jeep-CEO-2.jpg\" \/>\n\t<meta property=\"og:image:width\" content=\"2077\" \/>\n\t<meta property=\"og:image:height\" content=\"1168\" \/>\n\t<meta property=\"og:image:type\" content=\"image\/jpeg\" \/>\n<meta name=\"author\" content=\"Benoit Charette\" \/>\n<meta name=\"twitter:card\" content=\"summary_large_image\" \/>\n<meta name=\"twitter:creator\" content=\"@canadamotorjobs\" \/>\n<meta name=\"twitter:site\" content=\"@canadamotorjobs\" \/>\n<meta name=\"twitter:label1\" content=\"\u00c9crit par\" \/>\n\t<meta name=\"twitter:data1\" content=\"Benoit Charette\" \/>\n\t<meta name=\"twitter:label2\" content=\"Estimation du temps de lecture\" \/>\n\t<meta name=\"twitter:data2\" content=\"2 minutes\" \/>\n<!-- \/ Yoast SEO plugin. -->","yoast_head_json":{"title":"Antonio Filosa remplace Christian Meunier au poste de PDG de Jeep - CanadaMotorJobs.com","description":"Antonio Filosa remplace Christian Meunier au poste de PDG de Jeep - Benoit Charette - Annuel automobile - CanadaMotorJobs.com.","robots":{"index":"index","follow":"follow","max-snippet":"max-snippet:-1","max-image-preview":"max-image-preview:large","max-video-preview":"max-video-preview:-1"},"og_locale":"fr_CA","og_type":"article","og_title":"Antonio Filosa remplace Christian Meunier au poste de PDG de Jeep - CanadaMotorJobs.com","og_description":"Antonio Filosa remplace Christian Meunier au poste de PDG de Jeep - Benoit Charette - Annuel automobile - CanadaMotorJobs.com.","og_url":"https:\/\/news.canadamotorjobs.com\/fr\/antonio-filosa-remplace-christian-meunier-au-poste-de-pdg-de-jeep\/","og_site_name":"CanadaMotorJobs.com","article_publisher":"https:\/\/www.facebook.com\/canadamotorjobs\/","article_published_time":"2023-09-29T11:23:30+00:00","article_modified_time":"2023-09-29T11:29:38+00:00","og_image":[{"width":2077,"height":1168,"url":"https:\/\/news.canadamotorjobs.com\/wp-content\/uploads\/2023\/09\/Jeep-CEO-2.jpg","type":"image\/jpeg"}],"author":"Benoit Charette","twitter_card":"summary_large_image","twitter_creator":"@canadamotorjobs","twitter_site":"@canadamotorjobs","twitter_misc":{"\u00c9crit par":"Benoit Charette","Estimation du temps de lecture":"2 minutes"},"schema":{"@context":"https:\/\/schema.org","@graph":[{"@type":"Article","@id":"https:\/\/news.canadamotorjobs.com\/fr\/antonio-filosa-remplace-christian-meunier-au-poste-de-pdg-de-jeep\/#article","isPartOf":{"@id":"https:\/\/news.canadamotorjobs.com\/fr\/antonio-filosa-remplace-christian-meunier-au-poste-de-pdg-de-jeep\/"},"author":{"name":"Benoit Charette","@id":"https:\/\/news.canadamotorjobs.com\/#\/schema\/person\/51793d1f87d44011d7bcc2ed99269a90"},"headline":"Antonio Filosa remplace Christian Meunier au poste de PDG de Jeep","datePublished":"2023-09-29T11:23:30+00:00","dateModified":"2023-09-29T11:29:38+00:00","mainEntityOfPage":{"@id":"https:\/\/news.canadamotorjobs.com\/fr\/antonio-filosa-remplace-christian-meunier-au-poste-de-pdg-de-jeep\/"},"wordCount":511,"publisher":{"@id":"https:\/\/news.canadamotorjobs.com\/#organization"},"image":{"@id":"https:\/\/news.canadamotorjobs.com\/fr\/antonio-filosa-remplace-christian-meunier-au-poste-de-pdg-de-jeep\/#primaryimage"},"thumbnailUrl":"https:\/\/news.canadamotorjobs.com\/wp-content\/uploads\/2023\/09\/Jeep-CEO-2.jpg","articleSection":["Annuel automobile"],"inLanguage":"fr-CA"},{"@type":"WebPage","@id":"https:\/\/news.canadamotorjobs.com\/fr\/antonio-filosa-remplace-christian-meunier-au-poste-de-pdg-de-jeep\/","url":"https:\/\/news.canadamotorjobs.com\/fr\/antonio-filosa-remplace-christian-meunier-au-poste-de-pdg-de-jeep\/","name":"Antonio Filosa remplace Christian Meunier au poste de PDG de Jeep - CanadaMotorJobs.com","isPartOf":{"@id":"https:\/\/news.canadamotorjobs.com\/#website"},"primaryImageOfPage":{"@id":"https:\/\/news.canadamotorjobs.com\/fr\/antonio-filosa-remplace-christian-meunier-au-poste-de-pdg-de-jeep\/#primaryimage"},"image":{"@id":"https:\/\/news.canadamotorjobs.com\/fr\/antonio-filosa-remplace-christian-meunier-au-poste-de-pdg-de-jeep\/#primaryimage"},"thumbnailUrl":"https:\/\/news.canadamotorjobs.com\/wp-content\/uploads\/2023\/09\/Jeep-CEO-2.jpg","datePublished":"2023-09-29T11:23:30+00:00","dateModified":"2023-09-29T11:29:38+00:00","description":"Antonio Filosa remplace Christian Meunier au poste de PDG de Jeep - Benoit Charette - Annuel automobile - CanadaMotorJobs.com.","breadcrumb":{"@id":"https:\/\/news.canadamotorjobs.com\/fr\/antonio-filosa-remplace-christian-meunier-au-poste-de-pdg-de-jeep\/#breadcrumb"},"inLanguage":"fr-CA","potentialAction":[{"@type":"ReadAction","target":["https:\/\/news.canadamotorjobs.com\/fr\/antonio-filosa-remplace-christian-meunier-au-poste-de-pdg-de-jeep\/"]}]},{"@type":"ImageObject","inLanguage":"fr-CA","@id":"https:\/\/news.canadamotorjobs.com\/fr\/antonio-filosa-remplace-christian-meunier-au-poste-de-pdg-de-jeep\/#primaryimage","url":"https:\/\/news.canadamotorjobs.com\/wp-content\/uploads\/2023\/09\/Jeep-CEO-2.jpg","contentUrl":"https:\/\/news.canadamotorjobs.com\/wp-content\/uploads\/2023\/09\/Jeep-CEO-2.jpg","width":2077,"height":1168},{"@type":"BreadcrumbList","@id":"https:\/\/news.canadamotorjobs.com\/fr\/antonio-filosa-remplace-christian-meunier-au-poste-de-pdg-de-jeep\/#breadcrumb","itemListElement":[{"@type":"ListItem","position":1,"name":"Home","item":"https:\/\/news.canadamotorjobs.com\/fr\/blog\/"},{"@type":"ListItem","position":2,"name":"Antonio Filosa remplace Christian Meunier au poste de PDG de Jeep"}]},{"@type":"WebSite","@id":"https:\/\/news.canadamotorjobs.com\/#website","url":"https:\/\/news.canadamotorjobs.com\/","name":"CanadaMotorJobs.com","description":"Automotive Jobs","publisher":{"@id":"https:\/\/news.canadamotorjobs.com\/#organization"},"potentialAction":[{"@type":"SearchAction","target":{"@type":"EntryPoint","urlTemplate":"https:\/\/news.canadamotorjobs.com\/?s={search_term_string}"},"query-input":"required name=search_term_string"}],"inLanguage":"fr-CA"},{"@type":"Organization","@id":"https:\/\/news.canadamotorjobs.com\/#organization","name":"Canada Motor Jobs","url":"https:\/\/news.canadamotorjobs.com\/","logo":{"@type":"ImageObject","inLanguage":"fr-CA","@id":"https:\/\/news.canadamotorjobs.com\/#\/schema\/logo\/image\/","url":"https:\/\/news.canadamotorjobs.com\/wp-content\/uploads\/2022\/10\/logo-canada-motor-jobs-1.png","contentUrl":"https:\/\/news.canadamotorjobs.com\/wp-content\/uploads\/2022\/10\/logo-canada-motor-jobs-1.png","width":800,"height":400,"caption":"Canada Motor Jobs"},"image":{"@id":"https:\/\/news.canadamotorjobs.com\/#\/schema\/logo\/image\/"},"sameAs":["https:\/\/www.facebook.com\/canadamotorjobs\/","https:\/\/x.com\/canadamotorjobs","https:\/\/www.instagram.com\/canadamotorjobs\/","https:\/\/www.linkedin.com\/company\/canadamotorjobs"]},{"@type":"Person","@id":"https:\/\/news.canadamotorjobs.com\/#\/schema\/person\/51793d1f87d44011d7bcc2ed99269a90","name":"Benoit Charette","image":{"@type":"ImageObject","inLanguage":"fr-CA","@id":"https:\/\/news.canadamotorjobs.com\/#\/schema\/person\/image\/","url":"https:\/\/secure.gravatar.com\/avatar\/45f3d2eebcccd909668d7ce7ea7267b6?s=96&d=mm&r=g","contentUrl":"https:\/\/secure.gravatar.com\/avatar\/45f3d2eebcccd909668d7ce7ea7267b6?s=96&d=mm&r=g","caption":"Benoit Charette"},"description":"Benoit Charette \/ Propri\u00e9taire et r\u00e9dacteur en chef Benoit Charette pratique le journalisme automobile depuis bient\u00f4t 30 ans. Il a fait ses classes au c\u00f4t\u00e9 de Daniel H\u00e9raud et au Carnet de route de 1992 \u00e0 2001. Il est fondateur, copropri\u00e9taire et r\u00e9dacteur en chef de L\u2019Annuel de l\u2019automobile, qu\u2019il publie depuis 2001. Il a anim\u00e9 les \u00e9missions RPM et RPM+ sur V et les L\u00e9gendes de la route sur Historia. \u00c0 la radio depuis 1986, il reprend l\u2019antenne cette ann\u00e9e sur les ondes de Cogeco et participe pour la deuxi\u00e8me ann\u00e9e \u00e0 l\u2019\u00e9mission Passion Auto sur RDS en plus de mettre en ligne le site Web officiel de L\u2019Annuel de l\u2019automobile sur annuelauto.ca.","sameAs":["https:\/\/annuelauto.ca\/"],"url":"https:\/\/news.canadamotorjobs.com\/fr\/author\/benoit-charette\/"}]}},"_links":{"self":[{"href":"https:\/\/news.canadamotorjobs.com\/fr\/wp-json\/wp\/v2\/posts\/152224"}],"collection":[{"href":"https:\/\/news.canadamotorjobs.com\/fr\/wp-json\/wp\/v2\/posts"}],"about":[{"href":"https:\/\/news.canadamotorjobs.com\/fr\/wp-json\/wp\/v2\/types\/post"}],"author":[{"embeddable":true,"href":"https:\/\/news.canadamotorjobs.com\/fr\/wp-json\/wp\/v2\/users\/8"}],"replies":[{"embeddable":true,"href":"https:\/\/news.canadamotorjobs.com\/fr\/wp-json\/wp\/v2\/comments?post=152224"}],"version-history":[{"count":2,"href":"https:\/\/news.canadamotorjobs.com\/fr\/wp-json\/wp\/v2\/posts\/152224\/revisions"}],"predecessor-version":[{"id":152228,"href":"https:\/\/news.canadamotorjobs.com\/fr\/wp-json\/wp\/v2\/posts\/152224\/revisions\/152228"}],"wp:featuredmedia":[{"embeddable":true,"href":"https:\/\/news.canadamotorjobs.com\/fr\/wp-json\/wp\/v2\/media\/152226"}],"wp:attachment":[{"href":"https:\/\/news.canadamotorjobs.com\/fr\/wp-json\/wp\/v2\/media?parent=152224"}],"wp:term":[{"taxonomy":"category","embeddable":true,"href":"https:\/\/news.canadamotorjobs.com\/fr\/wp-json\/wp\/v2\/categories?post=152224"},{"taxonomy":"post_tag","embeddable":true,"href":"https:\/\/news.canadamotorjobs.com\/fr\/wp-json\/wp\/v2\/tags?post=152224"}],"curies":[{"name":"wp","href":"https:\/\/api.w.org\/{rel}","templated":true}]}}