{"id":152201,"date":"2023-09-29T06:58:40","date_gmt":"2023-09-29T10:58:40","guid":{"rendered":"https:\/\/news.canadamotorjobs.com\/?p=152201"},"modified":"2023-09-29T06:59:01","modified_gmt":"2023-09-29T10:59:01","slug":"kia-presente-le-modele-ev3-comme-successeur-du-soul","status":"publish","type":"post","link":"https:\/\/news.canadamotorjobs.com\/fr\/kia-presente-le-modele-ev3-comme-successeur-du-soul\/","title":{"rendered":"Kia pr\u00e9sent\u00e9 le mod\u00e8le EV3 comme successeur du Soul"},"content":{"rendered":"<\/p>\n<p><em>Kia poursuit son offensive dans le domaine des v\u00e9hicules \u00e9lectriques (VE) avec l&#8217;annonce de l&#8217;EV3, une petite voiture \u00e9lectrique ax\u00e9e sur la mobilit\u00e9 urbaine.<br \/>\n<\/em><\/p>\n<p>L&#8217;EV3 sera le mod\u00e8le le plus compact de la gamme de VE de Kia, offrant une option de conduite en milieu urbain entre la future EV4 et la sportive EV5. Il semble se positionner dans le segment B (compact), similaire aux mod\u00e8les existants Niro EV et Soul EV, laissant ainsi de la place pour un \u00e9ventuel EV4 de taille interm\u00e9diaire.<\/p>\n<p>Compte tenu du r\u00e9cent renouvellement du Niro, pr\u00e9vu pour rester en vente jusqu&#8217;en 2028, l&#8217;EV3 servira de successeur indirect au Soul EV, qui n&#8217;a connu que des mises \u00e0 jour mineures depuis 2019. Son design trapu, ses porte-\u00e0-faux courts et sa verri\u00e8re verticale sugg\u00e8rent qu&#8217;il remplacera le Soul EV.<\/p>\n<p>L&#8217;une des diff\u00e9rences notables par rapport au Soul EV r\u00e9side dans l&#8217;utilisation d&#8217;une plateforme \u00e9lectrique sp\u00e9cifique du Hyundai Motor Group pour l&#8217;EV3. Cela promet d&#8217;am\u00e9liorer l&#8217;autonomie, les temps de charge et la fonctionnalit\u00e9. L&#8217;EV3 devrait ainsi offrir davantage d&#8217;espace int\u00e9rieur, avec la possibilit\u00e9 d&#8217;un espace de rangement sous les si\u00e8ges arri\u00e8re rabattables \u00e0 plat, une caract\u00e9ristique similaire \u00e0 l&#8217;EV5, et peut-\u00eatre m\u00eame un petit &#8220;coffre&#8221; \u00e0 l&#8217;avant.<\/p>\n<p>L&#8217;EV3 se concentre principalement sur une utilisation en milieu urbain par rapport aux mod\u00e8les audacieux comme l&#8217;EV5 et l&#8217;EV9, qui sont con\u00e7us pour les aventures tout-terrain. Toutefois, conform\u00e9ment \u00e0 la nouvelle philosophie de design de Kia, &#8220;Opposites United&#8221;, il adoptera un style similaire avec des \u00e9l\u00e9ments tels que des rev\u00eatements en plastique robuste, des signatures lumineuses LED distinctives et une face avant audacieuse.<\/p>\n<p>Les roues \u00e0 face plate de l&#8217;EV3, con\u00e7ues pour une efficacit\u00e9 a\u00e9rodynamique optimale tout en conservant un aspect robuste, sont \u00e9galement mises en avant lors de ce premier aper\u00e7u.<\/p>\n<p>Il est important de noter que Hyundai Motor Group, la soci\u00e9t\u00e9 m\u00e8re de Kia, a des plans ambitieux pour l&#8217;\u00e9lectrification, notamment le lancement de mod\u00e8les sur sa nouvelle plateforme eM pour les v\u00e9hicules \u00e9lectriques de tourisme \u00e0 partir de 2025. Cette plateforme promet une am\u00e9lioration significative de l&#8217;autonomie par rapport aux VE actuels, ainsi que la prise en charge de la conduite autonome de niveau 3 ou plus et des mises \u00e0 jour logicielles en direct.<\/p>\n<p>Ainsi, l&#8217;EV3 de Kia, qui devrait faire partie de cette initiative, pourrait offrir une autonomie officielle de plus de 600 km (WLTP), ouvrant ainsi la voie \u00e0 une nouvelle \u00e8re de v\u00e9hicules \u00e9lectriques performants et polyvalents.<\/p>\n<p>Le texte <a rel=\"nofollow\" href=\"https:\/\/annuelauto.ca\/kia-presente-le-modele-ev3-comme-successeur-du-soul\/\">Kia pr\u00e9sent\u00e9 le mod\u00e8le EV3 comme successeur du Soul<\/a> provient de <a rel=\"nofollow\" href=\"https:\/\/annuelauto.ca\">L&#8217;annuel de l&#8217;automobile &#8211; Actualit\u00e9 automobile<\/a><\/p>\n<p><\/p>\n","protected":false},"excerpt":{"rendered":"<p>Kia poursuit son offensive dans le domaine des v\u00e9hicules \u00e9lectriques (VE) avec l&#8217;annonce de l&#8217;EV3, une petite voiture \u00e9lectrique ax\u00e9e sur la mobilit\u00e9 urbaine. L&#8217;EV3 sera le mod\u00e8le le plus compact de la gamme de VE de Kia, offrant une option de conduite en milieu urbain entre la future EV4 et la sportive EV5. Il [&hellip;]<\/p>\n","protected":false},"author":8,"featured_media":152203,"comment_status":"close","ping_status":"closed","sticky":false,"template":"","format":"standard","meta":{"_monsterinsights_skip_tracking":false,"_monsterinsights_sitenote_active":false,"_monsterinsights_sitenote_note":"","_monsterinsights_sitenote_category":0,"footnotes":""},"categories":[101],"tags":[],"yoast_head":"<!-- This site is optimized with the Yoast SEO plugin v23.2 - https:\/\/yoast.com\/wordpress\/plugins\/seo\/ -->\n<title>Kia pr\u00e9sent\u00e9 le mod\u00e8le EV3 comme successeur du Soul - CanadaMotorJobs.com<\/title>\n<meta name=\"description\" content=\"Kia pr\u00e9sent\u00e9 le mod\u00e8le EV3 comme successeur du Soul - Benoit Charette - Annuel automobile - CanadaMotorJobs.com.\" \/>\n<meta name=\"robots\" content=\"index, follow, max-snippet:-1, max-image-preview:large, max-video-preview:-1\" \/>\n<meta property=\"og:locale\" content=\"fr_CA\" \/>\n<meta property=\"og:type\" content=\"article\" \/>\n<meta property=\"og:title\" content=\"Kia pr\u00e9sent\u00e9 le mod\u00e8le EV3 comme successeur du Soul - CanadaMotorJobs.com\" \/>\n<meta property=\"og:description\" content=\"Kia pr\u00e9sent\u00e9 le mod\u00e8le EV3 comme successeur du Soul - Benoit Charette - Annuel automobile - CanadaMotorJobs.com.\" \/>\n<meta property=\"og:url\" content=\"https:\/\/news.canadamotorjobs.com\/fr\/kia-presente-le-modele-ev3-comme-successeur-du-soul\/\" \/>\n<meta property=\"og:site_name\" content=\"CanadaMotorJobs.com\" \/>\n<meta property=\"article:publisher\" content=\"https:\/\/www.facebook.com\/canadamotorjobs\/\" \/>\n<meta property=\"article:published_time\" content=\"2023-09-29T10:58:40+00:00\" \/>\n<meta property=\"article:modified_time\" content=\"2023-09-29T10:59:01+00:00\" \/>\n<meta property=\"og:image\" content=\"https:\/\/news.canadamotorjobs.com\/wp-content\/uploads\/2023\/09\/kia-ev3-il-render-di-motor1.com_.jpg\" \/>\n\t<meta property=\"og:image:width\" content=\"1280\" \/>\n\t<meta property=\"og:image:height\" content=\"720\" \/>\n\t<meta property=\"og:image:type\" content=\"image\/jpeg\" \/>\n<meta name=\"author\" content=\"Benoit Charette\" \/>\n<meta name=\"twitter:card\" content=\"summary_large_image\" \/>\n<meta name=\"twitter:creator\" content=\"@canadamotorjobs\" \/>\n<meta name=\"twitter:site\" content=\"@canadamotorjobs\" \/>\n<meta name=\"twitter:label1\" content=\"\u00c9crit par\" \/>\n\t<meta name=\"twitter:data1\" content=\"Benoit Charette\" \/>\n\t<meta name=\"twitter:label2\" content=\"Estimation du temps de lecture\" \/>\n\t<meta name=\"twitter:data2\" content=\"2 minutes\" \/>\n<!-- \/ Yoast SEO plugin. -->","yoast_head_json":{"title":"Kia pr\u00e9sent\u00e9 le mod\u00e8le EV3 comme successeur du Soul - CanadaMotorJobs.com","description":"Kia pr\u00e9sent\u00e9 le mod\u00e8le EV3 comme successeur du Soul - Benoit Charette - Annuel automobile - CanadaMotorJobs.com.","robots":{"index":"index","follow":"follow","max-snippet":"max-snippet:-1","max-image-preview":"max-image-preview:large","max-video-preview":"max-video-preview:-1"},"og_locale":"fr_CA","og_type":"article","og_title":"Kia pr\u00e9sent\u00e9 le mod\u00e8le EV3 comme successeur du Soul - CanadaMotorJobs.com","og_description":"Kia pr\u00e9sent\u00e9 le mod\u00e8le EV3 comme successeur du Soul - Benoit Charette - Annuel automobile - CanadaMotorJobs.com.","og_url":"https:\/\/news.canadamotorjobs.com\/fr\/kia-presente-le-modele-ev3-comme-successeur-du-soul\/","og_site_name":"CanadaMotorJobs.com","article_publisher":"https:\/\/www.facebook.com\/canadamotorjobs\/","article_published_time":"2023-09-29T10:58:40+00:00","article_modified_time":"2023-09-29T10:59:01+00:00","og_image":[{"width":1280,"height":720,"url":"https:\/\/news.canadamotorjobs.com\/wp-content\/uploads\/2023\/09\/kia-ev3-il-render-di-motor1.com_.jpg","type":"image\/jpeg"}],"author":"Benoit Charette","twitter_card":"summary_large_image","twitter_creator":"@canadamotorjobs","twitter_site":"@canadamotorjobs","twitter_misc":{"\u00c9crit par":"Benoit Charette","Estimation du temps de lecture":"2 minutes"},"schema":{"@context":"https:\/\/schema.org","@graph":[{"@type":"Article","@id":"https:\/\/news.canadamotorjobs.com\/fr\/kia-presente-le-modele-ev3-comme-successeur-du-soul\/#article","isPartOf":{"@id":"https:\/\/news.canadamotorjobs.com\/fr\/kia-presente-le-modele-ev3-comme-successeur-du-soul\/"},"author":{"name":"Benoit Charette","@id":"https:\/\/news.canadamotorjobs.com\/#\/schema\/person\/51793d1f87d44011d7bcc2ed99269a90"},"headline":"Kia pr\u00e9sent\u00e9 le mod\u00e8le EV3 comme successeur du Soul","datePublished":"2023-09-29T10:58:40+00:00","dateModified":"2023-09-29T10:59:01+00:00","mainEntityOfPage":{"@id":"https:\/\/news.canadamotorjobs.com\/fr\/kia-presente-le-modele-ev3-comme-successeur-du-soul\/"},"wordCount":483,"publisher":{"@id":"https:\/\/news.canadamotorjobs.com\/#organization"},"image":{"@id":"https:\/\/news.canadamotorjobs.com\/fr\/kia-presente-le-modele-ev3-comme-successeur-du-soul\/#primaryimage"},"thumbnailUrl":"https:\/\/news.canadamotorjobs.com\/wp-content\/uploads\/2023\/09\/kia-ev3-il-render-di-motor1.com_.jpg","articleSection":["Annuel automobile"],"inLanguage":"fr-CA"},{"@type":"WebPage","@id":"https:\/\/news.canadamotorjobs.com\/fr\/kia-presente-le-modele-ev3-comme-successeur-du-soul\/","url":"https:\/\/news.canadamotorjobs.com\/fr\/kia-presente-le-modele-ev3-comme-successeur-du-soul\/","name":"Kia pr\u00e9sent\u00e9 le mod\u00e8le EV3 comme successeur du Soul - CanadaMotorJobs.com","isPartOf":{"@id":"https:\/\/news.canadamotorjobs.com\/#website"},"primaryImageOfPage":{"@id":"https:\/\/news.canadamotorjobs.com\/fr\/kia-presente-le-modele-ev3-comme-successeur-du-soul\/#primaryimage"},"image":{"@id":"https:\/\/news.canadamotorjobs.com\/fr\/kia-presente-le-modele-ev3-comme-successeur-du-soul\/#primaryimage"},"thumbnailUrl":"https:\/\/news.canadamotorjobs.com\/wp-content\/uploads\/2023\/09\/kia-ev3-il-render-di-motor1.com_.jpg","datePublished":"2023-09-29T10:58:40+00:00","dateModified":"2023-09-29T10:59:01+00:00","description":"Kia pr\u00e9sent\u00e9 le mod\u00e8le EV3 comme successeur du Soul - Benoit Charette - Annuel automobile - CanadaMotorJobs.com.","breadcrumb":{"@id":"https:\/\/news.canadamotorjobs.com\/fr\/kia-presente-le-modele-ev3-comme-successeur-du-soul\/#breadcrumb"},"inLanguage":"fr-CA","potentialAction":[{"@type":"ReadAction","target":["https:\/\/news.canadamotorjobs.com\/fr\/kia-presente-le-modele-ev3-comme-successeur-du-soul\/"]}]},{"@type":"ImageObject","inLanguage":"fr-CA","@id":"https:\/\/news.canadamotorjobs.com\/fr\/kia-presente-le-modele-ev3-comme-successeur-du-soul\/#primaryimage","url":"https:\/\/news.canadamotorjobs.com\/wp-content\/uploads\/2023\/09\/kia-ev3-il-render-di-motor1.com_.jpg","contentUrl":"https:\/\/news.canadamotorjobs.com\/wp-content\/uploads\/2023\/09\/kia-ev3-il-render-di-motor1.com_.jpg","width":1280,"height":720},{"@type":"BreadcrumbList","@id":"https:\/\/news.canadamotorjobs.com\/fr\/kia-presente-le-modele-ev3-comme-successeur-du-soul\/#breadcrumb","itemListElement":[{"@type":"ListItem","position":1,"name":"Home","item":"https:\/\/news.canadamotorjobs.com\/fr\/blog\/"},{"@type":"ListItem","position":2,"name":"Kia pr\u00e9sent\u00e9 le mod\u00e8le EV3 comme successeur du Soul"}]},{"@type":"WebSite","@id":"https:\/\/news.canadamotorjobs.com\/#website","url":"https:\/\/news.canadamotorjobs.com\/","name":"CanadaMotorJobs.com","description":"Automotive Jobs","publisher":{"@id":"https:\/\/news.canadamotorjobs.com\/#organization"},"potentialAction":[{"@type":"SearchAction","target":{"@type":"EntryPoint","urlTemplate":"https:\/\/news.canadamotorjobs.com\/?s={search_term_string}"},"query-input":"required name=search_term_string"}],"inLanguage":"fr-CA"},{"@type":"Organization","@id":"https:\/\/news.canadamotorjobs.com\/#organization","name":"Canada Motor Jobs","url":"https:\/\/news.canadamotorjobs.com\/","logo":{"@type":"ImageObject","inLanguage":"fr-CA","@id":"https:\/\/news.canadamotorjobs.com\/#\/schema\/logo\/image\/","url":"https:\/\/news.canadamotorjobs.com\/wp-content\/uploads\/2022\/10\/logo-canada-motor-jobs-1.png","contentUrl":"https:\/\/news.canadamotorjobs.com\/wp-content\/uploads\/2022\/10\/logo-canada-motor-jobs-1.png","width":800,"height":400,"caption":"Canada Motor Jobs"},"image":{"@id":"https:\/\/news.canadamotorjobs.com\/#\/schema\/logo\/image\/"},"sameAs":["https:\/\/www.facebook.com\/canadamotorjobs\/","https:\/\/x.com\/canadamotorjobs","https:\/\/www.instagram.com\/canadamotorjobs\/","https:\/\/www.linkedin.com\/company\/canadamotorjobs"]},{"@type":"Person","@id":"https:\/\/news.canadamotorjobs.com\/#\/schema\/person\/51793d1f87d44011d7bcc2ed99269a90","name":"Benoit Charette","image":{"@type":"ImageObject","inLanguage":"fr-CA","@id":"https:\/\/news.canadamotorjobs.com\/#\/schema\/person\/image\/","url":"https:\/\/secure.gravatar.com\/avatar\/45f3d2eebcccd909668d7ce7ea7267b6?s=96&d=mm&r=g","contentUrl":"https:\/\/secure.gravatar.com\/avatar\/45f3d2eebcccd909668d7ce7ea7267b6?s=96&d=mm&r=g","caption":"Benoit Charette"},"description":"Benoit Charette \/ Propri\u00e9taire et r\u00e9dacteur en chef Benoit Charette pratique le journalisme automobile depuis bient\u00f4t 30 ans. Il a fait ses classes au c\u00f4t\u00e9 de Daniel H\u00e9raud et au Carnet de route de 1992 \u00e0 2001. Il est fondateur, copropri\u00e9taire et r\u00e9dacteur en chef de L\u2019Annuel de l\u2019automobile, qu\u2019il publie depuis 2001. Il a anim\u00e9 les \u00e9missions RPM et RPM+ sur V et les L\u00e9gendes de la route sur Historia. \u00c0 la radio depuis 1986, il reprend l\u2019antenne cette ann\u00e9e sur les ondes de Cogeco et participe pour la deuxi\u00e8me ann\u00e9e \u00e0 l\u2019\u00e9mission Passion Auto sur RDS en plus de mettre en ligne le site Web officiel de L\u2019Annuel de l\u2019automobile sur annuelauto.ca.","sameAs":["https:\/\/annuelauto.ca\/"],"url":"https:\/\/news.canadamotorjobs.com\/fr\/author\/benoit-charette\/"}]}},"_links":{"self":[{"href":"https:\/\/news.canadamotorjobs.com\/fr\/wp-json\/wp\/v2\/posts\/152201"}],"collection":[{"href":"https:\/\/news.canadamotorjobs.com\/fr\/wp-json\/wp\/v2\/posts"}],"about":[{"href":"https:\/\/news.canadamotorjobs.com\/fr\/wp-json\/wp\/v2\/types\/post"}],"author":[{"embeddable":true,"href":"https:\/\/news.canadamotorjobs.com\/fr\/wp-json\/wp\/v2\/users\/8"}],"replies":[{"embeddable":true,"href":"https:\/\/news.canadamotorjobs.com\/fr\/wp-json\/wp\/v2\/comments?post=152201"}],"version-history":[{"count":2,"href":"https:\/\/news.canadamotorjobs.com\/fr\/wp-json\/wp\/v2\/posts\/152201\/revisions"}],"predecessor-version":[{"id":152205,"href":"https:\/\/news.canadamotorjobs.com\/fr\/wp-json\/wp\/v2\/posts\/152201\/revisions\/152205"}],"wp:featuredmedia":[{"embeddable":true,"href":"https:\/\/news.canadamotorjobs.com\/fr\/wp-json\/wp\/v2\/media\/152203"}],"wp:attachment":[{"href":"https:\/\/news.canadamotorjobs.com\/fr\/wp-json\/wp\/v2\/media?parent=152201"}],"wp:term":[{"taxonomy":"category","embeddable":true,"href":"https:\/\/news.canadamotorjobs.com\/fr\/wp-json\/wp\/v2\/categories?post=152201"},{"taxonomy":"post_tag","embeddable":true,"href":"https:\/\/news.canadamotorjobs.com\/fr\/wp-json\/wp\/v2\/tags?post=152201"}],"curies":[{"name":"wp","href":"https:\/\/api.w.org\/{rel}","templated":true}]}}